{"id":13916,"date":"2021-02-03T15:10:29","date_gmt":"2021-02-03T18:10:29","guid":{"rendered":"https:\/\/verdadeon.com.br\/portal\/?p=13916"},"modified":"2021-02-03T15:10:29","modified_gmt":"2021-02-03T18:10:29","slug":"pensao-por-morte-entenda-quais-sao-as-novas-regras-para-2021","status":"publish","type":"post","link":"https:\/\/verdadeon.com.br\/portal\/2021\/02\/03\/pensao-por-morte-entenda-quais-sao-as-novas-regras-para-2021\/","title":{"rendered":"Pens\u00e3o por Morte: entenda quais s\u00e3o as novas regras para 2021"},"content":{"rendered":"<p>A PORTARIA ME N\u00ba 424, fixou em 29 de dezembro de 2020, novas regras para o recebimento do benef\u00edcio da pens\u00e3o por morte.<br \/>\nConforme a portaria, o benef\u00edcio ser\u00e1 concedido de acordo com a idade do benefici\u00e1rio na data de \u00f3bito do segurado. A partir do dia 01\/01\/2021 vigora, portanto, a nova regra.<br \/>\nPens\u00e3o por Morte \u00e9 um benef\u00edcio do INSS concedido para os dependentes do trabalhador, seja ele urbano ou rural, que antes de seu \u00f3bito possu\u00edsse qualidade de segurado, recebesse algum benef\u00edcio ou j\u00e1 tivesse direito a algum benef\u00edcio.<br \/>\nPara fazer jus ao benef\u00edcio, \u00e9 necess\u00e1rio que o de cujus tenha qualidade de segurado e que o benefici\u00e1rio seja seu dependente.<\/p>\n<p>QUALIDADE<br \/>\nDE SEGURADO<br \/>\nPara ter a qualidade de segurado o de cujus precisa:<br \/>\n&#8211; estar contribuindo na data do \u00f3bito;<br \/>\n&#8211; estar em gozo de algum benef\u00edcio previdenci\u00e1rio (exceto aux\u00edlio acidente);<br \/>\n&#8211; estar usufruindo do per\u00edodo de gra\u00e7a;<br \/>\n&#8211; ter direito adquirido a benef\u00edcios previdenci\u00e1rios.<br \/>\nDEPENDENTES<br \/>\nOs dependentes s\u00e3o divididos em 3 classes, sendo que o segundo s\u00f3 \u00e9 alcan\u00e7ado se n\u00e3o houver a exist\u00eancia do primeiro, e o terceiro, se n\u00e3o houver a exist\u00eancia do primeiro e do segundo.<br \/>\n1 CLASSE: o c\u00f4njuge, a companheira, o companheiro e o filho n\u00e3o emancipado, de qualquer condi\u00e7\u00e3o, menor de vinte e um anos de idade ou inv\u00e1lido ou que tenha defici\u00eancia intelectual, mental ou grave;<br \/>\nAqui \u00e9 importante ressaltar uma das altera\u00e7\u00f5es trazidas pela portaria. Para receber o benef\u00edcio o c\u00f4njuge precisa ter pelo menos 2 anos de matrim\u00f4nio ou 2 anos de uni\u00e3o est\u00e1vel, antes disso ele n\u00e3o ser\u00e1 considerado benefici\u00e1rio.<br \/>\n2 CLASSE: os pais<br \/>\n3 CLASSE: o irm\u00e3o n\u00e3o emancipado, de qualquer condi\u00e7\u00e3o, menor de vinte e um anos de idade ou inv\u00e1lido ou que tenha defici\u00eancia intelectual, mental ou grave.<br \/>\nA maior altera\u00e7\u00e3o que a Portaria trouxe foi em rela\u00e7\u00e3o a idade do benefici\u00e1rio ao tempo do falecimento do segurado. Isso porque em 2020, de acordo com dados estat\u00edsticos, houve um aumento da expectativa de vida.<br \/>\nA partir de 2021, portanto, para se ter direito ao pagamento do benef\u00edcio de forma vital\u00edcia, \u00e9 necess\u00e1rio que o benefici\u00e1rio tenha 45 anos ou mais. Os benefici\u00e1rios com idade inferior, receber\u00e3o o benef\u00edcio por tempo determinado, conforme dados a seguir:<br \/>\nMenor de 22 anos, tem direito a 3 anos de benef\u00edcio<br \/>\nEntre 22 e 27 anos, tem direito a 6 anos de benef\u00edcio<br \/>\nEntre 28 e 30 anos tem direito a 10 anos de benef\u00edcio<br \/>\nEntre 31 e 41 anos tem direito a 15 anos de benef\u00edcio<br \/>\nEntre 42 e 44 anos tem direito a 20 anos de benef\u00edcio<br \/>\n45 anos ou mais tem direito ao benef\u00edcio Vital\u00edcio.<br \/>\nAl\u00e9m dos requisitos elencados a cima, para se ter a concess\u00e3o do benef\u00edcio, \u00e9 necess\u00e1rio tamb\u00e9m que tenha havido 18 contribui\u00e7\u00f5es mensais at\u00e9 a data do \u00f3bito.<\/p>\n<p>&nbsp;<\/p>\n<p>Rita Damasceno<br \/>\nAdvogada especializada em Compliance,<br \/>\nDireito do Trabalho Empresarial e Direito Previdenci\u00e1rio.<\/p>\n","protected":false},"excerpt":{"rendered":"<p>A PORTARIA ME N\u00ba 424, fixou em 29 de dezembro de 2020, novas regras para o recebimento do benef\u00edcio da pens\u00e3o por morte. Conforme a portaria,<span class=\"excerpt-hellip\"> [\u2026]<\/span><\/p>\n","protected":false},"author":4,"featured_media":0,"comment_status":"open","ping_status":"open","sticky":false,"template":"","format":"standard","meta":{"_jetpack_memberships_contains_paid_content":false,"footnotes":"","jetpack_publicize_message":"","jetpack_publicize_feature_enabled":true,"jetpack_social_post_already_shared":false,"jetpack_social_options":{"image_generator_settings":{"template":"highway","default_image_id":0,"enabled":false},"version":2}},"categories":[92],"tags":[],"class_list":["post-13916","post","type-post","status-publish","format-standard","hentry","category-colunista"],"yoast_head":"<!-- This site is optimized with the Yoast SEO plugin v25.6 - https:\/\/yoast.com\/wordpress\/plugins\/seo\/ -->\n<title>Pens\u00e3o por Morte: entenda quais s\u00e3o as novas regras para 2021 - VerdadeOn<\/title>\n<meta name=\"robots\" content=\"index, follow, max-snippet:-1, max-image-preview:large, max-video-preview:-1\" \/>\n<link rel=\"canonical\" href=\"https:\/\/verdadeon.com.br\/portal\/2021\/02\/03\/pensao-por-morte-entenda-quais-sao-as-novas-regras-para-2021\/\" \/>\n<meta property=\"og:locale\" content=\"pt_BR\" \/>\n<meta property=\"og:type\" content=\"article\" \/>\n<meta property=\"og:title\" content=\"Pens\u00e3o por Morte: entenda quais s\u00e3o as novas regras para 2021 - VerdadeOn\" \/>\n<meta property=\"og:description\" content=\"A PORTARIA ME N\u00ba 424, fixou em 29 de dezembro de 2020, novas regras para o recebimento do benef\u00edcio da pens\u00e3o por morte. Conforme a portaria, [\u2026]\" \/>\n<meta property=\"og:url\" content=\"https:\/\/verdadeon.com.br\/portal\/2021\/02\/03\/pensao-por-morte-entenda-quais-sao-as-novas-regras-para-2021\/\" \/>\n<meta property=\"og:site_name\" content=\"VerdadeOn\" \/>\n<meta property=\"article:published_time\" content=\"2021-02-03T18:10:29+00:00\" \/>\n<meta name=\"author\" content=\"Fernando Calixto\" \/>\n<meta name=\"twitter:card\" content=\"summary_large_image\" \/>\n<meta name=\"twitter:label1\" content=\"Escrito por\" \/>\n\t<meta name=\"twitter:data1\" content=\"Fernando Calixto\" \/>\n\t<meta name=\"twitter:label2\" content=\"Est. tempo de leitura\" \/>\n\t<meta name=\"twitter:data2\" content=\"3 minutos\" \/>\n<script type=\"application\/ld+json\" class=\"yoast-schema-graph\">{\"@context\":\"https:\/\/schema.org\",\"@graph\":[{\"@type\":\"WebPage\",\"@id\":\"https:\/\/verdadeon.com.br\/portal\/2021\/02\/03\/pensao-por-morte-entenda-quais-sao-as-novas-regras-para-2021\/\",\"url\":\"https:\/\/verdadeon.com.br\/portal\/2021\/02\/03\/pensao-por-morte-entenda-quais-sao-as-novas-regras-para-2021\/\",\"name\":\"Pens\u00e3o por Morte: entenda quais s\u00e3o as novas regras para 2021 - VerdadeOn\",\"isPartOf\":{\"@id\":\"https:\/\/verdadeon.com.br\/portal\/#website\"},\"datePublished\":\"2021-02-03T18:10:29+00:00\",\"author\":{\"@id\":\"https:\/\/verdadeon.com.br\/portal\/#\/schema\/person\/8994718f49ee62ba5610471e29ca1f62\"},\"breadcrumb\":{\"@id\":\"https:\/\/verdadeon.com.br\/portal\/2021\/02\/03\/pensao-por-morte-entenda-quais-sao-as-novas-regras-para-2021\/#breadcrumb\"},\"inLanguage\":\"pt-BR\",\"potentialAction\":[{\"@type\":\"ReadAction\",\"target\":[\"https:\/\/verdadeon.com.br\/portal\/2021\/02\/03\/pensao-por-morte-entenda-quais-sao-as-novas-regras-para-2021\/\"]}]},{\"@type\":\"BreadcrumbList\",\"@id\":\"https:\/\/verdadeon.com.br\/portal\/2021\/02\/03\/pensao-por-morte-entenda-quais-sao-as-novas-regras-para-2021\/#breadcrumb\",\"itemListElement\":[{\"@type\":\"ListItem\",\"position\":1,\"name\":\"In\u00edcio\",\"item\":\"https:\/\/verdadeon.com.br\/portal\/\"},{\"@type\":\"ListItem\",\"position\":2,\"name\":\"Pens\u00e3o por Morte: entenda quais s\u00e3o as novas regras para 2021\"}]},{\"@type\":\"WebSite\",\"@id\":\"https:\/\/verdadeon.com.br\/portal\/#website\",\"url\":\"https:\/\/verdadeon.com.br\/portal\/\",\"name\":\"VerdadeOn\",\"description\":\"Not\u00edcias di\u00e1rias sobre Franca, Regi\u00e3o, Esporte, Cultura, Cotidiano, Colunas. Cobertura nos principais eventos da cidade \u00e9 aqui - Verdadeon Franca\",\"potentialAction\":[{\"@type\":\"SearchAction\",\"target\":{\"@type\":\"EntryPoint\",\"urlTemplate\":\"https:\/\/verdadeon.com.br\/portal\/?s={search_term_string}\"},\"query-input\":{\"@type\":\"PropertyValueSpecification\",\"valueRequired\":true,\"valueName\":\"search_term_string\"}}],\"inLanguage\":\"pt-BR\"},{\"@type\":\"Person\",\"@id\":\"https:\/\/verdadeon.com.br\/portal\/#\/schema\/person\/8994718f49ee62ba5610471e29ca1f62\",\"name\":\"Fernando Calixto\",\"image\":{\"@type\":\"ImageObject\",\"inLanguage\":\"pt-BR\",\"@id\":\"https:\/\/verdadeon.com.br\/portal\/#\/schema\/person\/image\/\",\"url\":\"https:\/\/secure.gravatar.com\/avatar\/7578910c24966c0316c340f9dbd601e93ee9f9212e1033968b367af9306bd9fb?s=96&d=mm&r=g\",\"contentUrl\":\"https:\/\/secure.gravatar.com\/avatar\/7578910c24966c0316c340f9dbd601e93ee9f9212e1033968b367af9306bd9fb?s=96&d=mm&r=g\",\"caption\":\"Fernando Calixto\"},\"url\":\"https:\/\/verdadeon.com.br\/portal\/author\/fernando-calixto\/\"}]}<\/script>\n<!-- \/ Yoast SEO plugin. -->","yoast_head_json":{"title":"Pens\u00e3o por Morte: entenda quais s\u00e3o as novas regras para 2021 - VerdadeOn","robots":{"index":"index","follow":"follow","max-snippet":"max-snippet:-1","max-image-preview":"max-image-preview:large","max-video-preview":"max-video-preview:-1"},"canonical":"https:\/\/verdadeon.com.br\/portal\/2021\/02\/03\/pensao-por-morte-entenda-quais-sao-as-novas-regras-para-2021\/","og_locale":"pt_BR","og_type":"article","og_title":"Pens\u00e3o por Morte: entenda quais s\u00e3o as novas regras para 2021 - VerdadeOn","og_description":"A PORTARIA ME N\u00ba 424, fixou em 29 de dezembro de 2020, novas regras para o recebimento do benef\u00edcio da pens\u00e3o por morte. Conforme a portaria, [\u2026]","og_url":"https:\/\/verdadeon.com.br\/portal\/2021\/02\/03\/pensao-por-morte-entenda-quais-sao-as-novas-regras-para-2021\/","og_site_name":"VerdadeOn","article_published_time":"2021-02-03T18:10:29+00:00","author":"Fernando Calixto","twitter_card":"summary_large_image","twitter_misc":{"Escrito por":"Fernando Calixto","Est. tempo de leitura":"3 minutos"},"schema":{"@context":"https:\/\/schema.org","@graph":[{"@type":"WebPage","@id":"https:\/\/verdadeon.com.br\/portal\/2021\/02\/03\/pensao-por-morte-entenda-quais-sao-as-novas-regras-para-2021\/","url":"https:\/\/verdadeon.com.br\/portal\/2021\/02\/03\/pensao-por-morte-entenda-quais-sao-as-novas-regras-para-2021\/","name":"Pens\u00e3o por Morte: entenda quais s\u00e3o as novas regras para 2021 - VerdadeOn","isPartOf":{"@id":"https:\/\/verdadeon.com.br\/portal\/#website"},"datePublished":"2021-02-03T18:10:29+00:00","author":{"@id":"https:\/\/verdadeon.com.br\/portal\/#\/schema\/person\/8994718f49ee62ba5610471e29ca1f62"},"breadcrumb":{"@id":"https:\/\/verdadeon.com.br\/portal\/2021\/02\/03\/pensao-por-morte-entenda-quais-sao-as-novas-regras-para-2021\/#breadcrumb"},"inLanguage":"pt-BR","potentialAction":[{"@type":"ReadAction","target":["https:\/\/verdadeon.com.br\/portal\/2021\/02\/03\/pensao-por-morte-entenda-quais-sao-as-novas-regras-para-2021\/"]}]},{"@type":"BreadcrumbList","@id":"https:\/\/verdadeon.com.br\/portal\/2021\/02\/03\/pensao-por-morte-entenda-quais-sao-as-novas-regras-para-2021\/#breadcrumb","itemListElement":[{"@type":"ListItem","position":1,"name":"In\u00edcio","item":"https:\/\/verdadeon.com.br\/portal\/"},{"@type":"ListItem","position":2,"name":"Pens\u00e3o por Morte: entenda quais s\u00e3o as novas regras para 2021"}]},{"@type":"WebSite","@id":"https:\/\/verdadeon.com.br\/portal\/#website","url":"https:\/\/verdadeon.com.br\/portal\/","name":"VerdadeOn","description":"Not\u00edcias di\u00e1rias sobre Franca, Regi\u00e3o, Esporte, Cultura, Cotidiano, Colunas. Cobertura nos principais eventos da cidade \u00e9 aqui - Verdadeon Franca","potentialAction":[{"@type":"SearchAction","target":{"@type":"EntryPoint","urlTemplate":"https:\/\/verdadeon.com.br\/portal\/?s={search_term_string}"},"query-input":{"@type":"PropertyValueSpecification","valueRequired":true,"valueName":"search_term_string"}}],"inLanguage":"pt-BR"},{"@type":"Person","@id":"https:\/\/verdadeon.com.br\/portal\/#\/schema\/person\/8994718f49ee62ba5610471e29ca1f62","name":"Fernando Calixto","image":{"@type":"ImageObject","inLanguage":"pt-BR","@id":"https:\/\/verdadeon.com.br\/portal\/#\/schema\/person\/image\/","url":"https:\/\/secure.gravatar.com\/avatar\/7578910c24966c0316c340f9dbd601e93ee9f9212e1033968b367af9306bd9fb?s=96&d=mm&r=g","contentUrl":"https:\/\/secure.gravatar.com\/avatar\/7578910c24966c0316c340f9dbd601e93ee9f9212e1033968b367af9306bd9fb?s=96&d=mm&r=g","caption":"Fernando Calixto"},"url":"https:\/\/verdadeon.com.br\/portal\/author\/fernando-calixto\/"}]}},"jetpack_publicize_connections":[],"jetpack_featured_media_url":"","jetpack_sharing_enabled":true,"_links":{"self":[{"href":"https:\/\/verdadeon.com.br\/portal\/wp-json\/wp\/v2\/posts\/13916","targetHints":{"allow":["GET"]}}],"collection":[{"href":"https:\/\/verdadeon.com.br\/portal\/wp-json\/wp\/v2\/posts"}],"about":[{"href":"https:\/\/verdadeon.com.br\/portal\/wp-json\/wp\/v2\/types\/post"}],"author":[{"embeddable":true,"href":"https:\/\/verdadeon.com.br\/portal\/wp-json\/wp\/v2\/users\/4"}],"replies":[{"embeddable":true,"href":"https:\/\/verdadeon.com.br\/portal\/wp-json\/wp\/v2\/comments?post=13916"}],"version-history":[{"count":0,"href":"https:\/\/verdadeon.com.br\/portal\/wp-json\/wp\/v2\/posts\/13916\/revisions"}],"wp:attachment":[{"href":"https:\/\/verdadeon.com.br\/portal\/wp-json\/wp\/v2\/media?parent=13916"}],"wp:term":[{"taxonomy":"category","embeddable":true,"href":"https:\/\/verdadeon.com.br\/portal\/wp-json\/wp\/v2\/categories?post=13916"},{"taxonomy":"post_tag","embeddable":true,"href":"https:\/\/verdadeon.com.br\/portal\/wp-json\/wp\/v2\/tags?post=13916"}],"curies":[{"name":"wp","href":"https:\/\/api.w.org\/{rel}","templated":true}]}}