{"id":13915,"date":"2021-02-03T13:00:38","date_gmt":"2021-02-03T16:00:38","guid":{"rendered":"https:\/\/verdadeon.com.br\/portal\/?p=13915"},"modified":"2021-02-03T15:51:22","modified_gmt":"2021-02-03T18:51:22","slug":"media-movel-de-mortes-pela-covid-19-volta-a-crescer-em-franca","status":"publish","type":"post","link":"https:\/\/verdadeon.com.br\/portal\/2021\/02\/03\/media-movel-de-mortes-pela-covid-19-volta-a-crescer-em-franca\/","title":{"rendered":"M\u00e9dia m\u00f3vel de mortes pela Covid-19 volta a crescer em Franca"},"content":{"rendered":"<h2>\u00cdndice chegou a ser menor do que 1 morte por dia no in\u00edcio de janeiro, mas vem crescendo nas \u00faltimas semanas<\/h2>\n<p>De uma m\u00e9dia m\u00f3vel de \u00f3bitos de 1,3 no dia 31 de janeiro, Franca passou para 2,6, em um per\u00edodo de 48 horas, isso de acordo com os dados do Boletim da Vigil\u00e2ncia Epidemiol\u00f3gica divulgado na noite de ter\u00e7a-feira (2).<br \/>\nA alta no n\u00famero se deve ao fato de segunda e ter\u00e7a-feira, terem sido registradas 12 mortes, seis em cada dia. Uma das mortes trata-se de uma mulher de apenas 45 anos. A m\u00e9dia m\u00f3vel leva em conta os falecimentos registrados nos \u00faltimos 30 dias.<br \/>\nH\u00e1 um m\u00eas no dia tr\u00eas de janeiro, Franca possu\u00eda uma m\u00e9dia de mortes de 0,4 ao dia, isso representa menos de um \u00f3bito a cada 24 horas no \u00faltimo m\u00eas, no caso entre 3 de dezembro de 2020, a 3 de janeiro deste ano.<br \/>\nA m\u00e9dia foi subindo com o passar dos dias, e atingiu o seu \u00e1pice em 25 de janeiro, com \u00edndice de 3,1 \u00f3bitos por dia, e foi justamente nesta data que Franca entrou para fase vermelha do Plano S\u00e3o Paulo.<br \/>\nNos dias seguintes o n\u00famero voltou a cair, foi para 1,3 no \u00faltimo domingo, mas agora dobrou e fechou em 2.6.<\/p>\n","protected":false},"excerpt":{"rendered":"<p>\u00cdndice chegou a ser menor do que 1 morte por dia no in\u00edcio de janeiro, mas vem crescendo nas \u00faltimas semanas De uma m\u00e9dia m\u00f3vel de<span class=\"excerpt-hellip\"> [\u2026]<\/span><\/p>\n","protected":false},"author":4,"featured_media":13922,"comment_status":"open","ping_status":"open","sticky":false,"template":"","format":"standard","meta":{"_jetpack_memberships_contains_paid_content":false,"footnotes":"","jetpack_publicize_message":"","jetpack_publicize_feature_enabled":true,"jetpack_social_post_already_shared":false,"jetpack_social_options":{"image_generator_settings":{"template":"highway","default_image_id":0,"enabled":false},"version":2}},"categories":[28,81],"tags":[],"class_list":["post-13915","post","type-post","status-publish","format-standard","has-post-thumbnail","hentry","category-cotidiano","category-manchete"],"yoast_head":"<!-- This site is optimized with the Yoast SEO plugin v25.6 - https:\/\/yoast.com\/wordpress\/plugins\/seo\/ -->\n<title>M\u00e9dia m\u00f3vel de mortes pela Covid-19 volta a crescer em Franca - VerdadeOn<\/title>\n<meta name=\"robots\" content=\"index, follow, max-snippet:-1, max-image-preview:large, max-video-preview:-1\" \/>\n<link rel=\"canonical\" href=\"https:\/\/verdadeon.com.br\/portal\/2021\/02\/03\/media-movel-de-mortes-pela-covid-19-volta-a-crescer-em-franca\/\" \/>\n<meta property=\"og:locale\" content=\"pt_BR\" \/>\n<meta property=\"og:type\" content=\"article\" \/>\n<meta property=\"og:title\" content=\"M\u00e9dia m\u00f3vel de mortes pela Covid-19 volta a crescer em Franca - VerdadeOn\" \/>\n<meta property=\"og:description\" content=\"\u00cdndice chegou a ser menor do que 1 morte por dia no in\u00edcio de janeiro, mas vem crescendo nas \u00faltimas semanas De uma m\u00e9dia m\u00f3vel de [\u2026]\" \/>\n<meta property=\"og:url\" content=\"https:\/\/verdadeon.com.br\/portal\/2021\/02\/03\/media-movel-de-mortes-pela-covid-19-volta-a-crescer-em-franca\/\" \/>\n<meta property=\"og:site_name\" content=\"VerdadeOn\" \/>\n<meta property=\"article:published_time\" content=\"2021-02-03T16:00:38+00:00\" \/>\n<meta property=\"article:modified_time\" content=\"2021-02-03T18:51:22+00:00\" \/>\n<meta property=\"og:image\" content=\"https:\/\/verdadeon.com.br\/portal\/wp-content\/uploads\/2021\/02\/WhatsApp-Image-2021-02-03-at-15.35.10.jpeg\" \/>\n\t<meta property=\"og:image:width\" content=\"1000\" \/>\n\t<meta property=\"og:image:height\" content=\"670\" \/>\n\t<meta property=\"og:image:type\" content=\"image\/jpeg\" \/>\n<meta name=\"author\" content=\"Fernando Calixto\" \/>\n<meta name=\"twitter:card\" content=\"summary_large_image\" \/>\n<meta name=\"twitter:label1\" content=\"Escrito por\" \/>\n\t<meta name=\"twitter:data1\" content=\"Fernando Calixto\" \/>\n\t<meta name=\"twitter:label2\" content=\"Est. tempo de leitura\" \/>\n\t<meta name=\"twitter:data2\" content=\"1 minuto\" \/>\n<script type=\"application\/ld+json\" class=\"yoast-schema-graph\">{\"@context\":\"https:\/\/schema.org\",\"@graph\":[{\"@type\":\"WebPage\",\"@id\":\"https:\/\/verdadeon.com.br\/portal\/2021\/02\/03\/media-movel-de-mortes-pela-covid-19-volta-a-crescer-em-franca\/\",\"url\":\"https:\/\/verdadeon.com.br\/portal\/2021\/02\/03\/media-movel-de-mortes-pela-covid-19-volta-a-crescer-em-franca\/\",\"name\":\"M\u00e9dia m\u00f3vel de mortes pela Covid-19 volta a crescer em Franca - VerdadeOn\",\"isPartOf\":{\"@id\":\"https:\/\/verdadeon.com.br\/portal\/#website\"},\"primaryImageOfPage\":{\"@id\":\"https:\/\/verdadeon.com.br\/portal\/2021\/02\/03\/media-movel-de-mortes-pela-covid-19-volta-a-crescer-em-franca\/#primaryimage\"},\"image\":{\"@id\":\"https:\/\/verdadeon.com.br\/portal\/2021\/02\/03\/media-movel-de-mortes-pela-covid-19-volta-a-crescer-em-franca\/#primaryimage\"},\"thumbnailUrl\":\"https:\/\/i0.wp.com\/verdadeon.com.br\/portal\/wp-content\/uploads\/2021\/02\/WhatsApp-Image-2021-02-03-at-15.35.10.jpeg?fit=1000%2C670&ssl=1\",\"datePublished\":\"2021-02-03T16:00:38+00:00\",\"dateModified\":\"2021-02-03T18:51:22+00:00\",\"author\":{\"@id\":\"https:\/\/verdadeon.com.br\/portal\/#\/schema\/person\/8994718f49ee62ba5610471e29ca1f62\"},\"breadcrumb\":{\"@id\":\"https:\/\/verdadeon.com.br\/portal\/2021\/02\/03\/media-movel-de-mortes-pela-covid-19-volta-a-crescer-em-franca\/#breadcrumb\"},\"inLanguage\":\"pt-BR\",\"potentialAction\":[{\"@type\":\"ReadAction\",\"target\":[\"https:\/\/verdadeon.com.br\/portal\/2021\/02\/03\/media-movel-de-mortes-pela-covid-19-volta-a-crescer-em-franca\/\"]}]},{\"@type\":\"ImageObject\",\"inLanguage\":\"pt-BR\",\"@id\":\"https:\/\/verdadeon.com.br\/portal\/2021\/02\/03\/media-movel-de-mortes-pela-covid-19-volta-a-crescer-em-franca\/#primaryimage\",\"url\":\"https:\/\/i0.wp.com\/verdadeon.com.br\/portal\/wp-content\/uploads\/2021\/02\/WhatsApp-Image-2021-02-03-at-15.35.10.jpeg?fit=1000%2C670&ssl=1\",\"contentUrl\":\"https:\/\/i0.wp.com\/verdadeon.com.br\/portal\/wp-content\/uploads\/2021\/02\/WhatsApp-Image-2021-02-03-at-15.35.10.jpeg?fit=1000%2C670&ssl=1\",\"width\":1000,\"height\":670,\"caption\":\"\u00a0Dados s\u00e3o do Boletim da Vigil\u00e2ncia Epidemiol\u00f3gica de Franca, divulgado diariamente\"},{\"@type\":\"BreadcrumbList\",\"@id\":\"https:\/\/verdadeon.com.br\/portal\/2021\/02\/03\/media-movel-de-mortes-pela-covid-19-volta-a-crescer-em-franca\/#breadcrumb\",\"itemListElement\":[{\"@type\":\"ListItem\",\"position\":1,\"name\":\"In\u00edcio\",\"item\":\"https:\/\/verdadeon.com.br\/portal\/\"},{\"@type\":\"ListItem\",\"position\":2,\"name\":\"M\u00e9dia m\u00f3vel de mortes pela Covid-19 volta a crescer em Franca\"}]},{\"@type\":\"WebSite\",\"@id\":\"https:\/\/verdadeon.com.br\/portal\/#website\",\"url\":\"https:\/\/verdadeon.com.br\/portal\/\",\"name\":\"VerdadeOn\",\"description\":\"Not\u00edcias di\u00e1rias sobre Franca, Regi\u00e3o, Esporte, Cultura, Cotidiano, Colunas. Cobertura nos principais eventos da cidade \u00e9 aqui - Verdadeon Franca\",\"potentialAction\":[{\"@type\":\"SearchAction\",\"target\":{\"@type\":\"EntryPoint\",\"urlTemplate\":\"https:\/\/verdadeon.com.br\/portal\/?s={search_term_string}\"},\"query-input\":{\"@type\":\"PropertyValueSpecification\",\"valueRequired\":true,\"valueName\":\"search_term_string\"}}],\"inLanguage\":\"pt-BR\"},{\"@type\":\"Person\",\"@id\":\"https:\/\/verdadeon.com.br\/portal\/#\/schema\/person\/8994718f49ee62ba5610471e29ca1f62\",\"name\":\"Fernando Calixto\",\"image\":{\"@type\":\"ImageObject\",\"inLanguage\":\"pt-BR\",\"@id\":\"https:\/\/verdadeon.com.br\/portal\/#\/schema\/person\/image\/\",\"url\":\"https:\/\/secure.gravatar.com\/avatar\/7578910c24966c0316c340f9dbd601e93ee9f9212e1033968b367af9306bd9fb?s=96&d=mm&r=g\",\"contentUrl\":\"https:\/\/secure.gravatar.com\/avatar\/7578910c24966c0316c340f9dbd601e93ee9f9212e1033968b367af9306bd9fb?s=96&d=mm&r=g\",\"caption\":\"Fernando Calixto\"},\"url\":\"https:\/\/verdadeon.com.br\/portal\/author\/fernando-calixto\/\"}]}<\/script>\n<!-- \/ Yoast SEO plugin. -->","yoast_head_json":{"title":"M\u00e9dia m\u00f3vel de mortes pela Covid-19 volta a crescer em Franca - VerdadeOn","robots":{"index":"index","follow":"follow","max-snippet":"max-snippet:-1","max-image-preview":"max-image-preview:large","max-video-preview":"max-video-preview:-1"},"canonical":"https:\/\/verdadeon.com.br\/portal\/2021\/02\/03\/media-movel-de-mortes-pela-covid-19-volta-a-crescer-em-franca\/","og_locale":"pt_BR","og_type":"article","og_title":"M\u00e9dia m\u00f3vel de mortes pela Covid-19 volta a crescer em Franca - VerdadeOn","og_description":"\u00cdndice chegou a ser menor do que 1 morte por dia no in\u00edcio de janeiro, mas vem crescendo nas \u00faltimas semanas De uma m\u00e9dia m\u00f3vel de [\u2026]","og_url":"https:\/\/verdadeon.com.br\/portal\/2021\/02\/03\/media-movel-de-mortes-pela-covid-19-volta-a-crescer-em-franca\/","og_site_name":"VerdadeOn","article_published_time":"2021-02-03T16:00:38+00:00","article_modified_time":"2021-02-03T18:51:22+00:00","og_image":[{"width":1000,"height":670,"url":"https:\/\/verdadeon.com.br\/portal\/wp-content\/uploads\/2021\/02\/WhatsApp-Image-2021-02-03-at-15.35.10.jpeg","type":"image\/jpeg"}],"author":"Fernando Calixto","twitter_card":"summary_large_image","twitter_misc":{"Escrito por":"Fernando Calixto","Est. tempo de leitura":"1 minuto"},"schema":{"@context":"https:\/\/schema.org","@graph":[{"@type":"WebPage","@id":"https:\/\/verdadeon.com.br\/portal\/2021\/02\/03\/media-movel-de-mortes-pela-covid-19-volta-a-crescer-em-franca\/","url":"https:\/\/verdadeon.com.br\/portal\/2021\/02\/03\/media-movel-de-mortes-pela-covid-19-volta-a-crescer-em-franca\/","name":"M\u00e9dia m\u00f3vel de mortes pela Covid-19 volta a crescer em Franca - VerdadeOn","isPartOf":{"@id":"https:\/\/verdadeon.com.br\/portal\/#website"},"primaryImageOfPage":{"@id":"https:\/\/verdadeon.com.br\/portal\/2021\/02\/03\/media-movel-de-mortes-pela-covid-19-volta-a-crescer-em-franca\/#primaryimage"},"image":{"@id":"https:\/\/verdadeon.com.br\/portal\/2021\/02\/03\/media-movel-de-mortes-pela-covid-19-volta-a-crescer-em-franca\/#primaryimage"},"thumbnailUrl":"https:\/\/i0.wp.com\/verdadeon.com.br\/portal\/wp-content\/uploads\/2021\/02\/WhatsApp-Image-2021-02-03-at-15.35.10.jpeg?fit=1000%2C670&ssl=1","datePublished":"2021-02-03T16:00:38+00:00","dateModified":"2021-02-03T18:51:22+00:00","author":{"@id":"https:\/\/verdadeon.com.br\/portal\/#\/schema\/person\/8994718f49ee62ba5610471e29ca1f62"},"breadcrumb":{"@id":"https:\/\/verdadeon.com.br\/portal\/2021\/02\/03\/media-movel-de-mortes-pela-covid-19-volta-a-crescer-em-franca\/#breadcrumb"},"inLanguage":"pt-BR","potentialAction":[{"@type":"ReadAction","target":["https:\/\/verdadeon.com.br\/portal\/2021\/02\/03\/media-movel-de-mortes-pela-covid-19-volta-a-crescer-em-franca\/"]}]},{"@type":"ImageObject","inLanguage":"pt-BR","@id":"https:\/\/verdadeon.com.br\/portal\/2021\/02\/03\/media-movel-de-mortes-pela-covid-19-volta-a-crescer-em-franca\/#primaryimage","url":"https:\/\/i0.wp.com\/verdadeon.com.br\/portal\/wp-content\/uploads\/2021\/02\/WhatsApp-Image-2021-02-03-at-15.35.10.jpeg?fit=1000%2C670&ssl=1","contentUrl":"https:\/\/i0.wp.com\/verdadeon.com.br\/portal\/wp-content\/uploads\/2021\/02\/WhatsApp-Image-2021-02-03-at-15.35.10.jpeg?fit=1000%2C670&ssl=1","width":1000,"height":670,"caption":"\u00a0Dados s\u00e3o do Boletim da Vigil\u00e2ncia Epidemiol\u00f3gica de Franca, divulgado diariamente"},{"@type":"BreadcrumbList","@id":"https:\/\/verdadeon.com.br\/portal\/2021\/02\/03\/media-movel-de-mortes-pela-covid-19-volta-a-crescer-em-franca\/#breadcrumb","itemListElement":[{"@type":"ListItem","position":1,"name":"In\u00edcio","item":"https:\/\/verdadeon.com.br\/portal\/"},{"@type":"ListItem","position":2,"name":"M\u00e9dia m\u00f3vel de mortes pela Covid-19 volta a crescer em Franca"}]},{"@type":"WebSite","@id":"https:\/\/verdadeon.com.br\/portal\/#website","url":"https:\/\/verdadeon.com.br\/portal\/","name":"VerdadeOn","description":"Not\u00edcias di\u00e1rias sobre Franca, Regi\u00e3o, Esporte, Cultura, Cotidiano, Colunas. Cobertura nos principais eventos da cidade \u00e9 aqui - Verdadeon Franca","potentialAction":[{"@type":"SearchAction","target":{"@type":"EntryPoint","urlTemplate":"https:\/\/verdadeon.com.br\/portal\/?s={search_term_string}"},"query-input":{"@type":"PropertyValueSpecification","valueRequired":true,"valueName":"search_term_string"}}],"inLanguage":"pt-BR"},{"@type":"Person","@id":"https:\/\/verdadeon.com.br\/portal\/#\/schema\/person\/8994718f49ee62ba5610471e29ca1f62","name":"Fernando Calixto","image":{"@type":"ImageObject","inLanguage":"pt-BR","@id":"https:\/\/verdadeon.com.br\/portal\/#\/schema\/person\/image\/","url":"https:\/\/secure.gravatar.com\/avatar\/7578910c24966c0316c340f9dbd601e93ee9f9212e1033968b367af9306bd9fb?s=96&d=mm&r=g","contentUrl":"https:\/\/secure.gravatar.com\/avatar\/7578910c24966c0316c340f9dbd601e93ee9f9212e1033968b367af9306bd9fb?s=96&d=mm&r=g","caption":"Fernando Calixto"},"url":"https:\/\/verdadeon.com.br\/portal\/author\/fernando-calixto\/"}]}},"jetpack_publicize_connections":[],"jetpack_featured_media_url":"https:\/\/i0.wp.com\/verdadeon.com.br\/portal\/wp-content\/uploads\/2021\/02\/WhatsApp-Image-2021-02-03-at-15.35.10.jpeg?fit=1000%2C670&ssl=1","jetpack_sharing_enabled":true,"_links":{"self":[{"href":"https:\/\/verdadeon.com.br\/portal\/wp-json\/wp\/v2\/posts\/13915","targetHints":{"allow":["GET"]}}],"collection":[{"href":"https:\/\/verdadeon.com.br\/portal\/wp-json\/wp\/v2\/posts"}],"about":[{"href":"https:\/\/verdadeon.com.br\/portal\/wp-json\/wp\/v2\/types\/post"}],"author":[{"embeddable":true,"href":"https:\/\/verdadeon.com.br\/portal\/wp-json\/wp\/v2\/users\/4"}],"replies":[{"embeddable":true,"href":"https:\/\/verdadeon.com.br\/portal\/wp-json\/wp\/v2\/comments?post=13915"}],"version-history":[{"count":0,"href":"https:\/\/verdadeon.com.br\/portal\/wp-json\/wp\/v2\/posts\/13915\/revisions"}],"wp:featuredmedia":[{"embeddable":true,"href":"https:\/\/verdadeon.com.br\/portal\/wp-json\/wp\/v2\/media\/13922"}],"wp:attachment":[{"href":"https:\/\/verdadeon.com.br\/portal\/wp-json\/wp\/v2\/media?parent=13915"}],"wp:term":[{"taxonomy":"category","embeddable":true,"href":"https:\/\/verdadeon.com.br\/portal\/wp-json\/wp\/v2\/categories?post=13915"},{"taxonomy":"post_tag","embeddable":true,"href":"https:\/\/verdadeon.com.br\/portal\/wp-json\/wp\/v2\/tags?post=13915"}],"curies":[{"name":"wp","href":"https:\/\/api.w.org\/{rel}","templated":true}]}}