{"id":13890,"date":"2021-02-02T16:30:15","date_gmt":"2021-02-02T19:30:15","guid":{"rendered":"https:\/\/verdadeon.com.br\/portal\/?p=13890"},"modified":"2021-02-02T16:30:15","modified_gmt":"2021-02-02T19:30:15","slug":"na-camara-cpfl-apresenta-projeto-de-arborizacao-para-franca","status":"publish","type":"post","link":"https:\/\/verdadeon.com.br\/portal\/2021\/02\/02\/na-camara-cpfl-apresenta-projeto-de-arborizacao-para-franca\/","title":{"rendered":"Na C\u00e2mara CPFL apresenta projeto de arboriza\u00e7\u00e3o para Franca"},"content":{"rendered":"<h2>O consultor de neg\u00f3cios da CPFL usou a Tribuna para falar a respeito do projeto, ele pediu ainda para estreitar rela\u00e7\u00f5es com a Casa de Leis<\/h2>\n<p>O consultor de neg\u00f3cios da CPFL Alexandre Garcia Alonso, apresentou um projeto de arboriza\u00e7\u00e3o para a cidade na C\u00e2mara Municipal de Franca, na manh\u00e3 desta ter\u00e7a-feira (2). A proposta consiste na identifica\u00e7\u00e3o de \u00e1rvores que estejam pr\u00f3ximas da rede de energia, as quais ser\u00e3o realocadas ou, se estiverem condenadas, cortadas. A CPFL tamb\u00e9m ir\u00e1 providenciar a substitui\u00e7\u00e3o gradativa das \u00e1rvores, visando a uma maior seguran\u00e7a e qualidade de vida da popula\u00e7\u00e3o.<br \/>\n\u201cEsse projeto vem ao encontro das necessidades da cidade. \u00c1rvores caem durante tempestades por estarem comprometidas. Poderemos viabilizar uma cidade arborizada, bonita e mais bem iluminada. Pe\u00e7o colabora\u00e7\u00e3o da Casa de Leis para avan\u00e7ar com esse projeto em conjunto\u201d, solicitou Alexandre.<br \/>\nDurante o seu tempo na Tribuna, ele tamb\u00e9m respondeu a solicita\u00e7\u00f5es de parlamentares, como Marcelo Tidy, Pastor Palamoni (PSD), Carlinho Petr\u00f3polis Farm\u00e1cia (PL), Zezinho Cabeleireiro, Ronaldo Carvalho (Cidadania) e Lurdinha Granzotte, al\u00e9m de ter sido parabenizado pela nova fun\u00e7\u00e3o.<br \/>\nAlonso tamb\u00e9m divulgou os canais de comunica\u00e7\u00e3o da CPFL (foto) e a promo\u00e7\u00e3o Conta Digital, que dar\u00e1 pr\u00eamios em dinheiro para quem aderir a contas virtuais ao inv\u00e9s de f\u00edsicas.<\/p>\n","protected":false},"excerpt":{"rendered":"<p>O consultor de neg\u00f3cios da CPFL usou a Tribuna para falar a respeito do projeto, ele pediu ainda para estreitar rela\u00e7\u00f5es com a Casa de Leis<span class=\"excerpt-hellip\"> [\u2026]<\/span><\/p>\n","protected":false},"author":4,"featured_media":13893,"comment_status":"open","ping_status":"open","sticky":false,"template":"","format":"standard","meta":{"_jetpack_memberships_contains_paid_content":false,"footnotes":"","jetpack_publicize_message":"","jetpack_publicize_feature_enabled":true,"jetpack_social_post_already_shared":false,"jetpack_social_options":{"image_generator_settings":{"template":"highway","default_image_id":0,"enabled":false},"version":2}},"categories":[28,81],"tags":[],"class_list":["post-13890","post","type-post","status-publish","format-standard","has-post-thumbnail","hentry","category-cotidiano","category-manchete"],"yoast_head":"<!-- This site is optimized with the Yoast SEO plugin v25.6 - https:\/\/yoast.com\/wordpress\/plugins\/seo\/ -->\n<title>Na C\u00e2mara CPFL apresenta projeto de arboriza\u00e7\u00e3o para Franca - VerdadeOn<\/title>\n<meta name=\"robots\" content=\"index, follow, max-snippet:-1, max-image-preview:large, max-video-preview:-1\" \/>\n<link rel=\"canonical\" href=\"https:\/\/verdadeon.com.br\/portal\/2021\/02\/02\/na-camara-cpfl-apresenta-projeto-de-arborizacao-para-franca\/\" \/>\n<meta property=\"og:locale\" content=\"pt_BR\" \/>\n<meta property=\"og:type\" content=\"article\" \/>\n<meta property=\"og:title\" content=\"Na C\u00e2mara CPFL apresenta projeto de arboriza\u00e7\u00e3o para Franca - VerdadeOn\" \/>\n<meta property=\"og:description\" content=\"O consultor de neg\u00f3cios da CPFL usou a Tribuna para falar a respeito do projeto, ele pediu ainda para estreitar rela\u00e7\u00f5es com a Casa de Leis [\u2026]\" \/>\n<meta property=\"og:url\" content=\"https:\/\/verdadeon.com.br\/portal\/2021\/02\/02\/na-camara-cpfl-apresenta-projeto-de-arborizacao-para-franca\/\" \/>\n<meta property=\"og:site_name\" content=\"VerdadeOn\" \/>\n<meta property=\"article:published_time\" content=\"2021-02-02T19:30:15+00:00\" \/>\n<meta property=\"og:image\" content=\"https:\/\/verdadeon.com.br\/portal\/wp-content\/uploads\/2021\/02\/WhatsApp-Image-2021-02-02-at-16.04.54-1.jpeg\" \/>\n\t<meta property=\"og:image:width\" content=\"1000\" \/>\n\t<meta property=\"og:image:height\" content=\"670\" \/>\n\t<meta property=\"og:image:type\" content=\"image\/jpeg\" \/>\n<meta name=\"author\" content=\"Fernando Calixto\" \/>\n<meta name=\"twitter:card\" content=\"summary_large_image\" \/>\n<meta name=\"twitter:label1\" content=\"Escrito por\" \/>\n\t<meta name=\"twitter:data1\" content=\"Fernando Calixto\" \/>\n\t<meta name=\"twitter:label2\" content=\"Est. tempo de leitura\" \/>\n\t<meta name=\"twitter:data2\" content=\"1 minuto\" \/>\n<script type=\"application\/ld+json\" class=\"yoast-schema-graph\">{\"@context\":\"https:\/\/schema.org\",\"@graph\":[{\"@type\":\"WebPage\",\"@id\":\"https:\/\/verdadeon.com.br\/portal\/2021\/02\/02\/na-camara-cpfl-apresenta-projeto-de-arborizacao-para-franca\/\",\"url\":\"https:\/\/verdadeon.com.br\/portal\/2021\/02\/02\/na-camara-cpfl-apresenta-projeto-de-arborizacao-para-franca\/\",\"name\":\"Na C\u00e2mara CPFL apresenta projeto de arboriza\u00e7\u00e3o para Franca - VerdadeOn\",\"isPartOf\":{\"@id\":\"https:\/\/verdadeon.com.br\/portal\/#website\"},\"primaryImageOfPage\":{\"@id\":\"https:\/\/verdadeon.com.br\/portal\/2021\/02\/02\/na-camara-cpfl-apresenta-projeto-de-arborizacao-para-franca\/#primaryimage\"},\"image\":{\"@id\":\"https:\/\/verdadeon.com.br\/portal\/2021\/02\/02\/na-camara-cpfl-apresenta-projeto-de-arborizacao-para-franca\/#primaryimage\"},\"thumbnailUrl\":\"https:\/\/i0.wp.com\/verdadeon.com.br\/portal\/wp-content\/uploads\/2021\/02\/WhatsApp-Image-2021-02-02-at-16.04.54-1.jpeg?fit=1000%2C670&ssl=1\",\"datePublished\":\"2021-02-02T19:30:15+00:00\",\"author\":{\"@id\":\"https:\/\/verdadeon.com.br\/portal\/#\/schema\/person\/8994718f49ee62ba5610471e29ca1f62\"},\"breadcrumb\":{\"@id\":\"https:\/\/verdadeon.com.br\/portal\/2021\/02\/02\/na-camara-cpfl-apresenta-projeto-de-arborizacao-para-franca\/#breadcrumb\"},\"inLanguage\":\"pt-BR\",\"potentialAction\":[{\"@type\":\"ReadAction\",\"target\":[\"https:\/\/verdadeon.com.br\/portal\/2021\/02\/02\/na-camara-cpfl-apresenta-projeto-de-arborizacao-para-franca\/\"]}]},{\"@type\":\"ImageObject\",\"inLanguage\":\"pt-BR\",\"@id\":\"https:\/\/verdadeon.com.br\/portal\/2021\/02\/02\/na-camara-cpfl-apresenta-projeto-de-arborizacao-para-franca\/#primaryimage\",\"url\":\"https:\/\/i0.wp.com\/verdadeon.com.br\/portal\/wp-content\/uploads\/2021\/02\/WhatsApp-Image-2021-02-02-at-16.04.54-1.jpeg?fit=1000%2C670&ssl=1\",\"contentUrl\":\"https:\/\/i0.wp.com\/verdadeon.com.br\/portal\/wp-content\/uploads\/2021\/02\/WhatsApp-Image-2021-02-02-at-16.04.54-1.jpeg?fit=1000%2C670&ssl=1\",\"width\":1000,\"height\":670,\"caption\":\"\u00a0Alexandre Garcia Alonso fez uso da Tribuna durante a sess\u00e3o da C\u00e2mara nesta ter\u00e7a-feira (2) | Foto: Divulga\u00e7\u00e3o\"},{\"@type\":\"BreadcrumbList\",\"@id\":\"https:\/\/verdadeon.com.br\/portal\/2021\/02\/02\/na-camara-cpfl-apresenta-projeto-de-arborizacao-para-franca\/#breadcrumb\",\"itemListElement\":[{\"@type\":\"ListItem\",\"position\":1,\"name\":\"In\u00edcio\",\"item\":\"https:\/\/verdadeon.com.br\/portal\/\"},{\"@type\":\"ListItem\",\"position\":2,\"name\":\"Na C\u00e2mara CPFL apresenta projeto de arboriza\u00e7\u00e3o para Franca\"}]},{\"@type\":\"WebSite\",\"@id\":\"https:\/\/verdadeon.com.br\/portal\/#website\",\"url\":\"https:\/\/verdadeon.com.br\/portal\/\",\"name\":\"VerdadeOn\",\"description\":\"Not\u00edcias di\u00e1rias sobre Franca, Regi\u00e3o, Esporte, Cultura, Cotidiano, Colunas. Cobertura nos principais eventos da cidade \u00e9 aqui - Verdadeon Franca\",\"potentialAction\":[{\"@type\":\"SearchAction\",\"target\":{\"@type\":\"EntryPoint\",\"urlTemplate\":\"https:\/\/verdadeon.com.br\/portal\/?s={search_term_string}\"},\"query-input\":{\"@type\":\"PropertyValueSpecification\",\"valueRequired\":true,\"valueName\":\"search_term_string\"}}],\"inLanguage\":\"pt-BR\"},{\"@type\":\"Person\",\"@id\":\"https:\/\/verdadeon.com.br\/portal\/#\/schema\/person\/8994718f49ee62ba5610471e29ca1f62\",\"name\":\"Fernando Calixto\",\"image\":{\"@type\":\"ImageObject\",\"inLanguage\":\"pt-BR\",\"@id\":\"https:\/\/verdadeon.com.br\/portal\/#\/schema\/person\/image\/\",\"url\":\"https:\/\/secure.gravatar.com\/avatar\/7578910c24966c0316c340f9dbd601e93ee9f9212e1033968b367af9306bd9fb?s=96&d=mm&r=g\",\"contentUrl\":\"https:\/\/secure.gravatar.com\/avatar\/7578910c24966c0316c340f9dbd601e93ee9f9212e1033968b367af9306bd9fb?s=96&d=mm&r=g\",\"caption\":\"Fernando Calixto\"},\"url\":\"https:\/\/verdadeon.com.br\/portal\/author\/fernando-calixto\/\"}]}<\/script>\n<!-- \/ Yoast SEO plugin. -->","yoast_head_json":{"title":"Na C\u00e2mara CPFL apresenta projeto de arboriza\u00e7\u00e3o para Franca - VerdadeOn","robots":{"index":"index","follow":"follow","max-snippet":"max-snippet:-1","max-image-preview":"max-image-preview:large","max-video-preview":"max-video-preview:-1"},"canonical":"https:\/\/verdadeon.com.br\/portal\/2021\/02\/02\/na-camara-cpfl-apresenta-projeto-de-arborizacao-para-franca\/","og_locale":"pt_BR","og_type":"article","og_title":"Na C\u00e2mara CPFL apresenta projeto de arboriza\u00e7\u00e3o para Franca - VerdadeOn","og_description":"O consultor de neg\u00f3cios da CPFL usou a Tribuna para falar a respeito do projeto, ele pediu ainda para estreitar rela\u00e7\u00f5es com a Casa de Leis [\u2026]","og_url":"https:\/\/verdadeon.com.br\/portal\/2021\/02\/02\/na-camara-cpfl-apresenta-projeto-de-arborizacao-para-franca\/","og_site_name":"VerdadeOn","article_published_time":"2021-02-02T19:30:15+00:00","og_image":[{"width":1000,"height":670,"url":"https:\/\/verdadeon.com.br\/portal\/wp-content\/uploads\/2021\/02\/WhatsApp-Image-2021-02-02-at-16.04.54-1.jpeg","type":"image\/jpeg"}],"author":"Fernando Calixto","twitter_card":"summary_large_image","twitter_misc":{"Escrito por":"Fernando Calixto","Est. tempo de leitura":"1 minuto"},"schema":{"@context":"https:\/\/schema.org","@graph":[{"@type":"WebPage","@id":"https:\/\/verdadeon.com.br\/portal\/2021\/02\/02\/na-camara-cpfl-apresenta-projeto-de-arborizacao-para-franca\/","url":"https:\/\/verdadeon.com.br\/portal\/2021\/02\/02\/na-camara-cpfl-apresenta-projeto-de-arborizacao-para-franca\/","name":"Na C\u00e2mara CPFL apresenta projeto de arboriza\u00e7\u00e3o para Franca - VerdadeOn","isPartOf":{"@id":"https:\/\/verdadeon.com.br\/portal\/#website"},"primaryImageOfPage":{"@id":"https:\/\/verdadeon.com.br\/portal\/2021\/02\/02\/na-camara-cpfl-apresenta-projeto-de-arborizacao-para-franca\/#primaryimage"},"image":{"@id":"https:\/\/verdadeon.com.br\/portal\/2021\/02\/02\/na-camara-cpfl-apresenta-projeto-de-arborizacao-para-franca\/#primaryimage"},"thumbnailUrl":"https:\/\/i0.wp.com\/verdadeon.com.br\/portal\/wp-content\/uploads\/2021\/02\/WhatsApp-Image-2021-02-02-at-16.04.54-1.jpeg?fit=1000%2C670&ssl=1","datePublished":"2021-02-02T19:30:15+00:00","author":{"@id":"https:\/\/verdadeon.com.br\/portal\/#\/schema\/person\/8994718f49ee62ba5610471e29ca1f62"},"breadcrumb":{"@id":"https:\/\/verdadeon.com.br\/portal\/2021\/02\/02\/na-camara-cpfl-apresenta-projeto-de-arborizacao-para-franca\/#breadcrumb"},"inLanguage":"pt-BR","potentialAction":[{"@type":"ReadAction","target":["https:\/\/verdadeon.com.br\/portal\/2021\/02\/02\/na-camara-cpfl-apresenta-projeto-de-arborizacao-para-franca\/"]}]},{"@type":"ImageObject","inLanguage":"pt-BR","@id":"https:\/\/verdadeon.com.br\/portal\/2021\/02\/02\/na-camara-cpfl-apresenta-projeto-de-arborizacao-para-franca\/#primaryimage","url":"https:\/\/i0.wp.com\/verdadeon.com.br\/portal\/wp-content\/uploads\/2021\/02\/WhatsApp-Image-2021-02-02-at-16.04.54-1.jpeg?fit=1000%2C670&ssl=1","contentUrl":"https:\/\/i0.wp.com\/verdadeon.com.br\/portal\/wp-content\/uploads\/2021\/02\/WhatsApp-Image-2021-02-02-at-16.04.54-1.jpeg?fit=1000%2C670&ssl=1","width":1000,"height":670,"caption":"\u00a0Alexandre Garcia Alonso fez uso da Tribuna durante a sess\u00e3o da C\u00e2mara nesta ter\u00e7a-feira (2) | Foto: Divulga\u00e7\u00e3o"},{"@type":"BreadcrumbList","@id":"https:\/\/verdadeon.com.br\/portal\/2021\/02\/02\/na-camara-cpfl-apresenta-projeto-de-arborizacao-para-franca\/#breadcrumb","itemListElement":[{"@type":"ListItem","position":1,"name":"In\u00edcio","item":"https:\/\/verdadeon.com.br\/portal\/"},{"@type":"ListItem","position":2,"name":"Na C\u00e2mara CPFL apresenta projeto de arboriza\u00e7\u00e3o para Franca"}]},{"@type":"WebSite","@id":"https:\/\/verdadeon.com.br\/portal\/#website","url":"https:\/\/verdadeon.com.br\/portal\/","name":"VerdadeOn","description":"Not\u00edcias di\u00e1rias sobre Franca, Regi\u00e3o, Esporte, Cultura, Cotidiano, Colunas. Cobertura nos principais eventos da cidade \u00e9 aqui - Verdadeon Franca","potentialAction":[{"@type":"SearchAction","target":{"@type":"EntryPoint","urlTemplate":"https:\/\/verdadeon.com.br\/portal\/?s={search_term_string}"},"query-input":{"@type":"PropertyValueSpecification","valueRequired":true,"valueName":"search_term_string"}}],"inLanguage":"pt-BR"},{"@type":"Person","@id":"https:\/\/verdadeon.com.br\/portal\/#\/schema\/person\/8994718f49ee62ba5610471e29ca1f62","name":"Fernando Calixto","image":{"@type":"ImageObject","inLanguage":"pt-BR","@id":"https:\/\/verdadeon.com.br\/portal\/#\/schema\/person\/image\/","url":"https:\/\/secure.gravatar.com\/avatar\/7578910c24966c0316c340f9dbd601e93ee9f9212e1033968b367af9306bd9fb?s=96&d=mm&r=g","contentUrl":"https:\/\/secure.gravatar.com\/avatar\/7578910c24966c0316c340f9dbd601e93ee9f9212e1033968b367af9306bd9fb?s=96&d=mm&r=g","caption":"Fernando Calixto"},"url":"https:\/\/verdadeon.com.br\/portal\/author\/fernando-calixto\/"}]}},"jetpack_publicize_connections":[],"jetpack_featured_media_url":"https:\/\/i0.wp.com\/verdadeon.com.br\/portal\/wp-content\/uploads\/2021\/02\/WhatsApp-Image-2021-02-02-at-16.04.54-1.jpeg?fit=1000%2C670&ssl=1","jetpack_sharing_enabled":true,"_links":{"self":[{"href":"https:\/\/verdadeon.com.br\/portal\/wp-json\/wp\/v2\/posts\/13890","targetHints":{"allow":["GET"]}}],"collection":[{"href":"https:\/\/verdadeon.com.br\/portal\/wp-json\/wp\/v2\/posts"}],"about":[{"href":"https:\/\/verdadeon.com.br\/portal\/wp-json\/wp\/v2\/types\/post"}],"author":[{"embeddable":true,"href":"https:\/\/verdadeon.com.br\/portal\/wp-json\/wp\/v2\/users\/4"}],"replies":[{"embeddable":true,"href":"https:\/\/verdadeon.com.br\/portal\/wp-json\/wp\/v2\/comments?post=13890"}],"version-history":[{"count":0,"href":"https:\/\/verdadeon.com.br\/portal\/wp-json\/wp\/v2\/posts\/13890\/revisions"}],"wp:featuredmedia":[{"embeddable":true,"href":"https:\/\/verdadeon.com.br\/portal\/wp-json\/wp\/v2\/media\/13893"}],"wp:attachment":[{"href":"https:\/\/verdadeon.com.br\/portal\/wp-json\/wp\/v2\/media?parent=13890"}],"wp:term":[{"taxonomy":"category","embeddable":true,"href":"https:\/\/verdadeon.com.br\/portal\/wp-json\/wp\/v2\/categories?post=13890"},{"taxonomy":"post_tag","embeddable":true,"href":"https:\/\/verdadeon.com.br\/portal\/wp-json\/wp\/v2\/tags?post=13890"}],"curies":[{"name":"wp","href":"https:\/\/api.w.org\/{rel}","templated":true}]}}