{"id":13849,"date":"2021-02-01T14:51:05","date_gmt":"2021-02-01T17:51:05","guid":{"rendered":"https:\/\/verdadeon.com.br\/portal\/?p=13849"},"modified":"2021-02-01T14:51:05","modified_gmt":"2021-02-01T17:51:05","slug":"franca-entra-na-segunda-semana-da-fase-vermelha-do-plano-sao-paulo","status":"publish","type":"post","link":"https:\/\/verdadeon.com.br\/portal\/2021\/02\/01\/franca-entra-na-segunda-semana-da-fase-vermelha-do-plano-sao-paulo\/","title":{"rendered":"\u00a0Franca entra na segunda semana da fase vermelha do Plano S\u00e3o Paulo\u00a0"},"content":{"rendered":"<h2>Classifica\u00e7\u00e3o do Plano segue at\u00e9 sexta-feira, quando Jo\u00e3o Doria deve anunciar mudan\u00e7as, cidade pode avan\u00e7ar para fase laranja<\/h2>\n<div>Franca entrou na sua 2\u00b0 semana na fase vermelha do Plano S\u00e3o Paulo, nesta segunda-feira (1), no ano passado a cidade permaneceu por quase 2 meses na mesma classifica\u00e7\u00e3o.<\/div>\n<div>A vermelha \u00e9 a mais restritiva do plano, nela o com\u00e9rcio considerado como n\u00e3o essencial n\u00e3o pode abrir as portas, nem mesmo no modelo de drive thru ou \u201cpegue e leve\u201d, isso de acordo com as defini\u00e7\u00f5es da prefeitura de Franca.<\/div>\n<div>Padarias, farm\u00e1cias, casas agropecu\u00e1rias, postos de gasolina, supermercados, entre outros considerados como essenciais, possuem autoriza\u00e7\u00e3o para trabalhar, por\u00e9m seguindo regras de distanciamento social, controle do movimento no interior das lojas, al\u00e9m de oferecer \u00e1lcool em gel para funcion\u00e1rios e clientes.<\/div>\n<div>Com a abertura de novos leitos para essa semana e no restante do m\u00eas de fevereiro, existe a expectativa de que Franca avance para a pr\u00f3xima fase, a laranja. Nela o com\u00e9rcio em geral pode abrir as portas, mas com apenas 40% da capacidade, al\u00e9m de seguir regras sanit\u00e1rias. Os novos leitos devem ajudar a desafogar o sistema de sa\u00fade de Franca, que h\u00e1 semanas registra taxa de ocupa\u00e7\u00e3o acima de 80%.<\/div>\n<div>Durante coletiva nesta segunda, o governador Jo\u00e3o Doria anunciou que haver\u00e1 mudan\u00e7as na classifica\u00e7\u00e3o do plano na pr\u00f3xima quarta-feira (3), a expectativa \u00e9 a de que a fase vermelha a noite (das 20h at\u00e9 \u00e0s 6h), e nos finais de semana, seja suspensa.<\/div>\n<div>Essa mudan\u00e7a n\u00e3o deve afetar a situa\u00e7\u00e3o de Franca que fica na vermelha por tempo integral. A decis\u00e3o foi tomada por conta da queda no n\u00famero de interna\u00e7\u00f5es em S\u00e3o Paulo.<\/div>\n","protected":false},"excerpt":{"rendered":"<p>Classifica\u00e7\u00e3o do Plano segue at\u00e9 sexta-feira, quando Jo\u00e3o Doria deve anunciar mudan\u00e7as, cidade pode avan\u00e7ar para fase laranja Franca entrou na sua 2\u00b0 semana na fase<span class=\"excerpt-hellip\"> [\u2026]<\/span><\/p>\n","protected":false},"author":4,"featured_media":13851,"comment_status":"open","ping_status":"open","sticky":false,"template":"","format":"standard","meta":{"_jetpack_memberships_contains_paid_content":false,"footnotes":"","jetpack_publicize_message":"","jetpack_publicize_feature_enabled":true,"jetpack_social_post_already_shared":false,"jetpack_social_options":{"image_generator_settings":{"template":"highway","default_image_id":0,"enabled":false},"version":2}},"categories":[28,81],"tags":[],"class_list":["post-13849","post","type-post","status-publish","format-standard","has-post-thumbnail","hentry","category-cotidiano","category-manchete"],"yoast_head":"<!-- This site is optimized with the Yoast SEO plugin v25.6 - https:\/\/yoast.com\/wordpress\/plugins\/seo\/ -->\n<title>\u00a0Franca entra na segunda semana da fase vermelha do Plano S\u00e3o Paulo\u00a0 - VerdadeOn<\/title>\n<meta name=\"robots\" content=\"index, follow, max-snippet:-1, max-image-preview:large, max-video-preview:-1\" \/>\n<link rel=\"canonical\" href=\"https:\/\/verdadeon.com.br\/portal\/2021\/02\/01\/franca-entra-na-segunda-semana-da-fase-vermelha-do-plano-sao-paulo\/\" \/>\n<meta property=\"og:locale\" content=\"pt_BR\" \/>\n<meta property=\"og:type\" content=\"article\" \/>\n<meta property=\"og:title\" content=\"\u00a0Franca entra na segunda semana da fase vermelha do Plano S\u00e3o Paulo\u00a0 - VerdadeOn\" \/>\n<meta property=\"og:description\" content=\"Classifica\u00e7\u00e3o do Plano segue at\u00e9 sexta-feira, quando Jo\u00e3o Doria deve anunciar mudan\u00e7as, cidade pode avan\u00e7ar para fase laranja Franca entrou na sua 2\u00b0 semana na fase [\u2026]\" \/>\n<meta property=\"og:url\" content=\"https:\/\/verdadeon.com.br\/portal\/2021\/02\/01\/franca-entra-na-segunda-semana-da-fase-vermelha-do-plano-sao-paulo\/\" \/>\n<meta property=\"og:site_name\" content=\"VerdadeOn\" \/>\n<meta property=\"article:published_time\" content=\"2021-02-01T17:51:05+00:00\" \/>\n<meta property=\"og:image\" content=\"https:\/\/verdadeon.com.br\/portal\/wp-content\/uploads\/2021\/02\/WhatsApp-Image-2021-02-01-at-14.31.01.jpeg\" \/>\n\t<meta property=\"og:image:width\" content=\"1000\" \/>\n\t<meta property=\"og:image:height\" content=\"670\" \/>\n\t<meta property=\"og:image:type\" content=\"image\/jpeg\" \/>\n<meta name=\"author\" content=\"Fernando Calixto\" \/>\n<meta name=\"twitter:card\" content=\"summary_large_image\" \/>\n<meta name=\"twitter:label1\" content=\"Escrito por\" \/>\n\t<meta name=\"twitter:data1\" content=\"Fernando Calixto\" \/>\n\t<meta name=\"twitter:label2\" content=\"Est. tempo de leitura\" \/>\n\t<meta name=\"twitter:data2\" content=\"2 minutos\" \/>\n<script type=\"application\/ld+json\" class=\"yoast-schema-graph\">{\"@context\":\"https:\/\/schema.org\",\"@graph\":[{\"@type\":\"WebPage\",\"@id\":\"https:\/\/verdadeon.com.br\/portal\/2021\/02\/01\/franca-entra-na-segunda-semana-da-fase-vermelha-do-plano-sao-paulo\/\",\"url\":\"https:\/\/verdadeon.com.br\/portal\/2021\/02\/01\/franca-entra-na-segunda-semana-da-fase-vermelha-do-plano-sao-paulo\/\",\"name\":\"\u00a0Franca entra na segunda semana da fase vermelha do Plano S\u00e3o Paulo\u00a0 - VerdadeOn\",\"isPartOf\":{\"@id\":\"https:\/\/verdadeon.com.br\/portal\/#website\"},\"primaryImageOfPage\":{\"@id\":\"https:\/\/verdadeon.com.br\/portal\/2021\/02\/01\/franca-entra-na-segunda-semana-da-fase-vermelha-do-plano-sao-paulo\/#primaryimage\"},\"image\":{\"@id\":\"https:\/\/verdadeon.com.br\/portal\/2021\/02\/01\/franca-entra-na-segunda-semana-da-fase-vermelha-do-plano-sao-paulo\/#primaryimage\"},\"thumbnailUrl\":\"https:\/\/i0.wp.com\/verdadeon.com.br\/portal\/wp-content\/uploads\/2021\/02\/WhatsApp-Image-2021-02-01-at-14.31.01.jpeg?fit=1000%2C670&ssl=1\",\"datePublished\":\"2021-02-01T17:51:05+00:00\",\"author\":{\"@id\":\"https:\/\/verdadeon.com.br\/portal\/#\/schema\/person\/8994718f49ee62ba5610471e29ca1f62\"},\"breadcrumb\":{\"@id\":\"https:\/\/verdadeon.com.br\/portal\/2021\/02\/01\/franca-entra-na-segunda-semana-da-fase-vermelha-do-plano-sao-paulo\/#breadcrumb\"},\"inLanguage\":\"pt-BR\",\"potentialAction\":[{\"@type\":\"ReadAction\",\"target\":[\"https:\/\/verdadeon.com.br\/portal\/2021\/02\/01\/franca-entra-na-segunda-semana-da-fase-vermelha-do-plano-sao-paulo\/\"]}]},{\"@type\":\"ImageObject\",\"inLanguage\":\"pt-BR\",\"@id\":\"https:\/\/verdadeon.com.br\/portal\/2021\/02\/01\/franca-entra-na-segunda-semana-da-fase-vermelha-do-plano-sao-paulo\/#primaryimage\",\"url\":\"https:\/\/i0.wp.com\/verdadeon.com.br\/portal\/wp-content\/uploads\/2021\/02\/WhatsApp-Image-2021-02-01-at-14.31.01.jpeg?fit=1000%2C670&ssl=1\",\"contentUrl\":\"https:\/\/i0.wp.com\/verdadeon.com.br\/portal\/wp-content\/uploads\/2021\/02\/WhatsApp-Image-2021-02-01-at-14.31.01.jpeg?fit=1000%2C670&ssl=1\",\"width\":1000,\"height\":670,\"caption\":\"Franca est\u00e1 na fase vermelha desde o dia 25 de janeiro |Foto: Reprodu\u00e7\u00e3o\u00a0\"},{\"@type\":\"BreadcrumbList\",\"@id\":\"https:\/\/verdadeon.com.br\/portal\/2021\/02\/01\/franca-entra-na-segunda-semana-da-fase-vermelha-do-plano-sao-paulo\/#breadcrumb\",\"itemListElement\":[{\"@type\":\"ListItem\",\"position\":1,\"name\":\"In\u00edcio\",\"item\":\"https:\/\/verdadeon.com.br\/portal\/\"},{\"@type\":\"ListItem\",\"position\":2,\"name\":\"\u00a0Franca entra na segunda semana da fase vermelha do Plano S\u00e3o Paulo\u00a0\"}]},{\"@type\":\"WebSite\",\"@id\":\"https:\/\/verdadeon.com.br\/portal\/#website\",\"url\":\"https:\/\/verdadeon.com.br\/portal\/\",\"name\":\"VerdadeOn\",\"description\":\"Not\u00edcias di\u00e1rias sobre Franca, Regi\u00e3o, Esporte, Cultura, Cotidiano, Colunas. Cobertura nos principais eventos da cidade \u00e9 aqui - Verdadeon Franca\",\"potentialAction\":[{\"@type\":\"SearchAction\",\"target\":{\"@type\":\"EntryPoint\",\"urlTemplate\":\"https:\/\/verdadeon.com.br\/portal\/?s={search_term_string}\"},\"query-input\":{\"@type\":\"PropertyValueSpecification\",\"valueRequired\":true,\"valueName\":\"search_term_string\"}}],\"inLanguage\":\"pt-BR\"},{\"@type\":\"Person\",\"@id\":\"https:\/\/verdadeon.com.br\/portal\/#\/schema\/person\/8994718f49ee62ba5610471e29ca1f62\",\"name\":\"Fernando Calixto\",\"image\":{\"@type\":\"ImageObject\",\"inLanguage\":\"pt-BR\",\"@id\":\"https:\/\/verdadeon.com.br\/portal\/#\/schema\/person\/image\/\",\"url\":\"https:\/\/secure.gravatar.com\/avatar\/7578910c24966c0316c340f9dbd601e93ee9f9212e1033968b367af9306bd9fb?s=96&d=mm&r=g\",\"contentUrl\":\"https:\/\/secure.gravatar.com\/avatar\/7578910c24966c0316c340f9dbd601e93ee9f9212e1033968b367af9306bd9fb?s=96&d=mm&r=g\",\"caption\":\"Fernando Calixto\"},\"url\":\"https:\/\/verdadeon.com.br\/portal\/author\/fernando-calixto\/\"}]}<\/script>\n<!-- \/ Yoast SEO plugin. -->","yoast_head_json":{"title":"\u00a0Franca entra na segunda semana da fase vermelha do Plano S\u00e3o Paulo\u00a0 - VerdadeOn","robots":{"index":"index","follow":"follow","max-snippet":"max-snippet:-1","max-image-preview":"max-image-preview:large","max-video-preview":"max-video-preview:-1"},"canonical":"https:\/\/verdadeon.com.br\/portal\/2021\/02\/01\/franca-entra-na-segunda-semana-da-fase-vermelha-do-plano-sao-paulo\/","og_locale":"pt_BR","og_type":"article","og_title":"\u00a0Franca entra na segunda semana da fase vermelha do Plano S\u00e3o Paulo\u00a0 - VerdadeOn","og_description":"Classifica\u00e7\u00e3o do Plano segue at\u00e9 sexta-feira, quando Jo\u00e3o Doria deve anunciar mudan\u00e7as, cidade pode avan\u00e7ar para fase laranja Franca entrou na sua 2\u00b0 semana na fase [\u2026]","og_url":"https:\/\/verdadeon.com.br\/portal\/2021\/02\/01\/franca-entra-na-segunda-semana-da-fase-vermelha-do-plano-sao-paulo\/","og_site_name":"VerdadeOn","article_published_time":"2021-02-01T17:51:05+00:00","og_image":[{"width":1000,"height":670,"url":"https:\/\/verdadeon.com.br\/portal\/wp-content\/uploads\/2021\/02\/WhatsApp-Image-2021-02-01-at-14.31.01.jpeg","type":"image\/jpeg"}],"author":"Fernando Calixto","twitter_card":"summary_large_image","twitter_misc":{"Escrito por":"Fernando Calixto","Est. tempo de leitura":"2 minutos"},"schema":{"@context":"https:\/\/schema.org","@graph":[{"@type":"WebPage","@id":"https:\/\/verdadeon.com.br\/portal\/2021\/02\/01\/franca-entra-na-segunda-semana-da-fase-vermelha-do-plano-sao-paulo\/","url":"https:\/\/verdadeon.com.br\/portal\/2021\/02\/01\/franca-entra-na-segunda-semana-da-fase-vermelha-do-plano-sao-paulo\/","name":"\u00a0Franca entra na segunda semana da fase vermelha do Plano S\u00e3o Paulo\u00a0 - VerdadeOn","isPartOf":{"@id":"https:\/\/verdadeon.com.br\/portal\/#website"},"primaryImageOfPage":{"@id":"https:\/\/verdadeon.com.br\/portal\/2021\/02\/01\/franca-entra-na-segunda-semana-da-fase-vermelha-do-plano-sao-paulo\/#primaryimage"},"image":{"@id":"https:\/\/verdadeon.com.br\/portal\/2021\/02\/01\/franca-entra-na-segunda-semana-da-fase-vermelha-do-plano-sao-paulo\/#primaryimage"},"thumbnailUrl":"https:\/\/i0.wp.com\/verdadeon.com.br\/portal\/wp-content\/uploads\/2021\/02\/WhatsApp-Image-2021-02-01-at-14.31.01.jpeg?fit=1000%2C670&ssl=1","datePublished":"2021-02-01T17:51:05+00:00","author":{"@id":"https:\/\/verdadeon.com.br\/portal\/#\/schema\/person\/8994718f49ee62ba5610471e29ca1f62"},"breadcrumb":{"@id":"https:\/\/verdadeon.com.br\/portal\/2021\/02\/01\/franca-entra-na-segunda-semana-da-fase-vermelha-do-plano-sao-paulo\/#breadcrumb"},"inLanguage":"pt-BR","potentialAction":[{"@type":"ReadAction","target":["https:\/\/verdadeon.com.br\/portal\/2021\/02\/01\/franca-entra-na-segunda-semana-da-fase-vermelha-do-plano-sao-paulo\/"]}]},{"@type":"ImageObject","inLanguage":"pt-BR","@id":"https:\/\/verdadeon.com.br\/portal\/2021\/02\/01\/franca-entra-na-segunda-semana-da-fase-vermelha-do-plano-sao-paulo\/#primaryimage","url":"https:\/\/i0.wp.com\/verdadeon.com.br\/portal\/wp-content\/uploads\/2021\/02\/WhatsApp-Image-2021-02-01-at-14.31.01.jpeg?fit=1000%2C670&ssl=1","contentUrl":"https:\/\/i0.wp.com\/verdadeon.com.br\/portal\/wp-content\/uploads\/2021\/02\/WhatsApp-Image-2021-02-01-at-14.31.01.jpeg?fit=1000%2C670&ssl=1","width":1000,"height":670,"caption":"Franca est\u00e1 na fase vermelha desde o dia 25 de janeiro |Foto: Reprodu\u00e7\u00e3o\u00a0"},{"@type":"BreadcrumbList","@id":"https:\/\/verdadeon.com.br\/portal\/2021\/02\/01\/franca-entra-na-segunda-semana-da-fase-vermelha-do-plano-sao-paulo\/#breadcrumb","itemListElement":[{"@type":"ListItem","position":1,"name":"In\u00edcio","item":"https:\/\/verdadeon.com.br\/portal\/"},{"@type":"ListItem","position":2,"name":"\u00a0Franca entra na segunda semana da fase vermelha do Plano S\u00e3o Paulo\u00a0"}]},{"@type":"WebSite","@id":"https:\/\/verdadeon.com.br\/portal\/#website","url":"https:\/\/verdadeon.com.br\/portal\/","name":"VerdadeOn","description":"Not\u00edcias di\u00e1rias sobre Franca, Regi\u00e3o, Esporte, Cultura, Cotidiano, Colunas. Cobertura nos principais eventos da cidade \u00e9 aqui - Verdadeon Franca","potentialAction":[{"@type":"SearchAction","target":{"@type":"EntryPoint","urlTemplate":"https:\/\/verdadeon.com.br\/portal\/?s={search_term_string}"},"query-input":{"@type":"PropertyValueSpecification","valueRequired":true,"valueName":"search_term_string"}}],"inLanguage":"pt-BR"},{"@type":"Person","@id":"https:\/\/verdadeon.com.br\/portal\/#\/schema\/person\/8994718f49ee62ba5610471e29ca1f62","name":"Fernando Calixto","image":{"@type":"ImageObject","inLanguage":"pt-BR","@id":"https:\/\/verdadeon.com.br\/portal\/#\/schema\/person\/image\/","url":"https:\/\/secure.gravatar.com\/avatar\/7578910c24966c0316c340f9dbd601e93ee9f9212e1033968b367af9306bd9fb?s=96&d=mm&r=g","contentUrl":"https:\/\/secure.gravatar.com\/avatar\/7578910c24966c0316c340f9dbd601e93ee9f9212e1033968b367af9306bd9fb?s=96&d=mm&r=g","caption":"Fernando Calixto"},"url":"https:\/\/verdadeon.com.br\/portal\/author\/fernando-calixto\/"}]}},"jetpack_publicize_connections":[],"jetpack_featured_media_url":"https:\/\/i0.wp.com\/verdadeon.com.br\/portal\/wp-content\/uploads\/2021\/02\/WhatsApp-Image-2021-02-01-at-14.31.01.jpeg?fit=1000%2C670&ssl=1","jetpack_sharing_enabled":true,"_links":{"self":[{"href":"https:\/\/verdadeon.com.br\/portal\/wp-json\/wp\/v2\/posts\/13849","targetHints":{"allow":["GET"]}}],"collection":[{"href":"https:\/\/verdadeon.com.br\/portal\/wp-json\/wp\/v2\/posts"}],"about":[{"href":"https:\/\/verdadeon.com.br\/portal\/wp-json\/wp\/v2\/types\/post"}],"author":[{"embeddable":true,"href":"https:\/\/verdadeon.com.br\/portal\/wp-json\/wp\/v2\/users\/4"}],"replies":[{"embeddable":true,"href":"https:\/\/verdadeon.com.br\/portal\/wp-json\/wp\/v2\/comments?post=13849"}],"version-history":[{"count":0,"href":"https:\/\/verdadeon.com.br\/portal\/wp-json\/wp\/v2\/posts\/13849\/revisions"}],"wp:featuredmedia":[{"embeddable":true,"href":"https:\/\/verdadeon.com.br\/portal\/wp-json\/wp\/v2\/media\/13851"}],"wp:attachment":[{"href":"https:\/\/verdadeon.com.br\/portal\/wp-json\/wp\/v2\/media?parent=13849"}],"wp:term":[{"taxonomy":"category","embeddable":true,"href":"https:\/\/verdadeon.com.br\/portal\/wp-json\/wp\/v2\/categories?post=13849"},{"taxonomy":"post_tag","embeddable":true,"href":"https:\/\/verdadeon.com.br\/portal\/wp-json\/wp\/v2\/tags?post=13849"}],"curies":[{"name":"wp","href":"https:\/\/api.w.org\/{rel}","templated":true}]}}