{"id":13816,"date":"2021-01-30T08:00:46","date_gmt":"2021-01-30T11:00:46","guid":{"rendered":"https:\/\/verdadeon.com.br\/portal\/?p=13816"},"modified":"2021-01-30T12:19:38","modified_gmt":"2021-01-30T15:19:38","slug":"primeira-edicao-do-enem-digital-sera-aplica-neste-domingo","status":"publish","type":"post","link":"https:\/\/verdadeon.com.br\/portal\/2021\/01\/30\/primeira-edicao-do-enem-digital-sera-aplica-neste-domingo\/","title":{"rendered":"Primeira edi\u00e7\u00e3o do Enem digital ser\u00e1 aplica neste domingo"},"content":{"rendered":"<h2>Ao todo est\u00e3o inscritos 93 mil estudantes em 104 cidade. Neste primeiro dia de aplica\u00e7\u00e3o, os participantes far\u00e3o as provas de linguagens, ci\u00eancias humanas e reda\u00e7\u00e3o<\/h2>\n<p>A primeira edi\u00e7\u00e3o do Exame Nacional do Ensino M\u00e9dio (Enem) digital come\u00e7a neste domingo (31). O exame ser\u00e1 aplicado de forma piloto para um n\u00famero reduzido de participantes, mas j\u00e1 poder\u00e1 ser usado para concorrer a vagas no ensino superior. Ao todo, est\u00e3o inscritos 93 mil estudantes em 104 cidades. Embora seja feito pelo computador, os candidatos dever\u00e3o ir at\u00e9 os locais de prova e, assim como no Enem impresso, levar caneta esferogr\u00e1fica de cor preta.<br \/>\nNeste primeiro dia de aplica\u00e7\u00e3o, os participantes far\u00e3o as provas de linguagens, ci\u00eancias humanas e reda\u00e7\u00e3o. No segundo dia, que ser\u00e1 no dia 7 de fevereiro, os candidatos far\u00e3o as quest\u00f5es de matem\u00e1tica e ci\u00eancias da natureza. O n\u00famero de quest\u00f5es objetivas (90 por dia), o tempo para fazer as provas e os hor\u00e1rios de aplica\u00e7\u00e3o ser\u00e3o os mesmos do Enem impresso: cinco horas e meia no primeiro dia e cinco horas no segundo. Os port\u00f5es abrem \u00e0s 11h30 e fecham \u00e0s 13h (hor\u00e1rio de Bras\u00edlia).<br \/>\nA diferen\u00e7a \u00e9 que a prova ser\u00e1 feita pelo computador. As quest\u00f5es objetivas ser\u00e3o todas marcadas na tela, e os participantes n\u00e3o precisar\u00e3o preencher o cart\u00e3o-resposta \u00e0 m\u00e3o. A reda\u00e7\u00e3o, no entanto, ser\u00e1 escrita \u00e0 m\u00e3o, por isso a caneta esferogr\u00e1fica de tinta preta, fabricada em material transparente, \u00e9 obrigat\u00f3ria. O tema e os textos motivadores estar\u00e3o na tela. A corre\u00e7\u00e3o tamb\u00e9m ser\u00e1 feita da mesma forma que o Enem impresso.<br \/>\nNo segundo dia de exame, a caneta tamb\u00e9m poder\u00e1 ser usada. Os participantes receber\u00e3o uma folha de rascunho para fazer os c\u00e1lculos das provas de exatas \u00e0 m\u00e3o, caso desejem.<\/p>\n<p>O que levar<br \/>\nA lista do que pode ou n\u00e3o tamb\u00e9m \u00e9 semelhante ao Enem impresso. Por conta da pandemia do novo coronav\u00edrus, o Enem ter\u00e1 regras especiais de biosseguran\u00e7a. Este ano, al\u00e9m do documento oficial de identifica\u00e7\u00e3o com foto e da caneta esferogr\u00e1fica de tinta preta, em material transparente, itens obrigat\u00f3rios tamb\u00e9m nos exames anteriores, a m\u00e1scara de prote\u00e7\u00e3o facial passa a integrar essa lista.<br \/>\n\u00c9 recomendado que os participantes levem m\u00e1scaras extras para trocar durante a prova. Haver\u00e1 nos locais de prova \u00e1lcool em gel para que os estudantes higienizam as m\u00e3os, mas \u00e9 permitido que os participantes levem seu pr\u00f3prio produto caso desejem.<br \/>\nOs participantes podem levar tamb\u00e9m a pr\u00f3pria \u00e1gua e\/ou bebidas n\u00e3o alco\u00f3licas e lanche. Al\u00e9m disso, caso necessitem comprovar que participaram do exame, os estudantes podem imprimir, na P\u00e1gina do Participante, a Declara\u00e7\u00e3o de Comparecimento para cada dia de prova, informando o CPF e a senha.<br \/>\nA declara\u00e7\u00e3o deve ser apresentada ao aplicador na porta da sala em cada um dos dias. Ela serve, por exemplo, para justificar a falta ao trabalho.<br \/>\n\u00c9 importante lembrar que participantes que estiverem com sintomas de covid-19 ou de outra doen\u00e7a infectocontagiosa n\u00e3o devem comparecer ao exame. A medida \u00e9 necess\u00e1ria para que o v\u00edrus n\u00e3o se espalhe e mais pessoas sejam contaminadas. Nesses casos, os candidatos poder\u00e3o fazer a prova na data da reaplica\u00e7\u00e3o, nos dias 23 e 24 de fevereiro. Para isso, poder\u00e3o fazer o pedido pela P\u00e1gina do Participante. A data para que isso seja feito ainda ser\u00e1 divulgada pelo Instituto Nacional de Estudos e Pesquisas Educacionais An\u00edsio Teixeira (Inep).<\/p>\n<p>Enem 2020<br \/>\nO Inep vai divulgar os cadernos de provas do Enem digital logo ap\u00f3s o fim das aplica\u00e7\u00f5es, no dia 31 e no dia 7 de fevereiro. Eles estar\u00e3o dispon\u00edveis no site do Inep. Ao contr\u00e1rio do Enem impresso, j\u00e1 que a prova ser\u00e1 no computador, os participantes n\u00e3o poder\u00e3o levar os cadernos de prova. Os candidatos podem, no entanto, anotar as respostas na folha de rascunho. Os gabaritos oficiais ser\u00e3o divulgados at\u00e9 10 de fevereiro.<br \/>\nO Enem 2020 tem uma vers\u00e3o impressa, que foi aplicada nos dias 17 e 24 de janeiro, e uma vers\u00e3o digital. Cerca de 2,5 milh\u00f5es de estudantes fizeram as provas do Enem impresso, o que corresponde a menos da metade dos inscritos. A aplica\u00e7\u00e3o piloto do Enem digital dever\u00e1 ser o in\u00edcio de mudan\u00e7as no exame nacional. A inten\u00e7\u00e3o \u00e9 que o exame seja totalmente digital at\u00e9 2026.<br \/>\nO exame, tanto o impresso quanto o digital, foi suspenso no estado do Amazonas e o impresso foi suspenso em Rolim de Moura (RO) e em Espig\u00e3o D&#8217;Oeste (RO) devido aos impactos da pandemia nessas localidades. Esses estudantes poder\u00e3o fazer as provas tamb\u00e9m na data de reaplica\u00e7\u00e3o. Segundo o Minist\u00e9rio da Educa\u00e7\u00e3o, foram cerca de 20 a\u00e7\u00f5es judiciais, em todo o pa\u00eds, contr\u00e1rias \u00e0 realiza\u00e7\u00e3o do exame.<\/p>\n<p>Fonte: Ag\u00eancia Brasil<\/p>\n","protected":false},"excerpt":{"rendered":"<p>Ao todo est\u00e3o inscritos 93 mil estudantes em 104 cidade. Neste primeiro dia de aplica\u00e7\u00e3o, os participantes far\u00e3o as provas de linguagens, ci\u00eancias humanas e reda\u00e7\u00e3o<span class=\"excerpt-hellip\"> [\u2026]<\/span><\/p>\n","protected":false},"author":4,"featured_media":13809,"comment_status":"open","ping_status":"open","sticky":false,"template":"","format":"standard","meta":{"_jetpack_memberships_contains_paid_content":false,"footnotes":"","jetpack_publicize_message":"","jetpack_publicize_feature_enabled":true,"jetpack_social_post_already_shared":false,"jetpack_social_options":{"image_generator_settings":{"template":"highway","default_image_id":0,"enabled":false},"version":2}},"categories":[28,44],"tags":[],"class_list":["post-13816","post","type-post","status-publish","format-standard","has-post-thumbnail","hentry","category-cotidiano","category-noticias"],"yoast_head":"<!-- This site is optimized with the Yoast SEO plugin v25.6 - https:\/\/yoast.com\/wordpress\/plugins\/seo\/ -->\n<title>Primeira edi\u00e7\u00e3o do Enem digital ser\u00e1 aplica neste domingo - VerdadeOn<\/title>\n<meta name=\"robots\" content=\"index, follow, max-snippet:-1, max-image-preview:large, max-video-preview:-1\" \/>\n<link rel=\"canonical\" href=\"https:\/\/verdadeon.com.br\/portal\/2021\/01\/30\/primeira-edicao-do-enem-digital-sera-aplica-neste-domingo\/\" \/>\n<meta property=\"og:locale\" content=\"pt_BR\" \/>\n<meta property=\"og:type\" content=\"article\" \/>\n<meta property=\"og:title\" content=\"Primeira edi\u00e7\u00e3o do Enem digital ser\u00e1 aplica neste domingo - VerdadeOn\" \/>\n<meta property=\"og:description\" content=\"Ao todo est\u00e3o inscritos 93 mil estudantes em 104 cidade. Neste primeiro dia de aplica\u00e7\u00e3o, os participantes far\u00e3o as provas de linguagens, ci\u00eancias humanas e reda\u00e7\u00e3o [\u2026]\" \/>\n<meta property=\"og:url\" content=\"https:\/\/verdadeon.com.br\/portal\/2021\/01\/30\/primeira-edicao-do-enem-digital-sera-aplica-neste-domingo\/\" \/>\n<meta property=\"og:site_name\" content=\"VerdadeOn\" \/>\n<meta property=\"article:published_time\" content=\"2021-01-30T11:00:46+00:00\" \/>\n<meta property=\"article:modified_time\" content=\"2021-01-30T15:19:38+00:00\" \/>\n<meta property=\"og:image\" content=\"https:\/\/verdadeon.com.br\/portal\/wp-content\/uploads\/2021\/01\/WhatsApp-Image-2021-01-30-at-10.28.34.jpeg\" \/>\n\t<meta property=\"og:image:width\" content=\"1000\" \/>\n\t<meta property=\"og:image:height\" content=\"670\" \/>\n\t<meta property=\"og:image:type\" content=\"image\/jpeg\" \/>\n<meta name=\"author\" content=\"Fernando Calixto\" \/>\n<meta name=\"twitter:card\" content=\"summary_large_image\" \/>\n<meta name=\"twitter:label1\" content=\"Escrito por\" \/>\n\t<meta name=\"twitter:data1\" content=\"Fernando Calixto\" \/>\n\t<meta name=\"twitter:label2\" content=\"Est. tempo de leitura\" \/>\n\t<meta name=\"twitter:data2\" content=\"4 minutos\" \/>\n<script type=\"application\/ld+json\" class=\"yoast-schema-graph\">{\"@context\":\"https:\/\/schema.org\",\"@graph\":[{\"@type\":\"WebPage\",\"@id\":\"https:\/\/verdadeon.com.br\/portal\/2021\/01\/30\/primeira-edicao-do-enem-digital-sera-aplica-neste-domingo\/\",\"url\":\"https:\/\/verdadeon.com.br\/portal\/2021\/01\/30\/primeira-edicao-do-enem-digital-sera-aplica-neste-domingo\/\",\"name\":\"Primeira edi\u00e7\u00e3o do Enem digital ser\u00e1 aplica neste domingo - VerdadeOn\",\"isPartOf\":{\"@id\":\"https:\/\/verdadeon.com.br\/portal\/#website\"},\"primaryImageOfPage\":{\"@id\":\"https:\/\/verdadeon.com.br\/portal\/2021\/01\/30\/primeira-edicao-do-enem-digital-sera-aplica-neste-domingo\/#primaryimage\"},\"image\":{\"@id\":\"https:\/\/verdadeon.com.br\/portal\/2021\/01\/30\/primeira-edicao-do-enem-digital-sera-aplica-neste-domingo\/#primaryimage\"},\"thumbnailUrl\":\"https:\/\/i0.wp.com\/verdadeon.com.br\/portal\/wp-content\/uploads\/2021\/01\/WhatsApp-Image-2021-01-30-at-10.28.34.jpeg?fit=1000%2C670&ssl=1\",\"datePublished\":\"2021-01-30T11:00:46+00:00\",\"dateModified\":\"2021-01-30T15:19:38+00:00\",\"author\":{\"@id\":\"https:\/\/verdadeon.com.br\/portal\/#\/schema\/person\/8994718f49ee62ba5610471e29ca1f62\"},\"breadcrumb\":{\"@id\":\"https:\/\/verdadeon.com.br\/portal\/2021\/01\/30\/primeira-edicao-do-enem-digital-sera-aplica-neste-domingo\/#breadcrumb\"},\"inLanguage\":\"pt-BR\",\"potentialAction\":[{\"@type\":\"ReadAction\",\"target\":[\"https:\/\/verdadeon.com.br\/portal\/2021\/01\/30\/primeira-edicao-do-enem-digital-sera-aplica-neste-domingo\/\"]}]},{\"@type\":\"ImageObject\",\"inLanguage\":\"pt-BR\",\"@id\":\"https:\/\/verdadeon.com.br\/portal\/2021\/01\/30\/primeira-edicao-do-enem-digital-sera-aplica-neste-domingo\/#primaryimage\",\"url\":\"https:\/\/i0.wp.com\/verdadeon.com.br\/portal\/wp-content\/uploads\/2021\/01\/WhatsApp-Image-2021-01-30-at-10.28.34.jpeg?fit=1000%2C670&ssl=1\",\"contentUrl\":\"https:\/\/i0.wp.com\/verdadeon.com.br\/portal\/wp-content\/uploads\/2021\/01\/WhatsApp-Image-2021-01-30-at-10.28.34.jpeg?fit=1000%2C670&ssl=1\",\"width\":1000,\"height\":670,\"caption\":\"As quest\u00f5es objetivas ser\u00e3o todas marcadas na tela, e os participantes n\u00e3o precisar\u00e3o preencher o cart\u00e3o-resposta \u00e0 m\u00e3o | Foto: Ag\u00eancia Brasil\"},{\"@type\":\"BreadcrumbList\",\"@id\":\"https:\/\/verdadeon.com.br\/portal\/2021\/01\/30\/primeira-edicao-do-enem-digital-sera-aplica-neste-domingo\/#breadcrumb\",\"itemListElement\":[{\"@type\":\"ListItem\",\"position\":1,\"name\":\"In\u00edcio\",\"item\":\"https:\/\/verdadeon.com.br\/portal\/\"},{\"@type\":\"ListItem\",\"position\":2,\"name\":\"Primeira edi\u00e7\u00e3o do Enem digital ser\u00e1 aplica neste domingo\"}]},{\"@type\":\"WebSite\",\"@id\":\"https:\/\/verdadeon.com.br\/portal\/#website\",\"url\":\"https:\/\/verdadeon.com.br\/portal\/\",\"name\":\"VerdadeOn\",\"description\":\"Not\u00edcias di\u00e1rias sobre Franca, Regi\u00e3o, Esporte, Cultura, Cotidiano, Colunas. Cobertura nos principais eventos da cidade \u00e9 aqui - Verdadeon Franca\",\"potentialAction\":[{\"@type\":\"SearchAction\",\"target\":{\"@type\":\"EntryPoint\",\"urlTemplate\":\"https:\/\/verdadeon.com.br\/portal\/?s={search_term_string}\"},\"query-input\":{\"@type\":\"PropertyValueSpecification\",\"valueRequired\":true,\"valueName\":\"search_term_string\"}}],\"inLanguage\":\"pt-BR\"},{\"@type\":\"Person\",\"@id\":\"https:\/\/verdadeon.com.br\/portal\/#\/schema\/person\/8994718f49ee62ba5610471e29ca1f62\",\"name\":\"Fernando Calixto\",\"image\":{\"@type\":\"ImageObject\",\"inLanguage\":\"pt-BR\",\"@id\":\"https:\/\/verdadeon.com.br\/portal\/#\/schema\/person\/image\/\",\"url\":\"https:\/\/secure.gravatar.com\/avatar\/7578910c24966c0316c340f9dbd601e93ee9f9212e1033968b367af9306bd9fb?s=96&d=mm&r=g\",\"contentUrl\":\"https:\/\/secure.gravatar.com\/avatar\/7578910c24966c0316c340f9dbd601e93ee9f9212e1033968b367af9306bd9fb?s=96&d=mm&r=g\",\"caption\":\"Fernando Calixto\"},\"url\":\"https:\/\/verdadeon.com.br\/portal\/author\/fernando-calixto\/\"}]}<\/script>\n<!-- \/ Yoast SEO plugin. -->","yoast_head_json":{"title":"Primeira edi\u00e7\u00e3o do Enem digital ser\u00e1 aplica neste domingo - VerdadeOn","robots":{"index":"index","follow":"follow","max-snippet":"max-snippet:-1","max-image-preview":"max-image-preview:large","max-video-preview":"max-video-preview:-1"},"canonical":"https:\/\/verdadeon.com.br\/portal\/2021\/01\/30\/primeira-edicao-do-enem-digital-sera-aplica-neste-domingo\/","og_locale":"pt_BR","og_type":"article","og_title":"Primeira edi\u00e7\u00e3o do Enem digital ser\u00e1 aplica neste domingo - VerdadeOn","og_description":"Ao todo est\u00e3o inscritos 93 mil estudantes em 104 cidade. Neste primeiro dia de aplica\u00e7\u00e3o, os participantes far\u00e3o as provas de linguagens, ci\u00eancias humanas e reda\u00e7\u00e3o [\u2026]","og_url":"https:\/\/verdadeon.com.br\/portal\/2021\/01\/30\/primeira-edicao-do-enem-digital-sera-aplica-neste-domingo\/","og_site_name":"VerdadeOn","article_published_time":"2021-01-30T11:00:46+00:00","article_modified_time":"2021-01-30T15:19:38+00:00","og_image":[{"width":1000,"height":670,"url":"https:\/\/verdadeon.com.br\/portal\/wp-content\/uploads\/2021\/01\/WhatsApp-Image-2021-01-30-at-10.28.34.jpeg","type":"image\/jpeg"}],"author":"Fernando Calixto","twitter_card":"summary_large_image","twitter_misc":{"Escrito por":"Fernando Calixto","Est. tempo de leitura":"4 minutos"},"schema":{"@context":"https:\/\/schema.org","@graph":[{"@type":"WebPage","@id":"https:\/\/verdadeon.com.br\/portal\/2021\/01\/30\/primeira-edicao-do-enem-digital-sera-aplica-neste-domingo\/","url":"https:\/\/verdadeon.com.br\/portal\/2021\/01\/30\/primeira-edicao-do-enem-digital-sera-aplica-neste-domingo\/","name":"Primeira edi\u00e7\u00e3o do Enem digital ser\u00e1 aplica neste domingo - VerdadeOn","isPartOf":{"@id":"https:\/\/verdadeon.com.br\/portal\/#website"},"primaryImageOfPage":{"@id":"https:\/\/verdadeon.com.br\/portal\/2021\/01\/30\/primeira-edicao-do-enem-digital-sera-aplica-neste-domingo\/#primaryimage"},"image":{"@id":"https:\/\/verdadeon.com.br\/portal\/2021\/01\/30\/primeira-edicao-do-enem-digital-sera-aplica-neste-domingo\/#primaryimage"},"thumbnailUrl":"https:\/\/i0.wp.com\/verdadeon.com.br\/portal\/wp-content\/uploads\/2021\/01\/WhatsApp-Image-2021-01-30-at-10.28.34.jpeg?fit=1000%2C670&ssl=1","datePublished":"2021-01-30T11:00:46+00:00","dateModified":"2021-01-30T15:19:38+00:00","author":{"@id":"https:\/\/verdadeon.com.br\/portal\/#\/schema\/person\/8994718f49ee62ba5610471e29ca1f62"},"breadcrumb":{"@id":"https:\/\/verdadeon.com.br\/portal\/2021\/01\/30\/primeira-edicao-do-enem-digital-sera-aplica-neste-domingo\/#breadcrumb"},"inLanguage":"pt-BR","potentialAction":[{"@type":"ReadAction","target":["https:\/\/verdadeon.com.br\/portal\/2021\/01\/30\/primeira-edicao-do-enem-digital-sera-aplica-neste-domingo\/"]}]},{"@type":"ImageObject","inLanguage":"pt-BR","@id":"https:\/\/verdadeon.com.br\/portal\/2021\/01\/30\/primeira-edicao-do-enem-digital-sera-aplica-neste-domingo\/#primaryimage","url":"https:\/\/i0.wp.com\/verdadeon.com.br\/portal\/wp-content\/uploads\/2021\/01\/WhatsApp-Image-2021-01-30-at-10.28.34.jpeg?fit=1000%2C670&ssl=1","contentUrl":"https:\/\/i0.wp.com\/verdadeon.com.br\/portal\/wp-content\/uploads\/2021\/01\/WhatsApp-Image-2021-01-30-at-10.28.34.jpeg?fit=1000%2C670&ssl=1","width":1000,"height":670,"caption":"As quest\u00f5es objetivas ser\u00e3o todas marcadas na tela, e os participantes n\u00e3o precisar\u00e3o preencher o cart\u00e3o-resposta \u00e0 m\u00e3o | Foto: Ag\u00eancia Brasil"},{"@type":"BreadcrumbList","@id":"https:\/\/verdadeon.com.br\/portal\/2021\/01\/30\/primeira-edicao-do-enem-digital-sera-aplica-neste-domingo\/#breadcrumb","itemListElement":[{"@type":"ListItem","position":1,"name":"In\u00edcio","item":"https:\/\/verdadeon.com.br\/portal\/"},{"@type":"ListItem","position":2,"name":"Primeira edi\u00e7\u00e3o do Enem digital ser\u00e1 aplica neste domingo"}]},{"@type":"WebSite","@id":"https:\/\/verdadeon.com.br\/portal\/#website","url":"https:\/\/verdadeon.com.br\/portal\/","name":"VerdadeOn","description":"Not\u00edcias di\u00e1rias sobre Franca, Regi\u00e3o, Esporte, Cultura, Cotidiano, Colunas. Cobertura nos principais eventos da cidade \u00e9 aqui - Verdadeon Franca","potentialAction":[{"@type":"SearchAction","target":{"@type":"EntryPoint","urlTemplate":"https:\/\/verdadeon.com.br\/portal\/?s={search_term_string}"},"query-input":{"@type":"PropertyValueSpecification","valueRequired":true,"valueName":"search_term_string"}}],"inLanguage":"pt-BR"},{"@type":"Person","@id":"https:\/\/verdadeon.com.br\/portal\/#\/schema\/person\/8994718f49ee62ba5610471e29ca1f62","name":"Fernando Calixto","image":{"@type":"ImageObject","inLanguage":"pt-BR","@id":"https:\/\/verdadeon.com.br\/portal\/#\/schema\/person\/image\/","url":"https:\/\/secure.gravatar.com\/avatar\/7578910c24966c0316c340f9dbd601e93ee9f9212e1033968b367af9306bd9fb?s=96&d=mm&r=g","contentUrl":"https:\/\/secure.gravatar.com\/avatar\/7578910c24966c0316c340f9dbd601e93ee9f9212e1033968b367af9306bd9fb?s=96&d=mm&r=g","caption":"Fernando Calixto"},"url":"https:\/\/verdadeon.com.br\/portal\/author\/fernando-calixto\/"}]}},"jetpack_publicize_connections":[],"jetpack_featured_media_url":"https:\/\/i0.wp.com\/verdadeon.com.br\/portal\/wp-content\/uploads\/2021\/01\/WhatsApp-Image-2021-01-30-at-10.28.34.jpeg?fit=1000%2C670&ssl=1","jetpack_sharing_enabled":true,"_links":{"self":[{"href":"https:\/\/verdadeon.com.br\/portal\/wp-json\/wp\/v2\/posts\/13816","targetHints":{"allow":["GET"]}}],"collection":[{"href":"https:\/\/verdadeon.com.br\/portal\/wp-json\/wp\/v2\/posts"}],"about":[{"href":"https:\/\/verdadeon.com.br\/portal\/wp-json\/wp\/v2\/types\/post"}],"author":[{"embeddable":true,"href":"https:\/\/verdadeon.com.br\/portal\/wp-json\/wp\/v2\/users\/4"}],"replies":[{"embeddable":true,"href":"https:\/\/verdadeon.com.br\/portal\/wp-json\/wp\/v2\/comments?post=13816"}],"version-history":[{"count":0,"href":"https:\/\/verdadeon.com.br\/portal\/wp-json\/wp\/v2\/posts\/13816\/revisions"}],"wp:featuredmedia":[{"embeddable":true,"href":"https:\/\/verdadeon.com.br\/portal\/wp-json\/wp\/v2\/media\/13809"}],"wp:attachment":[{"href":"https:\/\/verdadeon.com.br\/portal\/wp-json\/wp\/v2\/media?parent=13816"}],"wp:term":[{"taxonomy":"category","embeddable":true,"href":"https:\/\/verdadeon.com.br\/portal\/wp-json\/wp\/v2\/categories?post=13816"},{"taxonomy":"post_tag","embeddable":true,"href":"https:\/\/verdadeon.com.br\/portal\/wp-json\/wp\/v2\/tags?post=13816"}],"curies":[{"name":"wp","href":"https:\/\/api.w.org\/{rel}","templated":true}]}}