{"id":13799,"date":"2021-01-29T20:39:38","date_gmt":"2021-01-29T23:39:38","guid":{"rendered":"https:\/\/verdadeon.com.br\/portal\/?p=13799"},"modified":"2021-01-29T20:39:38","modified_gmt":"2021-01-29T23:39:38","slug":"sua-empresa-esta-pronta-para-adotar-a-gestao-4-0","status":"publish","type":"post","link":"https:\/\/verdadeon.com.br\/portal\/2021\/01\/29\/sua-empresa-esta-pronta-para-adotar-a-gestao-4-0\/","title":{"rendered":"Sua empresa est\u00e1 pronta para adotar a Gest\u00e3o 4.0?"},"content":{"rendered":"<p class=\"p1\"><span class=\"s1\">Todos sabemos que a transforma\u00e7\u00e3o digital trouxe mudan\u00e7as significativas e definitivas em nossas vidas e h\u00e1bitos.<\/span><\/p>\n<p class=\"p1\"><span class=\"s1\">Na gest\u00e3o das empresas isso n\u00e3o poderia ser diferente. Al\u00e9m das mudan\u00e7as no comportamento dos consumidores e evolu\u00e7\u00e3o do mercado, se torna praticamente obrigat\u00f3ria a revolu\u00e7\u00e3o da gest\u00e3o. A Gest\u00e3o 4.0 combina inova\u00e7\u00e3o, automa\u00e7\u00e3o e tecnologia, promove integra\u00e7\u00e3o entre as \u00e1reas da empresa, busca melhoria na experi\u00eancia do cliente &#8211; tanto interno, quanto externo &#8211; e tem como premissas a administra\u00e7\u00e3o aberta, interativa e flex\u00edvel.<\/span><\/p>\n<p class=\"p1\"><span class=\"s1\">Para o p\u00fablico cada vez mais informado, imediatista e com sede de tecnologia e inova\u00e7\u00e3o, o mercado passa a oferecer solu\u00e7\u00f5es personalizadas, tornando obsoletos os processos e rotinas antes utilizados. Quanto mais espec\u00edfico e nichado, mais valor percebido.<\/span><\/p>\n<p class=\"p1\"><span class=\"s1\">Do ponto de vista da gest\u00e3o de pessoas, o impacto \u00e9 diretamente sobre o perfil dos colaboradores que, para atender as demandas atuais, precisam ter poder de adapta\u00e7\u00e3o, criatividade, mindset empreendedor, intelig\u00eancia emocional e muita vontade de aprender. E, claro, se os colaboradores evoluem, as lideran\u00e7as precisam fazer sua parte. Capital humano \u00e9 o maior investimento na Gest\u00e3o 4.0.<\/span><\/p>\n<p class=\"p1\"><span class=\"s1\">\u00c9 claro que com todas essas mudan\u00e7as, o papel dos l\u00edderes tamb\u00e9m sofreu modifica\u00e7\u00f5es, a come\u00e7ar pela necessidade de se ouvir e interagir mais com os colaboradores. Funcion\u00e1rios engajados criam senso de pertencimento e, com isso, deixam o ambiente mais favor\u00e1vel para o desenvolvimento da criatividade e a pr\u00e1tica da inova\u00e7\u00e3o.<\/span><\/p>\n<p class=\"p1\"><span class=\"s1\">As decis\u00f5es precisam acontecer com mais agilidade e as ferramentas desta gest\u00e3o auxiliam imensamente o dia a dia dos gestores. Reuni\u00f5es de alinhamento r\u00e1pidas e produtivas tamb\u00e9m fazem parte deste novo cen\u00e1rio. <\/span><\/p>\n<p class=\"p1\"><span class=\"s1\">Mas ser\u00e1 que sua empresa est\u00e1 pronta para adotar a Gest\u00e3o 4.0? Para auxiliar nesse diagn\u00f3stico, seguem alguns pontos importantes a serem verificados.<\/span><\/p>\n<p class=\"p1\"><span class=\"s1\">&#8211; A tecnologia deve ser vista como aliada no processo de transi\u00e7\u00e3o da gest\u00e3o. Caso a empresa seja avessa aos processos tecnol\u00f3gicos, esta ser\u00e1 a primeira barreira a ser quebrada. Mais do que aceitar a tecnologia, temos que ter dom\u00ednio e conhecimento sobre os processos tecnol\u00f3gicos ou contarmos com quem tem.<\/span><\/p>\n<p class=\"p1\"><span class=\"s1\">&#8211; O prop\u00f3sito, objetivos e valores precisam ser genu\u00ednos, reais e praticados por todos os envolvidos em sua opera\u00e7\u00e3o, sejam colaboradores diretos ou indiretos. Vai muito al\u00e9m de uma plaquinha bonita pendurada na parede, ali\u00e1s, a plaquinha exposta \u00e9 o de menos.<\/span><\/p>\n<p class=\"p1\"><span class=\"s1\">&#8211; O ambiente deve inspirar a criatividade e a inova\u00e7\u00e3o, e favorecer o desenvolvimento organizacional e a produtividade. O desenvolvimento do capital humano \u00e9 t\u00e3o importante quanto.<\/span><\/p>\n<p class=\"p1\"><span class=\"s1\">&#8211; A entrega deve ser coerente com a oferta, tem que fazer sentido e gerar valor percebido. Como sempre falamos, o dinheiro do cliente precisa ser valorizado e ele precisa saber que voc\u00ea sabe disso. <\/span><\/p>\n<p class=\"p1\"><span class=\"s1\">Com esses pontos avaliados, voc\u00ea j\u00e1 pode decidir se est\u00e1 ou n\u00e3o na hora de dar mais um passo em sua empresa rumo \u00e0 Gest\u00e3o 4.0. V\u00e1 em frente!<\/span><\/p>\n<p>&nbsp;<\/p>\n<p class=\"p1\">Jean Dunkl<\/p>\n<p class=\"p2\">CEO da CPD Consultoria, consultor especialista<\/p>\n<p class=\"p2\">em Gest\u00e3o Estrat\u00e9gica de Neg\u00f3cios, gestor da Impera<br \/>\n(Incubadora de Empresas de Base Tecnol\u00f3gica de Franca)<\/p>\n","protected":false},"excerpt":{"rendered":"<p>Todos sabemos que a transforma\u00e7\u00e3o digital trouxe mudan\u00e7as significativas e definitivas em nossas vidas e h\u00e1bitos. Na gest\u00e3o das empresas isso n\u00e3o poderia ser diferente. Al\u00e9m<span class=\"excerpt-hellip\"> [\u2026]<\/span><\/p>\n","protected":false},"author":4,"featured_media":0,"comment_status":"open","ping_status":"open","sticky":false,"template":"","format":"standard","meta":{"_jetpack_memberships_contains_paid_content":false,"footnotes":"","jetpack_publicize_message":"","jetpack_publicize_feature_enabled":true,"jetpack_social_post_already_shared":false,"jetpack_social_options":{"image_generator_settings":{"template":"highway","default_image_id":0,"enabled":false},"version":2}},"categories":[92],"tags":[],"class_list":["post-13799","post","type-post","status-publish","format-standard","hentry","category-colunista"],"yoast_head":"<!-- This site is optimized with the Yoast SEO plugin v25.6 - https:\/\/yoast.com\/wordpress\/plugins\/seo\/ -->\n<title>Sua empresa est\u00e1 pronta para adotar a Gest\u00e3o 4.0? - VerdadeOn<\/title>\n<meta name=\"robots\" content=\"index, follow, max-snippet:-1, max-image-preview:large, max-video-preview:-1\" \/>\n<link rel=\"canonical\" href=\"https:\/\/verdadeon.com.br\/portal\/2021\/01\/29\/sua-empresa-esta-pronta-para-adotar-a-gestao-4-0\/\" \/>\n<meta property=\"og:locale\" content=\"pt_BR\" \/>\n<meta property=\"og:type\" content=\"article\" \/>\n<meta property=\"og:title\" content=\"Sua empresa est\u00e1 pronta para adotar a Gest\u00e3o 4.0? - VerdadeOn\" \/>\n<meta property=\"og:description\" content=\"Todos sabemos que a transforma\u00e7\u00e3o digital trouxe mudan\u00e7as significativas e definitivas em nossas vidas e h\u00e1bitos. Na gest\u00e3o das empresas isso n\u00e3o poderia ser diferente. Al\u00e9m [\u2026]\" \/>\n<meta property=\"og:url\" content=\"https:\/\/verdadeon.com.br\/portal\/2021\/01\/29\/sua-empresa-esta-pronta-para-adotar-a-gestao-4-0\/\" \/>\n<meta property=\"og:site_name\" content=\"VerdadeOn\" \/>\n<meta property=\"article:published_time\" content=\"2021-01-29T23:39:38+00:00\" \/>\n<meta name=\"author\" content=\"Fernando Calixto\" \/>\n<meta name=\"twitter:card\" content=\"summary_large_image\" \/>\n<meta name=\"twitter:label1\" content=\"Escrito por\" \/>\n\t<meta name=\"twitter:data1\" content=\"Fernando Calixto\" \/>\n\t<meta name=\"twitter:label2\" content=\"Est. tempo de leitura\" \/>\n\t<meta name=\"twitter:data2\" content=\"3 minutos\" \/>\n<script type=\"application\/ld+json\" class=\"yoast-schema-graph\">{\"@context\":\"https:\/\/schema.org\",\"@graph\":[{\"@type\":\"WebPage\",\"@id\":\"https:\/\/verdadeon.com.br\/portal\/2021\/01\/29\/sua-empresa-esta-pronta-para-adotar-a-gestao-4-0\/\",\"url\":\"https:\/\/verdadeon.com.br\/portal\/2021\/01\/29\/sua-empresa-esta-pronta-para-adotar-a-gestao-4-0\/\",\"name\":\"Sua empresa est\u00e1 pronta para adotar a Gest\u00e3o 4.0? - VerdadeOn\",\"isPartOf\":{\"@id\":\"https:\/\/verdadeon.com.br\/portal\/#website\"},\"datePublished\":\"2021-01-29T23:39:38+00:00\",\"author\":{\"@id\":\"https:\/\/verdadeon.com.br\/portal\/#\/schema\/person\/8994718f49ee62ba5610471e29ca1f62\"},\"breadcrumb\":{\"@id\":\"https:\/\/verdadeon.com.br\/portal\/2021\/01\/29\/sua-empresa-esta-pronta-para-adotar-a-gestao-4-0\/#breadcrumb\"},\"inLanguage\":\"pt-BR\",\"potentialAction\":[{\"@type\":\"ReadAction\",\"target\":[\"https:\/\/verdadeon.com.br\/portal\/2021\/01\/29\/sua-empresa-esta-pronta-para-adotar-a-gestao-4-0\/\"]}]},{\"@type\":\"BreadcrumbList\",\"@id\":\"https:\/\/verdadeon.com.br\/portal\/2021\/01\/29\/sua-empresa-esta-pronta-para-adotar-a-gestao-4-0\/#breadcrumb\",\"itemListElement\":[{\"@type\":\"ListItem\",\"position\":1,\"name\":\"In\u00edcio\",\"item\":\"https:\/\/verdadeon.com.br\/portal\/\"},{\"@type\":\"ListItem\",\"position\":2,\"name\":\"Sua empresa est\u00e1 pronta para adotar a Gest\u00e3o 4.0?\"}]},{\"@type\":\"WebSite\",\"@id\":\"https:\/\/verdadeon.com.br\/portal\/#website\",\"url\":\"https:\/\/verdadeon.com.br\/portal\/\",\"name\":\"VerdadeOn\",\"description\":\"Not\u00edcias di\u00e1rias sobre Franca, Regi\u00e3o, Esporte, Cultura, Cotidiano, Colunas. Cobertura nos principais eventos da cidade \u00e9 aqui - Verdadeon Franca\",\"potentialAction\":[{\"@type\":\"SearchAction\",\"target\":{\"@type\":\"EntryPoint\",\"urlTemplate\":\"https:\/\/verdadeon.com.br\/portal\/?s={search_term_string}\"},\"query-input\":{\"@type\":\"PropertyValueSpecification\",\"valueRequired\":true,\"valueName\":\"search_term_string\"}}],\"inLanguage\":\"pt-BR\"},{\"@type\":\"Person\",\"@id\":\"https:\/\/verdadeon.com.br\/portal\/#\/schema\/person\/8994718f49ee62ba5610471e29ca1f62\",\"name\":\"Fernando Calixto\",\"image\":{\"@type\":\"ImageObject\",\"inLanguage\":\"pt-BR\",\"@id\":\"https:\/\/verdadeon.com.br\/portal\/#\/schema\/person\/image\/\",\"url\":\"https:\/\/secure.gravatar.com\/avatar\/7578910c24966c0316c340f9dbd601e93ee9f9212e1033968b367af9306bd9fb?s=96&d=mm&r=g\",\"contentUrl\":\"https:\/\/secure.gravatar.com\/avatar\/7578910c24966c0316c340f9dbd601e93ee9f9212e1033968b367af9306bd9fb?s=96&d=mm&r=g\",\"caption\":\"Fernando Calixto\"},\"url\":\"https:\/\/verdadeon.com.br\/portal\/author\/fernando-calixto\/\"}]}<\/script>\n<!-- \/ Yoast SEO plugin. -->","yoast_head_json":{"title":"Sua empresa est\u00e1 pronta para adotar a Gest\u00e3o 4.0? - VerdadeOn","robots":{"index":"index","follow":"follow","max-snippet":"max-snippet:-1","max-image-preview":"max-image-preview:large","max-video-preview":"max-video-preview:-1"},"canonical":"https:\/\/verdadeon.com.br\/portal\/2021\/01\/29\/sua-empresa-esta-pronta-para-adotar-a-gestao-4-0\/","og_locale":"pt_BR","og_type":"article","og_title":"Sua empresa est\u00e1 pronta para adotar a Gest\u00e3o 4.0? - VerdadeOn","og_description":"Todos sabemos que a transforma\u00e7\u00e3o digital trouxe mudan\u00e7as significativas e definitivas em nossas vidas e h\u00e1bitos. Na gest\u00e3o das empresas isso n\u00e3o poderia ser diferente. Al\u00e9m [\u2026]","og_url":"https:\/\/verdadeon.com.br\/portal\/2021\/01\/29\/sua-empresa-esta-pronta-para-adotar-a-gestao-4-0\/","og_site_name":"VerdadeOn","article_published_time":"2021-01-29T23:39:38+00:00","author":"Fernando Calixto","twitter_card":"summary_large_image","twitter_misc":{"Escrito por":"Fernando Calixto","Est. tempo de leitura":"3 minutos"},"schema":{"@context":"https:\/\/schema.org","@graph":[{"@type":"WebPage","@id":"https:\/\/verdadeon.com.br\/portal\/2021\/01\/29\/sua-empresa-esta-pronta-para-adotar-a-gestao-4-0\/","url":"https:\/\/verdadeon.com.br\/portal\/2021\/01\/29\/sua-empresa-esta-pronta-para-adotar-a-gestao-4-0\/","name":"Sua empresa est\u00e1 pronta para adotar a Gest\u00e3o 4.0? - VerdadeOn","isPartOf":{"@id":"https:\/\/verdadeon.com.br\/portal\/#website"},"datePublished":"2021-01-29T23:39:38+00:00","author":{"@id":"https:\/\/verdadeon.com.br\/portal\/#\/schema\/person\/8994718f49ee62ba5610471e29ca1f62"},"breadcrumb":{"@id":"https:\/\/verdadeon.com.br\/portal\/2021\/01\/29\/sua-empresa-esta-pronta-para-adotar-a-gestao-4-0\/#breadcrumb"},"inLanguage":"pt-BR","potentialAction":[{"@type":"ReadAction","target":["https:\/\/verdadeon.com.br\/portal\/2021\/01\/29\/sua-empresa-esta-pronta-para-adotar-a-gestao-4-0\/"]}]},{"@type":"BreadcrumbList","@id":"https:\/\/verdadeon.com.br\/portal\/2021\/01\/29\/sua-empresa-esta-pronta-para-adotar-a-gestao-4-0\/#breadcrumb","itemListElement":[{"@type":"ListItem","position":1,"name":"In\u00edcio","item":"https:\/\/verdadeon.com.br\/portal\/"},{"@type":"ListItem","position":2,"name":"Sua empresa est\u00e1 pronta para adotar a Gest\u00e3o 4.0?"}]},{"@type":"WebSite","@id":"https:\/\/verdadeon.com.br\/portal\/#website","url":"https:\/\/verdadeon.com.br\/portal\/","name":"VerdadeOn","description":"Not\u00edcias di\u00e1rias sobre Franca, Regi\u00e3o, Esporte, Cultura, Cotidiano, Colunas. Cobertura nos principais eventos da cidade \u00e9 aqui - Verdadeon Franca","potentialAction":[{"@type":"SearchAction","target":{"@type":"EntryPoint","urlTemplate":"https:\/\/verdadeon.com.br\/portal\/?s={search_term_string}"},"query-input":{"@type":"PropertyValueSpecification","valueRequired":true,"valueName":"search_term_string"}}],"inLanguage":"pt-BR"},{"@type":"Person","@id":"https:\/\/verdadeon.com.br\/portal\/#\/schema\/person\/8994718f49ee62ba5610471e29ca1f62","name":"Fernando Calixto","image":{"@type":"ImageObject","inLanguage":"pt-BR","@id":"https:\/\/verdadeon.com.br\/portal\/#\/schema\/person\/image\/","url":"https:\/\/secure.gravatar.com\/avatar\/7578910c24966c0316c340f9dbd601e93ee9f9212e1033968b367af9306bd9fb?s=96&d=mm&r=g","contentUrl":"https:\/\/secure.gravatar.com\/avatar\/7578910c24966c0316c340f9dbd601e93ee9f9212e1033968b367af9306bd9fb?s=96&d=mm&r=g","caption":"Fernando Calixto"},"url":"https:\/\/verdadeon.com.br\/portal\/author\/fernando-calixto\/"}]}},"jetpack_publicize_connections":[],"jetpack_featured_media_url":"","jetpack_sharing_enabled":true,"_links":{"self":[{"href":"https:\/\/verdadeon.com.br\/portal\/wp-json\/wp\/v2\/posts\/13799","targetHints":{"allow":["GET"]}}],"collection":[{"href":"https:\/\/verdadeon.com.br\/portal\/wp-json\/wp\/v2\/posts"}],"about":[{"href":"https:\/\/verdadeon.com.br\/portal\/wp-json\/wp\/v2\/types\/post"}],"author":[{"embeddable":true,"href":"https:\/\/verdadeon.com.br\/portal\/wp-json\/wp\/v2\/users\/4"}],"replies":[{"embeddable":true,"href":"https:\/\/verdadeon.com.br\/portal\/wp-json\/wp\/v2\/comments?post=13799"}],"version-history":[{"count":0,"href":"https:\/\/verdadeon.com.br\/portal\/wp-json\/wp\/v2\/posts\/13799\/revisions"}],"wp:attachment":[{"href":"https:\/\/verdadeon.com.br\/portal\/wp-json\/wp\/v2\/media?parent=13799"}],"wp:term":[{"taxonomy":"category","embeddable":true,"href":"https:\/\/verdadeon.com.br\/portal\/wp-json\/wp\/v2\/categories?post=13799"},{"taxonomy":"post_tag","embeddable":true,"href":"https:\/\/verdadeon.com.br\/portal\/wp-json\/wp\/v2\/tags?post=13799"}],"curies":[{"name":"wp","href":"https:\/\/api.w.org\/{rel}","templated":true}]}}