{"id":13796,"date":"2021-01-29T11:00:47","date_gmt":"2021-01-29T14:00:47","guid":{"rendered":"https:\/\/verdadeon.com.br\/portal\/?p=13796"},"modified":"2021-01-29T16:27:08","modified_gmt":"2021-01-29T19:27:08","slug":"arrastao-da-limpeza-atende-neste-sabado-a-36-bairros-da-regiao-oeste","status":"publish","type":"post","link":"https:\/\/verdadeon.com.br\/portal\/2021\/01\/29\/arrastao-da-limpeza-atende-neste-sabado-a-36-bairros-da-regiao-oeste\/","title":{"rendered":"Arrast\u00e3o da Limpeza atende neste s\u00e1bado a 36 bairros da Regi\u00e3o Oeste"},"content":{"rendered":"<p>A Prefeitura programou para este s\u00e1bado o segundo Arrast\u00e3o da Limpeza deste m\u00eas, que estar\u00e1 sendo realizado na Regi\u00e3o Oeste, abrangendo 36 bairros, a partir do Residencial Amazonas, passando pela Vila Raycos, Jardim Rosel\u00e2ndia, Vila Chico J\u00falio e Imperador chegando at\u00e9 o Jardim Milena, pr\u00f3ximo ao trevo de acesso ao Leporace. Com esse trabalho, a Prefeitura procura reduzir os criadouros do mosquito transmissor da dengue e tamb\u00e9m auxiliar os moradores na destina\u00e7\u00e3o correta dos objetos e m\u00f3veis, que mant\u00e9m em casa sem utiliza\u00e7\u00e3o.<br \/>\nA coordena\u00e7\u00e3o das a\u00e7\u00f5es mais uma vez estar\u00e1 a cargo da Secretaria de Meio Ambiente, que colocar\u00e1 os caminh\u00f5es e equipes para recolher os inserv\u00edveis a partir das 7 h. \u00c9der Braz\u00e3o, secret\u00e1rio de Meio Ambiente, orienta que as pessoas fa\u00e7am a separa\u00e7\u00e3o pr\u00e9via dos m\u00f3veis, objetos e demais utens\u00edlios, que querem jogar fora e na sexta-feira, \u00e0 noite, deixem sobre as cal\u00e7adas.<br \/>\nEsse procedimento facilita o trabalho de recolha, permitindo maior rapidez durante a a\u00e7\u00e3o das equipes encarregadas. Confira no quadro abaixo, a rela\u00e7\u00e3o dos 36 bairros de parte da regi\u00e3o Oeste (Esta\u00e7\u00e3o), que estar\u00e3o sendo atendidos:<br \/>\nBAIRROS:<br \/>\n01) Residencial Amazonas<br \/>\n02) Jardim Pedreiras<br \/>\n03) Jardim Rosel\u00e2ndia<br \/>\n04) Jd Francano e Prolongamento<br \/>\n05) Bairro Higien\u00f3polis<br \/>\n06) Jardim Regina Helena<br \/>\n07) Bairro da Esta\u00e7\u00e3o<br \/>\n08) Vila Ant\u00f4nio dos Santos<br \/>\n09) Vila Nic\u00e1cio<br \/>\n10) Jardim Miron<br \/>\n11) Jardim Samelo III<br \/>\n12) Jardim Samelo<br \/>\n13) Parque da Rua Boa Vista<br \/>\n14) Vila Guilherme<br \/>\n15) Vila Formosa<br \/>\n16) Parque S\u00e3o Jorge<br \/>\n17) Vila Chico J\u00falio e Prolongamento<br \/>\n18) Vila Imperador<br \/>\n19) Residencial S\u00e3o Vicente<br \/>\n20) Parque dos Pinhais<br \/>\n21) Residencial Nosso Lar<br \/>\n22) Jardim Milena<br \/>\n23) Residencial S\u00e3o Tomaz<br \/>\n24) Vila Exposi\u00e7\u00e3o<br \/>\n25) Jardim Guanabara<br \/>\n26) Jardim Maria Rosa<br \/>\n27) Jardim Integra\u00e7\u00e3o<br \/>\n28) Parque Jo\u00e3o Leite<br \/>\n29) Residencial Ana Terra<br \/>\n30) Vila Santa Luzia<br \/>\n31) Jardim Concei\u00e7\u00e3o Leite<br \/>\n32) Vila Nossa Senhora de F\u00e1tima<br \/>\n33) Vila Santos Dumont e Prolongamento<br \/>\n34) Jardim Independ\u00eancia<br \/>\n35) Vila Raycos<br \/>\n36) Jardim Calif\u00f3rnia<\/p>\n","protected":false},"excerpt":{"rendered":"<p>A Prefeitura programou para este s\u00e1bado o segundo Arrast\u00e3o da Limpeza deste m\u00eas, que estar\u00e1 sendo realizado na Regi\u00e3o Oeste, abrangendo 36 bairros, a partir do<span class=\"excerpt-hellip\"> [\u2026]<\/span><\/p>\n","protected":false},"author":4,"featured_media":10565,"comment_status":"open","ping_status":"open","sticky":false,"template":"","format":"standard","meta":{"_jetpack_memberships_contains_paid_content":false,"footnotes":"","jetpack_publicize_message":"","jetpack_publicize_feature_enabled":true,"jetpack_social_post_already_shared":false,"jetpack_social_options":{"image_generator_settings":{"template":"highway","default_image_id":0,"enabled":false},"version":2}},"categories":[28,81],"tags":[],"class_list":["post-13796","post","type-post","status-publish","format-standard","has-post-thumbnail","hentry","category-cotidiano","category-manchete"],"yoast_head":"<!-- This site is optimized with the Yoast SEO plugin v25.6 - https:\/\/yoast.com\/wordpress\/plugins\/seo\/ -->\n<title>Arrast\u00e3o da Limpeza atende neste s\u00e1bado a 36 bairros da Regi\u00e3o Oeste - VerdadeOn<\/title>\n<meta name=\"robots\" content=\"index, follow, max-snippet:-1, max-image-preview:large, max-video-preview:-1\" \/>\n<link rel=\"canonical\" href=\"https:\/\/verdadeon.com.br\/portal\/2021\/01\/29\/arrastao-da-limpeza-atende-neste-sabado-a-36-bairros-da-regiao-oeste\/\" \/>\n<meta property=\"og:locale\" content=\"pt_BR\" \/>\n<meta property=\"og:type\" content=\"article\" \/>\n<meta property=\"og:title\" content=\"Arrast\u00e3o da Limpeza atende neste s\u00e1bado a 36 bairros da Regi\u00e3o Oeste - VerdadeOn\" \/>\n<meta property=\"og:description\" content=\"A Prefeitura programou para este s\u00e1bado o segundo Arrast\u00e3o da Limpeza deste m\u00eas, que estar\u00e1 sendo realizado na Regi\u00e3o Oeste, abrangendo 36 bairros, a partir do [\u2026]\" \/>\n<meta property=\"og:url\" content=\"https:\/\/verdadeon.com.br\/portal\/2021\/01\/29\/arrastao-da-limpeza-atende-neste-sabado-a-36-bairros-da-regiao-oeste\/\" \/>\n<meta property=\"og:site_name\" content=\"VerdadeOn\" \/>\n<meta property=\"article:published_time\" content=\"2021-01-29T14:00:47+00:00\" \/>\n<meta property=\"article:modified_time\" content=\"2021-01-29T19:27:08+00:00\" \/>\n<meta property=\"og:image\" content=\"https:\/\/verdadeon.com.br\/portal\/wp-content\/uploads\/2020\/09\/arrasta\u0303o-da-limpeza.jpeg\" \/>\n\t<meta property=\"og:image:width\" content=\"1000\" \/>\n\t<meta property=\"og:image:height\" content=\"670\" \/>\n\t<meta property=\"og:image:type\" content=\"image\/jpeg\" \/>\n<meta name=\"author\" content=\"Fernando Calixto\" \/>\n<meta name=\"twitter:card\" content=\"summary_large_image\" \/>\n<meta name=\"twitter:label1\" content=\"Escrito por\" \/>\n\t<meta name=\"twitter:data1\" content=\"Fernando Calixto\" \/>\n\t<meta name=\"twitter:label2\" content=\"Est. tempo de leitura\" \/>\n\t<meta name=\"twitter:data2\" content=\"2 minutos\" \/>\n<script type=\"application\/ld+json\" class=\"yoast-schema-graph\">{\"@context\":\"https:\/\/schema.org\",\"@graph\":[{\"@type\":\"WebPage\",\"@id\":\"https:\/\/verdadeon.com.br\/portal\/2021\/01\/29\/arrastao-da-limpeza-atende-neste-sabado-a-36-bairros-da-regiao-oeste\/\",\"url\":\"https:\/\/verdadeon.com.br\/portal\/2021\/01\/29\/arrastao-da-limpeza-atende-neste-sabado-a-36-bairros-da-regiao-oeste\/\",\"name\":\"Arrast\u00e3o da Limpeza atende neste s\u00e1bado a 36 bairros da Regi\u00e3o Oeste - VerdadeOn\",\"isPartOf\":{\"@id\":\"https:\/\/verdadeon.com.br\/portal\/#website\"},\"primaryImageOfPage\":{\"@id\":\"https:\/\/verdadeon.com.br\/portal\/2021\/01\/29\/arrastao-da-limpeza-atende-neste-sabado-a-36-bairros-da-regiao-oeste\/#primaryimage\"},\"image\":{\"@id\":\"https:\/\/verdadeon.com.br\/portal\/2021\/01\/29\/arrastao-da-limpeza-atende-neste-sabado-a-36-bairros-da-regiao-oeste\/#primaryimage\"},\"thumbnailUrl\":\"https:\/\/i0.wp.com\/verdadeon.com.br\/portal\/wp-content\/uploads\/2020\/09\/arrasta%CC%83o-da-limpeza.jpeg?fit=1000%2C670&ssl=1\",\"datePublished\":\"2021-01-29T14:00:47+00:00\",\"dateModified\":\"2021-01-29T19:27:08+00:00\",\"author\":{\"@id\":\"https:\/\/verdadeon.com.br\/portal\/#\/schema\/person\/8994718f49ee62ba5610471e29ca1f62\"},\"breadcrumb\":{\"@id\":\"https:\/\/verdadeon.com.br\/portal\/2021\/01\/29\/arrastao-da-limpeza-atende-neste-sabado-a-36-bairros-da-regiao-oeste\/#breadcrumb\"},\"inLanguage\":\"pt-BR\",\"potentialAction\":[{\"@type\":\"ReadAction\",\"target\":[\"https:\/\/verdadeon.com.br\/portal\/2021\/01\/29\/arrastao-da-limpeza-atende-neste-sabado-a-36-bairros-da-regiao-oeste\/\"]}]},{\"@type\":\"ImageObject\",\"inLanguage\":\"pt-BR\",\"@id\":\"https:\/\/verdadeon.com.br\/portal\/2021\/01\/29\/arrastao-da-limpeza-atende-neste-sabado-a-36-bairros-da-regiao-oeste\/#primaryimage\",\"url\":\"https:\/\/i0.wp.com\/verdadeon.com.br\/portal\/wp-content\/uploads\/2020\/09\/arrasta%CC%83o-da-limpeza.jpeg?fit=1000%2C670&ssl=1\",\"contentUrl\":\"https:\/\/i0.wp.com\/verdadeon.com.br\/portal\/wp-content\/uploads\/2020\/09\/arrasta%CC%83o-da-limpeza.jpeg?fit=1000%2C670&ssl=1\",\"width\":1000,\"height\":670},{\"@type\":\"BreadcrumbList\",\"@id\":\"https:\/\/verdadeon.com.br\/portal\/2021\/01\/29\/arrastao-da-limpeza-atende-neste-sabado-a-36-bairros-da-regiao-oeste\/#breadcrumb\",\"itemListElement\":[{\"@type\":\"ListItem\",\"position\":1,\"name\":\"In\u00edcio\",\"item\":\"https:\/\/verdadeon.com.br\/portal\/\"},{\"@type\":\"ListItem\",\"position\":2,\"name\":\"Arrast\u00e3o da Limpeza atende neste s\u00e1bado a 36 bairros da Regi\u00e3o Oeste\"}]},{\"@type\":\"WebSite\",\"@id\":\"https:\/\/verdadeon.com.br\/portal\/#website\",\"url\":\"https:\/\/verdadeon.com.br\/portal\/\",\"name\":\"VerdadeOn\",\"description\":\"Not\u00edcias di\u00e1rias sobre Franca, Regi\u00e3o, Esporte, Cultura, Cotidiano, Colunas. Cobertura nos principais eventos da cidade \u00e9 aqui - Verdadeon Franca\",\"potentialAction\":[{\"@type\":\"SearchAction\",\"target\":{\"@type\":\"EntryPoint\",\"urlTemplate\":\"https:\/\/verdadeon.com.br\/portal\/?s={search_term_string}\"},\"query-input\":{\"@type\":\"PropertyValueSpecification\",\"valueRequired\":true,\"valueName\":\"search_term_string\"}}],\"inLanguage\":\"pt-BR\"},{\"@type\":\"Person\",\"@id\":\"https:\/\/verdadeon.com.br\/portal\/#\/schema\/person\/8994718f49ee62ba5610471e29ca1f62\",\"name\":\"Fernando Calixto\",\"image\":{\"@type\":\"ImageObject\",\"inLanguage\":\"pt-BR\",\"@id\":\"https:\/\/verdadeon.com.br\/portal\/#\/schema\/person\/image\/\",\"url\":\"https:\/\/secure.gravatar.com\/avatar\/7578910c24966c0316c340f9dbd601e93ee9f9212e1033968b367af9306bd9fb?s=96&d=mm&r=g\",\"contentUrl\":\"https:\/\/secure.gravatar.com\/avatar\/7578910c24966c0316c340f9dbd601e93ee9f9212e1033968b367af9306bd9fb?s=96&d=mm&r=g\",\"caption\":\"Fernando Calixto\"},\"url\":\"https:\/\/verdadeon.com.br\/portal\/author\/fernando-calixto\/\"}]}<\/script>\n<!-- \/ Yoast SEO plugin. -->","yoast_head_json":{"title":"Arrast\u00e3o da Limpeza atende neste s\u00e1bado a 36 bairros da Regi\u00e3o Oeste - VerdadeOn","robots":{"index":"index","follow":"follow","max-snippet":"max-snippet:-1","max-image-preview":"max-image-preview:large","max-video-preview":"max-video-preview:-1"},"canonical":"https:\/\/verdadeon.com.br\/portal\/2021\/01\/29\/arrastao-da-limpeza-atende-neste-sabado-a-36-bairros-da-regiao-oeste\/","og_locale":"pt_BR","og_type":"article","og_title":"Arrast\u00e3o da Limpeza atende neste s\u00e1bado a 36 bairros da Regi\u00e3o Oeste - VerdadeOn","og_description":"A Prefeitura programou para este s\u00e1bado o segundo Arrast\u00e3o da Limpeza deste m\u00eas, que estar\u00e1 sendo realizado na Regi\u00e3o Oeste, abrangendo 36 bairros, a partir do [\u2026]","og_url":"https:\/\/verdadeon.com.br\/portal\/2021\/01\/29\/arrastao-da-limpeza-atende-neste-sabado-a-36-bairros-da-regiao-oeste\/","og_site_name":"VerdadeOn","article_published_time":"2021-01-29T14:00:47+00:00","article_modified_time":"2021-01-29T19:27:08+00:00","og_image":[{"width":1000,"height":670,"url":"https:\/\/verdadeon.com.br\/portal\/wp-content\/uploads\/2020\/09\/arrasta\u0303o-da-limpeza.jpeg","type":"image\/jpeg"}],"author":"Fernando Calixto","twitter_card":"summary_large_image","twitter_misc":{"Escrito por":"Fernando Calixto","Est. tempo de leitura":"2 minutos"},"schema":{"@context":"https:\/\/schema.org","@graph":[{"@type":"WebPage","@id":"https:\/\/verdadeon.com.br\/portal\/2021\/01\/29\/arrastao-da-limpeza-atende-neste-sabado-a-36-bairros-da-regiao-oeste\/","url":"https:\/\/verdadeon.com.br\/portal\/2021\/01\/29\/arrastao-da-limpeza-atende-neste-sabado-a-36-bairros-da-regiao-oeste\/","name":"Arrast\u00e3o da Limpeza atende neste s\u00e1bado a 36 bairros da Regi\u00e3o Oeste - VerdadeOn","isPartOf":{"@id":"https:\/\/verdadeon.com.br\/portal\/#website"},"primaryImageOfPage":{"@id":"https:\/\/verdadeon.com.br\/portal\/2021\/01\/29\/arrastao-da-limpeza-atende-neste-sabado-a-36-bairros-da-regiao-oeste\/#primaryimage"},"image":{"@id":"https:\/\/verdadeon.com.br\/portal\/2021\/01\/29\/arrastao-da-limpeza-atende-neste-sabado-a-36-bairros-da-regiao-oeste\/#primaryimage"},"thumbnailUrl":"https:\/\/i0.wp.com\/verdadeon.com.br\/portal\/wp-content\/uploads\/2020\/09\/arrasta%CC%83o-da-limpeza.jpeg?fit=1000%2C670&ssl=1","datePublished":"2021-01-29T14:00:47+00:00","dateModified":"2021-01-29T19:27:08+00:00","author":{"@id":"https:\/\/verdadeon.com.br\/portal\/#\/schema\/person\/8994718f49ee62ba5610471e29ca1f62"},"breadcrumb":{"@id":"https:\/\/verdadeon.com.br\/portal\/2021\/01\/29\/arrastao-da-limpeza-atende-neste-sabado-a-36-bairros-da-regiao-oeste\/#breadcrumb"},"inLanguage":"pt-BR","potentialAction":[{"@type":"ReadAction","target":["https:\/\/verdadeon.com.br\/portal\/2021\/01\/29\/arrastao-da-limpeza-atende-neste-sabado-a-36-bairros-da-regiao-oeste\/"]}]},{"@type":"ImageObject","inLanguage":"pt-BR","@id":"https:\/\/verdadeon.com.br\/portal\/2021\/01\/29\/arrastao-da-limpeza-atende-neste-sabado-a-36-bairros-da-regiao-oeste\/#primaryimage","url":"https:\/\/i0.wp.com\/verdadeon.com.br\/portal\/wp-content\/uploads\/2020\/09\/arrasta%CC%83o-da-limpeza.jpeg?fit=1000%2C670&ssl=1","contentUrl":"https:\/\/i0.wp.com\/verdadeon.com.br\/portal\/wp-content\/uploads\/2020\/09\/arrasta%CC%83o-da-limpeza.jpeg?fit=1000%2C670&ssl=1","width":1000,"height":670},{"@type":"BreadcrumbList","@id":"https:\/\/verdadeon.com.br\/portal\/2021\/01\/29\/arrastao-da-limpeza-atende-neste-sabado-a-36-bairros-da-regiao-oeste\/#breadcrumb","itemListElement":[{"@type":"ListItem","position":1,"name":"In\u00edcio","item":"https:\/\/verdadeon.com.br\/portal\/"},{"@type":"ListItem","position":2,"name":"Arrast\u00e3o da Limpeza atende neste s\u00e1bado a 36 bairros da Regi\u00e3o Oeste"}]},{"@type":"WebSite","@id":"https:\/\/verdadeon.com.br\/portal\/#website","url":"https:\/\/verdadeon.com.br\/portal\/","name":"VerdadeOn","description":"Not\u00edcias di\u00e1rias sobre Franca, Regi\u00e3o, Esporte, Cultura, Cotidiano, Colunas. Cobertura nos principais eventos da cidade \u00e9 aqui - Verdadeon Franca","potentialAction":[{"@type":"SearchAction","target":{"@type":"EntryPoint","urlTemplate":"https:\/\/verdadeon.com.br\/portal\/?s={search_term_string}"},"query-input":{"@type":"PropertyValueSpecification","valueRequired":true,"valueName":"search_term_string"}}],"inLanguage":"pt-BR"},{"@type":"Person","@id":"https:\/\/verdadeon.com.br\/portal\/#\/schema\/person\/8994718f49ee62ba5610471e29ca1f62","name":"Fernando Calixto","image":{"@type":"ImageObject","inLanguage":"pt-BR","@id":"https:\/\/verdadeon.com.br\/portal\/#\/schema\/person\/image\/","url":"https:\/\/secure.gravatar.com\/avatar\/7578910c24966c0316c340f9dbd601e93ee9f9212e1033968b367af9306bd9fb?s=96&d=mm&r=g","contentUrl":"https:\/\/secure.gravatar.com\/avatar\/7578910c24966c0316c340f9dbd601e93ee9f9212e1033968b367af9306bd9fb?s=96&d=mm&r=g","caption":"Fernando Calixto"},"url":"https:\/\/verdadeon.com.br\/portal\/author\/fernando-calixto\/"}]}},"jetpack_publicize_connections":[],"jetpack_featured_media_url":"https:\/\/i0.wp.com\/verdadeon.com.br\/portal\/wp-content\/uploads\/2020\/09\/arrasta%CC%83o-da-limpeza.jpeg?fit=1000%2C670&ssl=1","jetpack_sharing_enabled":true,"_links":{"self":[{"href":"https:\/\/verdadeon.com.br\/portal\/wp-json\/wp\/v2\/posts\/13796","targetHints":{"allow":["GET"]}}],"collection":[{"href":"https:\/\/verdadeon.com.br\/portal\/wp-json\/wp\/v2\/posts"}],"about":[{"href":"https:\/\/verdadeon.com.br\/portal\/wp-json\/wp\/v2\/types\/post"}],"author":[{"embeddable":true,"href":"https:\/\/verdadeon.com.br\/portal\/wp-json\/wp\/v2\/users\/4"}],"replies":[{"embeddable":true,"href":"https:\/\/verdadeon.com.br\/portal\/wp-json\/wp\/v2\/comments?post=13796"}],"version-history":[{"count":0,"href":"https:\/\/verdadeon.com.br\/portal\/wp-json\/wp\/v2\/posts\/13796\/revisions"}],"wp:featuredmedia":[{"embeddable":true,"href":"https:\/\/verdadeon.com.br\/portal\/wp-json\/wp\/v2\/media\/10565"}],"wp:attachment":[{"href":"https:\/\/verdadeon.com.br\/portal\/wp-json\/wp\/v2\/media?parent=13796"}],"wp:term":[{"taxonomy":"category","embeddable":true,"href":"https:\/\/verdadeon.com.br\/portal\/wp-json\/wp\/v2\/categories?post=13796"},{"taxonomy":"post_tag","embeddable":true,"href":"https:\/\/verdadeon.com.br\/portal\/wp-json\/wp\/v2\/tags?post=13796"}],"curies":[{"name":"wp","href":"https:\/\/api.w.org\/{rel}","templated":true}]}}