{"id":13793,"date":"2021-01-29T15:29:34","date_gmt":"2021-01-29T18:29:34","guid":{"rendered":"https:\/\/verdadeon.com.br\/portal\/?p=13793"},"modified":"2021-01-29T15:29:34","modified_gmt":"2021-01-29T18:29:34","slug":"estado-anuncia-mais-32-leitos-de-uti-para-covid-19-em-franca","status":"publish","type":"post","link":"https:\/\/verdadeon.com.br\/portal\/2021\/01\/29\/estado-anuncia-mais-32-leitos-de-uti-para-covid-19-em-franca\/","title":{"rendered":"Estado anuncia mais 32 leitos de UTI para Covid-19 em Franca"},"content":{"rendered":"<h2>Leitos ser\u00e3o instalados no AME, que vai funcionar como um centro de tratamento para a doen\u00e7a<\/h2>\n<p>Franca ter\u00e1 mais 32 leitos de UTI para o tratamento da Covid-19 at\u00e9 o final do m\u00eas de fevereiro, eles ser\u00e3o montados no Ambulat\u00f3rio M\u00e9dico de Especialidades (AME). O an\u00fancio foi feito pelo secret\u00e1rio de Desenvolvimento Regional do Estado, Marco Vinholi.<br \/>\nDe acordo com ele, os leitos ser\u00e3o distribu\u00eddos durante todo o m\u00eas de fevereiro, sendo dois j\u00e1 no pr\u00f3ximo dia 5, mais cinco no dia 12, mais 10 no dia 19 e finalizando com mais 15 unidades no dia 26 de fevereiro, totalizando os 32.<br \/>\nAs novas unidades ser\u00e3o somadas aos 37 leitos j\u00e1 existentes no Hospital do Cora\u00e7\u00e3o em Franca, portanto o munic\u00edpio passa a contar com 69 leitos de UTI para o tratamento de pacientes contaminados pelo coronav\u00edrus.<br \/>\nAtualmente a cidade vive uma fase cr\u00edtica em rela\u00e7\u00e3o a UTIs. A ocupa\u00e7\u00e3o disparou no final de dezembro e em janeiro, grande parte do tempo a Santa Casa teve 100% de ocupa\u00e7\u00e3o, com 33 leitos ocupados. Na \u00faltima quinta-feira (28), foram abertos mais quatro leitos, totalizando os 37.<br \/>\nA fase cr\u00edtica fez com que v\u00e1rios pacientes francanos fossem encaminhados para cidades vizinhas, como Ituverava, Igarapava, Ipu\u00e3 e S\u00e3o Joaquim da Barra. A ideia com a abertura dos novos leitos \u00e9 desafogar o sistema, o que deve colaborar inclusive para que Franca avance para outras fases do plano S\u00e3o Paulo, lembrando que hoje ela est\u00e1 classificada na mais restritiva, a fase vermelha, onde o com\u00e9rcio que \u00e9 considerado n\u00e3o essencial n\u00e3o pode abrir as portas.<\/p>\n","protected":false},"excerpt":{"rendered":"<p>Leitos ser\u00e3o instalados no AME, que vai funcionar como um centro de tratamento para a doen\u00e7a Franca ter\u00e1 mais 32 leitos de UTI para o tratamento<span class=\"excerpt-hellip\"> [\u2026]<\/span><\/p>\n","protected":false},"author":4,"featured_media":13794,"comment_status":"open","ping_status":"open","sticky":false,"template":"","format":"standard","meta":{"_jetpack_memberships_contains_paid_content":false,"footnotes":"","jetpack_publicize_message":"","jetpack_publicize_feature_enabled":true,"jetpack_social_post_already_shared":false,"jetpack_social_options":{"image_generator_settings":{"template":"highway","default_image_id":0,"enabled":false},"version":2}},"categories":[28,81],"tags":[],"class_list":["post-13793","post","type-post","status-publish","format-standard","has-post-thumbnail","hentry","category-cotidiano","category-manchete"],"yoast_head":"<!-- This site is optimized with the Yoast SEO plugin v25.6 - https:\/\/yoast.com\/wordpress\/plugins\/seo\/ -->\n<title>Estado anuncia mais 32 leitos de UTI para Covid-19 em Franca - VerdadeOn<\/title>\n<meta name=\"robots\" content=\"index, follow, max-snippet:-1, max-image-preview:large, max-video-preview:-1\" \/>\n<link rel=\"canonical\" href=\"https:\/\/verdadeon.com.br\/portal\/2021\/01\/29\/estado-anuncia-mais-32-leitos-de-uti-para-covid-19-em-franca\/\" \/>\n<meta property=\"og:locale\" content=\"pt_BR\" \/>\n<meta property=\"og:type\" content=\"article\" \/>\n<meta property=\"og:title\" content=\"Estado anuncia mais 32 leitos de UTI para Covid-19 em Franca - VerdadeOn\" \/>\n<meta property=\"og:description\" content=\"Leitos ser\u00e3o instalados no AME, que vai funcionar como um centro de tratamento para a doen\u00e7a Franca ter\u00e1 mais 32 leitos de UTI para o tratamento [\u2026]\" \/>\n<meta property=\"og:url\" content=\"https:\/\/verdadeon.com.br\/portal\/2021\/01\/29\/estado-anuncia-mais-32-leitos-de-uti-para-covid-19-em-franca\/\" \/>\n<meta property=\"og:site_name\" content=\"VerdadeOn\" \/>\n<meta property=\"article:published_time\" content=\"2021-01-29T18:29:34+00:00\" \/>\n<meta property=\"og:image\" content=\"https:\/\/verdadeon.com.br\/portal\/wp-content\/uploads\/2021\/01\/WhatsApp-Image-2021-01-29-at-15.27.12.jpeg\" \/>\n\t<meta property=\"og:image:width\" content=\"1000\" \/>\n\t<meta property=\"og:image:height\" content=\"670\" \/>\n\t<meta property=\"og:image:type\" content=\"image\/jpeg\" \/>\n<meta name=\"author\" content=\"Fernando Calixto\" \/>\n<meta name=\"twitter:card\" content=\"summary_large_image\" \/>\n<meta name=\"twitter:label1\" content=\"Escrito por\" \/>\n\t<meta name=\"twitter:data1\" content=\"Fernando Calixto\" \/>\n\t<meta name=\"twitter:label2\" content=\"Est. tempo de leitura\" \/>\n\t<meta name=\"twitter:data2\" content=\"2 minutos\" \/>\n<script type=\"application\/ld+json\" class=\"yoast-schema-graph\">{\"@context\":\"https:\/\/schema.org\",\"@graph\":[{\"@type\":\"WebPage\",\"@id\":\"https:\/\/verdadeon.com.br\/portal\/2021\/01\/29\/estado-anuncia-mais-32-leitos-de-uti-para-covid-19-em-franca\/\",\"url\":\"https:\/\/verdadeon.com.br\/portal\/2021\/01\/29\/estado-anuncia-mais-32-leitos-de-uti-para-covid-19-em-franca\/\",\"name\":\"Estado anuncia mais 32 leitos de UTI para Covid-19 em Franca - VerdadeOn\",\"isPartOf\":{\"@id\":\"https:\/\/verdadeon.com.br\/portal\/#website\"},\"primaryImageOfPage\":{\"@id\":\"https:\/\/verdadeon.com.br\/portal\/2021\/01\/29\/estado-anuncia-mais-32-leitos-de-uti-para-covid-19-em-franca\/#primaryimage\"},\"image\":{\"@id\":\"https:\/\/verdadeon.com.br\/portal\/2021\/01\/29\/estado-anuncia-mais-32-leitos-de-uti-para-covid-19-em-franca\/#primaryimage\"},\"thumbnailUrl\":\"https:\/\/i0.wp.com\/verdadeon.com.br\/portal\/wp-content\/uploads\/2021\/01\/WhatsApp-Image-2021-01-29-at-15.27.12.jpeg?fit=1000%2C670&ssl=1\",\"datePublished\":\"2021-01-29T18:29:34+00:00\",\"author\":{\"@id\":\"https:\/\/verdadeon.com.br\/portal\/#\/schema\/person\/8994718f49ee62ba5610471e29ca1f62\"},\"breadcrumb\":{\"@id\":\"https:\/\/verdadeon.com.br\/portal\/2021\/01\/29\/estado-anuncia-mais-32-leitos-de-uti-para-covid-19-em-franca\/#breadcrumb\"},\"inLanguage\":\"pt-BR\",\"potentialAction\":[{\"@type\":\"ReadAction\",\"target\":[\"https:\/\/verdadeon.com.br\/portal\/2021\/01\/29\/estado-anuncia-mais-32-leitos-de-uti-para-covid-19-em-franca\/\"]}]},{\"@type\":\"ImageObject\",\"inLanguage\":\"pt-BR\",\"@id\":\"https:\/\/verdadeon.com.br\/portal\/2021\/01\/29\/estado-anuncia-mais-32-leitos-de-uti-para-covid-19-em-franca\/#primaryimage\",\"url\":\"https:\/\/i0.wp.com\/verdadeon.com.br\/portal\/wp-content\/uploads\/2021\/01\/WhatsApp-Image-2021-01-29-at-15.27.12.jpeg?fit=1000%2C670&ssl=1\",\"contentUrl\":\"https:\/\/i0.wp.com\/verdadeon.com.br\/portal\/wp-content\/uploads\/2021\/01\/WhatsApp-Image-2021-01-29-at-15.27.12.jpeg?fit=1000%2C670&ssl=1\",\"width\":1000,\"height\":670,\"caption\":\"Secret\u00e1rio de Desenvolvimento Regional Marco Vinholi, confirmou a abertura de mais leitos em Franca |Foto: Reprodu\u00e7\u00e3o\"},{\"@type\":\"BreadcrumbList\",\"@id\":\"https:\/\/verdadeon.com.br\/portal\/2021\/01\/29\/estado-anuncia-mais-32-leitos-de-uti-para-covid-19-em-franca\/#breadcrumb\",\"itemListElement\":[{\"@type\":\"ListItem\",\"position\":1,\"name\":\"In\u00edcio\",\"item\":\"https:\/\/verdadeon.com.br\/portal\/\"},{\"@type\":\"ListItem\",\"position\":2,\"name\":\"Estado anuncia mais 32 leitos de UTI para Covid-19 em Franca\"}]},{\"@type\":\"WebSite\",\"@id\":\"https:\/\/verdadeon.com.br\/portal\/#website\",\"url\":\"https:\/\/verdadeon.com.br\/portal\/\",\"name\":\"VerdadeOn\",\"description\":\"Not\u00edcias di\u00e1rias sobre Franca, Regi\u00e3o, Esporte, Cultura, Cotidiano, Colunas. Cobertura nos principais eventos da cidade \u00e9 aqui - Verdadeon Franca\",\"potentialAction\":[{\"@type\":\"SearchAction\",\"target\":{\"@type\":\"EntryPoint\",\"urlTemplate\":\"https:\/\/verdadeon.com.br\/portal\/?s={search_term_string}\"},\"query-input\":{\"@type\":\"PropertyValueSpecification\",\"valueRequired\":true,\"valueName\":\"search_term_string\"}}],\"inLanguage\":\"pt-BR\"},{\"@type\":\"Person\",\"@id\":\"https:\/\/verdadeon.com.br\/portal\/#\/schema\/person\/8994718f49ee62ba5610471e29ca1f62\",\"name\":\"Fernando Calixto\",\"image\":{\"@type\":\"ImageObject\",\"inLanguage\":\"pt-BR\",\"@id\":\"https:\/\/verdadeon.com.br\/portal\/#\/schema\/person\/image\/\",\"url\":\"https:\/\/secure.gravatar.com\/avatar\/7578910c24966c0316c340f9dbd601e93ee9f9212e1033968b367af9306bd9fb?s=96&d=mm&r=g\",\"contentUrl\":\"https:\/\/secure.gravatar.com\/avatar\/7578910c24966c0316c340f9dbd601e93ee9f9212e1033968b367af9306bd9fb?s=96&d=mm&r=g\",\"caption\":\"Fernando Calixto\"},\"url\":\"https:\/\/verdadeon.com.br\/portal\/author\/fernando-calixto\/\"}]}<\/script>\n<!-- \/ Yoast SEO plugin. -->","yoast_head_json":{"title":"Estado anuncia mais 32 leitos de UTI para Covid-19 em Franca - VerdadeOn","robots":{"index":"index","follow":"follow","max-snippet":"max-snippet:-1","max-image-preview":"max-image-preview:large","max-video-preview":"max-video-preview:-1"},"canonical":"https:\/\/verdadeon.com.br\/portal\/2021\/01\/29\/estado-anuncia-mais-32-leitos-de-uti-para-covid-19-em-franca\/","og_locale":"pt_BR","og_type":"article","og_title":"Estado anuncia mais 32 leitos de UTI para Covid-19 em Franca - VerdadeOn","og_description":"Leitos ser\u00e3o instalados no AME, que vai funcionar como um centro de tratamento para a doen\u00e7a Franca ter\u00e1 mais 32 leitos de UTI para o tratamento [\u2026]","og_url":"https:\/\/verdadeon.com.br\/portal\/2021\/01\/29\/estado-anuncia-mais-32-leitos-de-uti-para-covid-19-em-franca\/","og_site_name":"VerdadeOn","article_published_time":"2021-01-29T18:29:34+00:00","og_image":[{"width":1000,"height":670,"url":"https:\/\/verdadeon.com.br\/portal\/wp-content\/uploads\/2021\/01\/WhatsApp-Image-2021-01-29-at-15.27.12.jpeg","type":"image\/jpeg"}],"author":"Fernando Calixto","twitter_card":"summary_large_image","twitter_misc":{"Escrito por":"Fernando Calixto","Est. tempo de leitura":"2 minutos"},"schema":{"@context":"https:\/\/schema.org","@graph":[{"@type":"WebPage","@id":"https:\/\/verdadeon.com.br\/portal\/2021\/01\/29\/estado-anuncia-mais-32-leitos-de-uti-para-covid-19-em-franca\/","url":"https:\/\/verdadeon.com.br\/portal\/2021\/01\/29\/estado-anuncia-mais-32-leitos-de-uti-para-covid-19-em-franca\/","name":"Estado anuncia mais 32 leitos de UTI para Covid-19 em Franca - VerdadeOn","isPartOf":{"@id":"https:\/\/verdadeon.com.br\/portal\/#website"},"primaryImageOfPage":{"@id":"https:\/\/verdadeon.com.br\/portal\/2021\/01\/29\/estado-anuncia-mais-32-leitos-de-uti-para-covid-19-em-franca\/#primaryimage"},"image":{"@id":"https:\/\/verdadeon.com.br\/portal\/2021\/01\/29\/estado-anuncia-mais-32-leitos-de-uti-para-covid-19-em-franca\/#primaryimage"},"thumbnailUrl":"https:\/\/i0.wp.com\/verdadeon.com.br\/portal\/wp-content\/uploads\/2021\/01\/WhatsApp-Image-2021-01-29-at-15.27.12.jpeg?fit=1000%2C670&ssl=1","datePublished":"2021-01-29T18:29:34+00:00","author":{"@id":"https:\/\/verdadeon.com.br\/portal\/#\/schema\/person\/8994718f49ee62ba5610471e29ca1f62"},"breadcrumb":{"@id":"https:\/\/verdadeon.com.br\/portal\/2021\/01\/29\/estado-anuncia-mais-32-leitos-de-uti-para-covid-19-em-franca\/#breadcrumb"},"inLanguage":"pt-BR","potentialAction":[{"@type":"ReadAction","target":["https:\/\/verdadeon.com.br\/portal\/2021\/01\/29\/estado-anuncia-mais-32-leitos-de-uti-para-covid-19-em-franca\/"]}]},{"@type":"ImageObject","inLanguage":"pt-BR","@id":"https:\/\/verdadeon.com.br\/portal\/2021\/01\/29\/estado-anuncia-mais-32-leitos-de-uti-para-covid-19-em-franca\/#primaryimage","url":"https:\/\/i0.wp.com\/verdadeon.com.br\/portal\/wp-content\/uploads\/2021\/01\/WhatsApp-Image-2021-01-29-at-15.27.12.jpeg?fit=1000%2C670&ssl=1","contentUrl":"https:\/\/i0.wp.com\/verdadeon.com.br\/portal\/wp-content\/uploads\/2021\/01\/WhatsApp-Image-2021-01-29-at-15.27.12.jpeg?fit=1000%2C670&ssl=1","width":1000,"height":670,"caption":"Secret\u00e1rio de Desenvolvimento Regional Marco Vinholi, confirmou a abertura de mais leitos em Franca |Foto: Reprodu\u00e7\u00e3o"},{"@type":"BreadcrumbList","@id":"https:\/\/verdadeon.com.br\/portal\/2021\/01\/29\/estado-anuncia-mais-32-leitos-de-uti-para-covid-19-em-franca\/#breadcrumb","itemListElement":[{"@type":"ListItem","position":1,"name":"In\u00edcio","item":"https:\/\/verdadeon.com.br\/portal\/"},{"@type":"ListItem","position":2,"name":"Estado anuncia mais 32 leitos de UTI para Covid-19 em Franca"}]},{"@type":"WebSite","@id":"https:\/\/verdadeon.com.br\/portal\/#website","url":"https:\/\/verdadeon.com.br\/portal\/","name":"VerdadeOn","description":"Not\u00edcias di\u00e1rias sobre Franca, Regi\u00e3o, Esporte, Cultura, Cotidiano, Colunas. Cobertura nos principais eventos da cidade \u00e9 aqui - Verdadeon Franca","potentialAction":[{"@type":"SearchAction","target":{"@type":"EntryPoint","urlTemplate":"https:\/\/verdadeon.com.br\/portal\/?s={search_term_string}"},"query-input":{"@type":"PropertyValueSpecification","valueRequired":true,"valueName":"search_term_string"}}],"inLanguage":"pt-BR"},{"@type":"Person","@id":"https:\/\/verdadeon.com.br\/portal\/#\/schema\/person\/8994718f49ee62ba5610471e29ca1f62","name":"Fernando Calixto","image":{"@type":"ImageObject","inLanguage":"pt-BR","@id":"https:\/\/verdadeon.com.br\/portal\/#\/schema\/person\/image\/","url":"https:\/\/secure.gravatar.com\/avatar\/7578910c24966c0316c340f9dbd601e93ee9f9212e1033968b367af9306bd9fb?s=96&d=mm&r=g","contentUrl":"https:\/\/secure.gravatar.com\/avatar\/7578910c24966c0316c340f9dbd601e93ee9f9212e1033968b367af9306bd9fb?s=96&d=mm&r=g","caption":"Fernando Calixto"},"url":"https:\/\/verdadeon.com.br\/portal\/author\/fernando-calixto\/"}]}},"jetpack_publicize_connections":[],"jetpack_featured_media_url":"https:\/\/i0.wp.com\/verdadeon.com.br\/portal\/wp-content\/uploads\/2021\/01\/WhatsApp-Image-2021-01-29-at-15.27.12.jpeg?fit=1000%2C670&ssl=1","jetpack_sharing_enabled":true,"_links":{"self":[{"href":"https:\/\/verdadeon.com.br\/portal\/wp-json\/wp\/v2\/posts\/13793","targetHints":{"allow":["GET"]}}],"collection":[{"href":"https:\/\/verdadeon.com.br\/portal\/wp-json\/wp\/v2\/posts"}],"about":[{"href":"https:\/\/verdadeon.com.br\/portal\/wp-json\/wp\/v2\/types\/post"}],"author":[{"embeddable":true,"href":"https:\/\/verdadeon.com.br\/portal\/wp-json\/wp\/v2\/users\/4"}],"replies":[{"embeddable":true,"href":"https:\/\/verdadeon.com.br\/portal\/wp-json\/wp\/v2\/comments?post=13793"}],"version-history":[{"count":0,"href":"https:\/\/verdadeon.com.br\/portal\/wp-json\/wp\/v2\/posts\/13793\/revisions"}],"wp:featuredmedia":[{"embeddable":true,"href":"https:\/\/verdadeon.com.br\/portal\/wp-json\/wp\/v2\/media\/13794"}],"wp:attachment":[{"href":"https:\/\/verdadeon.com.br\/portal\/wp-json\/wp\/v2\/media?parent=13793"}],"wp:term":[{"taxonomy":"category","embeddable":true,"href":"https:\/\/verdadeon.com.br\/portal\/wp-json\/wp\/v2\/categories?post=13793"},{"taxonomy":"post_tag","embeddable":true,"href":"https:\/\/verdadeon.com.br\/portal\/wp-json\/wp\/v2\/tags?post=13793"}],"curies":[{"name":"wp","href":"https:\/\/api.w.org\/{rel}","templated":true}]}}