{"id":13775,"date":"2021-01-29T13:49:06","date_gmt":"2021-01-29T16:49:06","guid":{"rendered":"https:\/\/verdadeon.com.br\/portal\/?p=13775"},"modified":"2021-01-29T13:49:06","modified_gmt":"2021-01-29T16:49:06","slug":"governo-do-estado-anuncia-reclassificacao-de-regioes-no-plano-sp","status":"publish","type":"post","link":"https:\/\/verdadeon.com.br\/portal\/2021\/01\/29\/governo-do-estado-anuncia-reclassificacao-de-regioes-no-plano-sp\/","title":{"rendered":"Governo do Estado anuncia reclassifica\u00e7\u00e3o de regi\u00f5es no Plano SP"},"content":{"rendered":"<h2>Com leve melhora de indicadores, \u00e1reas de Presidente Prudente e Sorocaba, v\u00e3o para fase laranja; Ribeir\u00e3o Preto recua para etapa vermelha<\/h2>\n<p>O Governador Jo\u00e3o Doria anunciou nesta sexta (29) que as regi\u00f5es de Presidente Prudente e Sorocaba passam da fase vermelha para a laranja do Plano S\u00e3o Paulo a partir da pr\u00f3xima segunda (1). A reclassifica\u00e7\u00e3o tamb\u00e9m determinou o recuo da regi\u00e3o de Ribeir\u00e3o Preto para a etapa vermelha, com restri\u00e7\u00e3o total a com\u00e9rcios e servi\u00e7os n\u00e3o essenciais.<\/p>\n<p>\u201cHouve um decr\u00e9scimo nos indicadores de casos, interna\u00e7\u00f5es e \u00f3bitos nas \u00faltimas duas semanas, mas a pandemia ainda est\u00e1 em um patamar muito elevado no estado\u201d, afirmou o Governador.<\/p>\n<p>\u201cNesta nova reclassifica\u00e7\u00e3o do Plano S\u00e3o Paulo, 82% da popula\u00e7\u00e3o do estado est\u00e1 concentrada em regi\u00f5es da fase laranja. Outros 18% est\u00e3o na etapa vermelha\u201d, acrescentou Doria.<\/p>\n<p>Com as regras anunciadas h\u00e1 uma semana, todos as 645 cidades de S\u00e3o Paulo ficam na fase vermelha em dias \u00fateis, das 20h \u00e0s 6h, e em per\u00edodo integral aos finais de semana e feriados estaduais ou nacionais. Todas as regras do Plano SP est\u00e3o detalhadas no site saopaulo.sp.gov.br\/planosp\/<\/p>\n<p>Nos munic\u00edpios abrangidos pelos DRSs (Departamentos Regionais de Sa\u00fade) de Barretos, Bauru, Franca, Mar\u00edlia, Ribeir\u00e3o Preto e Taubat\u00e9, as restri\u00e7\u00f5es da fase vermelha valem durante todos os dias. Todas as seis regi\u00f5es est\u00e3o com ocupa\u00e7\u00e3o hospitalar de pacientes graves com COVID-19 acima de 75%<\/p>\n<p>As medidas v\u00e3o vigorar at\u00e9 o dia 7 de fevereiro. At\u00e9 l\u00e1, nenhuma regi\u00e3o poder\u00e1 avan\u00e7ar \u00e0s fases amarela e verde, as mais flex\u00edveis em rela\u00e7\u00e3o ao atendimento presencial.<\/p>\n<p>A fase vermelha s\u00f3 permite funcionamento normal de servi\u00e7os como farm\u00e1cias, mercados, padarias, lojas de conveni\u00eancia, bancas de jornal, postos de combust\u00edveis, lavanderias e hotelaria. J\u00e1 com\u00e9rcios e servi\u00e7os n\u00e3o essenciais s\u00f3 podem atender em esquema de retirada na porta, drive-thru e entregas por telefone ou aplicativos.<\/p>\n<p>Na etapa laranja, academias, sal\u00f5es de beleza, restaurantes, cinemas, teatros, shoppings, concession\u00e1rias, escrit\u00f3rios e parques estaduais podem funcionar por at\u00e9 oito horas di\u00e1rias, com atendimento presencial limitado a 40% da capacidade e encerramento \u00e0s 20h. O consumo local em bares est\u00e1 totalmente proibido.<\/p>\n<p>A venda de bebidas alco\u00f3licas no com\u00e9rcio varejista s\u00f3 pode ocorrer entre 6h e 20h. Somente a partir da fase verde, a mais branda, \u00e9 que essa comercializa\u00e7\u00e3o poder\u00e1 voltar a ser feita sem restri\u00e7\u00f5es.<\/p>\n<p>Todos os protocolos sanit\u00e1rios e de seguran\u00e7a para os setores econ\u00f4micos est\u00e3o dispon\u00edveis no site saopaulo.sp.gov.br\/planosp e devem ser cumpridos com rigor. Prefeituras que se recusarem a seguir as normas estabelecidas pelo Governo do Estado ficam sujeitas a san\u00e7\u00f5es judiciais.<\/p>\n<p>Dados da pandemia<\/p>\n<p>Com os dados epidemiol\u00f3gicos semanais divulgados nesta sexta, a m\u00e9dia estadual passou de 348,6 para 347,8 novos casos por 100 mil habitantes. A taxa de novas interna\u00e7\u00f5es foi de 54,1 para 51,9 a cada 100 mil habitantes, e as mortes ficaram praticamente est\u00e1veis, em 7,2 por 100 mil habitantes.<\/p>\n<p>A press\u00e3o sobre o sistema hospitalar teve ligeiro recuo, mas ainda \u00e9 preocupante. A m\u00e9dia estadual de ocupa\u00e7\u00e3o de leitos de UTI por pacientes graves de COVID-19 caiu de 71,1% para 69,9%, com 19,5 vagas a cada 100 mil habitantes.<\/p>\n<p>Neste m\u00eas, o Governo do Estado endureceu o par\u00e2metro de ocupa\u00e7\u00e3o de UTI COVID-19 de 80% para 75% para a fase vermelha, al\u00e9m de cancelar a realiza\u00e7\u00e3o de cirurgias eletivas. A Secretaria da Sa\u00fade tamb\u00e9m coordena a abertura de 750 novos leitos de UTI em todas as regi\u00f5es do estado.<\/p>\n<p>O resumo com as informa\u00e7\u00f5es sobre a reclassifica\u00e7\u00e3o do Plano S\u00e3o Paulo e os indicadores epidemiol\u00f3gicos e de capacidade hospitalar de cada regi\u00e3o est\u00e3o dispon\u00edveis no link http:\/\/bit.ly\/3jad0S5<\/p>\n","protected":false},"excerpt":{"rendered":"<p>Com leve melhora de indicadores, \u00e1reas de Presidente Prudente e Sorocaba, v\u00e3o para fase laranja; Ribeir\u00e3o Preto recua para etapa vermelha O Governador Jo\u00e3o Doria anunciou<span class=\"excerpt-hellip\"> [\u2026]<\/span><\/p>\n","protected":false},"author":4,"featured_media":13776,"comment_status":"open","ping_status":"open","sticky":false,"template":"","format":"standard","meta":{"_jetpack_memberships_contains_paid_content":false,"footnotes":"","jetpack_publicize_message":"","jetpack_publicize_feature_enabled":true,"jetpack_social_post_already_shared":false,"jetpack_social_options":{"image_generator_settings":{"template":"highway","default_image_id":0,"enabled":false},"version":2}},"categories":[28,81],"tags":[],"class_list":["post-13775","post","type-post","status-publish","format-standard","has-post-thumbnail","hentry","category-cotidiano","category-manchete"],"yoast_head":"<!-- This site is optimized with the Yoast SEO plugin v25.6 - https:\/\/yoast.com\/wordpress\/plugins\/seo\/ -->\n<title>Governo do Estado anuncia reclassifica\u00e7\u00e3o de regi\u00f5es no Plano SP - VerdadeOn<\/title>\n<meta name=\"robots\" content=\"index, follow, max-snippet:-1, max-image-preview:large, max-video-preview:-1\" \/>\n<link rel=\"canonical\" href=\"https:\/\/verdadeon.com.br\/portal\/2021\/01\/29\/governo-do-estado-anuncia-reclassificacao-de-regioes-no-plano-sp\/\" \/>\n<meta property=\"og:locale\" content=\"pt_BR\" \/>\n<meta property=\"og:type\" content=\"article\" \/>\n<meta property=\"og:title\" content=\"Governo do Estado anuncia reclassifica\u00e7\u00e3o de regi\u00f5es no Plano SP - VerdadeOn\" \/>\n<meta property=\"og:description\" content=\"Com leve melhora de indicadores, \u00e1reas de Presidente Prudente e Sorocaba, v\u00e3o para fase laranja; Ribeir\u00e3o Preto recua para etapa vermelha O Governador Jo\u00e3o Doria anunciou [\u2026]\" \/>\n<meta property=\"og:url\" content=\"https:\/\/verdadeon.com.br\/portal\/2021\/01\/29\/governo-do-estado-anuncia-reclassificacao-de-regioes-no-plano-sp\/\" \/>\n<meta property=\"og:site_name\" content=\"VerdadeOn\" \/>\n<meta property=\"article:published_time\" content=\"2021-01-29T16:49:06+00:00\" \/>\n<meta property=\"og:image\" content=\"https:\/\/verdadeon.com.br\/portal\/wp-content\/uploads\/2021\/01\/WhatsApp-Image-2021-01-29-at-13.31.29.jpeg\" \/>\n\t<meta property=\"og:image:width\" content=\"1000\" \/>\n\t<meta property=\"og:image:height\" content=\"670\" \/>\n\t<meta property=\"og:image:type\" content=\"image\/jpeg\" \/>\n<meta name=\"author\" content=\"Fernando Calixto\" \/>\n<meta name=\"twitter:card\" content=\"summary_large_image\" \/>\n<meta name=\"twitter:label1\" content=\"Escrito por\" \/>\n\t<meta name=\"twitter:data1\" content=\"Fernando Calixto\" \/>\n\t<meta name=\"twitter:label2\" content=\"Est. tempo de leitura\" \/>\n\t<meta name=\"twitter:data2\" content=\"3 minutos\" \/>\n<script type=\"application\/ld+json\" class=\"yoast-schema-graph\">{\"@context\":\"https:\/\/schema.org\",\"@graph\":[{\"@type\":\"WebPage\",\"@id\":\"https:\/\/verdadeon.com.br\/portal\/2021\/01\/29\/governo-do-estado-anuncia-reclassificacao-de-regioes-no-plano-sp\/\",\"url\":\"https:\/\/verdadeon.com.br\/portal\/2021\/01\/29\/governo-do-estado-anuncia-reclassificacao-de-regioes-no-plano-sp\/\",\"name\":\"Governo do Estado anuncia reclassifica\u00e7\u00e3o de regi\u00f5es no Plano SP - VerdadeOn\",\"isPartOf\":{\"@id\":\"https:\/\/verdadeon.com.br\/portal\/#website\"},\"primaryImageOfPage\":{\"@id\":\"https:\/\/verdadeon.com.br\/portal\/2021\/01\/29\/governo-do-estado-anuncia-reclassificacao-de-regioes-no-plano-sp\/#primaryimage\"},\"image\":{\"@id\":\"https:\/\/verdadeon.com.br\/portal\/2021\/01\/29\/governo-do-estado-anuncia-reclassificacao-de-regioes-no-plano-sp\/#primaryimage\"},\"thumbnailUrl\":\"https:\/\/i0.wp.com\/verdadeon.com.br\/portal\/wp-content\/uploads\/2021\/01\/WhatsApp-Image-2021-01-29-at-13.31.29.jpeg?fit=1000%2C670&ssl=1\",\"datePublished\":\"2021-01-29T16:49:06+00:00\",\"author\":{\"@id\":\"https:\/\/verdadeon.com.br\/portal\/#\/schema\/person\/8994718f49ee62ba5610471e29ca1f62\"},\"breadcrumb\":{\"@id\":\"https:\/\/verdadeon.com.br\/portal\/2021\/01\/29\/governo-do-estado-anuncia-reclassificacao-de-regioes-no-plano-sp\/#breadcrumb\"},\"inLanguage\":\"pt-BR\",\"potentialAction\":[{\"@type\":\"ReadAction\",\"target\":[\"https:\/\/verdadeon.com.br\/portal\/2021\/01\/29\/governo-do-estado-anuncia-reclassificacao-de-regioes-no-plano-sp\/\"]}]},{\"@type\":\"ImageObject\",\"inLanguage\":\"pt-BR\",\"@id\":\"https:\/\/verdadeon.com.br\/portal\/2021\/01\/29\/governo-do-estado-anuncia-reclassificacao-de-regioes-no-plano-sp\/#primaryimage\",\"url\":\"https:\/\/i0.wp.com\/verdadeon.com.br\/portal\/wp-content\/uploads\/2021\/01\/WhatsApp-Image-2021-01-29-at-13.31.29.jpeg?fit=1000%2C670&ssl=1\",\"contentUrl\":\"https:\/\/i0.wp.com\/verdadeon.com.br\/portal\/wp-content\/uploads\/2021\/01\/WhatsApp-Image-2021-01-29-at-13.31.29.jpeg?fit=1000%2C670&ssl=1\",\"width\":1000,\"height\":670},{\"@type\":\"BreadcrumbList\",\"@id\":\"https:\/\/verdadeon.com.br\/portal\/2021\/01\/29\/governo-do-estado-anuncia-reclassificacao-de-regioes-no-plano-sp\/#breadcrumb\",\"itemListElement\":[{\"@type\":\"ListItem\",\"position\":1,\"name\":\"In\u00edcio\",\"item\":\"https:\/\/verdadeon.com.br\/portal\/\"},{\"@type\":\"ListItem\",\"position\":2,\"name\":\"Governo do Estado anuncia reclassifica\u00e7\u00e3o de regi\u00f5es no Plano SP\"}]},{\"@type\":\"WebSite\",\"@id\":\"https:\/\/verdadeon.com.br\/portal\/#website\",\"url\":\"https:\/\/verdadeon.com.br\/portal\/\",\"name\":\"VerdadeOn\",\"description\":\"Not\u00edcias di\u00e1rias sobre Franca, Regi\u00e3o, Esporte, Cultura, Cotidiano, Colunas. Cobertura nos principais eventos da cidade \u00e9 aqui - Verdadeon Franca\",\"potentialAction\":[{\"@type\":\"SearchAction\",\"target\":{\"@type\":\"EntryPoint\",\"urlTemplate\":\"https:\/\/verdadeon.com.br\/portal\/?s={search_term_string}\"},\"query-input\":{\"@type\":\"PropertyValueSpecification\",\"valueRequired\":true,\"valueName\":\"search_term_string\"}}],\"inLanguage\":\"pt-BR\"},{\"@type\":\"Person\",\"@id\":\"https:\/\/verdadeon.com.br\/portal\/#\/schema\/person\/8994718f49ee62ba5610471e29ca1f62\",\"name\":\"Fernando Calixto\",\"image\":{\"@type\":\"ImageObject\",\"inLanguage\":\"pt-BR\",\"@id\":\"https:\/\/verdadeon.com.br\/portal\/#\/schema\/person\/image\/\",\"url\":\"https:\/\/secure.gravatar.com\/avatar\/7578910c24966c0316c340f9dbd601e93ee9f9212e1033968b367af9306bd9fb?s=96&d=mm&r=g\",\"contentUrl\":\"https:\/\/secure.gravatar.com\/avatar\/7578910c24966c0316c340f9dbd601e93ee9f9212e1033968b367af9306bd9fb?s=96&d=mm&r=g\",\"caption\":\"Fernando Calixto\"},\"url\":\"https:\/\/verdadeon.com.br\/portal\/author\/fernando-calixto\/\"}]}<\/script>\n<!-- \/ Yoast SEO plugin. -->","yoast_head_json":{"title":"Governo do Estado anuncia reclassifica\u00e7\u00e3o de regi\u00f5es no Plano SP - VerdadeOn","robots":{"index":"index","follow":"follow","max-snippet":"max-snippet:-1","max-image-preview":"max-image-preview:large","max-video-preview":"max-video-preview:-1"},"canonical":"https:\/\/verdadeon.com.br\/portal\/2021\/01\/29\/governo-do-estado-anuncia-reclassificacao-de-regioes-no-plano-sp\/","og_locale":"pt_BR","og_type":"article","og_title":"Governo do Estado anuncia reclassifica\u00e7\u00e3o de regi\u00f5es no Plano SP - VerdadeOn","og_description":"Com leve melhora de indicadores, \u00e1reas de Presidente Prudente e Sorocaba, v\u00e3o para fase laranja; Ribeir\u00e3o Preto recua para etapa vermelha O Governador Jo\u00e3o Doria anunciou [\u2026]","og_url":"https:\/\/verdadeon.com.br\/portal\/2021\/01\/29\/governo-do-estado-anuncia-reclassificacao-de-regioes-no-plano-sp\/","og_site_name":"VerdadeOn","article_published_time":"2021-01-29T16:49:06+00:00","og_image":[{"width":1000,"height":670,"url":"https:\/\/verdadeon.com.br\/portal\/wp-content\/uploads\/2021\/01\/WhatsApp-Image-2021-01-29-at-13.31.29.jpeg","type":"image\/jpeg"}],"author":"Fernando Calixto","twitter_card":"summary_large_image","twitter_misc":{"Escrito por":"Fernando Calixto","Est. tempo de leitura":"3 minutos"},"schema":{"@context":"https:\/\/schema.org","@graph":[{"@type":"WebPage","@id":"https:\/\/verdadeon.com.br\/portal\/2021\/01\/29\/governo-do-estado-anuncia-reclassificacao-de-regioes-no-plano-sp\/","url":"https:\/\/verdadeon.com.br\/portal\/2021\/01\/29\/governo-do-estado-anuncia-reclassificacao-de-regioes-no-plano-sp\/","name":"Governo do Estado anuncia reclassifica\u00e7\u00e3o de regi\u00f5es no Plano SP - VerdadeOn","isPartOf":{"@id":"https:\/\/verdadeon.com.br\/portal\/#website"},"primaryImageOfPage":{"@id":"https:\/\/verdadeon.com.br\/portal\/2021\/01\/29\/governo-do-estado-anuncia-reclassificacao-de-regioes-no-plano-sp\/#primaryimage"},"image":{"@id":"https:\/\/verdadeon.com.br\/portal\/2021\/01\/29\/governo-do-estado-anuncia-reclassificacao-de-regioes-no-plano-sp\/#primaryimage"},"thumbnailUrl":"https:\/\/i0.wp.com\/verdadeon.com.br\/portal\/wp-content\/uploads\/2021\/01\/WhatsApp-Image-2021-01-29-at-13.31.29.jpeg?fit=1000%2C670&ssl=1","datePublished":"2021-01-29T16:49:06+00:00","author":{"@id":"https:\/\/verdadeon.com.br\/portal\/#\/schema\/person\/8994718f49ee62ba5610471e29ca1f62"},"breadcrumb":{"@id":"https:\/\/verdadeon.com.br\/portal\/2021\/01\/29\/governo-do-estado-anuncia-reclassificacao-de-regioes-no-plano-sp\/#breadcrumb"},"inLanguage":"pt-BR","potentialAction":[{"@type":"ReadAction","target":["https:\/\/verdadeon.com.br\/portal\/2021\/01\/29\/governo-do-estado-anuncia-reclassificacao-de-regioes-no-plano-sp\/"]}]},{"@type":"ImageObject","inLanguage":"pt-BR","@id":"https:\/\/verdadeon.com.br\/portal\/2021\/01\/29\/governo-do-estado-anuncia-reclassificacao-de-regioes-no-plano-sp\/#primaryimage","url":"https:\/\/i0.wp.com\/verdadeon.com.br\/portal\/wp-content\/uploads\/2021\/01\/WhatsApp-Image-2021-01-29-at-13.31.29.jpeg?fit=1000%2C670&ssl=1","contentUrl":"https:\/\/i0.wp.com\/verdadeon.com.br\/portal\/wp-content\/uploads\/2021\/01\/WhatsApp-Image-2021-01-29-at-13.31.29.jpeg?fit=1000%2C670&ssl=1","width":1000,"height":670},{"@type":"BreadcrumbList","@id":"https:\/\/verdadeon.com.br\/portal\/2021\/01\/29\/governo-do-estado-anuncia-reclassificacao-de-regioes-no-plano-sp\/#breadcrumb","itemListElement":[{"@type":"ListItem","position":1,"name":"In\u00edcio","item":"https:\/\/verdadeon.com.br\/portal\/"},{"@type":"ListItem","position":2,"name":"Governo do Estado anuncia reclassifica\u00e7\u00e3o de regi\u00f5es no Plano SP"}]},{"@type":"WebSite","@id":"https:\/\/verdadeon.com.br\/portal\/#website","url":"https:\/\/verdadeon.com.br\/portal\/","name":"VerdadeOn","description":"Not\u00edcias di\u00e1rias sobre Franca, Regi\u00e3o, Esporte, Cultura, Cotidiano, Colunas. Cobertura nos principais eventos da cidade \u00e9 aqui - Verdadeon Franca","potentialAction":[{"@type":"SearchAction","target":{"@type":"EntryPoint","urlTemplate":"https:\/\/verdadeon.com.br\/portal\/?s={search_term_string}"},"query-input":{"@type":"PropertyValueSpecification","valueRequired":true,"valueName":"search_term_string"}}],"inLanguage":"pt-BR"},{"@type":"Person","@id":"https:\/\/verdadeon.com.br\/portal\/#\/schema\/person\/8994718f49ee62ba5610471e29ca1f62","name":"Fernando Calixto","image":{"@type":"ImageObject","inLanguage":"pt-BR","@id":"https:\/\/verdadeon.com.br\/portal\/#\/schema\/person\/image\/","url":"https:\/\/secure.gravatar.com\/avatar\/7578910c24966c0316c340f9dbd601e93ee9f9212e1033968b367af9306bd9fb?s=96&d=mm&r=g","contentUrl":"https:\/\/secure.gravatar.com\/avatar\/7578910c24966c0316c340f9dbd601e93ee9f9212e1033968b367af9306bd9fb?s=96&d=mm&r=g","caption":"Fernando Calixto"},"url":"https:\/\/verdadeon.com.br\/portal\/author\/fernando-calixto\/"}]}},"jetpack_publicize_connections":[],"jetpack_featured_media_url":"https:\/\/i0.wp.com\/verdadeon.com.br\/portal\/wp-content\/uploads\/2021\/01\/WhatsApp-Image-2021-01-29-at-13.31.29.jpeg?fit=1000%2C670&ssl=1","jetpack_sharing_enabled":true,"_links":{"self":[{"href":"https:\/\/verdadeon.com.br\/portal\/wp-json\/wp\/v2\/posts\/13775","targetHints":{"allow":["GET"]}}],"collection":[{"href":"https:\/\/verdadeon.com.br\/portal\/wp-json\/wp\/v2\/posts"}],"about":[{"href":"https:\/\/verdadeon.com.br\/portal\/wp-json\/wp\/v2\/types\/post"}],"author":[{"embeddable":true,"href":"https:\/\/verdadeon.com.br\/portal\/wp-json\/wp\/v2\/users\/4"}],"replies":[{"embeddable":true,"href":"https:\/\/verdadeon.com.br\/portal\/wp-json\/wp\/v2\/comments?post=13775"}],"version-history":[{"count":0,"href":"https:\/\/verdadeon.com.br\/portal\/wp-json\/wp\/v2\/posts\/13775\/revisions"}],"wp:featuredmedia":[{"embeddable":true,"href":"https:\/\/verdadeon.com.br\/portal\/wp-json\/wp\/v2\/media\/13776"}],"wp:attachment":[{"href":"https:\/\/verdadeon.com.br\/portal\/wp-json\/wp\/v2\/media?parent=13775"}],"wp:term":[{"taxonomy":"category","embeddable":true,"href":"https:\/\/verdadeon.com.br\/portal\/wp-json\/wp\/v2\/categories?post=13775"},{"taxonomy":"post_tag","embeddable":true,"href":"https:\/\/verdadeon.com.br\/portal\/wp-json\/wp\/v2\/tags?post=13775"}],"curies":[{"name":"wp","href":"https:\/\/api.w.org\/{rel}","templated":true}]}}