{"id":13743,"date":"2021-01-28T14:46:29","date_gmt":"2021-01-28T17:46:29","guid":{"rendered":"https:\/\/verdadeon.com.br\/portal\/?p=13743"},"modified":"2021-01-28T14:46:29","modified_gmt":"2021-01-28T17:46:29","slug":"assista-fugindo-da-policia-militar-criminoso-causa-capotamento-na-estacao","status":"publish","type":"post","link":"https:\/\/verdadeon.com.br\/portal\/2021\/01\/28\/assista-fugindo-da-policia-militar-criminoso-causa-capotamento-na-estacao\/","title":{"rendered":"Assista: Fugindo da Pol\u00edcia Militar, criminoso causa capotamento na Esta\u00e7\u00e3o"},"content":{"rendered":"<h2>Suspeita \u00e9 que homem estava com materiais furtados, a m\u00e3e dele que tamb\u00e9m estava no ve\u00edculo teve ferimentos na cabe\u00e7a<\/h2>\n<p>Um ve\u00edculo capotou na manh\u00e3 desta quinta-feira (28), em um acidente na rua General Os\u00f3rio, no bairro Esta\u00e7\u00e3o em Franca. Segundo o Sargento Diego da Pol\u00edcia Militar, o motorista de um fusca fugia pela rua Gon\u00e7alves Dias, quando n\u00e3o obedeceu a sinaliza\u00e7\u00e3o e bateu em um fiat, que com o impacto tombou e atingiu mais dois ve\u00edculos que estavam estacionados. Imagens de c\u00e2meras de seguran\u00e7a flagraram o acidente (assista abaixo).<br \/>\nDe acordo com a pol\u00edcia, v\u00e1rios objetos de origem suspeita foram encontrados dentro do fusca, a investiga\u00e7\u00e3o aponta que eles s\u00e3o furtados. Uma idosa que \u00e9 m\u00e3e do motorista que fugia tamb\u00e9m estava no carro, e foi socorrida com ferimentos na cabe\u00e7a.<br \/>\nO tr\u00e2nsito foi impedido e houve lentid\u00e3o no local, a per\u00edcia tamb\u00e9m esteve na cena. O suspeito foi levado para a Pol\u00edcia Civil, onde foi ouvido e ap\u00f3s recolhido ao Sistema Prisional de Franca.<\/p>\n\n\t\t\t<style type='text\/css'>\n\t\t\t\t#sc_gallery-1 {\n\t\t\t\t\tmargin: auto;\n\t\t\t\t}\n\t\t\t\t#sc_gallery-1 .gallery-item {\n\t\t\t\t\tfloat: left;\n\t\t\t\t\tmargin-top: 10px;\n\t\t\t\t\ttext-align: center;\n\t\t\t\t\twidth: 99.99%;\n\t\t\t\t}\n\t\t\t\t#sc_gallery-1 img {\n\t\t\t\t\tborder: 2px solid #cfcfcf;\n\t\t\t\t}\n\t\t\t\t#sc_gallery-1 .gallery-caption {\n\t\t\t\t\tmargin-left: 0;\n\t\t\t\t}\n\t\t\t\t\/* see sc_gallery() in functions\/theme-shortcodes.php *\/\n\t\t\t<\/style>\n\t\t<div id='sc_gallery-1' class='gallery galleryid-13743 gallery-columns-1 gallery-size-full '><dl class='gallery-item'>\n\t\t\t\t<dt class='gallery-icon landscape'>\n\t\t\t\t\t<a href='https:\/\/verdadeon.com.br\/portal\/2021\/01\/28\/assista-fugindo-da-policia-militar-criminoso-causa-capotamento-na-estacao\/whatsapp-image-2021-01-28-at-14-38-02-1\/'><img loading=\"lazy\" decoding=\"async\" width=\"1280\" height=\"640\" src=\"https:\/\/i0.wp.com\/verdadeon.com.br\/portal\/wp-content\/uploads\/2021\/01\/WhatsApp-Image-2021-01-28-at-14.38.02-1.jpeg?fit=1280%2C640&amp;ssl=1\" class=\"attachment-full size-full\" alt=\"\" srcset=\"https:\/\/i0.wp.com\/verdadeon.com.br\/portal\/wp-content\/uploads\/2021\/01\/WhatsApp-Image-2021-01-28-at-14.38.02-1.jpeg?w=1280&amp;ssl=1 1280w, https:\/\/i0.wp.com\/verdadeon.com.br\/portal\/wp-content\/uploads\/2021\/01\/WhatsApp-Image-2021-01-28-at-14.38.02-1.jpeg?resize=300%2C150&amp;ssl=1 300w, https:\/\/i0.wp.com\/verdadeon.com.br\/portal\/wp-content\/uploads\/2021\/01\/WhatsApp-Image-2021-01-28-at-14.38.02-1.jpeg?resize=1024%2C512&amp;ssl=1 1024w, https:\/\/i0.wp.com\/verdadeon.com.br\/portal\/wp-content\/uploads\/2021\/01\/WhatsApp-Image-2021-01-28-at-14.38.02-1.jpeg?resize=768%2C384&amp;ssl=1 768w, https:\/\/i0.wp.com\/verdadeon.com.br\/portal\/wp-content\/uploads\/2021\/01\/WhatsApp-Image-2021-01-28-at-14.38.02-1.jpeg?resize=260%2C130&amp;ssl=1 260w, https:\/\/i0.wp.com\/verdadeon.com.br\/portal\/wp-content\/uploads\/2021\/01\/WhatsApp-Image-2021-01-28-at-14.38.02-1.jpeg?resize=50%2C25&amp;ssl=1 50w, https:\/\/i0.wp.com\/verdadeon.com.br\/portal\/wp-content\/uploads\/2021\/01\/WhatsApp-Image-2021-01-28-at-14.38.02-1.jpeg?resize=150%2C75&amp;ssl=1 150w\" sizes=\"auto, (max-width: 1220px) 100vw, 1220px\" \/><\/a>\n\t\t\t\t<\/dt><\/dl><br style=\"clear: both\" \/><dl class='gallery-item'>\n\t\t\t\t<dt class='gallery-icon landscape'>\n\t\t\t\t\t<a href='https:\/\/verdadeon.com.br\/portal\/2021\/01\/28\/assista-fugindo-da-policia-militar-criminoso-causa-capotamento-na-estacao\/whatsapp-image-2021-01-28-at-14-38-03\/'><img loading=\"lazy\" decoding=\"async\" width=\"1280\" height=\"640\" src=\"https:\/\/i0.wp.com\/verdadeon.com.br\/portal\/wp-content\/uploads\/2021\/01\/WhatsApp-Image-2021-01-28-at-14.38.03.jpeg?fit=1280%2C640&amp;ssl=1\" class=\"attachment-full size-full\" alt=\"\" srcset=\"https:\/\/i0.wp.com\/verdadeon.com.br\/portal\/wp-content\/uploads\/2021\/01\/WhatsApp-Image-2021-01-28-at-14.38.03.jpeg?w=1280&amp;ssl=1 1280w, https:\/\/i0.wp.com\/verdadeon.com.br\/portal\/wp-content\/uploads\/2021\/01\/WhatsApp-Image-2021-01-28-at-14.38.03.jpeg?resize=300%2C150&amp;ssl=1 300w, https:\/\/i0.wp.com\/verdadeon.com.br\/portal\/wp-content\/uploads\/2021\/01\/WhatsApp-Image-2021-01-28-at-14.38.03.jpeg?resize=1024%2C512&amp;ssl=1 1024w, https:\/\/i0.wp.com\/verdadeon.com.br\/portal\/wp-content\/uploads\/2021\/01\/WhatsApp-Image-2021-01-28-at-14.38.03.jpeg?resize=768%2C384&amp;ssl=1 768w, https:\/\/i0.wp.com\/verdadeon.com.br\/portal\/wp-content\/uploads\/2021\/01\/WhatsApp-Image-2021-01-28-at-14.38.03.jpeg?resize=260%2C130&amp;ssl=1 260w, https:\/\/i0.wp.com\/verdadeon.com.br\/portal\/wp-content\/uploads\/2021\/01\/WhatsApp-Image-2021-01-28-at-14.38.03.jpeg?resize=50%2C25&amp;ssl=1 50w, https:\/\/i0.wp.com\/verdadeon.com.br\/portal\/wp-content\/uploads\/2021\/01\/WhatsApp-Image-2021-01-28-at-14.38.03.jpeg?resize=150%2C75&amp;ssl=1 150w\" sizes=\"auto, (max-width: 1220px) 100vw, 1220px\" \/><\/a>\n\t\t\t\t<\/dt><\/dl><br style=\"clear: both\" \/><dl class='gallery-item'>\n\t\t\t\t<dt class='gallery-icon landscape'>\n\t\t\t\t\t<a href='https:\/\/verdadeon.com.br\/portal\/2021\/01\/28\/assista-fugindo-da-policia-militar-criminoso-causa-capotamento-na-estacao\/whatsapp-image-2021-01-28-at-14-38-02\/'><img loading=\"lazy\" decoding=\"async\" width=\"1280\" height=\"640\" src=\"https:\/\/i0.wp.com\/verdadeon.com.br\/portal\/wp-content\/uploads\/2021\/01\/WhatsApp-Image-2021-01-28-at-14.38.02.jpeg?fit=1280%2C640&amp;ssl=1\" class=\"attachment-full size-full\" alt=\"\" srcset=\"https:\/\/i0.wp.com\/verdadeon.com.br\/portal\/wp-content\/uploads\/2021\/01\/WhatsApp-Image-2021-01-28-at-14.38.02.jpeg?w=1280&amp;ssl=1 1280w, https:\/\/i0.wp.com\/verdadeon.com.br\/portal\/wp-content\/uploads\/2021\/01\/WhatsApp-Image-2021-01-28-at-14.38.02.jpeg?resize=300%2C150&amp;ssl=1 300w, https:\/\/i0.wp.com\/verdadeon.com.br\/portal\/wp-content\/uploads\/2021\/01\/WhatsApp-Image-2021-01-28-at-14.38.02.jpeg?resize=1024%2C512&amp;ssl=1 1024w, https:\/\/i0.wp.com\/verdadeon.com.br\/portal\/wp-content\/uploads\/2021\/01\/WhatsApp-Image-2021-01-28-at-14.38.02.jpeg?resize=768%2C384&amp;ssl=1 768w, https:\/\/i0.wp.com\/verdadeon.com.br\/portal\/wp-content\/uploads\/2021\/01\/WhatsApp-Image-2021-01-28-at-14.38.02.jpeg?resize=260%2C130&amp;ssl=1 260w, https:\/\/i0.wp.com\/verdadeon.com.br\/portal\/wp-content\/uploads\/2021\/01\/WhatsApp-Image-2021-01-28-at-14.38.02.jpeg?resize=50%2C25&amp;ssl=1 50w, https:\/\/i0.wp.com\/verdadeon.com.br\/portal\/wp-content\/uploads\/2021\/01\/WhatsApp-Image-2021-01-28-at-14.38.02.jpeg?resize=150%2C75&amp;ssl=1 150w\" sizes=\"auto, (max-width: 1220px) 100vw, 1220px\" \/><\/a>\n\t\t\t\t<\/dt><\/dl><br style=\"clear: both\" \/><dl class='gallery-item'>\n\t\t\t\t<dt class='gallery-icon landscape'>\n\t\t\t\t\t<a href='https:\/\/verdadeon.com.br\/portal\/2021\/01\/28\/assista-fugindo-da-policia-militar-criminoso-causa-capotamento-na-estacao\/whatsapp-image-2021-01-28-at-14-38-03-1\/'><img loading=\"lazy\" decoding=\"async\" width=\"1280\" height=\"640\" src=\"https:\/\/i0.wp.com\/verdadeon.com.br\/portal\/wp-content\/uploads\/2021\/01\/WhatsApp-Image-2021-01-28-at-14.38.03-1.jpeg?fit=1280%2C640&amp;ssl=1\" class=\"attachment-full size-full\" alt=\"\" srcset=\"https:\/\/i0.wp.com\/verdadeon.com.br\/portal\/wp-content\/uploads\/2021\/01\/WhatsApp-Image-2021-01-28-at-14.38.03-1.jpeg?w=1280&amp;ssl=1 1280w, https:\/\/i0.wp.com\/verdadeon.com.br\/portal\/wp-content\/uploads\/2021\/01\/WhatsApp-Image-2021-01-28-at-14.38.03-1.jpeg?resize=300%2C150&amp;ssl=1 300w, https:\/\/i0.wp.com\/verdadeon.com.br\/portal\/wp-content\/uploads\/2021\/01\/WhatsApp-Image-2021-01-28-at-14.38.03-1.jpeg?resize=1024%2C512&amp;ssl=1 1024w, https:\/\/i0.wp.com\/verdadeon.com.br\/portal\/wp-content\/uploads\/2021\/01\/WhatsApp-Image-2021-01-28-at-14.38.03-1.jpeg?resize=768%2C384&amp;ssl=1 768w, https:\/\/i0.wp.com\/verdadeon.com.br\/portal\/wp-content\/uploads\/2021\/01\/WhatsApp-Image-2021-01-28-at-14.38.03-1.jpeg?resize=260%2C130&amp;ssl=1 260w, https:\/\/i0.wp.com\/verdadeon.com.br\/portal\/wp-content\/uploads\/2021\/01\/WhatsApp-Image-2021-01-28-at-14.38.03-1.jpeg?resize=50%2C25&amp;ssl=1 50w, https:\/\/i0.wp.com\/verdadeon.com.br\/portal\/wp-content\/uploads\/2021\/01\/WhatsApp-Image-2021-01-28-at-14.38.03-1.jpeg?resize=150%2C75&amp;ssl=1 150w\" sizes=\"auto, (max-width: 1220px) 100vw, 1220px\" \/><\/a>\n\t\t\t\t<\/dt><\/dl><br style=\"clear: both\" \/>\n\t\t\t<\/div>\n\n<p>&nbsp;<\/p>\n<p><iframe loading=\"lazy\" style=\"border: none; overflow: hidden;\" src=\"https:\/\/www.facebook.com\/plugins\/video.php?href=https%3A%2F%2Fwww.facebook.com%2Fverdadeon%2Fvideos%2F229580338845004%2F&amp;show_text=0&amp;width=560\" width=\"560\" height=\"308\" frameborder=\"0\" scrolling=\"no\" allowfullscreen=\"allowfullscreen\"><\/iframe><\/p>\n","protected":false},"excerpt":{"rendered":"<p>Suspeita \u00e9 que homem estava com materiais furtados, a m\u00e3e dele que tamb\u00e9m estava no ve\u00edculo teve ferimentos na cabe\u00e7a Um ve\u00edculo capotou na manh\u00e3 desta<span class=\"excerpt-hellip\"> [\u2026]<\/span><\/p>\n","protected":false},"author":4,"featured_media":13747,"comment_status":"open","ping_status":"open","sticky":false,"template":"","format":"standard","meta":{"_jetpack_memberships_contains_paid_content":false,"footnotes":"","jetpack_publicize_message":"","jetpack_publicize_feature_enabled":true,"jetpack_social_post_already_shared":false,"jetpack_social_options":{"image_generator_settings":{"template":"highway","default_image_id":0,"enabled":false},"version":2}},"categories":[28,81],"tags":[],"class_list":["post-13743","post","type-post","status-publish","format-standard","has-post-thumbnail","hentry","category-cotidiano","category-manchete"],"yoast_head":"<!-- This site is optimized with the Yoast SEO plugin v25.6 - https:\/\/yoast.com\/wordpress\/plugins\/seo\/ -->\n<title>Assista: Fugindo da Pol\u00edcia Militar, criminoso causa capotamento na Esta\u00e7\u00e3o - VerdadeOn<\/title>\n<meta name=\"robots\" content=\"index, follow, max-snippet:-1, max-image-preview:large, max-video-preview:-1\" \/>\n<link rel=\"canonical\" href=\"https:\/\/verdadeon.com.br\/portal\/2021\/01\/28\/assista-fugindo-da-policia-militar-criminoso-causa-capotamento-na-estacao\/\" \/>\n<meta property=\"og:locale\" content=\"pt_BR\" \/>\n<meta property=\"og:type\" content=\"article\" \/>\n<meta property=\"og:title\" content=\"Assista: Fugindo da Pol\u00edcia Militar, criminoso causa capotamento na Esta\u00e7\u00e3o - VerdadeOn\" \/>\n<meta property=\"og:description\" content=\"Suspeita \u00e9 que homem estava com materiais furtados, a m\u00e3e dele que tamb\u00e9m estava no ve\u00edculo teve ferimentos na cabe\u00e7a Um ve\u00edculo capotou na manh\u00e3 desta [\u2026]\" \/>\n<meta property=\"og:url\" content=\"https:\/\/verdadeon.com.br\/portal\/2021\/01\/28\/assista-fugindo-da-policia-militar-criminoso-causa-capotamento-na-estacao\/\" \/>\n<meta property=\"og:site_name\" content=\"VerdadeOn\" \/>\n<meta property=\"article:published_time\" content=\"2021-01-28T17:46:29+00:00\" \/>\n<meta property=\"og:image\" content=\"https:\/\/verdadeon.com.br\/portal\/wp-content\/uploads\/2021\/01\/WhatsApp-Image-2021-01-28-at-14.38.03-2.jpeg\" \/>\n\t<meta property=\"og:image:width\" content=\"1280\" \/>\n\t<meta property=\"og:image:height\" content=\"640\" \/>\n\t<meta property=\"og:image:type\" content=\"image\/jpeg\" \/>\n<meta name=\"author\" content=\"Fernando Calixto\" \/>\n<meta name=\"twitter:card\" content=\"summary_large_image\" \/>\n<meta name=\"twitter:label1\" content=\"Escrito por\" \/>\n\t<meta name=\"twitter:data1\" content=\"Fernando Calixto\" \/>\n\t<meta name=\"twitter:label2\" content=\"Est. tempo de leitura\" \/>\n\t<meta name=\"twitter:data2\" content=\"1 minuto\" \/>\n<script type=\"application\/ld+json\" class=\"yoast-schema-graph\">{\"@context\":\"https:\/\/schema.org\",\"@graph\":[{\"@type\":\"WebPage\",\"@id\":\"https:\/\/verdadeon.com.br\/portal\/2021\/01\/28\/assista-fugindo-da-policia-militar-criminoso-causa-capotamento-na-estacao\/\",\"url\":\"https:\/\/verdadeon.com.br\/portal\/2021\/01\/28\/assista-fugindo-da-policia-militar-criminoso-causa-capotamento-na-estacao\/\",\"name\":\"Assista: Fugindo da Pol\u00edcia Militar, criminoso causa capotamento na Esta\u00e7\u00e3o - VerdadeOn\",\"isPartOf\":{\"@id\":\"https:\/\/verdadeon.com.br\/portal\/#website\"},\"primaryImageOfPage\":{\"@id\":\"https:\/\/verdadeon.com.br\/portal\/2021\/01\/28\/assista-fugindo-da-policia-militar-criminoso-causa-capotamento-na-estacao\/#primaryimage\"},\"image\":{\"@id\":\"https:\/\/verdadeon.com.br\/portal\/2021\/01\/28\/assista-fugindo-da-policia-militar-criminoso-causa-capotamento-na-estacao\/#primaryimage\"},\"thumbnailUrl\":\"https:\/\/i0.wp.com\/verdadeon.com.br\/portal\/wp-content\/uploads\/2021\/01\/WhatsApp-Image-2021-01-28-at-14.38.03-2.jpeg?fit=1280%2C640&ssl=1\",\"datePublished\":\"2021-01-28T17:46:29+00:00\",\"author\":{\"@id\":\"https:\/\/verdadeon.com.br\/portal\/#\/schema\/person\/8994718f49ee62ba5610471e29ca1f62\"},\"breadcrumb\":{\"@id\":\"https:\/\/verdadeon.com.br\/portal\/2021\/01\/28\/assista-fugindo-da-policia-militar-criminoso-causa-capotamento-na-estacao\/#breadcrumb\"},\"inLanguage\":\"pt-BR\",\"potentialAction\":[{\"@type\":\"ReadAction\",\"target\":[\"https:\/\/verdadeon.com.br\/portal\/2021\/01\/28\/assista-fugindo-da-policia-militar-criminoso-causa-capotamento-na-estacao\/\"]}]},{\"@type\":\"ImageObject\",\"inLanguage\":\"pt-BR\",\"@id\":\"https:\/\/verdadeon.com.br\/portal\/2021\/01\/28\/assista-fugindo-da-policia-militar-criminoso-causa-capotamento-na-estacao\/#primaryimage\",\"url\":\"https:\/\/i0.wp.com\/verdadeon.com.br\/portal\/wp-content\/uploads\/2021\/01\/WhatsApp-Image-2021-01-28-at-14.38.03-2.jpeg?fit=1280%2C640&ssl=1\",\"contentUrl\":\"https:\/\/i0.wp.com\/verdadeon.com.br\/portal\/wp-content\/uploads\/2021\/01\/WhatsApp-Image-2021-01-28-at-14.38.03-2.jpeg?fit=1280%2C640&ssl=1\",\"width\":1280,\"height\":640,\"caption\":\"Acidente aconteceu na rua Gon\u00e7alves Dias com a General Os\u00f3rio | Foto: Jornal Verdade\"},{\"@type\":\"BreadcrumbList\",\"@id\":\"https:\/\/verdadeon.com.br\/portal\/2021\/01\/28\/assista-fugindo-da-policia-militar-criminoso-causa-capotamento-na-estacao\/#breadcrumb\",\"itemListElement\":[{\"@type\":\"ListItem\",\"position\":1,\"name\":\"In\u00edcio\",\"item\":\"https:\/\/verdadeon.com.br\/portal\/\"},{\"@type\":\"ListItem\",\"position\":2,\"name\":\"Assista: Fugindo da Pol\u00edcia Militar, criminoso causa capotamento na Esta\u00e7\u00e3o\"}]},{\"@type\":\"WebSite\",\"@id\":\"https:\/\/verdadeon.com.br\/portal\/#website\",\"url\":\"https:\/\/verdadeon.com.br\/portal\/\",\"name\":\"VerdadeOn\",\"description\":\"Not\u00edcias di\u00e1rias sobre Franca, Regi\u00e3o, Esporte, Cultura, Cotidiano, Colunas. Cobertura nos principais eventos da cidade \u00e9 aqui - Verdadeon Franca\",\"potentialAction\":[{\"@type\":\"SearchAction\",\"target\":{\"@type\":\"EntryPoint\",\"urlTemplate\":\"https:\/\/verdadeon.com.br\/portal\/?s={search_term_string}\"},\"query-input\":{\"@type\":\"PropertyValueSpecification\",\"valueRequired\":true,\"valueName\":\"search_term_string\"}}],\"inLanguage\":\"pt-BR\"},{\"@type\":\"Person\",\"@id\":\"https:\/\/verdadeon.com.br\/portal\/#\/schema\/person\/8994718f49ee62ba5610471e29ca1f62\",\"name\":\"Fernando Calixto\",\"image\":{\"@type\":\"ImageObject\",\"inLanguage\":\"pt-BR\",\"@id\":\"https:\/\/verdadeon.com.br\/portal\/#\/schema\/person\/image\/\",\"url\":\"https:\/\/secure.gravatar.com\/avatar\/7578910c24966c0316c340f9dbd601e93ee9f9212e1033968b367af9306bd9fb?s=96&d=mm&r=g\",\"contentUrl\":\"https:\/\/secure.gravatar.com\/avatar\/7578910c24966c0316c340f9dbd601e93ee9f9212e1033968b367af9306bd9fb?s=96&d=mm&r=g\",\"caption\":\"Fernando Calixto\"},\"url\":\"https:\/\/verdadeon.com.br\/portal\/author\/fernando-calixto\/\"}]}<\/script>\n<!-- \/ Yoast SEO plugin. -->","yoast_head_json":{"title":"Assista: Fugindo da Pol\u00edcia Militar, criminoso causa capotamento na Esta\u00e7\u00e3o - VerdadeOn","robots":{"index":"index","follow":"follow","max-snippet":"max-snippet:-1","max-image-preview":"max-image-preview:large","max-video-preview":"max-video-preview:-1"},"canonical":"https:\/\/verdadeon.com.br\/portal\/2021\/01\/28\/assista-fugindo-da-policia-militar-criminoso-causa-capotamento-na-estacao\/","og_locale":"pt_BR","og_type":"article","og_title":"Assista: Fugindo da Pol\u00edcia Militar, criminoso causa capotamento na Esta\u00e7\u00e3o - VerdadeOn","og_description":"Suspeita \u00e9 que homem estava com materiais furtados, a m\u00e3e dele que tamb\u00e9m estava no ve\u00edculo teve ferimentos na cabe\u00e7a Um ve\u00edculo capotou na manh\u00e3 desta [\u2026]","og_url":"https:\/\/verdadeon.com.br\/portal\/2021\/01\/28\/assista-fugindo-da-policia-militar-criminoso-causa-capotamento-na-estacao\/","og_site_name":"VerdadeOn","article_published_time":"2021-01-28T17:46:29+00:00","og_image":[{"width":1280,"height":640,"url":"https:\/\/verdadeon.com.br\/portal\/wp-content\/uploads\/2021\/01\/WhatsApp-Image-2021-01-28-at-14.38.03-2.jpeg","type":"image\/jpeg"}],"author":"Fernando Calixto","twitter_card":"summary_large_image","twitter_misc":{"Escrito por":"Fernando Calixto","Est. tempo de leitura":"1 minuto"},"schema":{"@context":"https:\/\/schema.org","@graph":[{"@type":"WebPage","@id":"https:\/\/verdadeon.com.br\/portal\/2021\/01\/28\/assista-fugindo-da-policia-militar-criminoso-causa-capotamento-na-estacao\/","url":"https:\/\/verdadeon.com.br\/portal\/2021\/01\/28\/assista-fugindo-da-policia-militar-criminoso-causa-capotamento-na-estacao\/","name":"Assista: Fugindo da Pol\u00edcia Militar, criminoso causa capotamento na Esta\u00e7\u00e3o - VerdadeOn","isPartOf":{"@id":"https:\/\/verdadeon.com.br\/portal\/#website"},"primaryImageOfPage":{"@id":"https:\/\/verdadeon.com.br\/portal\/2021\/01\/28\/assista-fugindo-da-policia-militar-criminoso-causa-capotamento-na-estacao\/#primaryimage"},"image":{"@id":"https:\/\/verdadeon.com.br\/portal\/2021\/01\/28\/assista-fugindo-da-policia-militar-criminoso-causa-capotamento-na-estacao\/#primaryimage"},"thumbnailUrl":"https:\/\/i0.wp.com\/verdadeon.com.br\/portal\/wp-content\/uploads\/2021\/01\/WhatsApp-Image-2021-01-28-at-14.38.03-2.jpeg?fit=1280%2C640&ssl=1","datePublished":"2021-01-28T17:46:29+00:00","author":{"@id":"https:\/\/verdadeon.com.br\/portal\/#\/schema\/person\/8994718f49ee62ba5610471e29ca1f62"},"breadcrumb":{"@id":"https:\/\/verdadeon.com.br\/portal\/2021\/01\/28\/assista-fugindo-da-policia-militar-criminoso-causa-capotamento-na-estacao\/#breadcrumb"},"inLanguage":"pt-BR","potentialAction":[{"@type":"ReadAction","target":["https:\/\/verdadeon.com.br\/portal\/2021\/01\/28\/assista-fugindo-da-policia-militar-criminoso-causa-capotamento-na-estacao\/"]}]},{"@type":"ImageObject","inLanguage":"pt-BR","@id":"https:\/\/verdadeon.com.br\/portal\/2021\/01\/28\/assista-fugindo-da-policia-militar-criminoso-causa-capotamento-na-estacao\/#primaryimage","url":"https:\/\/i0.wp.com\/verdadeon.com.br\/portal\/wp-content\/uploads\/2021\/01\/WhatsApp-Image-2021-01-28-at-14.38.03-2.jpeg?fit=1280%2C640&ssl=1","contentUrl":"https:\/\/i0.wp.com\/verdadeon.com.br\/portal\/wp-content\/uploads\/2021\/01\/WhatsApp-Image-2021-01-28-at-14.38.03-2.jpeg?fit=1280%2C640&ssl=1","width":1280,"height":640,"caption":"Acidente aconteceu na rua Gon\u00e7alves Dias com a General Os\u00f3rio | Foto: Jornal Verdade"},{"@type":"BreadcrumbList","@id":"https:\/\/verdadeon.com.br\/portal\/2021\/01\/28\/assista-fugindo-da-policia-militar-criminoso-causa-capotamento-na-estacao\/#breadcrumb","itemListElement":[{"@type":"ListItem","position":1,"name":"In\u00edcio","item":"https:\/\/verdadeon.com.br\/portal\/"},{"@type":"ListItem","position":2,"name":"Assista: Fugindo da Pol\u00edcia Militar, criminoso causa capotamento na Esta\u00e7\u00e3o"}]},{"@type":"WebSite","@id":"https:\/\/verdadeon.com.br\/portal\/#website","url":"https:\/\/verdadeon.com.br\/portal\/","name":"VerdadeOn","description":"Not\u00edcias di\u00e1rias sobre Franca, Regi\u00e3o, Esporte, Cultura, Cotidiano, Colunas. Cobertura nos principais eventos da cidade \u00e9 aqui - Verdadeon Franca","potentialAction":[{"@type":"SearchAction","target":{"@type":"EntryPoint","urlTemplate":"https:\/\/verdadeon.com.br\/portal\/?s={search_term_string}"},"query-input":{"@type":"PropertyValueSpecification","valueRequired":true,"valueName":"search_term_string"}}],"inLanguage":"pt-BR"},{"@type":"Person","@id":"https:\/\/verdadeon.com.br\/portal\/#\/schema\/person\/8994718f49ee62ba5610471e29ca1f62","name":"Fernando Calixto","image":{"@type":"ImageObject","inLanguage":"pt-BR","@id":"https:\/\/verdadeon.com.br\/portal\/#\/schema\/person\/image\/","url":"https:\/\/secure.gravatar.com\/avatar\/7578910c24966c0316c340f9dbd601e93ee9f9212e1033968b367af9306bd9fb?s=96&d=mm&r=g","contentUrl":"https:\/\/secure.gravatar.com\/avatar\/7578910c24966c0316c340f9dbd601e93ee9f9212e1033968b367af9306bd9fb?s=96&d=mm&r=g","caption":"Fernando Calixto"},"url":"https:\/\/verdadeon.com.br\/portal\/author\/fernando-calixto\/"}]}},"jetpack_publicize_connections":[],"jetpack_featured_media_url":"https:\/\/i0.wp.com\/verdadeon.com.br\/portal\/wp-content\/uploads\/2021\/01\/WhatsApp-Image-2021-01-28-at-14.38.03-2.jpeg?fit=1280%2C640&ssl=1","jetpack_sharing_enabled":true,"_links":{"self":[{"href":"https:\/\/verdadeon.com.br\/portal\/wp-json\/wp\/v2\/posts\/13743","targetHints":{"allow":["GET"]}}],"collection":[{"href":"https:\/\/verdadeon.com.br\/portal\/wp-json\/wp\/v2\/posts"}],"about":[{"href":"https:\/\/verdadeon.com.br\/portal\/wp-json\/wp\/v2\/types\/post"}],"author":[{"embeddable":true,"href":"https:\/\/verdadeon.com.br\/portal\/wp-json\/wp\/v2\/users\/4"}],"replies":[{"embeddable":true,"href":"https:\/\/verdadeon.com.br\/portal\/wp-json\/wp\/v2\/comments?post=13743"}],"version-history":[{"count":0,"href":"https:\/\/verdadeon.com.br\/portal\/wp-json\/wp\/v2\/posts\/13743\/revisions"}],"wp:featuredmedia":[{"embeddable":true,"href":"https:\/\/verdadeon.com.br\/portal\/wp-json\/wp\/v2\/media\/13747"}],"wp:attachment":[{"href":"https:\/\/verdadeon.com.br\/portal\/wp-json\/wp\/v2\/media?parent=13743"}],"wp:term":[{"taxonomy":"category","embeddable":true,"href":"https:\/\/verdadeon.com.br\/portal\/wp-json\/wp\/v2\/categories?post=13743"},{"taxonomy":"post_tag","embeddable":true,"href":"https:\/\/verdadeon.com.br\/portal\/wp-json\/wp\/v2\/tags?post=13743"}],"curies":[{"name":"wp","href":"https:\/\/api.w.org\/{rel}","templated":true}]}}