{"id":13644,"date":"2021-01-26T12:01:03","date_gmt":"2021-01-26T15:01:03","guid":{"rendered":"https:\/\/verdadeon.com.br\/portal\/?p=13644"},"modified":"2021-01-26T12:01:03","modified_gmt":"2021-01-26T15:01:03","slug":"governo-federal-aprova-auxilio-emergencial-para-196-mil-pessoas","status":"publish","type":"post","link":"https:\/\/verdadeon.com.br\/portal\/2021\/01\/26\/governo-federal-aprova-auxilio-emergencial-para-196-mil-pessoas\/","title":{"rendered":"Governo federal aprova aux\u00edlio emergencial para 196 mil pessoas"},"content":{"rendered":"<div class=\"col-lg-12 mb-3\">\n<div class=\"row\">\n<h3 class=\"col-10 offset-1 animated fadeInDown dealy-900 display-8 display-md-8 alt-font font-italic my-1 text-center\">Pagamento ser\u00e1 na pr\u00f3xima quinta-feira para quem fez contesta\u00e7\u00e3o<\/h3>\n<\/div>\n<p>Andreia Verd\u00e9lio \u2013 Rep\u00f3rter da Ag\u00eancia Brasil &#8211; Bras\u00edlia<\/p><\/div>\n<div class=\"col-xl-7 offset-xl-1 col-lg-8 offset-lg-0 col-md-10 offset-md-1 mb-3\">\n<div class=\"post-item alt-font\">\n<div class=\"post-item-wrap\">\n<p>O governo federal vai pagar, na pr\u00f3xima quinta-feira (28), mais de R$ 248 milh\u00f5es de aux\u00edlio emergencial para 196 mil pessoas. A portaria do Minist\u00e9rio da Cidadania foi publicada hoje (26) no\u00a0<a href=\"http:\/\/in.gov.br\/en\/web\/dou\/-\/portaria-mc-n-597-de-25-de-janeiro-de-2021-300727019\" target=\"_blank\" rel=\"noopener\"><em>Di\u00e1rio Oficial da Uni\u00e3o<\/em><\/a>, ap\u00f3s an\u00e1lise das contesta\u00e7\u00f5es e revis\u00f5es decorrentes de atualiza\u00e7\u00f5es de dados governamentais.<img data-recalc-dims=\"1\" decoding=\"async\" src=\"https:\/\/i0.wp.com\/agenciabrasil.ebc.com.br\/ebc.png?w=1220&#038;ssl=1\" \/><img data-recalc-dims=\"1\" decoding=\"async\" src=\"https:\/\/i0.wp.com\/agenciabrasil.ebc.com.br\/ebc.gif?w=1220&#038;ssl=1\" \/><\/p>\n<p>O grupo de benefici\u00e1rios inclui cerca de 191 mil pessoas que contestaram a suspens\u00e3o do benef\u00edcio no<em>\u00a0site\u00a0<\/em>da Dataprev, entre 7 e 16 de novembro e entre 13 e 31 de dezembro de 2020, al\u00e9m de 5\u00a0mil pessoas que tiveram os pagamentos reavaliados em janeiro de 2021. Elas receber\u00e3o de uma s\u00f3 vez todas as parcelas a que t\u00eam direito.<\/p>\n<p>De acordo com o minist\u00e9rio, entre as 196 mil pessoas, h\u00e1 8,3 mil que receber\u00e3o a segunda, a terceira, a quarta e a quinta parcelas do aux\u00edlio emergencial. Outras 40,9 mil pessoas receber\u00e3o as tr\u00eas \u00faltimas parcelas.\u00a0Uma terceira faixa, de quase 68,1 mil cidad\u00e3os, receber\u00e1 a quarta e a quinta parcelas. Por \u00faltimo, 78,3 mil v\u00e3o embolsar somente a quinta parcela.<\/p>\n<p>Os recursos ser\u00e3o depositados na poupan\u00e7a social digital da Caixa e j\u00e1 estar\u00e3o dispon\u00edveis no dia 28, tanto para movimenta\u00e7\u00e3o por meio do aplicativo Caixa Tem, quanto para saques e transfer\u00eancias para outros bancos.<\/p>\n<h2>Compras pela internet<\/h2>\n<p>Com o Caixa Tem \u00e9 poss\u00edvel fazer compras na internet e nas maquininhas em diversos estabelecimentos comerciais, por meio do cart\u00e3o de d\u00e9bito virtual e QR Code. O benefici\u00e1rio tamb\u00e9m pode pagar boletos e contas, como \u00e1gua e telefone, pelo pr\u00f3prio aplicativo ou nas casas lot\u00e9ricas, e transferir os recursos sem o pagamento de tarifas.<\/p>\n<p>Para o saque em esp\u00e9cie, \u00e9 preciso fazer o<em>\u00a0login<\/em>\u00a0no aplicativo Caixa Tem, selecionar a op\u00e7\u00e3o \u201csaque sem cart\u00e3o\u201d e \u201cgerar c\u00f3digo de saque\u201d.<\/p>\n<p>Depois, o trabalhador deve inserir a senha para visualizar o c\u00f3digo de saque na tela do celular, com validade de uma hora. Esse c\u00f3digo deve ser utilizado para a retirada do dinheiro, que pode ser feita nas lot\u00e9ricas, correspondentes Caixa Aqui ou mesmo nas ag\u00eancias.<\/p>\n<\/div>\n<p class=\"alt-font font-italic my-2 small text-info\">Edi\u00e7\u00e3o: Kleber Sampaio<\/p>\n<\/div>\n<\/div>\n","protected":false},"excerpt":{"rendered":"<p>Pagamento ser\u00e1 na pr\u00f3xima quinta-feira para quem fez contesta\u00e7\u00e3o Andreia Verd\u00e9lio \u2013 Rep\u00f3rter da Ag\u00eancia Brasil &#8211; Bras\u00edlia O governo federal vai pagar, na pr\u00f3xima quinta-feira<span class=\"excerpt-hellip\"> [\u2026]<\/span><\/p>\n","protected":false},"author":4,"featured_media":13655,"comment_status":"open","ping_status":"open","sticky":false,"template":"","format":"standard","meta":{"_jetpack_memberships_contains_paid_content":false,"footnotes":"","jetpack_publicize_message":"","jetpack_publicize_feature_enabled":true,"jetpack_social_post_already_shared":false,"jetpack_social_options":{"image_generator_settings":{"template":"highway","default_image_id":0,"enabled":false},"version":2}},"categories":[28,44],"tags":[],"class_list":["post-13644","post","type-post","status-publish","format-standard","has-post-thumbnail","hentry","category-cotidiano","category-noticias"],"yoast_head":"<!-- This site is optimized with the Yoast SEO plugin v25.6 - https:\/\/yoast.com\/wordpress\/plugins\/seo\/ -->\n<title>Governo federal aprova aux\u00edlio emergencial para 196 mil pessoas - VerdadeOn<\/title>\n<meta name=\"robots\" content=\"index, follow, max-snippet:-1, max-image-preview:large, max-video-preview:-1\" \/>\n<link rel=\"canonical\" href=\"https:\/\/verdadeon.com.br\/portal\/2021\/01\/26\/governo-federal-aprova-auxilio-emergencial-para-196-mil-pessoas\/\" \/>\n<meta property=\"og:locale\" content=\"pt_BR\" \/>\n<meta property=\"og:type\" content=\"article\" \/>\n<meta property=\"og:title\" content=\"Governo federal aprova aux\u00edlio emergencial para 196 mil pessoas - VerdadeOn\" \/>\n<meta property=\"og:description\" content=\"Pagamento ser\u00e1 na pr\u00f3xima quinta-feira para quem fez contesta\u00e7\u00e3o Andreia Verd\u00e9lio \u2013 Rep\u00f3rter da Ag\u00eancia Brasil &#8211; Bras\u00edlia O governo federal vai pagar, na pr\u00f3xima quinta-feira [\u2026]\" \/>\n<meta property=\"og:url\" content=\"https:\/\/verdadeon.com.br\/portal\/2021\/01\/26\/governo-federal-aprova-auxilio-emergencial-para-196-mil-pessoas\/\" \/>\n<meta property=\"og:site_name\" content=\"VerdadeOn\" \/>\n<meta property=\"article:published_time\" content=\"2021-01-26T15:01:03+00:00\" \/>\n<meta property=\"og:image\" content=\"https:\/\/verdadeon.com.br\/portal\/wp-content\/uploads\/2021\/01\/real_moeda_020120a84t47375216.jpg\" \/>\n\t<meta property=\"og:image:width\" content=\"1000\" \/>\n\t<meta property=\"og:image:height\" content=\"670\" \/>\n\t<meta property=\"og:image:type\" content=\"image\/jpeg\" \/>\n<meta name=\"author\" content=\"Fernando Calixto\" \/>\n<meta name=\"twitter:card\" content=\"summary_large_image\" \/>\n<meta name=\"twitter:label1\" content=\"Escrito por\" \/>\n\t<meta name=\"twitter:data1\" content=\"Fernando Calixto\" \/>\n\t<meta name=\"twitter:label2\" content=\"Est. tempo de leitura\" \/>\n\t<meta name=\"twitter:data2\" content=\"2 minutos\" \/>\n<script type=\"application\/ld+json\" class=\"yoast-schema-graph\">{\"@context\":\"https:\/\/schema.org\",\"@graph\":[{\"@type\":\"WebPage\",\"@id\":\"https:\/\/verdadeon.com.br\/portal\/2021\/01\/26\/governo-federal-aprova-auxilio-emergencial-para-196-mil-pessoas\/\",\"url\":\"https:\/\/verdadeon.com.br\/portal\/2021\/01\/26\/governo-federal-aprova-auxilio-emergencial-para-196-mil-pessoas\/\",\"name\":\"Governo federal aprova aux\u00edlio emergencial para 196 mil pessoas - VerdadeOn\",\"isPartOf\":{\"@id\":\"https:\/\/verdadeon.com.br\/portal\/#website\"},\"primaryImageOfPage\":{\"@id\":\"https:\/\/verdadeon.com.br\/portal\/2021\/01\/26\/governo-federal-aprova-auxilio-emergencial-para-196-mil-pessoas\/#primaryimage\"},\"image\":{\"@id\":\"https:\/\/verdadeon.com.br\/portal\/2021\/01\/26\/governo-federal-aprova-auxilio-emergencial-para-196-mil-pessoas\/#primaryimage\"},\"thumbnailUrl\":\"https:\/\/i0.wp.com\/verdadeon.com.br\/portal\/wp-content\/uploads\/2021\/01\/real_moeda_020120a84t47375216.jpg?fit=1000%2C670&ssl=1\",\"datePublished\":\"2021-01-26T15:01:03+00:00\",\"author\":{\"@id\":\"https:\/\/verdadeon.com.br\/portal\/#\/schema\/person\/8994718f49ee62ba5610471e29ca1f62\"},\"breadcrumb\":{\"@id\":\"https:\/\/verdadeon.com.br\/portal\/2021\/01\/26\/governo-federal-aprova-auxilio-emergencial-para-196-mil-pessoas\/#breadcrumb\"},\"inLanguage\":\"pt-BR\",\"potentialAction\":[{\"@type\":\"ReadAction\",\"target\":[\"https:\/\/verdadeon.com.br\/portal\/2021\/01\/26\/governo-federal-aprova-auxilio-emergencial-para-196-mil-pessoas\/\"]}]},{\"@type\":\"ImageObject\",\"inLanguage\":\"pt-BR\",\"@id\":\"https:\/\/verdadeon.com.br\/portal\/2021\/01\/26\/governo-federal-aprova-auxilio-emergencial-para-196-mil-pessoas\/#primaryimage\",\"url\":\"https:\/\/i0.wp.com\/verdadeon.com.br\/portal\/wp-content\/uploads\/2021\/01\/real_moeda_020120a84t47375216.jpg?fit=1000%2C670&ssl=1\",\"contentUrl\":\"https:\/\/i0.wp.com\/verdadeon.com.br\/portal\/wp-content\/uploads\/2021\/01\/real_moeda_020120a84t47375216.jpg?fit=1000%2C670&ssl=1\",\"width\":1000,\"height\":670},{\"@type\":\"BreadcrumbList\",\"@id\":\"https:\/\/verdadeon.com.br\/portal\/2021\/01\/26\/governo-federal-aprova-auxilio-emergencial-para-196-mil-pessoas\/#breadcrumb\",\"itemListElement\":[{\"@type\":\"ListItem\",\"position\":1,\"name\":\"In\u00edcio\",\"item\":\"https:\/\/verdadeon.com.br\/portal\/\"},{\"@type\":\"ListItem\",\"position\":2,\"name\":\"Governo federal aprova aux\u00edlio emergencial para 196 mil pessoas\"}]},{\"@type\":\"WebSite\",\"@id\":\"https:\/\/verdadeon.com.br\/portal\/#website\",\"url\":\"https:\/\/verdadeon.com.br\/portal\/\",\"name\":\"VerdadeOn\",\"description\":\"Not\u00edcias di\u00e1rias sobre Franca, Regi\u00e3o, Esporte, Cultura, Cotidiano, Colunas. Cobertura nos principais eventos da cidade \u00e9 aqui - Verdadeon Franca\",\"potentialAction\":[{\"@type\":\"SearchAction\",\"target\":{\"@type\":\"EntryPoint\",\"urlTemplate\":\"https:\/\/verdadeon.com.br\/portal\/?s={search_term_string}\"},\"query-input\":{\"@type\":\"PropertyValueSpecification\",\"valueRequired\":true,\"valueName\":\"search_term_string\"}}],\"inLanguage\":\"pt-BR\"},{\"@type\":\"Person\",\"@id\":\"https:\/\/verdadeon.com.br\/portal\/#\/schema\/person\/8994718f49ee62ba5610471e29ca1f62\",\"name\":\"Fernando Calixto\",\"image\":{\"@type\":\"ImageObject\",\"inLanguage\":\"pt-BR\",\"@id\":\"https:\/\/verdadeon.com.br\/portal\/#\/schema\/person\/image\/\",\"url\":\"https:\/\/secure.gravatar.com\/avatar\/7578910c24966c0316c340f9dbd601e93ee9f9212e1033968b367af9306bd9fb?s=96&d=mm&r=g\",\"contentUrl\":\"https:\/\/secure.gravatar.com\/avatar\/7578910c24966c0316c340f9dbd601e93ee9f9212e1033968b367af9306bd9fb?s=96&d=mm&r=g\",\"caption\":\"Fernando Calixto\"},\"url\":\"https:\/\/verdadeon.com.br\/portal\/author\/fernando-calixto\/\"}]}<\/script>\n<!-- \/ Yoast SEO plugin. -->","yoast_head_json":{"title":"Governo federal aprova aux\u00edlio emergencial para 196 mil pessoas - VerdadeOn","robots":{"index":"index","follow":"follow","max-snippet":"max-snippet:-1","max-image-preview":"max-image-preview:large","max-video-preview":"max-video-preview:-1"},"canonical":"https:\/\/verdadeon.com.br\/portal\/2021\/01\/26\/governo-federal-aprova-auxilio-emergencial-para-196-mil-pessoas\/","og_locale":"pt_BR","og_type":"article","og_title":"Governo federal aprova aux\u00edlio emergencial para 196 mil pessoas - VerdadeOn","og_description":"Pagamento ser\u00e1 na pr\u00f3xima quinta-feira para quem fez contesta\u00e7\u00e3o Andreia Verd\u00e9lio \u2013 Rep\u00f3rter da Ag\u00eancia Brasil &#8211; Bras\u00edlia O governo federal vai pagar, na pr\u00f3xima quinta-feira [\u2026]","og_url":"https:\/\/verdadeon.com.br\/portal\/2021\/01\/26\/governo-federal-aprova-auxilio-emergencial-para-196-mil-pessoas\/","og_site_name":"VerdadeOn","article_published_time":"2021-01-26T15:01:03+00:00","og_image":[{"width":1000,"height":670,"url":"https:\/\/verdadeon.com.br\/portal\/wp-content\/uploads\/2021\/01\/real_moeda_020120a84t47375216.jpg","type":"image\/jpeg"}],"author":"Fernando Calixto","twitter_card":"summary_large_image","twitter_misc":{"Escrito por":"Fernando Calixto","Est. tempo de leitura":"2 minutos"},"schema":{"@context":"https:\/\/schema.org","@graph":[{"@type":"WebPage","@id":"https:\/\/verdadeon.com.br\/portal\/2021\/01\/26\/governo-federal-aprova-auxilio-emergencial-para-196-mil-pessoas\/","url":"https:\/\/verdadeon.com.br\/portal\/2021\/01\/26\/governo-federal-aprova-auxilio-emergencial-para-196-mil-pessoas\/","name":"Governo federal aprova aux\u00edlio emergencial para 196 mil pessoas - VerdadeOn","isPartOf":{"@id":"https:\/\/verdadeon.com.br\/portal\/#website"},"primaryImageOfPage":{"@id":"https:\/\/verdadeon.com.br\/portal\/2021\/01\/26\/governo-federal-aprova-auxilio-emergencial-para-196-mil-pessoas\/#primaryimage"},"image":{"@id":"https:\/\/verdadeon.com.br\/portal\/2021\/01\/26\/governo-federal-aprova-auxilio-emergencial-para-196-mil-pessoas\/#primaryimage"},"thumbnailUrl":"https:\/\/i0.wp.com\/verdadeon.com.br\/portal\/wp-content\/uploads\/2021\/01\/real_moeda_020120a84t47375216.jpg?fit=1000%2C670&ssl=1","datePublished":"2021-01-26T15:01:03+00:00","author":{"@id":"https:\/\/verdadeon.com.br\/portal\/#\/schema\/person\/8994718f49ee62ba5610471e29ca1f62"},"breadcrumb":{"@id":"https:\/\/verdadeon.com.br\/portal\/2021\/01\/26\/governo-federal-aprova-auxilio-emergencial-para-196-mil-pessoas\/#breadcrumb"},"inLanguage":"pt-BR","potentialAction":[{"@type":"ReadAction","target":["https:\/\/verdadeon.com.br\/portal\/2021\/01\/26\/governo-federal-aprova-auxilio-emergencial-para-196-mil-pessoas\/"]}]},{"@type":"ImageObject","inLanguage":"pt-BR","@id":"https:\/\/verdadeon.com.br\/portal\/2021\/01\/26\/governo-federal-aprova-auxilio-emergencial-para-196-mil-pessoas\/#primaryimage","url":"https:\/\/i0.wp.com\/verdadeon.com.br\/portal\/wp-content\/uploads\/2021\/01\/real_moeda_020120a84t47375216.jpg?fit=1000%2C670&ssl=1","contentUrl":"https:\/\/i0.wp.com\/verdadeon.com.br\/portal\/wp-content\/uploads\/2021\/01\/real_moeda_020120a84t47375216.jpg?fit=1000%2C670&ssl=1","width":1000,"height":670},{"@type":"BreadcrumbList","@id":"https:\/\/verdadeon.com.br\/portal\/2021\/01\/26\/governo-federal-aprova-auxilio-emergencial-para-196-mil-pessoas\/#breadcrumb","itemListElement":[{"@type":"ListItem","position":1,"name":"In\u00edcio","item":"https:\/\/verdadeon.com.br\/portal\/"},{"@type":"ListItem","position":2,"name":"Governo federal aprova aux\u00edlio emergencial para 196 mil pessoas"}]},{"@type":"WebSite","@id":"https:\/\/verdadeon.com.br\/portal\/#website","url":"https:\/\/verdadeon.com.br\/portal\/","name":"VerdadeOn","description":"Not\u00edcias di\u00e1rias sobre Franca, Regi\u00e3o, Esporte, Cultura, Cotidiano, Colunas. Cobertura nos principais eventos da cidade \u00e9 aqui - Verdadeon Franca","potentialAction":[{"@type":"SearchAction","target":{"@type":"EntryPoint","urlTemplate":"https:\/\/verdadeon.com.br\/portal\/?s={search_term_string}"},"query-input":{"@type":"PropertyValueSpecification","valueRequired":true,"valueName":"search_term_string"}}],"inLanguage":"pt-BR"},{"@type":"Person","@id":"https:\/\/verdadeon.com.br\/portal\/#\/schema\/person\/8994718f49ee62ba5610471e29ca1f62","name":"Fernando Calixto","image":{"@type":"ImageObject","inLanguage":"pt-BR","@id":"https:\/\/verdadeon.com.br\/portal\/#\/schema\/person\/image\/","url":"https:\/\/secure.gravatar.com\/avatar\/7578910c24966c0316c340f9dbd601e93ee9f9212e1033968b367af9306bd9fb?s=96&d=mm&r=g","contentUrl":"https:\/\/secure.gravatar.com\/avatar\/7578910c24966c0316c340f9dbd601e93ee9f9212e1033968b367af9306bd9fb?s=96&d=mm&r=g","caption":"Fernando Calixto"},"url":"https:\/\/verdadeon.com.br\/portal\/author\/fernando-calixto\/"}]}},"jetpack_publicize_connections":[],"jetpack_featured_media_url":"https:\/\/i0.wp.com\/verdadeon.com.br\/portal\/wp-content\/uploads\/2021\/01\/real_moeda_020120a84t47375216.jpg?fit=1000%2C670&ssl=1","jetpack_sharing_enabled":true,"_links":{"self":[{"href":"https:\/\/verdadeon.com.br\/portal\/wp-json\/wp\/v2\/posts\/13644","targetHints":{"allow":["GET"]}}],"collection":[{"href":"https:\/\/verdadeon.com.br\/portal\/wp-json\/wp\/v2\/posts"}],"about":[{"href":"https:\/\/verdadeon.com.br\/portal\/wp-json\/wp\/v2\/types\/post"}],"author":[{"embeddable":true,"href":"https:\/\/verdadeon.com.br\/portal\/wp-json\/wp\/v2\/users\/4"}],"replies":[{"embeddable":true,"href":"https:\/\/verdadeon.com.br\/portal\/wp-json\/wp\/v2\/comments?post=13644"}],"version-history":[{"count":0,"href":"https:\/\/verdadeon.com.br\/portal\/wp-json\/wp\/v2\/posts\/13644\/revisions"}],"wp:featuredmedia":[{"embeddable":true,"href":"https:\/\/verdadeon.com.br\/portal\/wp-json\/wp\/v2\/media\/13655"}],"wp:attachment":[{"href":"https:\/\/verdadeon.com.br\/portal\/wp-json\/wp\/v2\/media?parent=13644"}],"wp:term":[{"taxonomy":"category","embeddable":true,"href":"https:\/\/verdadeon.com.br\/portal\/wp-json\/wp\/v2\/categories?post=13644"},{"taxonomy":"post_tag","embeddable":true,"href":"https:\/\/verdadeon.com.br\/portal\/wp-json\/wp\/v2\/tags?post=13644"}],"curies":[{"name":"wp","href":"https:\/\/api.w.org\/{rel}","templated":true}]}}