{"id":13562,"date":"2021-01-23T07:00:35","date_gmt":"2021-01-23T10:00:35","guid":{"rendered":"https:\/\/verdadeon.com.br\/portal\/?p=13562"},"modified":"2021-01-22T19:47:48","modified_gmt":"2021-01-22T22:47:48","slug":"desistir-jamais","status":"publish","type":"post","link":"https:\/\/verdadeon.com.br\/portal\/2021\/01\/23\/desistir-jamais\/","title":{"rendered":"Desistir, jamais!"},"content":{"rendered":"<p class=\"p1\"><span class=\"s1\">Voc\u00ea certamente j\u00e1 pensou em desistir do seu neg\u00f3cio, seja por conta das adversidades do mercado ou simplesmente cansa\u00e7o f\u00edsico e mental. \u00c9 muito comum vermos empreendedores desmotivados e, nem mesmo aquela paix\u00e3o por empreender, est\u00e1 ajudando na hora de levantar-se da cama e ir para o trabalho. O que precisamos entender \u00e9 o que te motiva a desistir de algo t\u00e3o valioso: um projeto que voc\u00ea tanto ama e um dia sonhou ser seu neg\u00f3cio.<\/span><\/p>\n<p class=\"p1\"><span class=\"s1\">Se esse des\u00e2nimo \u00e9 porque voc\u00ea n\u00e3o acredita mais no projeto ou porque entendeu que isso n\u00e3o te traz mais felicidade, independentemente de estar dando ou n\u00e3o resultados, ent\u00e3o \u00e9 hora de pensar na melhor solu\u00e7\u00e3o para que esse encerramento seja tranquilo. \u00c9 natural que isso aconte\u00e7a. <\/span><\/p>\n<p class=\"p1\"><span class=\"s1\">No entanto, devemos nos atentar para que essa desmotiva\u00e7\u00e3o n\u00e3o seja causada pelas adversidades, pois sabemos que o empres\u00e1rio, na maioria das vezes, \u00e9 solit\u00e1rio e n\u00e3o precisa passar por isso sozinho.<\/span><\/p>\n<p class=\"p1\"><span class=\"s1\">Ent\u00e3o, se esse for o caso, cabe uma revis\u00e3o no modelo de neg\u00f3cios: ajustes simples que facilitam o andamento da empresa, ajustes mais agressivos, propondo redu\u00e7\u00e3o\/aumento de mix (tirar e colocar produtos da sua carteira ou servi\u00e7os) ou at\u00e9 mesmo mudar a \u00e1rea de atua\u00e7\u00e3o.<\/span><\/p>\n<p class=\"p1\"><span class=\"s1\">De tempos em tempos \u00e9 importante fazer uma revis\u00e3o no modelo de neg\u00f3cios, at\u00e9 porque o mercado \u00e9 din\u00e2mico e o que est\u00e1 em alta hoje pode n\u00e3o estar mais daqui um ano ou dois. Al\u00e9m disso, os h\u00e1bitos de consumo se alteram no decorrer do tempo, como temos vivenciado nesta pandemia do novo coronav\u00edrus. <\/span><\/p>\n<p class=\"p1\"><span class=\"s1\">Independente da sua decis\u00e3o, um Diagn\u00f3stico Empresarial \u00e9 extremante importante para compreender como est\u00e1 a sa\u00fade da sua empresa, pois mostra o retrato atual do neg\u00f3cio em todas as suas \u00e1reas. A partir das informa\u00e7\u00f5es e dados levantados, \u00e9 poss\u00edvel corrigir problemas como custo elevado, d\u00edvidas, capital de giro inadequado, perdas e ainda enxergar onde est\u00e3o os principais gargalos.\u00a0<\/span><\/p>\n<p class=\"p1\"><span class=\"s1\">O processo consiste em levantamento de informa\u00e7\u00f5es em todas as \u00e1reas da empresa, an\u00e1lises dos indicadores financeiros, comerciais, administrativos e operacionais. Al\u00e9m disso, o diagn\u00f3stico ajuda a tra\u00e7ar processos e estrat\u00e9gias com base nos outros setores de sua empresa, como Gest\u00e3o de Pessoas, Estoque, Compras, Administrativo, Log\u00edstica, Tributos e Comercial. <\/span><\/p>\n<p class=\"p1\"><span class=\"s1\">Com dados anal\u00edticos \u00e9 poss\u00edvel entender se, de fato, \u00e9 a hora de encerrar o neg\u00f3cio ou apenas mudar a dire\u00e7\u00e3o para um crescimento saud\u00e1vel e sustent\u00e1vel. Um planejamento estrat\u00e9gico pode ser a solu\u00e7\u00e3o que voc\u00ea precisa no momento, para desenvolver a\u00e7\u00f5es assertivas e tomar decis\u00f5es com seguran\u00e7a.<\/span><\/p>\n<p class=\"p1\"><span class=\"s1\">N\u00e3o desista t\u00e3o f\u00e1cil do seu sonho empreendedor!<\/span><\/p>\n<p>&nbsp;<\/p>\n<p class=\"p1\">Jean Dunkl<\/p>\n<p class=\"p2\">CEO da CPD Consultoria, consultor especialista em Gest\u00e3o Estrat\u00e9gica de Neg\u00f3cios, gestor da Impera<br \/>\n(Incubadora de Empresas de Base Tecnol\u00f3gica de Franca)<\/p>\n","protected":false},"excerpt":{"rendered":"<p>Voc\u00ea certamente j\u00e1 pensou em desistir do seu neg\u00f3cio, seja por conta das adversidades do mercado ou simplesmente cansa\u00e7o f\u00edsico e mental. \u00c9 muito comum vermos<span class=\"excerpt-hellip\"> [\u2026]<\/span><\/p>\n","protected":false},"author":4,"featured_media":0,"comment_status":"open","ping_status":"open","sticky":false,"template":"","format":"standard","meta":{"_jetpack_memberships_contains_paid_content":false,"footnotes":"","jetpack_publicize_message":"","jetpack_publicize_feature_enabled":true,"jetpack_social_post_already_shared":false,"jetpack_social_options":{"image_generator_settings":{"template":"highway","default_image_id":0,"enabled":false},"version":2}},"categories":[92],"tags":[],"class_list":["post-13562","post","type-post","status-publish","format-standard","hentry","category-colunista"],"yoast_head":"<!-- This site is optimized with the Yoast SEO plugin v25.6 - https:\/\/yoast.com\/wordpress\/plugins\/seo\/ -->\n<title>Desistir, jamais! - VerdadeOn<\/title>\n<meta name=\"robots\" content=\"index, follow, max-snippet:-1, max-image-preview:large, max-video-preview:-1\" \/>\n<link rel=\"canonical\" href=\"https:\/\/verdadeon.com.br\/portal\/2021\/01\/23\/desistir-jamais\/\" \/>\n<meta property=\"og:locale\" content=\"pt_BR\" \/>\n<meta property=\"og:type\" content=\"article\" \/>\n<meta property=\"og:title\" content=\"Desistir, jamais! - VerdadeOn\" \/>\n<meta property=\"og:description\" content=\"Voc\u00ea certamente j\u00e1 pensou em desistir do seu neg\u00f3cio, seja por conta das adversidades do mercado ou simplesmente cansa\u00e7o f\u00edsico e mental. \u00c9 muito comum vermos [\u2026]\" \/>\n<meta property=\"og:url\" content=\"https:\/\/verdadeon.com.br\/portal\/2021\/01\/23\/desistir-jamais\/\" \/>\n<meta property=\"og:site_name\" content=\"VerdadeOn\" \/>\n<meta property=\"article:published_time\" content=\"2021-01-23T10:00:35+00:00\" \/>\n<meta name=\"author\" content=\"Fernando Calixto\" \/>\n<meta name=\"twitter:card\" content=\"summary_large_image\" \/>\n<meta name=\"twitter:label1\" content=\"Escrito por\" \/>\n\t<meta name=\"twitter:data1\" content=\"Fernando Calixto\" \/>\n\t<meta name=\"twitter:label2\" content=\"Est. tempo de leitura\" \/>\n\t<meta name=\"twitter:data2\" content=\"2 minutos\" \/>\n<script type=\"application\/ld+json\" class=\"yoast-schema-graph\">{\"@context\":\"https:\/\/schema.org\",\"@graph\":[{\"@type\":\"WebPage\",\"@id\":\"https:\/\/verdadeon.com.br\/portal\/2021\/01\/23\/desistir-jamais\/\",\"url\":\"https:\/\/verdadeon.com.br\/portal\/2021\/01\/23\/desistir-jamais\/\",\"name\":\"Desistir, jamais! - VerdadeOn\",\"isPartOf\":{\"@id\":\"https:\/\/verdadeon.com.br\/portal\/#website\"},\"datePublished\":\"2021-01-23T10:00:35+00:00\",\"author\":{\"@id\":\"https:\/\/verdadeon.com.br\/portal\/#\/schema\/person\/8994718f49ee62ba5610471e29ca1f62\"},\"breadcrumb\":{\"@id\":\"https:\/\/verdadeon.com.br\/portal\/2021\/01\/23\/desistir-jamais\/#breadcrumb\"},\"inLanguage\":\"pt-BR\",\"potentialAction\":[{\"@type\":\"ReadAction\",\"target\":[\"https:\/\/verdadeon.com.br\/portal\/2021\/01\/23\/desistir-jamais\/\"]}]},{\"@type\":\"BreadcrumbList\",\"@id\":\"https:\/\/verdadeon.com.br\/portal\/2021\/01\/23\/desistir-jamais\/#breadcrumb\",\"itemListElement\":[{\"@type\":\"ListItem\",\"position\":1,\"name\":\"In\u00edcio\",\"item\":\"https:\/\/verdadeon.com.br\/portal\/\"},{\"@type\":\"ListItem\",\"position\":2,\"name\":\"Desistir, jamais!\"}]},{\"@type\":\"WebSite\",\"@id\":\"https:\/\/verdadeon.com.br\/portal\/#website\",\"url\":\"https:\/\/verdadeon.com.br\/portal\/\",\"name\":\"VerdadeOn\",\"description\":\"Not\u00edcias di\u00e1rias sobre Franca, Regi\u00e3o, Esporte, Cultura, Cotidiano, Colunas. Cobertura nos principais eventos da cidade \u00e9 aqui - Verdadeon Franca\",\"potentialAction\":[{\"@type\":\"SearchAction\",\"target\":{\"@type\":\"EntryPoint\",\"urlTemplate\":\"https:\/\/verdadeon.com.br\/portal\/?s={search_term_string}\"},\"query-input\":{\"@type\":\"PropertyValueSpecification\",\"valueRequired\":true,\"valueName\":\"search_term_string\"}}],\"inLanguage\":\"pt-BR\"},{\"@type\":\"Person\",\"@id\":\"https:\/\/verdadeon.com.br\/portal\/#\/schema\/person\/8994718f49ee62ba5610471e29ca1f62\",\"name\":\"Fernando Calixto\",\"image\":{\"@type\":\"ImageObject\",\"inLanguage\":\"pt-BR\",\"@id\":\"https:\/\/verdadeon.com.br\/portal\/#\/schema\/person\/image\/\",\"url\":\"https:\/\/secure.gravatar.com\/avatar\/7578910c24966c0316c340f9dbd601e93ee9f9212e1033968b367af9306bd9fb?s=96&d=mm&r=g\",\"contentUrl\":\"https:\/\/secure.gravatar.com\/avatar\/7578910c24966c0316c340f9dbd601e93ee9f9212e1033968b367af9306bd9fb?s=96&d=mm&r=g\",\"caption\":\"Fernando Calixto\"},\"url\":\"https:\/\/verdadeon.com.br\/portal\/author\/fernando-calixto\/\"}]}<\/script>\n<!-- \/ Yoast SEO plugin. -->","yoast_head_json":{"title":"Desistir, jamais! - VerdadeOn","robots":{"index":"index","follow":"follow","max-snippet":"max-snippet:-1","max-image-preview":"max-image-preview:large","max-video-preview":"max-video-preview:-1"},"canonical":"https:\/\/verdadeon.com.br\/portal\/2021\/01\/23\/desistir-jamais\/","og_locale":"pt_BR","og_type":"article","og_title":"Desistir, jamais! - VerdadeOn","og_description":"Voc\u00ea certamente j\u00e1 pensou em desistir do seu neg\u00f3cio, seja por conta das adversidades do mercado ou simplesmente cansa\u00e7o f\u00edsico e mental. \u00c9 muito comum vermos [\u2026]","og_url":"https:\/\/verdadeon.com.br\/portal\/2021\/01\/23\/desistir-jamais\/","og_site_name":"VerdadeOn","article_published_time":"2021-01-23T10:00:35+00:00","author":"Fernando Calixto","twitter_card":"summary_large_image","twitter_misc":{"Escrito por":"Fernando Calixto","Est. tempo de leitura":"2 minutos"},"schema":{"@context":"https:\/\/schema.org","@graph":[{"@type":"WebPage","@id":"https:\/\/verdadeon.com.br\/portal\/2021\/01\/23\/desistir-jamais\/","url":"https:\/\/verdadeon.com.br\/portal\/2021\/01\/23\/desistir-jamais\/","name":"Desistir, jamais! - VerdadeOn","isPartOf":{"@id":"https:\/\/verdadeon.com.br\/portal\/#website"},"datePublished":"2021-01-23T10:00:35+00:00","author":{"@id":"https:\/\/verdadeon.com.br\/portal\/#\/schema\/person\/8994718f49ee62ba5610471e29ca1f62"},"breadcrumb":{"@id":"https:\/\/verdadeon.com.br\/portal\/2021\/01\/23\/desistir-jamais\/#breadcrumb"},"inLanguage":"pt-BR","potentialAction":[{"@type":"ReadAction","target":["https:\/\/verdadeon.com.br\/portal\/2021\/01\/23\/desistir-jamais\/"]}]},{"@type":"BreadcrumbList","@id":"https:\/\/verdadeon.com.br\/portal\/2021\/01\/23\/desistir-jamais\/#breadcrumb","itemListElement":[{"@type":"ListItem","position":1,"name":"In\u00edcio","item":"https:\/\/verdadeon.com.br\/portal\/"},{"@type":"ListItem","position":2,"name":"Desistir, jamais!"}]},{"@type":"WebSite","@id":"https:\/\/verdadeon.com.br\/portal\/#website","url":"https:\/\/verdadeon.com.br\/portal\/","name":"VerdadeOn","description":"Not\u00edcias di\u00e1rias sobre Franca, Regi\u00e3o, Esporte, Cultura, Cotidiano, Colunas. Cobertura nos principais eventos da cidade \u00e9 aqui - Verdadeon Franca","potentialAction":[{"@type":"SearchAction","target":{"@type":"EntryPoint","urlTemplate":"https:\/\/verdadeon.com.br\/portal\/?s={search_term_string}"},"query-input":{"@type":"PropertyValueSpecification","valueRequired":true,"valueName":"search_term_string"}}],"inLanguage":"pt-BR"},{"@type":"Person","@id":"https:\/\/verdadeon.com.br\/portal\/#\/schema\/person\/8994718f49ee62ba5610471e29ca1f62","name":"Fernando Calixto","image":{"@type":"ImageObject","inLanguage":"pt-BR","@id":"https:\/\/verdadeon.com.br\/portal\/#\/schema\/person\/image\/","url":"https:\/\/secure.gravatar.com\/avatar\/7578910c24966c0316c340f9dbd601e93ee9f9212e1033968b367af9306bd9fb?s=96&d=mm&r=g","contentUrl":"https:\/\/secure.gravatar.com\/avatar\/7578910c24966c0316c340f9dbd601e93ee9f9212e1033968b367af9306bd9fb?s=96&d=mm&r=g","caption":"Fernando Calixto"},"url":"https:\/\/verdadeon.com.br\/portal\/author\/fernando-calixto\/"}]}},"jetpack_publicize_connections":[],"jetpack_featured_media_url":"","jetpack_sharing_enabled":true,"_links":{"self":[{"href":"https:\/\/verdadeon.com.br\/portal\/wp-json\/wp\/v2\/posts\/13562","targetHints":{"allow":["GET"]}}],"collection":[{"href":"https:\/\/verdadeon.com.br\/portal\/wp-json\/wp\/v2\/posts"}],"about":[{"href":"https:\/\/verdadeon.com.br\/portal\/wp-json\/wp\/v2\/types\/post"}],"author":[{"embeddable":true,"href":"https:\/\/verdadeon.com.br\/portal\/wp-json\/wp\/v2\/users\/4"}],"replies":[{"embeddable":true,"href":"https:\/\/verdadeon.com.br\/portal\/wp-json\/wp\/v2\/comments?post=13562"}],"version-history":[{"count":0,"href":"https:\/\/verdadeon.com.br\/portal\/wp-json\/wp\/v2\/posts\/13562\/revisions"}],"wp:attachment":[{"href":"https:\/\/verdadeon.com.br\/portal\/wp-json\/wp\/v2\/media?parent=13562"}],"wp:term":[{"taxonomy":"category","embeddable":true,"href":"https:\/\/verdadeon.com.br\/portal\/wp-json\/wp\/v2\/categories?post=13562"},{"taxonomy":"post_tag","embeddable":true,"href":"https:\/\/verdadeon.com.br\/portal\/wp-json\/wp\/v2\/tags?post=13562"}],"curies":[{"name":"wp","href":"https:\/\/api.w.org\/{rel}","templated":true}]}}