{"id":13540,"date":"2021-01-22T12:51:08","date_gmt":"2021-01-22T15:51:08","guid":{"rendered":"https:\/\/verdadeon.com.br\/portal\/?p=13540"},"modified":"2021-01-22T14:44:05","modified_gmt":"2021-01-22T17:44:05","slug":"franca-volta-para-a-fase-vermelha-do-plano-sao-paulo","status":"publish","type":"post","link":"https:\/\/verdadeon.com.br\/portal\/2021\/01\/22\/franca-volta-para-a-fase-vermelha-do-plano-sao-paulo\/","title":{"rendered":"Franca volta para a fase Vermelha do Plano S\u00e3o Paulo"},"content":{"rendered":"<h2>Al\u00e9m de Franca outras seis regi\u00f5es ficam na fase vermelha e as demais na laranja, mas fecham setores n\u00e3o essenciais aos fins de semana e feriados e ap\u00f3s as 20h em dias \u00fateis<\/h2>\n<p>O Governador Jo\u00e3o Doria anunciou novas restri\u00e7\u00f5es para conter o aumento de casos, interna\u00e7\u00f5es e mortes em decorr\u00eancia do coronav\u00edrus. A partir de segunda-feira (25), as regi\u00f5es de Barretos, Bauru, Franca, Mar\u00edlia, Presidente Prudente, Sorocaba e Taubat\u00e9 estar\u00e3o na fase vermelha do Plano S\u00e3o Paulo, com fechamento de com\u00e9rcios e servi\u00e7os n\u00e3o essenciais. As demais, incluindo a Grande S\u00e3o Paulo, ficar\u00e3o na etapa laranja, mas com restri\u00e7\u00f5es da vermelha em dias \u00fateis, ap\u00f3s as 20h, e integralmente aos finais de semana e feriados.<\/p>\n<p>As medidas v\u00e3o vigorar at\u00e9 o dia 7 de fevereiro. At\u00e9 l\u00e1, nenhuma regi\u00e3o poder\u00e1 avan\u00e7ar \u00e0s fases amarela e verde, as mais flex\u00edveis em rela\u00e7\u00e3o ao atendimento presencial. \u201cAntes que milh\u00f5es de brasileiros possam ser vacinados, todos n\u00f3s precisamos lidar com a dura realidade que a pandemia nos imp\u00f5e neste momento\u201d, afirmou o Governador Jo\u00e3o Doria.<\/p>\n<p>\u201cUma segunda onda de coronav\u00edrus atingiu o mundo e seus efeitos tamb\u00e9m atingiram o Brasil e o estado de S\u00e3o Paulo. O aumento no n\u00famero de casos, interna\u00e7\u00f5es e \u00f3bitos \u00e9 extremamente preocupante\u201d, acrescentou Doria. \u201c\u00c9 a ci\u00eancia, a sa\u00fade e a medicina que determinam os caminhos que temos a seguir para proteger vidas.\u201d<\/p>\n<p>As medidas foram recomendadas por cientistas e m\u00e9dicos do Centro de Conting\u00eancia do coronav\u00edrus. O grupo de especialistas orienta e aconselha as autoridades estaduais com base em \u00edndices epidemiol\u00f3gicos e hospitalares desde a confirma\u00e7\u00e3o do primeiro caso no Brasil, h\u00e1 quase 11 meses.<\/p>\n<p>O Governo do Estado e o comit\u00ea de sa\u00fade voltaram a pedir a colabora\u00e7\u00e3o de toda a sociedade para refor\u00e7ar o distanciamento social e evitar aglomera\u00e7\u00f5es ou reuni\u00f5es sociais, al\u00e9m de uso obrigat\u00f3rio de m\u00e1scaras em locais de acesso p\u00fablico e higiene frequente das m\u00e3os. O novo mapa mostra 78% da popula\u00e7\u00e3o de S\u00e3o Paulo na fase laranja e 22% na etapa vermelha.<\/p>\n<p>A fase mais r\u00edgida s\u00f3 permite o funcionamento normal em setores essenciais como farm\u00e1cias, mercados, padarias, lojas de conveni\u00eancia, bancas de jornal, postos de combust\u00edveis, lavanderias e hotelaria. Demais com\u00e9rcios e servi\u00e7os n\u00e3o essenciais s\u00f3 podem atender em esquema de retirada na porta, drive-thru e entregas por telefone ou aplicativos.<\/p>\n<p>J\u00e1 na etapa laranja, academias, sal\u00f5es de beleza, restaurantes, cinemas, teatros, shoppings, concession\u00e1rias, escrit\u00f3rios e parques estaduais podem funcionar por at\u00e9 oito horas di\u00e1rias, com atendimento presencial limitado a 40% da capacidade e encerramento \u00e0s 20h. O consumo local em bares est\u00e1 totalmente proibido.<\/p>\n<p>A venda de bebidas alco\u00f3licas no com\u00e9rcio varejista s\u00f3 pode ocorrer entre 6h e 20h. Somente a partir da fase verde, a mais branda, \u00e9 que essa comercializa\u00e7\u00e3o poder\u00e1 voltar a ser feita sem as restri\u00e7\u00f5es atuais.<\/p>\n<p>As regi\u00f5es na fase laranja a partir do dia 25 s\u00e3o Grande S\u00e3o Paulo e as regi\u00f5es de Ara\u00e7atuba, Araraquara, Baixada Santista, Campinas, Piracicaba, Registro, Ribeir\u00e3o Preto, S\u00e3o Jo\u00e3o da Boa Vista e S\u00e3o Jos\u00e9 do Rio Preto.<\/p>\n<p>Todos os protocolos sanit\u00e1rios e de seguran\u00e7a para os setores econ\u00f4micos est\u00e3o dispon\u00edveis no site saopaulo.sp.gov.br\/planosp e devem ser cumpridos com rigor. Prefeituras que se recusarem a seguir as normas estabelecidas pelo Governo do Estado ficam sujeitas a san\u00e7\u00f5es judiciais.<\/p>\n<h2>Dados da pandemia<\/h2>\n<p>Com os dados epidemiol\u00f3gicos semanais divulgados nesta sexta (22), a m\u00e9dia estadual passou de 287,9 para 348,6 novos casos a cada 100 mil habitantes. A taxa de novas interna\u00e7\u00f5es subiu de 49,3 para 54,1 a cada 100 mil habitantes, e as mortes foram de 5,8 para 7,1 a cada 100 mil habitantes. A acelera\u00e7\u00e3o no cont\u00e1gio preocupa o Centro de Conting\u00eancia, que refor\u00e7ou o alerta aos 46 milh\u00f5es de habitantes de S\u00e3o Paulo.<\/p>\n<p>\u201cO cen\u00e1rio para os pr\u00f3ximos dias n\u00e3o \u00e9 tranquilizador, muito pelo contr\u00e1rio, s\u00e3o sombrios. N\u00f3s temos risco em S\u00e3o Paulo, se n\u00e3o tomarmos as medidas necess\u00e1rias, de em pouco tempo termos dificuldade de oferecer leitos de UTI para pessoas que necessitem de tratamento\u201d, declarou Jo\u00e3o Gabbardo Coordenador Executivo do Centro de Conting\u00eancia. \u201cS\u00e3o Paulo apresenta um \u00f3bito a cada seis minutos. O tempo que demorarmos para tomar as medidas necess\u00e1rias vai significar \u00f3bitos nesta velocidade.\u201d<\/p>\n<p>A press\u00e3o sobre o sistema hospitalar \u00e9 preocupante. A m\u00e9dia de ocupa\u00e7\u00e3o de leitos de UTI por pacientes graves de COVID-19 passou de 67,5% para 71,1%, com 18,9 vagas exclusivas para coronav\u00edrus a cada 100 mil habitantes. Assim, o Governo do Estado endureceu o par\u00e2metro de ocupa\u00e7\u00e3o UTI COVID-19 de 80% para 75% para a fase vermelha e tamb\u00e9m cancelou a realiza\u00e7\u00e3o de cirurgias eletivas.<\/p>\n<p>Sem as medidas mais restritivas e com o atual ritmo de interna\u00e7\u00f5es em UTI, em 28 dias o sistema de atendimento hospitalar para pacientes graves com COVID-19 poderia se esgotar. Nesta sexta (22), a Secretaria de Estado da Sa\u00fade anunciou a amplia\u00e7\u00e3o de 756 leitos para pacientes infectados pelo coronav\u00edrus em todo o estado, sendo 450 de enfermaria e 306 de UTI.<\/p>\n","protected":false},"excerpt":{"rendered":"<p>Al\u00e9m de Franca outras seis regi\u00f5es ficam na fase vermelha e as demais na laranja, mas fecham setores n\u00e3o essenciais aos fins de semana e feriados<span class=\"excerpt-hellip\"> [\u2026]<\/span><\/p>\n","protected":false},"author":4,"featured_media":13541,"comment_status":"open","ping_status":"open","sticky":false,"template":"","format":"standard","meta":{"_jetpack_memberships_contains_paid_content":false,"footnotes":"","jetpack_publicize_message":"","jetpack_publicize_feature_enabled":true,"jetpack_social_post_already_shared":false,"jetpack_social_options":{"image_generator_settings":{"template":"highway","default_image_id":0,"enabled":false},"version":2}},"categories":[28,81],"tags":[],"class_list":["post-13540","post","type-post","status-publish","format-standard","has-post-thumbnail","hentry","category-cotidiano","category-manchete"],"yoast_head":"<!-- This site is optimized with the Yoast SEO plugin v25.6 - https:\/\/yoast.com\/wordpress\/plugins\/seo\/ -->\n<title>Franca volta para a fase Vermelha do Plano S\u00e3o Paulo - VerdadeOn<\/title>\n<meta name=\"robots\" content=\"index, follow, max-snippet:-1, max-image-preview:large, max-video-preview:-1\" \/>\n<link rel=\"canonical\" href=\"https:\/\/verdadeon.com.br\/portal\/2021\/01\/22\/franca-volta-para-a-fase-vermelha-do-plano-sao-paulo\/\" \/>\n<meta property=\"og:locale\" content=\"pt_BR\" \/>\n<meta property=\"og:type\" content=\"article\" \/>\n<meta property=\"og:title\" content=\"Franca volta para a fase Vermelha do Plano S\u00e3o Paulo - VerdadeOn\" \/>\n<meta property=\"og:description\" content=\"Al\u00e9m de Franca outras seis regi\u00f5es ficam na fase vermelha e as demais na laranja, mas fecham setores n\u00e3o essenciais aos fins de semana e feriados [\u2026]\" \/>\n<meta property=\"og:url\" content=\"https:\/\/verdadeon.com.br\/portal\/2021\/01\/22\/franca-volta-para-a-fase-vermelha-do-plano-sao-paulo\/\" \/>\n<meta property=\"og:site_name\" content=\"VerdadeOn\" \/>\n<meta property=\"article:published_time\" content=\"2021-01-22T15:51:08+00:00\" \/>\n<meta property=\"article:modified_time\" content=\"2021-01-22T17:44:05+00:00\" \/>\n<meta property=\"og:image\" content=\"https:\/\/verdadeon.com.br\/portal\/wp-content\/uploads\/2021\/01\/WhatsApp-Image-2021-01-22-at-12.41.29.jpeg\" \/>\n\t<meta property=\"og:image:width\" content=\"1000\" \/>\n\t<meta property=\"og:image:height\" content=\"670\" \/>\n\t<meta property=\"og:image:type\" content=\"image\/jpeg\" \/>\n<meta name=\"author\" content=\"Fernando Calixto\" \/>\n<meta name=\"twitter:card\" content=\"summary_large_image\" \/>\n<meta name=\"twitter:label1\" content=\"Escrito por\" \/>\n\t<meta name=\"twitter:data1\" content=\"Fernando Calixto\" \/>\n\t<meta name=\"twitter:label2\" content=\"Est. tempo de leitura\" \/>\n\t<meta name=\"twitter:data2\" content=\"4 minutos\" \/>\n<script type=\"application\/ld+json\" class=\"yoast-schema-graph\">{\"@context\":\"https:\/\/schema.org\",\"@graph\":[{\"@type\":\"WebPage\",\"@id\":\"https:\/\/verdadeon.com.br\/portal\/2021\/01\/22\/franca-volta-para-a-fase-vermelha-do-plano-sao-paulo\/\",\"url\":\"https:\/\/verdadeon.com.br\/portal\/2021\/01\/22\/franca-volta-para-a-fase-vermelha-do-plano-sao-paulo\/\",\"name\":\"Franca volta para a fase Vermelha do Plano S\u00e3o Paulo - VerdadeOn\",\"isPartOf\":{\"@id\":\"https:\/\/verdadeon.com.br\/portal\/#website\"},\"primaryImageOfPage\":{\"@id\":\"https:\/\/verdadeon.com.br\/portal\/2021\/01\/22\/franca-volta-para-a-fase-vermelha-do-plano-sao-paulo\/#primaryimage\"},\"image\":{\"@id\":\"https:\/\/verdadeon.com.br\/portal\/2021\/01\/22\/franca-volta-para-a-fase-vermelha-do-plano-sao-paulo\/#primaryimage\"},\"thumbnailUrl\":\"https:\/\/i0.wp.com\/verdadeon.com.br\/portal\/wp-content\/uploads\/2021\/01\/WhatsApp-Image-2021-01-22-at-12.41.29.jpeg?fit=1000%2C670&ssl=1\",\"datePublished\":\"2021-01-22T15:51:08+00:00\",\"dateModified\":\"2021-01-22T17:44:05+00:00\",\"author\":{\"@id\":\"https:\/\/verdadeon.com.br\/portal\/#\/schema\/person\/8994718f49ee62ba5610471e29ca1f62\"},\"breadcrumb\":{\"@id\":\"https:\/\/verdadeon.com.br\/portal\/2021\/01\/22\/franca-volta-para-a-fase-vermelha-do-plano-sao-paulo\/#breadcrumb\"},\"inLanguage\":\"pt-BR\",\"potentialAction\":[{\"@type\":\"ReadAction\",\"target\":[\"https:\/\/verdadeon.com.br\/portal\/2021\/01\/22\/franca-volta-para-a-fase-vermelha-do-plano-sao-paulo\/\"]}]},{\"@type\":\"ImageObject\",\"inLanguage\":\"pt-BR\",\"@id\":\"https:\/\/verdadeon.com.br\/portal\/2021\/01\/22\/franca-volta-para-a-fase-vermelha-do-plano-sao-paulo\/#primaryimage\",\"url\":\"https:\/\/i0.wp.com\/verdadeon.com.br\/portal\/wp-content\/uploads\/2021\/01\/WhatsApp-Image-2021-01-22-at-12.41.29.jpeg?fit=1000%2C670&ssl=1\",\"contentUrl\":\"https:\/\/i0.wp.com\/verdadeon.com.br\/portal\/wp-content\/uploads\/2021\/01\/WhatsApp-Image-2021-01-22-at-12.41.29.jpeg?fit=1000%2C670&ssl=1\",\"width\":1000,\"height\":670},{\"@type\":\"BreadcrumbList\",\"@id\":\"https:\/\/verdadeon.com.br\/portal\/2021\/01\/22\/franca-volta-para-a-fase-vermelha-do-plano-sao-paulo\/#breadcrumb\",\"itemListElement\":[{\"@type\":\"ListItem\",\"position\":1,\"name\":\"In\u00edcio\",\"item\":\"https:\/\/verdadeon.com.br\/portal\/\"},{\"@type\":\"ListItem\",\"position\":2,\"name\":\"Franca volta para a fase Vermelha do Plano S\u00e3o Paulo\"}]},{\"@type\":\"WebSite\",\"@id\":\"https:\/\/verdadeon.com.br\/portal\/#website\",\"url\":\"https:\/\/verdadeon.com.br\/portal\/\",\"name\":\"VerdadeOn\",\"description\":\"Not\u00edcias di\u00e1rias sobre Franca, Regi\u00e3o, Esporte, Cultura, Cotidiano, Colunas. Cobertura nos principais eventos da cidade \u00e9 aqui - Verdadeon Franca\",\"potentialAction\":[{\"@type\":\"SearchAction\",\"target\":{\"@type\":\"EntryPoint\",\"urlTemplate\":\"https:\/\/verdadeon.com.br\/portal\/?s={search_term_string}\"},\"query-input\":{\"@type\":\"PropertyValueSpecification\",\"valueRequired\":true,\"valueName\":\"search_term_string\"}}],\"inLanguage\":\"pt-BR\"},{\"@type\":\"Person\",\"@id\":\"https:\/\/verdadeon.com.br\/portal\/#\/schema\/person\/8994718f49ee62ba5610471e29ca1f62\",\"name\":\"Fernando Calixto\",\"image\":{\"@type\":\"ImageObject\",\"inLanguage\":\"pt-BR\",\"@id\":\"https:\/\/verdadeon.com.br\/portal\/#\/schema\/person\/image\/\",\"url\":\"https:\/\/secure.gravatar.com\/avatar\/7578910c24966c0316c340f9dbd601e93ee9f9212e1033968b367af9306bd9fb?s=96&d=mm&r=g\",\"contentUrl\":\"https:\/\/secure.gravatar.com\/avatar\/7578910c24966c0316c340f9dbd601e93ee9f9212e1033968b367af9306bd9fb?s=96&d=mm&r=g\",\"caption\":\"Fernando Calixto\"},\"url\":\"https:\/\/verdadeon.com.br\/portal\/author\/fernando-calixto\/\"}]}<\/script>\n<!-- \/ Yoast SEO plugin. -->","yoast_head_json":{"title":"Franca volta para a fase Vermelha do Plano S\u00e3o Paulo - VerdadeOn","robots":{"index":"index","follow":"follow","max-snippet":"max-snippet:-1","max-image-preview":"max-image-preview:large","max-video-preview":"max-video-preview:-1"},"canonical":"https:\/\/verdadeon.com.br\/portal\/2021\/01\/22\/franca-volta-para-a-fase-vermelha-do-plano-sao-paulo\/","og_locale":"pt_BR","og_type":"article","og_title":"Franca volta para a fase Vermelha do Plano S\u00e3o Paulo - VerdadeOn","og_description":"Al\u00e9m de Franca outras seis regi\u00f5es ficam na fase vermelha e as demais na laranja, mas fecham setores n\u00e3o essenciais aos fins de semana e feriados [\u2026]","og_url":"https:\/\/verdadeon.com.br\/portal\/2021\/01\/22\/franca-volta-para-a-fase-vermelha-do-plano-sao-paulo\/","og_site_name":"VerdadeOn","article_published_time":"2021-01-22T15:51:08+00:00","article_modified_time":"2021-01-22T17:44:05+00:00","og_image":[{"width":1000,"height":670,"url":"https:\/\/verdadeon.com.br\/portal\/wp-content\/uploads\/2021\/01\/WhatsApp-Image-2021-01-22-at-12.41.29.jpeg","type":"image\/jpeg"}],"author":"Fernando Calixto","twitter_card":"summary_large_image","twitter_misc":{"Escrito por":"Fernando Calixto","Est. tempo de leitura":"4 minutos"},"schema":{"@context":"https:\/\/schema.org","@graph":[{"@type":"WebPage","@id":"https:\/\/verdadeon.com.br\/portal\/2021\/01\/22\/franca-volta-para-a-fase-vermelha-do-plano-sao-paulo\/","url":"https:\/\/verdadeon.com.br\/portal\/2021\/01\/22\/franca-volta-para-a-fase-vermelha-do-plano-sao-paulo\/","name":"Franca volta para a fase Vermelha do Plano S\u00e3o Paulo - VerdadeOn","isPartOf":{"@id":"https:\/\/verdadeon.com.br\/portal\/#website"},"primaryImageOfPage":{"@id":"https:\/\/verdadeon.com.br\/portal\/2021\/01\/22\/franca-volta-para-a-fase-vermelha-do-plano-sao-paulo\/#primaryimage"},"image":{"@id":"https:\/\/verdadeon.com.br\/portal\/2021\/01\/22\/franca-volta-para-a-fase-vermelha-do-plano-sao-paulo\/#primaryimage"},"thumbnailUrl":"https:\/\/i0.wp.com\/verdadeon.com.br\/portal\/wp-content\/uploads\/2021\/01\/WhatsApp-Image-2021-01-22-at-12.41.29.jpeg?fit=1000%2C670&ssl=1","datePublished":"2021-01-22T15:51:08+00:00","dateModified":"2021-01-22T17:44:05+00:00","author":{"@id":"https:\/\/verdadeon.com.br\/portal\/#\/schema\/person\/8994718f49ee62ba5610471e29ca1f62"},"breadcrumb":{"@id":"https:\/\/verdadeon.com.br\/portal\/2021\/01\/22\/franca-volta-para-a-fase-vermelha-do-plano-sao-paulo\/#breadcrumb"},"inLanguage":"pt-BR","potentialAction":[{"@type":"ReadAction","target":["https:\/\/verdadeon.com.br\/portal\/2021\/01\/22\/franca-volta-para-a-fase-vermelha-do-plano-sao-paulo\/"]}]},{"@type":"ImageObject","inLanguage":"pt-BR","@id":"https:\/\/verdadeon.com.br\/portal\/2021\/01\/22\/franca-volta-para-a-fase-vermelha-do-plano-sao-paulo\/#primaryimage","url":"https:\/\/i0.wp.com\/verdadeon.com.br\/portal\/wp-content\/uploads\/2021\/01\/WhatsApp-Image-2021-01-22-at-12.41.29.jpeg?fit=1000%2C670&ssl=1","contentUrl":"https:\/\/i0.wp.com\/verdadeon.com.br\/portal\/wp-content\/uploads\/2021\/01\/WhatsApp-Image-2021-01-22-at-12.41.29.jpeg?fit=1000%2C670&ssl=1","width":1000,"height":670},{"@type":"BreadcrumbList","@id":"https:\/\/verdadeon.com.br\/portal\/2021\/01\/22\/franca-volta-para-a-fase-vermelha-do-plano-sao-paulo\/#breadcrumb","itemListElement":[{"@type":"ListItem","position":1,"name":"In\u00edcio","item":"https:\/\/verdadeon.com.br\/portal\/"},{"@type":"ListItem","position":2,"name":"Franca volta para a fase Vermelha do Plano S\u00e3o Paulo"}]},{"@type":"WebSite","@id":"https:\/\/verdadeon.com.br\/portal\/#website","url":"https:\/\/verdadeon.com.br\/portal\/","name":"VerdadeOn","description":"Not\u00edcias di\u00e1rias sobre Franca, Regi\u00e3o, Esporte, Cultura, Cotidiano, Colunas. Cobertura nos principais eventos da cidade \u00e9 aqui - Verdadeon Franca","potentialAction":[{"@type":"SearchAction","target":{"@type":"EntryPoint","urlTemplate":"https:\/\/verdadeon.com.br\/portal\/?s={search_term_string}"},"query-input":{"@type":"PropertyValueSpecification","valueRequired":true,"valueName":"search_term_string"}}],"inLanguage":"pt-BR"},{"@type":"Person","@id":"https:\/\/verdadeon.com.br\/portal\/#\/schema\/person\/8994718f49ee62ba5610471e29ca1f62","name":"Fernando Calixto","image":{"@type":"ImageObject","inLanguage":"pt-BR","@id":"https:\/\/verdadeon.com.br\/portal\/#\/schema\/person\/image\/","url":"https:\/\/secure.gravatar.com\/avatar\/7578910c24966c0316c340f9dbd601e93ee9f9212e1033968b367af9306bd9fb?s=96&d=mm&r=g","contentUrl":"https:\/\/secure.gravatar.com\/avatar\/7578910c24966c0316c340f9dbd601e93ee9f9212e1033968b367af9306bd9fb?s=96&d=mm&r=g","caption":"Fernando Calixto"},"url":"https:\/\/verdadeon.com.br\/portal\/author\/fernando-calixto\/"}]}},"jetpack_publicize_connections":[],"jetpack_featured_media_url":"https:\/\/i0.wp.com\/verdadeon.com.br\/portal\/wp-content\/uploads\/2021\/01\/WhatsApp-Image-2021-01-22-at-12.41.29.jpeg?fit=1000%2C670&ssl=1","jetpack_sharing_enabled":true,"_links":{"self":[{"href":"https:\/\/verdadeon.com.br\/portal\/wp-json\/wp\/v2\/posts\/13540","targetHints":{"allow":["GET"]}}],"collection":[{"href":"https:\/\/verdadeon.com.br\/portal\/wp-json\/wp\/v2\/posts"}],"about":[{"href":"https:\/\/verdadeon.com.br\/portal\/wp-json\/wp\/v2\/types\/post"}],"author":[{"embeddable":true,"href":"https:\/\/verdadeon.com.br\/portal\/wp-json\/wp\/v2\/users\/4"}],"replies":[{"embeddable":true,"href":"https:\/\/verdadeon.com.br\/portal\/wp-json\/wp\/v2\/comments?post=13540"}],"version-history":[{"count":0,"href":"https:\/\/verdadeon.com.br\/portal\/wp-json\/wp\/v2\/posts\/13540\/revisions"}],"wp:featuredmedia":[{"embeddable":true,"href":"https:\/\/verdadeon.com.br\/portal\/wp-json\/wp\/v2\/media\/13541"}],"wp:attachment":[{"href":"https:\/\/verdadeon.com.br\/portal\/wp-json\/wp\/v2\/media?parent=13540"}],"wp:term":[{"taxonomy":"category","embeddable":true,"href":"https:\/\/verdadeon.com.br\/portal\/wp-json\/wp\/v2\/categories?post=13540"},{"taxonomy":"post_tag","embeddable":true,"href":"https:\/\/verdadeon.com.br\/portal\/wp-json\/wp\/v2\/tags?post=13540"}],"curies":[{"name":"wp","href":"https:\/\/api.w.org\/{rel}","templated":true}]}}