{"id":13525,"date":"2021-01-21T16:02:33","date_gmt":"2021-01-21T19:02:33","guid":{"rendered":"https:\/\/verdadeon.com.br\/portal\/?p=13525"},"modified":"2021-01-21T16:02:33","modified_gmt":"2021-01-21T19:02:33","slug":"historico-cafe-ultrapassa-calcado-nas-exportacoes-de-franca","status":"publish","type":"post","link":"https:\/\/verdadeon.com.br\/portal\/2021\/01\/21\/historico-cafe-ultrapassa-calcado-nas-exportacoes-de-franca\/","title":{"rendered":"Hist\u00f3rico: Caf\u00e9 ultrapassa cal\u00e7ado nas exporta\u00e7\u00f5es de Franca"},"content":{"rendered":"<h2>\u00a0Pesquisa foi divulgada pelo Departamento de Neg\u00f3cios Internacionais da ACIF e por seu Instituto de Economia<\/h2>\n<p>Um levantamento do IE-ACIF (Instituto de Economia da Associa\u00e7\u00e3o do Com\u00e9rcio e Ind\u00fastria de Franca) e do DNI-ACIF (Departamento de Neg\u00f3cios Internacionais da ACIF) mostrou que, pela primeira vez na s\u00e9rie hist\u00f3rica do Minist\u00e9rio da Economia, iniciada em 1997, o cal\u00e7ado n\u00e3o foi o produto mais exportado pela cidade de Franca. Em 2020, o ranking de exporta\u00e7\u00f5es locais foi liderado pelo caf\u00e9, sendo It\u00e1lia e Alemanha os principais consumidores externos da bebida local.<br \/>\nDe acordo com a coordenadora do DNI-ACIF Suyara \u00c1guila, os efeitos negativos da pandemia para os Bens de Consumo, os positivos para Alimentos e Bebidas bem como a alta safra do caf\u00e9 em 2020 e estrat\u00e9gias locais influenciaram a Balan\u00e7a Comercial da cidade, o que levou ao fato in\u00e9dito.<br \/>\n\u201cGrandes players de caf\u00e9 da cidade mudaram suas estrat\u00e9gias de comercializa\u00e7\u00e3o concentrando em Franca os faturamentos para exporta\u00e7\u00e3o que eram enviados a tradings de outras cidades\u201d, afirma \u00c1guila.<br \/>\n\u201cTamb\u00e9m \u00e9 preciso considerar que 2020 foi um ano de safra alta, gerando maior oferta ao mercado, bem acima da vista em 2019. A pandemia, por sua vez, afetou o desempenho dos Bens de Consumo, onde o cal\u00e7ado est\u00e1 inserido. O Brasil, de modo geral, nunca exportou t\u00e3o pouco cal\u00e7ados. A pandemia afetou o com\u00e9rcio f\u00edsico no mundo todo e isso deve ser considerado. Por outro lado, Alimentos e Bebidas, onde se insere o caf\u00e9, apresentou grande crescimento. As pessoas, em casa, passaram a consumir mais destes itens\u201d, diz a coordenadora, que ainda pondera. \u201cSe n\u00e3o houvesse o fator pandemia, ter\u00edamos, sim, um aumento nas exporta\u00e7\u00f5es de caf\u00e9 em raz\u00e3o das mudan\u00e7as em estrat\u00e9gias de mercado e da alta safra, mas n\u00e3o teria sido suficiente para superar o cal\u00e7ado se este n\u00e3o tivesse sofrido queda em seu setor.\u201d<br \/>\nDe acordo a Abical\u00e7ados (Associa\u00e7\u00e3o Brasileira das Ind\u00fastrias de Cal\u00e7ados), o ano de 2020 foi dif\u00edcil para o setor cal\u00e7adista brasileiro, que pode ter perdido 21,8% da sua produ\u00e7\u00e3o em 2020, retornando a patamares de 16 anos atr\u00e1s (dado oficial do IBGE ser\u00e1 divulgado at\u00e9 o fim deste m\u00eas). Na exporta\u00e7\u00e3o, a queda foi de 18,6%, pior n\u00famero desde 1983. Em 2021, a estimativa \u00e9 de incremento tanto em produ\u00e7\u00e3o (+14,1%) quanto em exporta\u00e7\u00e3o de cal\u00e7ados (+14,9%) brasileiros.<br \/>\nJ\u00e1 o caf\u00e9 brasileiro bateu recorde de safra, chegando a 63 milh\u00f5es de sacas. Os dados s\u00e3o da Conab (Companhia Nacional de Abastecimento) e leva em considera\u00e7\u00e3o sua s\u00e9rie hist\u00f3rica iniciada em 2001, ano em que a safra correspondeu a 31,3 milh\u00f5es de sacas.<\/p>\n<p>Balan\u00e7a Comercial de Franca<\/p>\n<p>Em 2020, a cidade de Franca exportou US$ 118 milh\u00f5es, varia\u00e7\u00e3o 13,5% menor em rela\u00e7\u00e3o ao ano anterior, mas com super\u00e1vit de US$ 104 milh\u00f5es. Apesar na queda das exporta\u00e7\u00f5es observadas no ano passado, a participa\u00e7\u00e3o da cidade nas exporta\u00e7\u00f5es do estado se manteve em 0,3%, o que indica uma queda geral em S\u00e3o Paulo como um todo.<br \/>\nO caf\u00e9 representou 52% das exporta\u00e7\u00f5es de Franca, em 2020, chegando a US$ 61,8 milh\u00f5es. Seu crescimento foi de 45,5% em rela\u00e7\u00e3o ao ano anterior. Se comparados os resultados de 2018 e 2019, o crescimento chega a 1.219%. J\u00e1 o cal\u00e7ado representou 29% das exporta\u00e7\u00f5es de Franca, em 2020, chegando a US$ 61,7 milh\u00f5es. Em rela\u00e7\u00e3o a 2019, a queda foi de 49,2%.<br \/>\nOs principais pa\u00edses importadores dos produtos locais s\u00e3o os Estados Unidos, que representa 21% das exporta\u00e7\u00f5es totais da cidade, seguido por It\u00e1lia (16%) e Alemanha (10%).<\/p>\n","protected":false},"excerpt":{"rendered":"<p>\u00a0Pesquisa foi divulgada pelo Departamento de Neg\u00f3cios Internacionais da ACIF e por seu Instituto de Economia Um levantamento do IE-ACIF (Instituto de Economia da Associa\u00e7\u00e3o do<span class=\"excerpt-hellip\"> [\u2026]<\/span><\/p>\n","protected":false},"author":4,"featured_media":13526,"comment_status":"open","ping_status":"open","sticky":false,"template":"","format":"standard","meta":{"_jetpack_memberships_contains_paid_content":false,"footnotes":"","jetpack_publicize_message":"","jetpack_publicize_feature_enabled":true,"jetpack_social_post_already_shared":false,"jetpack_social_options":{"image_generator_settings":{"template":"highway","default_image_id":0,"enabled":false},"version":2}},"categories":[28,81],"tags":[],"class_list":["post-13525","post","type-post","status-publish","format-standard","has-post-thumbnail","hentry","category-cotidiano","category-manchete"],"yoast_head":"<!-- This site is optimized with the Yoast SEO plugin v25.6 - https:\/\/yoast.com\/wordpress\/plugins\/seo\/ -->\n<title>Hist\u00f3rico: Caf\u00e9 ultrapassa cal\u00e7ado nas exporta\u00e7\u00f5es de Franca - VerdadeOn<\/title>\n<meta name=\"robots\" content=\"index, follow, max-snippet:-1, max-image-preview:large, max-video-preview:-1\" \/>\n<link rel=\"canonical\" href=\"https:\/\/verdadeon.com.br\/portal\/2021\/01\/21\/historico-cafe-ultrapassa-calcado-nas-exportacoes-de-franca\/\" \/>\n<meta property=\"og:locale\" content=\"pt_BR\" \/>\n<meta property=\"og:type\" content=\"article\" \/>\n<meta property=\"og:title\" content=\"Hist\u00f3rico: Caf\u00e9 ultrapassa cal\u00e7ado nas exporta\u00e7\u00f5es de Franca - VerdadeOn\" \/>\n<meta property=\"og:description\" content=\"\u00a0Pesquisa foi divulgada pelo Departamento de Neg\u00f3cios Internacionais da ACIF e por seu Instituto de Economia Um levantamento do IE-ACIF (Instituto de Economia da Associa\u00e7\u00e3o do [\u2026]\" \/>\n<meta property=\"og:url\" content=\"https:\/\/verdadeon.com.br\/portal\/2021\/01\/21\/historico-cafe-ultrapassa-calcado-nas-exportacoes-de-franca\/\" \/>\n<meta property=\"og:site_name\" content=\"VerdadeOn\" \/>\n<meta property=\"article:published_time\" content=\"2021-01-21T19:02:33+00:00\" \/>\n<meta property=\"og:image\" content=\"https:\/\/verdadeon.com.br\/portal\/wp-content\/uploads\/2021\/01\/cafe-exportacao.jpg\" \/>\n\t<meta property=\"og:image:width\" content=\"1000\" \/>\n\t<meta property=\"og:image:height\" content=\"670\" \/>\n\t<meta property=\"og:image:type\" content=\"image\/jpeg\" \/>\n<meta name=\"author\" content=\"Fernando Calixto\" \/>\n<meta name=\"twitter:card\" content=\"summary_large_image\" \/>\n<meta name=\"twitter:label1\" content=\"Escrito por\" \/>\n\t<meta name=\"twitter:data1\" content=\"Fernando Calixto\" \/>\n\t<meta name=\"twitter:label2\" content=\"Est. tempo de leitura\" \/>\n\t<meta name=\"twitter:data2\" content=\"3 minutos\" \/>\n<script type=\"application\/ld+json\" class=\"yoast-schema-graph\">{\"@context\":\"https:\/\/schema.org\",\"@graph\":[{\"@type\":\"WebPage\",\"@id\":\"https:\/\/verdadeon.com.br\/portal\/2021\/01\/21\/historico-cafe-ultrapassa-calcado-nas-exportacoes-de-franca\/\",\"url\":\"https:\/\/verdadeon.com.br\/portal\/2021\/01\/21\/historico-cafe-ultrapassa-calcado-nas-exportacoes-de-franca\/\",\"name\":\"Hist\u00f3rico: Caf\u00e9 ultrapassa cal\u00e7ado nas exporta\u00e7\u00f5es de Franca - VerdadeOn\",\"isPartOf\":{\"@id\":\"https:\/\/verdadeon.com.br\/portal\/#website\"},\"primaryImageOfPage\":{\"@id\":\"https:\/\/verdadeon.com.br\/portal\/2021\/01\/21\/historico-cafe-ultrapassa-calcado-nas-exportacoes-de-franca\/#primaryimage\"},\"image\":{\"@id\":\"https:\/\/verdadeon.com.br\/portal\/2021\/01\/21\/historico-cafe-ultrapassa-calcado-nas-exportacoes-de-franca\/#primaryimage\"},\"thumbnailUrl\":\"https:\/\/i0.wp.com\/verdadeon.com.br\/portal\/wp-content\/uploads\/2021\/01\/cafe-exportacao.jpg?fit=1000%2C670&ssl=1\",\"datePublished\":\"2021-01-21T19:02:33+00:00\",\"author\":{\"@id\":\"https:\/\/verdadeon.com.br\/portal\/#\/schema\/person\/8994718f49ee62ba5610471e29ca1f62\"},\"breadcrumb\":{\"@id\":\"https:\/\/verdadeon.com.br\/portal\/2021\/01\/21\/historico-cafe-ultrapassa-calcado-nas-exportacoes-de-franca\/#breadcrumb\"},\"inLanguage\":\"pt-BR\",\"potentialAction\":[{\"@type\":\"ReadAction\",\"target\":[\"https:\/\/verdadeon.com.br\/portal\/2021\/01\/21\/historico-cafe-ultrapassa-calcado-nas-exportacoes-de-franca\/\"]}]},{\"@type\":\"ImageObject\",\"inLanguage\":\"pt-BR\",\"@id\":\"https:\/\/verdadeon.com.br\/portal\/2021\/01\/21\/historico-cafe-ultrapassa-calcado-nas-exportacoes-de-franca\/#primaryimage\",\"url\":\"https:\/\/i0.wp.com\/verdadeon.com.br\/portal\/wp-content\/uploads\/2021\/01\/cafe-exportacao.jpg?fit=1000%2C670&ssl=1\",\"contentUrl\":\"https:\/\/i0.wp.com\/verdadeon.com.br\/portal\/wp-content\/uploads\/2021\/01\/cafe-exportacao.jpg?fit=1000%2C670&ssl=1\",\"width\":1000,\"height\":670,\"caption\":\"Em parceria com a Alta Mogiana Specialty Coffee e o N\u00facleo de Caf\u00e9s Especiais da ACIF, Sebrae-SP ter\u00e1 estande exposto na 3\u00aa Alta Caf\u00e9.\"},{\"@type\":\"BreadcrumbList\",\"@id\":\"https:\/\/verdadeon.com.br\/portal\/2021\/01\/21\/historico-cafe-ultrapassa-calcado-nas-exportacoes-de-franca\/#breadcrumb\",\"itemListElement\":[{\"@type\":\"ListItem\",\"position\":1,\"name\":\"In\u00edcio\",\"item\":\"https:\/\/verdadeon.com.br\/portal\/\"},{\"@type\":\"ListItem\",\"position\":2,\"name\":\"Hist\u00f3rico: Caf\u00e9 ultrapassa cal\u00e7ado nas exporta\u00e7\u00f5es de Franca\"}]},{\"@type\":\"WebSite\",\"@id\":\"https:\/\/verdadeon.com.br\/portal\/#website\",\"url\":\"https:\/\/verdadeon.com.br\/portal\/\",\"name\":\"VerdadeOn\",\"description\":\"Not\u00edcias di\u00e1rias sobre Franca, Regi\u00e3o, Esporte, Cultura, Cotidiano, Colunas. Cobertura nos principais eventos da cidade \u00e9 aqui - Verdadeon Franca\",\"potentialAction\":[{\"@type\":\"SearchAction\",\"target\":{\"@type\":\"EntryPoint\",\"urlTemplate\":\"https:\/\/verdadeon.com.br\/portal\/?s={search_term_string}\"},\"query-input\":{\"@type\":\"PropertyValueSpecification\",\"valueRequired\":true,\"valueName\":\"search_term_string\"}}],\"inLanguage\":\"pt-BR\"},{\"@type\":\"Person\",\"@id\":\"https:\/\/verdadeon.com.br\/portal\/#\/schema\/person\/8994718f49ee62ba5610471e29ca1f62\",\"name\":\"Fernando Calixto\",\"image\":{\"@type\":\"ImageObject\",\"inLanguage\":\"pt-BR\",\"@id\":\"https:\/\/verdadeon.com.br\/portal\/#\/schema\/person\/image\/\",\"url\":\"https:\/\/secure.gravatar.com\/avatar\/7578910c24966c0316c340f9dbd601e93ee9f9212e1033968b367af9306bd9fb?s=96&d=mm&r=g\",\"contentUrl\":\"https:\/\/secure.gravatar.com\/avatar\/7578910c24966c0316c340f9dbd601e93ee9f9212e1033968b367af9306bd9fb?s=96&d=mm&r=g\",\"caption\":\"Fernando Calixto\"},\"url\":\"https:\/\/verdadeon.com.br\/portal\/author\/fernando-calixto\/\"}]}<\/script>\n<!-- \/ Yoast SEO plugin. -->","yoast_head_json":{"title":"Hist\u00f3rico: Caf\u00e9 ultrapassa cal\u00e7ado nas exporta\u00e7\u00f5es de Franca - VerdadeOn","robots":{"index":"index","follow":"follow","max-snippet":"max-snippet:-1","max-image-preview":"max-image-preview:large","max-video-preview":"max-video-preview:-1"},"canonical":"https:\/\/verdadeon.com.br\/portal\/2021\/01\/21\/historico-cafe-ultrapassa-calcado-nas-exportacoes-de-franca\/","og_locale":"pt_BR","og_type":"article","og_title":"Hist\u00f3rico: Caf\u00e9 ultrapassa cal\u00e7ado nas exporta\u00e7\u00f5es de Franca - VerdadeOn","og_description":"\u00a0Pesquisa foi divulgada pelo Departamento de Neg\u00f3cios Internacionais da ACIF e por seu Instituto de Economia Um levantamento do IE-ACIF (Instituto de Economia da Associa\u00e7\u00e3o do [\u2026]","og_url":"https:\/\/verdadeon.com.br\/portal\/2021\/01\/21\/historico-cafe-ultrapassa-calcado-nas-exportacoes-de-franca\/","og_site_name":"VerdadeOn","article_published_time":"2021-01-21T19:02:33+00:00","og_image":[{"width":1000,"height":670,"url":"https:\/\/verdadeon.com.br\/portal\/wp-content\/uploads\/2021\/01\/cafe-exportacao.jpg","type":"image\/jpeg"}],"author":"Fernando Calixto","twitter_card":"summary_large_image","twitter_misc":{"Escrito por":"Fernando Calixto","Est. tempo de leitura":"3 minutos"},"schema":{"@context":"https:\/\/schema.org","@graph":[{"@type":"WebPage","@id":"https:\/\/verdadeon.com.br\/portal\/2021\/01\/21\/historico-cafe-ultrapassa-calcado-nas-exportacoes-de-franca\/","url":"https:\/\/verdadeon.com.br\/portal\/2021\/01\/21\/historico-cafe-ultrapassa-calcado-nas-exportacoes-de-franca\/","name":"Hist\u00f3rico: Caf\u00e9 ultrapassa cal\u00e7ado nas exporta\u00e7\u00f5es de Franca - VerdadeOn","isPartOf":{"@id":"https:\/\/verdadeon.com.br\/portal\/#website"},"primaryImageOfPage":{"@id":"https:\/\/verdadeon.com.br\/portal\/2021\/01\/21\/historico-cafe-ultrapassa-calcado-nas-exportacoes-de-franca\/#primaryimage"},"image":{"@id":"https:\/\/verdadeon.com.br\/portal\/2021\/01\/21\/historico-cafe-ultrapassa-calcado-nas-exportacoes-de-franca\/#primaryimage"},"thumbnailUrl":"https:\/\/i0.wp.com\/verdadeon.com.br\/portal\/wp-content\/uploads\/2021\/01\/cafe-exportacao.jpg?fit=1000%2C670&ssl=1","datePublished":"2021-01-21T19:02:33+00:00","author":{"@id":"https:\/\/verdadeon.com.br\/portal\/#\/schema\/person\/8994718f49ee62ba5610471e29ca1f62"},"breadcrumb":{"@id":"https:\/\/verdadeon.com.br\/portal\/2021\/01\/21\/historico-cafe-ultrapassa-calcado-nas-exportacoes-de-franca\/#breadcrumb"},"inLanguage":"pt-BR","potentialAction":[{"@type":"ReadAction","target":["https:\/\/verdadeon.com.br\/portal\/2021\/01\/21\/historico-cafe-ultrapassa-calcado-nas-exportacoes-de-franca\/"]}]},{"@type":"ImageObject","inLanguage":"pt-BR","@id":"https:\/\/verdadeon.com.br\/portal\/2021\/01\/21\/historico-cafe-ultrapassa-calcado-nas-exportacoes-de-franca\/#primaryimage","url":"https:\/\/i0.wp.com\/verdadeon.com.br\/portal\/wp-content\/uploads\/2021\/01\/cafe-exportacao.jpg?fit=1000%2C670&ssl=1","contentUrl":"https:\/\/i0.wp.com\/verdadeon.com.br\/portal\/wp-content\/uploads\/2021\/01\/cafe-exportacao.jpg?fit=1000%2C670&ssl=1","width":1000,"height":670,"caption":"Em parceria com a Alta Mogiana Specialty Coffee e o N\u00facleo de Caf\u00e9s Especiais da ACIF, Sebrae-SP ter\u00e1 estande exposto na 3\u00aa Alta Caf\u00e9."},{"@type":"BreadcrumbList","@id":"https:\/\/verdadeon.com.br\/portal\/2021\/01\/21\/historico-cafe-ultrapassa-calcado-nas-exportacoes-de-franca\/#breadcrumb","itemListElement":[{"@type":"ListItem","position":1,"name":"In\u00edcio","item":"https:\/\/verdadeon.com.br\/portal\/"},{"@type":"ListItem","position":2,"name":"Hist\u00f3rico: Caf\u00e9 ultrapassa cal\u00e7ado nas exporta\u00e7\u00f5es de Franca"}]},{"@type":"WebSite","@id":"https:\/\/verdadeon.com.br\/portal\/#website","url":"https:\/\/verdadeon.com.br\/portal\/","name":"VerdadeOn","description":"Not\u00edcias di\u00e1rias sobre Franca, Regi\u00e3o, Esporte, Cultura, Cotidiano, Colunas. Cobertura nos principais eventos da cidade \u00e9 aqui - Verdadeon Franca","potentialAction":[{"@type":"SearchAction","target":{"@type":"EntryPoint","urlTemplate":"https:\/\/verdadeon.com.br\/portal\/?s={search_term_string}"},"query-input":{"@type":"PropertyValueSpecification","valueRequired":true,"valueName":"search_term_string"}}],"inLanguage":"pt-BR"},{"@type":"Person","@id":"https:\/\/verdadeon.com.br\/portal\/#\/schema\/person\/8994718f49ee62ba5610471e29ca1f62","name":"Fernando Calixto","image":{"@type":"ImageObject","inLanguage":"pt-BR","@id":"https:\/\/verdadeon.com.br\/portal\/#\/schema\/person\/image\/","url":"https:\/\/secure.gravatar.com\/avatar\/7578910c24966c0316c340f9dbd601e93ee9f9212e1033968b367af9306bd9fb?s=96&d=mm&r=g","contentUrl":"https:\/\/secure.gravatar.com\/avatar\/7578910c24966c0316c340f9dbd601e93ee9f9212e1033968b367af9306bd9fb?s=96&d=mm&r=g","caption":"Fernando Calixto"},"url":"https:\/\/verdadeon.com.br\/portal\/author\/fernando-calixto\/"}]}},"jetpack_publicize_connections":[],"jetpack_featured_media_url":"https:\/\/i0.wp.com\/verdadeon.com.br\/portal\/wp-content\/uploads\/2021\/01\/cafe-exportacao.jpg?fit=1000%2C670&ssl=1","jetpack_sharing_enabled":true,"_links":{"self":[{"href":"https:\/\/verdadeon.com.br\/portal\/wp-json\/wp\/v2\/posts\/13525","targetHints":{"allow":["GET"]}}],"collection":[{"href":"https:\/\/verdadeon.com.br\/portal\/wp-json\/wp\/v2\/posts"}],"about":[{"href":"https:\/\/verdadeon.com.br\/portal\/wp-json\/wp\/v2\/types\/post"}],"author":[{"embeddable":true,"href":"https:\/\/verdadeon.com.br\/portal\/wp-json\/wp\/v2\/users\/4"}],"replies":[{"embeddable":true,"href":"https:\/\/verdadeon.com.br\/portal\/wp-json\/wp\/v2\/comments?post=13525"}],"version-history":[{"count":0,"href":"https:\/\/verdadeon.com.br\/portal\/wp-json\/wp\/v2\/posts\/13525\/revisions"}],"wp:featuredmedia":[{"embeddable":true,"href":"https:\/\/verdadeon.com.br\/portal\/wp-json\/wp\/v2\/media\/13526"}],"wp:attachment":[{"href":"https:\/\/verdadeon.com.br\/portal\/wp-json\/wp\/v2\/media?parent=13525"}],"wp:term":[{"taxonomy":"category","embeddable":true,"href":"https:\/\/verdadeon.com.br\/portal\/wp-json\/wp\/v2\/categories?post=13525"},{"taxonomy":"post_tag","embeddable":true,"href":"https:\/\/verdadeon.com.br\/portal\/wp-json\/wp\/v2\/tags?post=13525"}],"curies":[{"name":"wp","href":"https:\/\/api.w.org\/{rel}","templated":true}]}}