{"id":13519,"date":"2021-01-21T13:00:46","date_gmt":"2021-01-21T16:00:46","guid":{"rendered":"https:\/\/verdadeon.com.br\/portal\/?p=13519"},"modified":"2021-01-21T15:17:57","modified_gmt":"2021-01-21T18:17:57","slug":"pedregulho-prefeitura-e-comercio-discutem-regras-de-funcionamento","status":"publish","type":"post","link":"https:\/\/verdadeon.com.br\/portal\/2021\/01\/21\/pedregulho-prefeitura-e-comercio-discutem-regras-de-funcionamento\/","title":{"rendered":"Pedregulho: Prefeitura e com\u00e9rcio discutem regras de funcionamento"},"content":{"rendered":"<h2>Reuni\u00e3o aconteceu na Casa da Cultura do munic\u00edpio e contou com a presen\u00e7a do secret\u00e1rio de Sa\u00fade, Daniel Borges<\/h2>\n<p>Representantes do com\u00e9rcio de Pedregulho se reuniram esta semana com a secretaria de Sa\u00fade, para debater as regras do funcionamento na fase laranja, na qual a regi\u00e3o de Franca est\u00e1 classificada.<br \/>\nO secret\u00e1rio de Sa\u00fade, Daniel Borges apresentou as normas e alertou os propriet\u00e1rios dos com\u00e9rcios sobre a situa\u00e7\u00e3o que o munic\u00edpio vive neste momento com a pandemia do coronav\u00edrus. Os participantes tamb\u00e9m tiveram espa\u00e7o aberto para tirar as d\u00favidas com o secret\u00e1rio. As mais recorrentes foram em rela\u00e7\u00e3o ao hor\u00e1rio de funcionamento e as formas corretas de atendimentos.<br \/>\n\u201cEsclarecemos sobre as barreiras que devem ser colocados nas lojas, a capacidade de duas pessoas dentro do local e n\u00e3o poder\u00e3o ser usados os banheiros e provadores desses lugares. Nos mercados, padarias, mercearias e a\u00e7ougues, conversamos sobre todas as quest\u00f5es relacionadas \u00e0 contamina\u00e7\u00e3o, falamos sobre a entrada com senhas nos estabelecimentos, o uso de \u00e1lcool em gel, higieniza\u00e7\u00e3o das m\u00e3os e o hor\u00e1rio de funcionamento que deve ser de 8 horas di\u00e1rias dentro do per\u00edodo das 6 \u00e0s 22 horas\u201d, afirmou Daniel.<br \/>\nCerca de 20% dos comerciantes de bares foram \u00e0 Casa da Cultura, um n\u00famero baixo principalmente pelo fato de que os bares s\u00e3o os locais que mais sofrem altera\u00e7\u00f5es no funcionamento, por conta dos riscos de aglomera\u00e7\u00f5es.<br \/>\nA primeira reuni\u00e3o come\u00e7ou por volta das 8 horas, seguindo at\u00e9 o final da tarde com as modifica\u00e7\u00f5es dos participantes em cada um dos setores envolvidos. Segundo o secret\u00e1rio, todos os outros grupos compareceram em bom n\u00famero e puderam dialogar sobre os problemas e as formas de preven\u00e7\u00e3o ao v\u00edrus.<br \/>\nOs lojistas t\u00eam uma restri\u00e7\u00e3o de finaliza\u00e7\u00e3o dos trabalhos, j\u00e1 que os locais devem funcionar at\u00e9 \u00e0s 20 horas. Uma altera\u00e7\u00e3o consider\u00e1vel se d\u00e1 para os propriet\u00e1rios dos bares. Esses ter\u00e3o de funcionar apenas com entregas nas resid\u00eancias e com retirada na porta, sempre seguindo as recomenda\u00e7\u00f5es de preven\u00e7\u00e3o \u00e0 contamina\u00e7\u00e3o do v\u00edrus. Nas academias, cl\u00ednicas e escrit\u00f3rios e farm\u00e1cias ser\u00e3o necess\u00e1rios o agendamento dos atendimentos, com agendas e organiza\u00e7\u00e3o do fluxo de pessoas nos locais.<\/p>\n<p>\u201cJ\u00e1 nas fabricas a conversa aconteceu sobre o volume e a perman\u00eancias de pessoas, a precau\u00e7\u00e3o, quest\u00f5es trabalhistas e, principalmente orienta\u00e7\u00f5es de testagens dos funcion\u00e1rios. Igrejas e templos religiosos est\u00e3o com a capacidade reduzida a 20%. Eventos em hip\u00f3tese nenhuma, essas atividades que geram aglomera\u00e7\u00f5es n\u00e3o s\u00e3o permitidas\u201d, completou Daniel.<br \/>\nOutra quest\u00e3o importante que foi citada pelo secret\u00e1rio \u00e9 em rela\u00e7\u00e3o aos exames que s\u00e3o realizados em outros munic\u00edpios. \u00c9 necess\u00e1rio que o paciente informe a Secretaria de Sa\u00fade caso tenha testado positivo para a Covid-19.<\/p>\n<p>PUNI\u00c7\u00d5ES<\/p>\n<p>Daniel afirmou que, em conversa com o Minist\u00e9rio P\u00fablico, foi informada por parte do setor da sa\u00fade a necessidade de ter uma fiscaliza\u00e7\u00e3o mais intensa e com autua\u00e7\u00e3o a quem descumprir \u00e0s regras. Esse trabalho ser\u00e1 feito pela Guarda Municipal de Pedregulho, em parceria com a Pol\u00edcia Militar.<br \/>\n\u201cSer\u00e3o estabelecidas multas, para que eles possam refor\u00e7ar a fiscaliza\u00e7\u00e3o no nosso munic\u00edpio. O movimento na pra\u00e7a do Centro da cidade reflete na sa\u00fade diretamente, j\u00e1 que diversos casos de contamina\u00e7\u00e3o chegam diretamente desse pessoal. N\u00f3s solicitamos tamb\u00e9m uma intensifica\u00e7\u00e3o da fiscaliza\u00e7\u00e3o junto ao Conselho Tutelar. \u00c9 necess\u00e1ria a abordagem nessas pessoas para que aconte\u00e7a a abordagem e seja dispersada a presen\u00e7a na pra\u00e7a\u201d, finalizou.<\/p>\n","protected":false},"excerpt":{"rendered":"<p>Reuni\u00e3o aconteceu na Casa da Cultura do munic\u00edpio e contou com a presen\u00e7a do secret\u00e1rio de Sa\u00fade, Daniel Borges Representantes do com\u00e9rcio de Pedregulho se reuniram<span class=\"excerpt-hellip\"> [\u2026]<\/span><\/p>\n","protected":false},"author":4,"featured_media":13520,"comment_status":"open","ping_status":"open","sticky":false,"template":"","format":"standard","meta":{"_jetpack_memberships_contains_paid_content":false,"footnotes":"","jetpack_publicize_message":"","jetpack_publicize_feature_enabled":true,"jetpack_social_post_already_shared":false,"jetpack_social_options":{"image_generator_settings":{"template":"highway","default_image_id":0,"enabled":false},"version":2}},"categories":[44,58],"tags":[],"class_list":["post-13519","post","type-post","status-publish","format-standard","has-post-thumbnail","hentry","category-noticias","category-regiao"],"yoast_head":"<!-- This site is optimized with the Yoast SEO plugin v25.6 - https:\/\/yoast.com\/wordpress\/plugins\/seo\/ -->\n<title>Pedregulho: Prefeitura e com\u00e9rcio discutem regras de funcionamento - VerdadeOn<\/title>\n<meta name=\"robots\" content=\"index, follow, max-snippet:-1, max-image-preview:large, max-video-preview:-1\" \/>\n<link rel=\"canonical\" href=\"https:\/\/verdadeon.com.br\/portal\/2021\/01\/21\/pedregulho-prefeitura-e-comercio-discutem-regras-de-funcionamento\/\" \/>\n<meta property=\"og:locale\" content=\"pt_BR\" \/>\n<meta property=\"og:type\" content=\"article\" \/>\n<meta property=\"og:title\" content=\"Pedregulho: Prefeitura e com\u00e9rcio discutem regras de funcionamento - VerdadeOn\" \/>\n<meta property=\"og:description\" content=\"Reuni\u00e3o aconteceu na Casa da Cultura do munic\u00edpio e contou com a presen\u00e7a do secret\u00e1rio de Sa\u00fade, Daniel Borges Representantes do com\u00e9rcio de Pedregulho se reuniram [\u2026]\" \/>\n<meta property=\"og:url\" content=\"https:\/\/verdadeon.com.br\/portal\/2021\/01\/21\/pedregulho-prefeitura-e-comercio-discutem-regras-de-funcionamento\/\" \/>\n<meta property=\"og:site_name\" content=\"VerdadeOn\" \/>\n<meta property=\"article:published_time\" content=\"2021-01-21T16:00:46+00:00\" \/>\n<meta property=\"article:modified_time\" content=\"2021-01-21T18:17:57+00:00\" \/>\n<meta property=\"og:image\" content=\"https:\/\/verdadeon.com.br\/portal\/wp-content\/uploads\/2021\/01\/WhatsApp-Image-2021-01-21-at-15.00.23.jpeg\" \/>\n\t<meta property=\"og:image:width\" content=\"1000\" \/>\n\t<meta property=\"og:image:height\" content=\"670\" \/>\n\t<meta property=\"og:image:type\" content=\"image\/jpeg\" \/>\n<meta name=\"author\" content=\"Fernando Calixto\" \/>\n<meta name=\"twitter:card\" content=\"summary_large_image\" \/>\n<meta name=\"twitter:label1\" content=\"Escrito por\" \/>\n\t<meta name=\"twitter:data1\" content=\"Fernando Calixto\" \/>\n\t<meta name=\"twitter:label2\" content=\"Est. tempo de leitura\" \/>\n\t<meta name=\"twitter:data2\" content=\"3 minutos\" \/>\n<script type=\"application\/ld+json\" class=\"yoast-schema-graph\">{\"@context\":\"https:\/\/schema.org\",\"@graph\":[{\"@type\":\"WebPage\",\"@id\":\"https:\/\/verdadeon.com.br\/portal\/2021\/01\/21\/pedregulho-prefeitura-e-comercio-discutem-regras-de-funcionamento\/\",\"url\":\"https:\/\/verdadeon.com.br\/portal\/2021\/01\/21\/pedregulho-prefeitura-e-comercio-discutem-regras-de-funcionamento\/\",\"name\":\"Pedregulho: Prefeitura e com\u00e9rcio discutem regras de funcionamento - VerdadeOn\",\"isPartOf\":{\"@id\":\"https:\/\/verdadeon.com.br\/portal\/#website\"},\"primaryImageOfPage\":{\"@id\":\"https:\/\/verdadeon.com.br\/portal\/2021\/01\/21\/pedregulho-prefeitura-e-comercio-discutem-regras-de-funcionamento\/#primaryimage\"},\"image\":{\"@id\":\"https:\/\/verdadeon.com.br\/portal\/2021\/01\/21\/pedregulho-prefeitura-e-comercio-discutem-regras-de-funcionamento\/#primaryimage\"},\"thumbnailUrl\":\"https:\/\/i0.wp.com\/verdadeon.com.br\/portal\/wp-content\/uploads\/2021\/01\/WhatsApp-Image-2021-01-21-at-15.00.23.jpeg?fit=1000%2C670&ssl=1\",\"datePublished\":\"2021-01-21T16:00:46+00:00\",\"dateModified\":\"2021-01-21T18:17:57+00:00\",\"author\":{\"@id\":\"https:\/\/verdadeon.com.br\/portal\/#\/schema\/person\/8994718f49ee62ba5610471e29ca1f62\"},\"breadcrumb\":{\"@id\":\"https:\/\/verdadeon.com.br\/portal\/2021\/01\/21\/pedregulho-prefeitura-e-comercio-discutem-regras-de-funcionamento\/#breadcrumb\"},\"inLanguage\":\"pt-BR\",\"potentialAction\":[{\"@type\":\"ReadAction\",\"target\":[\"https:\/\/verdadeon.com.br\/portal\/2021\/01\/21\/pedregulho-prefeitura-e-comercio-discutem-regras-de-funcionamento\/\"]}]},{\"@type\":\"ImageObject\",\"inLanguage\":\"pt-BR\",\"@id\":\"https:\/\/verdadeon.com.br\/portal\/2021\/01\/21\/pedregulho-prefeitura-e-comercio-discutem-regras-de-funcionamento\/#primaryimage\",\"url\":\"https:\/\/i0.wp.com\/verdadeon.com.br\/portal\/wp-content\/uploads\/2021\/01\/WhatsApp-Image-2021-01-21-at-15.00.23.jpeg?fit=1000%2C670&ssl=1\",\"contentUrl\":\"https:\/\/i0.wp.com\/verdadeon.com.br\/portal\/wp-content\/uploads\/2021\/01\/WhatsApp-Image-2021-01-21-at-15.00.23.jpeg?fit=1000%2C670&ssl=1\",\"width\":1000,\"height\":670,\"caption\":\"Durante o encontro o secret\u00e1rio explicou as regras que devem ser seguidas por quem tem com\u00e9rcio no munic\u00edpio | Foto: Divulga\u00e7\u00e3o\"},{\"@type\":\"BreadcrumbList\",\"@id\":\"https:\/\/verdadeon.com.br\/portal\/2021\/01\/21\/pedregulho-prefeitura-e-comercio-discutem-regras-de-funcionamento\/#breadcrumb\",\"itemListElement\":[{\"@type\":\"ListItem\",\"position\":1,\"name\":\"In\u00edcio\",\"item\":\"https:\/\/verdadeon.com.br\/portal\/\"},{\"@type\":\"ListItem\",\"position\":2,\"name\":\"Pedregulho: Prefeitura e com\u00e9rcio discutem regras de funcionamento\"}]},{\"@type\":\"WebSite\",\"@id\":\"https:\/\/verdadeon.com.br\/portal\/#website\",\"url\":\"https:\/\/verdadeon.com.br\/portal\/\",\"name\":\"VerdadeOn\",\"description\":\"Not\u00edcias di\u00e1rias sobre Franca, Regi\u00e3o, Esporte, Cultura, Cotidiano, Colunas. Cobertura nos principais eventos da cidade \u00e9 aqui - Verdadeon Franca\",\"potentialAction\":[{\"@type\":\"SearchAction\",\"target\":{\"@type\":\"EntryPoint\",\"urlTemplate\":\"https:\/\/verdadeon.com.br\/portal\/?s={search_term_string}\"},\"query-input\":{\"@type\":\"PropertyValueSpecification\",\"valueRequired\":true,\"valueName\":\"search_term_string\"}}],\"inLanguage\":\"pt-BR\"},{\"@type\":\"Person\",\"@id\":\"https:\/\/verdadeon.com.br\/portal\/#\/schema\/person\/8994718f49ee62ba5610471e29ca1f62\",\"name\":\"Fernando Calixto\",\"image\":{\"@type\":\"ImageObject\",\"inLanguage\":\"pt-BR\",\"@id\":\"https:\/\/verdadeon.com.br\/portal\/#\/schema\/person\/image\/\",\"url\":\"https:\/\/secure.gravatar.com\/avatar\/7578910c24966c0316c340f9dbd601e93ee9f9212e1033968b367af9306bd9fb?s=96&d=mm&r=g\",\"contentUrl\":\"https:\/\/secure.gravatar.com\/avatar\/7578910c24966c0316c340f9dbd601e93ee9f9212e1033968b367af9306bd9fb?s=96&d=mm&r=g\",\"caption\":\"Fernando Calixto\"},\"url\":\"https:\/\/verdadeon.com.br\/portal\/author\/fernando-calixto\/\"}]}<\/script>\n<!-- \/ Yoast SEO plugin. -->","yoast_head_json":{"title":"Pedregulho: Prefeitura e com\u00e9rcio discutem regras de funcionamento - VerdadeOn","robots":{"index":"index","follow":"follow","max-snippet":"max-snippet:-1","max-image-preview":"max-image-preview:large","max-video-preview":"max-video-preview:-1"},"canonical":"https:\/\/verdadeon.com.br\/portal\/2021\/01\/21\/pedregulho-prefeitura-e-comercio-discutem-regras-de-funcionamento\/","og_locale":"pt_BR","og_type":"article","og_title":"Pedregulho: Prefeitura e com\u00e9rcio discutem regras de funcionamento - VerdadeOn","og_description":"Reuni\u00e3o aconteceu na Casa da Cultura do munic\u00edpio e contou com a presen\u00e7a do secret\u00e1rio de Sa\u00fade, Daniel Borges Representantes do com\u00e9rcio de Pedregulho se reuniram [\u2026]","og_url":"https:\/\/verdadeon.com.br\/portal\/2021\/01\/21\/pedregulho-prefeitura-e-comercio-discutem-regras-de-funcionamento\/","og_site_name":"VerdadeOn","article_published_time":"2021-01-21T16:00:46+00:00","article_modified_time":"2021-01-21T18:17:57+00:00","og_image":[{"width":1000,"height":670,"url":"https:\/\/verdadeon.com.br\/portal\/wp-content\/uploads\/2021\/01\/WhatsApp-Image-2021-01-21-at-15.00.23.jpeg","type":"image\/jpeg"}],"author":"Fernando Calixto","twitter_card":"summary_large_image","twitter_misc":{"Escrito por":"Fernando Calixto","Est. tempo de leitura":"3 minutos"},"schema":{"@context":"https:\/\/schema.org","@graph":[{"@type":"WebPage","@id":"https:\/\/verdadeon.com.br\/portal\/2021\/01\/21\/pedregulho-prefeitura-e-comercio-discutem-regras-de-funcionamento\/","url":"https:\/\/verdadeon.com.br\/portal\/2021\/01\/21\/pedregulho-prefeitura-e-comercio-discutem-regras-de-funcionamento\/","name":"Pedregulho: Prefeitura e com\u00e9rcio discutem regras de funcionamento - VerdadeOn","isPartOf":{"@id":"https:\/\/verdadeon.com.br\/portal\/#website"},"primaryImageOfPage":{"@id":"https:\/\/verdadeon.com.br\/portal\/2021\/01\/21\/pedregulho-prefeitura-e-comercio-discutem-regras-de-funcionamento\/#primaryimage"},"image":{"@id":"https:\/\/verdadeon.com.br\/portal\/2021\/01\/21\/pedregulho-prefeitura-e-comercio-discutem-regras-de-funcionamento\/#primaryimage"},"thumbnailUrl":"https:\/\/i0.wp.com\/verdadeon.com.br\/portal\/wp-content\/uploads\/2021\/01\/WhatsApp-Image-2021-01-21-at-15.00.23.jpeg?fit=1000%2C670&ssl=1","datePublished":"2021-01-21T16:00:46+00:00","dateModified":"2021-01-21T18:17:57+00:00","author":{"@id":"https:\/\/verdadeon.com.br\/portal\/#\/schema\/person\/8994718f49ee62ba5610471e29ca1f62"},"breadcrumb":{"@id":"https:\/\/verdadeon.com.br\/portal\/2021\/01\/21\/pedregulho-prefeitura-e-comercio-discutem-regras-de-funcionamento\/#breadcrumb"},"inLanguage":"pt-BR","potentialAction":[{"@type":"ReadAction","target":["https:\/\/verdadeon.com.br\/portal\/2021\/01\/21\/pedregulho-prefeitura-e-comercio-discutem-regras-de-funcionamento\/"]}]},{"@type":"ImageObject","inLanguage":"pt-BR","@id":"https:\/\/verdadeon.com.br\/portal\/2021\/01\/21\/pedregulho-prefeitura-e-comercio-discutem-regras-de-funcionamento\/#primaryimage","url":"https:\/\/i0.wp.com\/verdadeon.com.br\/portal\/wp-content\/uploads\/2021\/01\/WhatsApp-Image-2021-01-21-at-15.00.23.jpeg?fit=1000%2C670&ssl=1","contentUrl":"https:\/\/i0.wp.com\/verdadeon.com.br\/portal\/wp-content\/uploads\/2021\/01\/WhatsApp-Image-2021-01-21-at-15.00.23.jpeg?fit=1000%2C670&ssl=1","width":1000,"height":670,"caption":"Durante o encontro o secret\u00e1rio explicou as regras que devem ser seguidas por quem tem com\u00e9rcio no munic\u00edpio | Foto: Divulga\u00e7\u00e3o"},{"@type":"BreadcrumbList","@id":"https:\/\/verdadeon.com.br\/portal\/2021\/01\/21\/pedregulho-prefeitura-e-comercio-discutem-regras-de-funcionamento\/#breadcrumb","itemListElement":[{"@type":"ListItem","position":1,"name":"In\u00edcio","item":"https:\/\/verdadeon.com.br\/portal\/"},{"@type":"ListItem","position":2,"name":"Pedregulho: Prefeitura e com\u00e9rcio discutem regras de funcionamento"}]},{"@type":"WebSite","@id":"https:\/\/verdadeon.com.br\/portal\/#website","url":"https:\/\/verdadeon.com.br\/portal\/","name":"VerdadeOn","description":"Not\u00edcias di\u00e1rias sobre Franca, Regi\u00e3o, Esporte, Cultura, Cotidiano, Colunas. Cobertura nos principais eventos da cidade \u00e9 aqui - Verdadeon Franca","potentialAction":[{"@type":"SearchAction","target":{"@type":"EntryPoint","urlTemplate":"https:\/\/verdadeon.com.br\/portal\/?s={search_term_string}"},"query-input":{"@type":"PropertyValueSpecification","valueRequired":true,"valueName":"search_term_string"}}],"inLanguage":"pt-BR"},{"@type":"Person","@id":"https:\/\/verdadeon.com.br\/portal\/#\/schema\/person\/8994718f49ee62ba5610471e29ca1f62","name":"Fernando Calixto","image":{"@type":"ImageObject","inLanguage":"pt-BR","@id":"https:\/\/verdadeon.com.br\/portal\/#\/schema\/person\/image\/","url":"https:\/\/secure.gravatar.com\/avatar\/7578910c24966c0316c340f9dbd601e93ee9f9212e1033968b367af9306bd9fb?s=96&d=mm&r=g","contentUrl":"https:\/\/secure.gravatar.com\/avatar\/7578910c24966c0316c340f9dbd601e93ee9f9212e1033968b367af9306bd9fb?s=96&d=mm&r=g","caption":"Fernando Calixto"},"url":"https:\/\/verdadeon.com.br\/portal\/author\/fernando-calixto\/"}]}},"jetpack_publicize_connections":[],"jetpack_featured_media_url":"https:\/\/i0.wp.com\/verdadeon.com.br\/portal\/wp-content\/uploads\/2021\/01\/WhatsApp-Image-2021-01-21-at-15.00.23.jpeg?fit=1000%2C670&ssl=1","jetpack_sharing_enabled":true,"_links":{"self":[{"href":"https:\/\/verdadeon.com.br\/portal\/wp-json\/wp\/v2\/posts\/13519","targetHints":{"allow":["GET"]}}],"collection":[{"href":"https:\/\/verdadeon.com.br\/portal\/wp-json\/wp\/v2\/posts"}],"about":[{"href":"https:\/\/verdadeon.com.br\/portal\/wp-json\/wp\/v2\/types\/post"}],"author":[{"embeddable":true,"href":"https:\/\/verdadeon.com.br\/portal\/wp-json\/wp\/v2\/users\/4"}],"replies":[{"embeddable":true,"href":"https:\/\/verdadeon.com.br\/portal\/wp-json\/wp\/v2\/comments?post=13519"}],"version-history":[{"count":0,"href":"https:\/\/verdadeon.com.br\/portal\/wp-json\/wp\/v2\/posts\/13519\/revisions"}],"wp:featuredmedia":[{"embeddable":true,"href":"https:\/\/verdadeon.com.br\/portal\/wp-json\/wp\/v2\/media\/13520"}],"wp:attachment":[{"href":"https:\/\/verdadeon.com.br\/portal\/wp-json\/wp\/v2\/media?parent=13519"}],"wp:term":[{"taxonomy":"category","embeddable":true,"href":"https:\/\/verdadeon.com.br\/portal\/wp-json\/wp\/v2\/categories?post=13519"},{"taxonomy":"post_tag","embeddable":true,"href":"https:\/\/verdadeon.com.br\/portal\/wp-json\/wp\/v2\/tags?post=13519"}],"curies":[{"name":"wp","href":"https:\/\/api.w.org\/{rel}","templated":true}]}}