{"id":13506,"date":"2021-01-21T14:46:47","date_gmt":"2021-01-21T17:46:47","guid":{"rendered":"https:\/\/verdadeon.com.br\/portal\/?p=13506"},"modified":"2021-01-21T14:46:47","modified_gmt":"2021-01-21T17:46:47","slug":"podcast-verdade-primeiro-vacinado-em-franca","status":"publish","type":"post","link":"https:\/\/verdadeon.com.br\/portal\/2021\/01\/21\/podcast-verdade-primeiro-vacinado-em-franca\/","title":{"rendered":"Podcast Verdade: Primeiro vacinado em Franca"},"content":{"rendered":"<p>E j\u00e1 come\u00e7ou a vacina\u00e7\u00e3o contra a Covid em Franca.<br \/>\n3300 doses da vacina Coronavac chegaram na noite desta quarta-feira em Franca por escolta Policial e foram recebidas pelo Prefeito Alexandre Ferreira e pelo secret\u00e1rio da Saude Lucas Souza, j\u00e1 na manh\u00e3 desta quinta-feira tivemos o primeiro vacinado contra a covid na cidade.<br \/>\nTrata-se do t\u00e9cnico de enfermagem, Fernando Augusto C\u00e2ndido, que tem 62 anos e e trabalha h\u00e1 17 anos no pronto socoro Dr Alvaro Azus. Fernando faz parte do grupo que tem prioridade na vacina que s\u00e3o os profissionais de sa\u00fade, aqueles que vivem na linha de frente dos atendimentos.<br \/>\nNo pod Cast de hoje falamos com o prefeito Alexandre Ferreira e tamb\u00e9m com o primeiro Vacinado Fernando Augusto Candido.<\/p>\n<p>&nbsp;<\/p>\n<p><iframe loading=\"lazy\" src=\"https:\/\/w.soundcloud.com\/player\/?url=https%3A\/\/api.soundcloud.com\/tracks\/970036609&amp;color=%23ff5500&amp;auto_play=false&amp;hide_related=false&amp;show_comments=true&amp;show_user=true&amp;show_reposts=false&amp;show_teaser=true&amp;visual=true\" width=\"100%\" height=\"300\" frameborder=\"no\" scrolling=\"no\"><\/iframe><\/p>\n<div style=\"font-size: 10px; color: #cccccc; line-break: anywhere; word-break: normal; overflow: hidden; white-space: nowrap; text-overflow: ellipsis; font-family: Interstate,Lucida Grande,Lucida Sans Unicode,Lucida Sans,Garuda,Verdana,Tahoma,sans-serif; font-weight: 100;\"><a style=\"color: #cccccc; text-decoration: none;\" title=\"Verdade\" href=\"https:\/\/soundcloud.com\/user-910203380\" target=\"_blank\" rel=\"noopener\">Verdade<\/a> \u00b7 <a style=\"color: #cccccc; text-decoration: none;\" title=\"Podcast sobre o primeiro Vacinado em Franca\" href=\"https:\/\/soundcloud.com\/user-910203380\/podcast-sobre-o-primeiro-vacinado-em-franca\" target=\"_blank\" rel=\"noopener\">Podcast sobre o primeiro Vacinado em Franca<\/a><\/div>\n","protected":false},"excerpt":{"rendered":"<p>E j\u00e1 come\u00e7ou a vacina\u00e7\u00e3o contra a Covid em Franca. 3300 doses da vacina Coronavac chegaram na noite desta quarta-feira em Franca por escolta Policial e<span class=\"excerpt-hellip\"> [\u2026]<\/span><\/p>\n","protected":false},"author":4,"featured_media":13507,"comment_status":"open","ping_status":"open","sticky":false,"template":"","format":"standard","meta":{"_jetpack_memberships_contains_paid_content":false,"footnotes":"","jetpack_publicize_message":"","jetpack_publicize_feature_enabled":true,"jetpack_social_post_already_shared":false,"jetpack_social_options":{"image_generator_settings":{"template":"highway","default_image_id":0,"enabled":false},"version":2}},"categories":[44,125],"tags":[],"class_list":["post-13506","post","type-post","status-publish","format-standard","has-post-thumbnail","hentry","category-noticias","category-podcast"],"yoast_head":"<!-- This site is optimized with the Yoast SEO plugin v25.6 - https:\/\/yoast.com\/wordpress\/plugins\/seo\/ -->\n<title>Podcast Verdade: Primeiro vacinado em Franca - VerdadeOn<\/title>\n<meta name=\"robots\" content=\"index, follow, max-snippet:-1, max-image-preview:large, max-video-preview:-1\" \/>\n<link rel=\"canonical\" href=\"https:\/\/verdadeon.com.br\/portal\/2021\/01\/21\/podcast-verdade-primeiro-vacinado-em-franca\/\" \/>\n<meta property=\"og:locale\" content=\"pt_BR\" \/>\n<meta property=\"og:type\" content=\"article\" \/>\n<meta property=\"og:title\" content=\"Podcast Verdade: Primeiro vacinado em Franca - VerdadeOn\" \/>\n<meta property=\"og:description\" content=\"E j\u00e1 come\u00e7ou a vacina\u00e7\u00e3o contra a Covid em Franca. 3300 doses da vacina Coronavac chegaram na noite desta quarta-feira em Franca por escolta Policial e [\u2026]\" \/>\n<meta property=\"og:url\" content=\"https:\/\/verdadeon.com.br\/portal\/2021\/01\/21\/podcast-verdade-primeiro-vacinado-em-franca\/\" \/>\n<meta property=\"og:site_name\" content=\"VerdadeOn\" \/>\n<meta property=\"article:published_time\" content=\"2021-01-21T17:46:47+00:00\" \/>\n<meta property=\"og:image\" content=\"https:\/\/verdadeon.com.br\/portal\/wp-content\/uploads\/2021\/01\/PODCAST-VERDaDAE-2.jpg\" \/>\n\t<meta property=\"og:image:width\" content=\"1000\" \/>\n\t<meta property=\"og:image:height\" content=\"670\" \/>\n\t<meta property=\"og:image:type\" content=\"image\/jpeg\" \/>\n<meta name=\"author\" content=\"Fernando Calixto\" \/>\n<meta name=\"twitter:card\" content=\"summary_large_image\" \/>\n<meta name=\"twitter:label1\" content=\"Escrito por\" \/>\n\t<meta name=\"twitter:data1\" content=\"Fernando Calixto\" \/>\n\t<meta name=\"twitter:label2\" content=\"Est. tempo de leitura\" \/>\n\t<meta name=\"twitter:data2\" content=\"1 minuto\" \/>\n<script type=\"application\/ld+json\" class=\"yoast-schema-graph\">{\"@context\":\"https:\/\/schema.org\",\"@graph\":[{\"@type\":\"WebPage\",\"@id\":\"https:\/\/verdadeon.com.br\/portal\/2021\/01\/21\/podcast-verdade-primeiro-vacinado-em-franca\/\",\"url\":\"https:\/\/verdadeon.com.br\/portal\/2021\/01\/21\/podcast-verdade-primeiro-vacinado-em-franca\/\",\"name\":\"Podcast Verdade: Primeiro vacinado em Franca - VerdadeOn\",\"isPartOf\":{\"@id\":\"https:\/\/verdadeon.com.br\/portal\/#website\"},\"primaryImageOfPage\":{\"@id\":\"https:\/\/verdadeon.com.br\/portal\/2021\/01\/21\/podcast-verdade-primeiro-vacinado-em-franca\/#primaryimage\"},\"image\":{\"@id\":\"https:\/\/verdadeon.com.br\/portal\/2021\/01\/21\/podcast-verdade-primeiro-vacinado-em-franca\/#primaryimage\"},\"thumbnailUrl\":\"https:\/\/i0.wp.com\/verdadeon.com.br\/portal\/wp-content\/uploads\/2021\/01\/PODCAST-VERDaDAE-2.jpg?fit=1000%2C670&ssl=1\",\"datePublished\":\"2021-01-21T17:46:47+00:00\",\"author\":{\"@id\":\"https:\/\/verdadeon.com.br\/portal\/#\/schema\/person\/8994718f49ee62ba5610471e29ca1f62\"},\"breadcrumb\":{\"@id\":\"https:\/\/verdadeon.com.br\/portal\/2021\/01\/21\/podcast-verdade-primeiro-vacinado-em-franca\/#breadcrumb\"},\"inLanguage\":\"pt-BR\",\"potentialAction\":[{\"@type\":\"ReadAction\",\"target\":[\"https:\/\/verdadeon.com.br\/portal\/2021\/01\/21\/podcast-verdade-primeiro-vacinado-em-franca\/\"]}]},{\"@type\":\"ImageObject\",\"inLanguage\":\"pt-BR\",\"@id\":\"https:\/\/verdadeon.com.br\/portal\/2021\/01\/21\/podcast-verdade-primeiro-vacinado-em-franca\/#primaryimage\",\"url\":\"https:\/\/i0.wp.com\/verdadeon.com.br\/portal\/wp-content\/uploads\/2021\/01\/PODCAST-VERDaDAE-2.jpg?fit=1000%2C670&ssl=1\",\"contentUrl\":\"https:\/\/i0.wp.com\/verdadeon.com.br\/portal\/wp-content\/uploads\/2021\/01\/PODCAST-VERDaDAE-2.jpg?fit=1000%2C670&ssl=1\",\"width\":1000,\"height\":670},{\"@type\":\"BreadcrumbList\",\"@id\":\"https:\/\/verdadeon.com.br\/portal\/2021\/01\/21\/podcast-verdade-primeiro-vacinado-em-franca\/#breadcrumb\",\"itemListElement\":[{\"@type\":\"ListItem\",\"position\":1,\"name\":\"In\u00edcio\",\"item\":\"https:\/\/verdadeon.com.br\/portal\/\"},{\"@type\":\"ListItem\",\"position\":2,\"name\":\"Podcast Verdade: Primeiro vacinado em Franca\"}]},{\"@type\":\"WebSite\",\"@id\":\"https:\/\/verdadeon.com.br\/portal\/#website\",\"url\":\"https:\/\/verdadeon.com.br\/portal\/\",\"name\":\"VerdadeOn\",\"description\":\"Not\u00edcias di\u00e1rias sobre Franca, Regi\u00e3o, Esporte, Cultura, Cotidiano, Colunas. Cobertura nos principais eventos da cidade \u00e9 aqui - Verdadeon Franca\",\"potentialAction\":[{\"@type\":\"SearchAction\",\"target\":{\"@type\":\"EntryPoint\",\"urlTemplate\":\"https:\/\/verdadeon.com.br\/portal\/?s={search_term_string}\"},\"query-input\":{\"@type\":\"PropertyValueSpecification\",\"valueRequired\":true,\"valueName\":\"search_term_string\"}}],\"inLanguage\":\"pt-BR\"},{\"@type\":\"Person\",\"@id\":\"https:\/\/verdadeon.com.br\/portal\/#\/schema\/person\/8994718f49ee62ba5610471e29ca1f62\",\"name\":\"Fernando Calixto\",\"image\":{\"@type\":\"ImageObject\",\"inLanguage\":\"pt-BR\",\"@id\":\"https:\/\/verdadeon.com.br\/portal\/#\/schema\/person\/image\/\",\"url\":\"https:\/\/secure.gravatar.com\/avatar\/7578910c24966c0316c340f9dbd601e93ee9f9212e1033968b367af9306bd9fb?s=96&d=mm&r=g\",\"contentUrl\":\"https:\/\/secure.gravatar.com\/avatar\/7578910c24966c0316c340f9dbd601e93ee9f9212e1033968b367af9306bd9fb?s=96&d=mm&r=g\",\"caption\":\"Fernando Calixto\"},\"url\":\"https:\/\/verdadeon.com.br\/portal\/author\/fernando-calixto\/\"}]}<\/script>\n<!-- \/ Yoast SEO plugin. -->","yoast_head_json":{"title":"Podcast Verdade: Primeiro vacinado em Franca - VerdadeOn","robots":{"index":"index","follow":"follow","max-snippet":"max-snippet:-1","max-image-preview":"max-image-preview:large","max-video-preview":"max-video-preview:-1"},"canonical":"https:\/\/verdadeon.com.br\/portal\/2021\/01\/21\/podcast-verdade-primeiro-vacinado-em-franca\/","og_locale":"pt_BR","og_type":"article","og_title":"Podcast Verdade: Primeiro vacinado em Franca - VerdadeOn","og_description":"E j\u00e1 come\u00e7ou a vacina\u00e7\u00e3o contra a Covid em Franca. 3300 doses da vacina Coronavac chegaram na noite desta quarta-feira em Franca por escolta Policial e [\u2026]","og_url":"https:\/\/verdadeon.com.br\/portal\/2021\/01\/21\/podcast-verdade-primeiro-vacinado-em-franca\/","og_site_name":"VerdadeOn","article_published_time":"2021-01-21T17:46:47+00:00","og_image":[{"width":1000,"height":670,"url":"https:\/\/verdadeon.com.br\/portal\/wp-content\/uploads\/2021\/01\/PODCAST-VERDaDAE-2.jpg","type":"image\/jpeg"}],"author":"Fernando Calixto","twitter_card":"summary_large_image","twitter_misc":{"Escrito por":"Fernando Calixto","Est. tempo de leitura":"1 minuto"},"schema":{"@context":"https:\/\/schema.org","@graph":[{"@type":"WebPage","@id":"https:\/\/verdadeon.com.br\/portal\/2021\/01\/21\/podcast-verdade-primeiro-vacinado-em-franca\/","url":"https:\/\/verdadeon.com.br\/portal\/2021\/01\/21\/podcast-verdade-primeiro-vacinado-em-franca\/","name":"Podcast Verdade: Primeiro vacinado em Franca - VerdadeOn","isPartOf":{"@id":"https:\/\/verdadeon.com.br\/portal\/#website"},"primaryImageOfPage":{"@id":"https:\/\/verdadeon.com.br\/portal\/2021\/01\/21\/podcast-verdade-primeiro-vacinado-em-franca\/#primaryimage"},"image":{"@id":"https:\/\/verdadeon.com.br\/portal\/2021\/01\/21\/podcast-verdade-primeiro-vacinado-em-franca\/#primaryimage"},"thumbnailUrl":"https:\/\/i0.wp.com\/verdadeon.com.br\/portal\/wp-content\/uploads\/2021\/01\/PODCAST-VERDaDAE-2.jpg?fit=1000%2C670&ssl=1","datePublished":"2021-01-21T17:46:47+00:00","author":{"@id":"https:\/\/verdadeon.com.br\/portal\/#\/schema\/person\/8994718f49ee62ba5610471e29ca1f62"},"breadcrumb":{"@id":"https:\/\/verdadeon.com.br\/portal\/2021\/01\/21\/podcast-verdade-primeiro-vacinado-em-franca\/#breadcrumb"},"inLanguage":"pt-BR","potentialAction":[{"@type":"ReadAction","target":["https:\/\/verdadeon.com.br\/portal\/2021\/01\/21\/podcast-verdade-primeiro-vacinado-em-franca\/"]}]},{"@type":"ImageObject","inLanguage":"pt-BR","@id":"https:\/\/verdadeon.com.br\/portal\/2021\/01\/21\/podcast-verdade-primeiro-vacinado-em-franca\/#primaryimage","url":"https:\/\/i0.wp.com\/verdadeon.com.br\/portal\/wp-content\/uploads\/2021\/01\/PODCAST-VERDaDAE-2.jpg?fit=1000%2C670&ssl=1","contentUrl":"https:\/\/i0.wp.com\/verdadeon.com.br\/portal\/wp-content\/uploads\/2021\/01\/PODCAST-VERDaDAE-2.jpg?fit=1000%2C670&ssl=1","width":1000,"height":670},{"@type":"BreadcrumbList","@id":"https:\/\/verdadeon.com.br\/portal\/2021\/01\/21\/podcast-verdade-primeiro-vacinado-em-franca\/#breadcrumb","itemListElement":[{"@type":"ListItem","position":1,"name":"In\u00edcio","item":"https:\/\/verdadeon.com.br\/portal\/"},{"@type":"ListItem","position":2,"name":"Podcast Verdade: Primeiro vacinado em Franca"}]},{"@type":"WebSite","@id":"https:\/\/verdadeon.com.br\/portal\/#website","url":"https:\/\/verdadeon.com.br\/portal\/","name":"VerdadeOn","description":"Not\u00edcias di\u00e1rias sobre Franca, Regi\u00e3o, Esporte, Cultura, Cotidiano, Colunas. Cobertura nos principais eventos da cidade \u00e9 aqui - Verdadeon Franca","potentialAction":[{"@type":"SearchAction","target":{"@type":"EntryPoint","urlTemplate":"https:\/\/verdadeon.com.br\/portal\/?s={search_term_string}"},"query-input":{"@type":"PropertyValueSpecification","valueRequired":true,"valueName":"search_term_string"}}],"inLanguage":"pt-BR"},{"@type":"Person","@id":"https:\/\/verdadeon.com.br\/portal\/#\/schema\/person\/8994718f49ee62ba5610471e29ca1f62","name":"Fernando Calixto","image":{"@type":"ImageObject","inLanguage":"pt-BR","@id":"https:\/\/verdadeon.com.br\/portal\/#\/schema\/person\/image\/","url":"https:\/\/secure.gravatar.com\/avatar\/7578910c24966c0316c340f9dbd601e93ee9f9212e1033968b367af9306bd9fb?s=96&d=mm&r=g","contentUrl":"https:\/\/secure.gravatar.com\/avatar\/7578910c24966c0316c340f9dbd601e93ee9f9212e1033968b367af9306bd9fb?s=96&d=mm&r=g","caption":"Fernando Calixto"},"url":"https:\/\/verdadeon.com.br\/portal\/author\/fernando-calixto\/"}]}},"jetpack_publicize_connections":[],"jetpack_featured_media_url":"https:\/\/i0.wp.com\/verdadeon.com.br\/portal\/wp-content\/uploads\/2021\/01\/PODCAST-VERDaDAE-2.jpg?fit=1000%2C670&ssl=1","jetpack_sharing_enabled":true,"_links":{"self":[{"href":"https:\/\/verdadeon.com.br\/portal\/wp-json\/wp\/v2\/posts\/13506","targetHints":{"allow":["GET"]}}],"collection":[{"href":"https:\/\/verdadeon.com.br\/portal\/wp-json\/wp\/v2\/posts"}],"about":[{"href":"https:\/\/verdadeon.com.br\/portal\/wp-json\/wp\/v2\/types\/post"}],"author":[{"embeddable":true,"href":"https:\/\/verdadeon.com.br\/portal\/wp-json\/wp\/v2\/users\/4"}],"replies":[{"embeddable":true,"href":"https:\/\/verdadeon.com.br\/portal\/wp-json\/wp\/v2\/comments?post=13506"}],"version-history":[{"count":0,"href":"https:\/\/verdadeon.com.br\/portal\/wp-json\/wp\/v2\/posts\/13506\/revisions"}],"wp:featuredmedia":[{"embeddable":true,"href":"https:\/\/verdadeon.com.br\/portal\/wp-json\/wp\/v2\/media\/13507"}],"wp:attachment":[{"href":"https:\/\/verdadeon.com.br\/portal\/wp-json\/wp\/v2\/media?parent=13506"}],"wp:term":[{"taxonomy":"category","embeddable":true,"href":"https:\/\/verdadeon.com.br\/portal\/wp-json\/wp\/v2\/categories?post=13506"},{"taxonomy":"post_tag","embeddable":true,"href":"https:\/\/verdadeon.com.br\/portal\/wp-json\/wp\/v2\/tags?post=13506"}],"curies":[{"name":"wp","href":"https:\/\/api.w.org\/{rel}","templated":true}]}}