{"id":13502,"date":"2021-01-21T12:33:23","date_gmt":"2021-01-21T15:33:23","guid":{"rendered":"https:\/\/verdadeon.com.br\/portal\/?p=13502"},"modified":"2021-01-21T12:33:23","modified_gmt":"2021-01-21T15:33:23","slug":"primeira-dose-da-vacina-contra-a-covid-e-aplicada-em-franca","status":"publish","type":"post","link":"https:\/\/verdadeon.com.br\/portal\/2021\/01\/21\/primeira-dose-da-vacina-contra-a-covid-e-aplicada-em-franca\/","title":{"rendered":"Primeira dose da vacina contra a Covid \u00e9 aplicada em Franca"},"content":{"rendered":"<h2>Funcion\u00e1rio do \u00c1lvaro Azzuz foi escolhido para ser o primeiro, ele tem 62 anos e \u00e9 t\u00e9cnico em enfermagem h\u00e1 17<\/h2>\n<p>Fernando Augusto C\u00e2ndido, este \u00e9 o nome do primeiro vacinado contra a Covid-19 em Franca. O t\u00e9cnico em enfermagem de 62 anos, trabalha na linha de frente do combate ao coronav\u00edrus.<br \/>\n\u201c\u00c9 emocionante sim, eu soube ontem que seria o primeiro vacinado, o secret\u00e1rio de sa\u00fade me ligou e me falou, eu j\u00e1 esperava que seria imunizado, mas o primeiro n\u00e3o, foi uma surpresa muito boa\u201d, relatou emocionado o t\u00e9cnico.<br \/>\nA imuniza\u00e7\u00e3o aconteceu em uma cerim\u00f4nia na nova ala do pronto socorro \u00c1lvaro Azzuz, que fica no estacionamento. Neste primeiro momento, profissionais da sa\u00fade ser\u00e3o vacinados, no total Franca recebeu 3.320 doses, que ser\u00e3o aplicadas em funcion\u00e1rios da linha de frente do \u00c1lvaro Azzuz, das UPAS do Jardim Aeroporto e Anita, do Pronto Socorro Infantil, da Santa Casa e do Hospital do Cora\u00e7\u00e3o.<br \/>\n\u201cN\u00f3s devemos usar todas as doses agora, \u00e9 uma recomenda\u00e7\u00e3o do Minist\u00e9rio da Sa\u00fade, porque a segunda dose para esses profissionais j\u00e1 est\u00e3o garantidas, porque s\u00e3o necess\u00e1rias duas doses para a imuniza\u00e7\u00e3o completa. \u00c9 um dia hist\u00f3rico para Franca, depois de tanto sofrer com essa situa\u00e7\u00e3o do coronav\u00edrus\u201d, relatou o prefeito Alexandre Ferreira.<br \/>\nO secret\u00e1rio de Sa\u00fade Lucas Souza, afirmou que o munic\u00edpio esperava receber mais vacinas. \u201cA expectativa at\u00e9 ent\u00e3o era a de vacinar 55 mil profissionais da sa\u00fade e idosos, mas estamos na depend\u00eancia do Estado e do Minist\u00e9rio da Sa\u00fade\u201d, afirmou.<br \/>\nA vacina\u00e7\u00e3o de profissionais da sa\u00fade segue nesta quinta-feira (21), e deve ser conclu\u00edda at\u00e9 sexta-feira (22).<\/p>\n","protected":false},"excerpt":{"rendered":"<p>Funcion\u00e1rio do \u00c1lvaro Azzuz foi escolhido para ser o primeiro, ele tem 62 anos e \u00e9 t\u00e9cnico em enfermagem h\u00e1 17 Fernando Augusto C\u00e2ndido, este \u00e9<span class=\"excerpt-hellip\"> [\u2026]<\/span><\/p>\n","protected":false},"author":4,"featured_media":13503,"comment_status":"open","ping_status":"open","sticky":false,"template":"","format":"standard","meta":{"_jetpack_memberships_contains_paid_content":false,"footnotes":"","jetpack_publicize_message":"","jetpack_publicize_feature_enabled":true,"jetpack_social_post_already_shared":false,"jetpack_social_options":{"image_generator_settings":{"template":"highway","default_image_id":0,"enabled":false},"version":2}},"categories":[28,81],"tags":[],"class_list":["post-13502","post","type-post","status-publish","format-standard","has-post-thumbnail","hentry","category-cotidiano","category-manchete"],"yoast_head":"<!-- This site is optimized with the Yoast SEO plugin v25.6 - https:\/\/yoast.com\/wordpress\/plugins\/seo\/ -->\n<title>Primeira dose da vacina contra a Covid \u00e9 aplicada em Franca - VerdadeOn<\/title>\n<meta name=\"robots\" content=\"index, follow, max-snippet:-1, max-image-preview:large, max-video-preview:-1\" \/>\n<link rel=\"canonical\" href=\"https:\/\/verdadeon.com.br\/portal\/2021\/01\/21\/primeira-dose-da-vacina-contra-a-covid-e-aplicada-em-franca\/\" \/>\n<meta property=\"og:locale\" content=\"pt_BR\" \/>\n<meta property=\"og:type\" content=\"article\" \/>\n<meta property=\"og:title\" content=\"Primeira dose da vacina contra a Covid \u00e9 aplicada em Franca - VerdadeOn\" \/>\n<meta property=\"og:description\" content=\"Funcion\u00e1rio do \u00c1lvaro Azzuz foi escolhido para ser o primeiro, ele tem 62 anos e \u00e9 t\u00e9cnico em enfermagem h\u00e1 17 Fernando Augusto C\u00e2ndido, este \u00e9 [\u2026]\" \/>\n<meta property=\"og:url\" content=\"https:\/\/verdadeon.com.br\/portal\/2021\/01\/21\/primeira-dose-da-vacina-contra-a-covid-e-aplicada-em-franca\/\" \/>\n<meta property=\"og:site_name\" content=\"VerdadeOn\" \/>\n<meta property=\"article:published_time\" content=\"2021-01-21T15:33:23+00:00\" \/>\n<meta property=\"og:image\" content=\"https:\/\/verdadeon.com.br\/portal\/wp-content\/uploads\/2021\/01\/WhatsApp-Image-2021-01-21-at-09.25.07.jpeg\" \/>\n\t<meta property=\"og:image:width\" content=\"1000\" \/>\n\t<meta property=\"og:image:height\" content=\"670\" \/>\n\t<meta property=\"og:image:type\" content=\"image\/jpeg\" \/>\n<meta name=\"author\" content=\"Fernando Calixto\" \/>\n<meta name=\"twitter:card\" content=\"summary_large_image\" \/>\n<meta name=\"twitter:label1\" content=\"Escrito por\" \/>\n\t<meta name=\"twitter:data1\" content=\"Fernando Calixto\" \/>\n\t<meta name=\"twitter:label2\" content=\"Est. tempo de leitura\" \/>\n\t<meta name=\"twitter:data2\" content=\"2 minutos\" \/>\n<script type=\"application\/ld+json\" class=\"yoast-schema-graph\">{\"@context\":\"https:\/\/schema.org\",\"@graph\":[{\"@type\":\"WebPage\",\"@id\":\"https:\/\/verdadeon.com.br\/portal\/2021\/01\/21\/primeira-dose-da-vacina-contra-a-covid-e-aplicada-em-franca\/\",\"url\":\"https:\/\/verdadeon.com.br\/portal\/2021\/01\/21\/primeira-dose-da-vacina-contra-a-covid-e-aplicada-em-franca\/\",\"name\":\"Primeira dose da vacina contra a Covid \u00e9 aplicada em Franca - VerdadeOn\",\"isPartOf\":{\"@id\":\"https:\/\/verdadeon.com.br\/portal\/#website\"},\"primaryImageOfPage\":{\"@id\":\"https:\/\/verdadeon.com.br\/portal\/2021\/01\/21\/primeira-dose-da-vacina-contra-a-covid-e-aplicada-em-franca\/#primaryimage\"},\"image\":{\"@id\":\"https:\/\/verdadeon.com.br\/portal\/2021\/01\/21\/primeira-dose-da-vacina-contra-a-covid-e-aplicada-em-franca\/#primaryimage\"},\"thumbnailUrl\":\"https:\/\/i0.wp.com\/verdadeon.com.br\/portal\/wp-content\/uploads\/2021\/01\/WhatsApp-Image-2021-01-21-at-09.25.07.jpeg?fit=1000%2C670&ssl=1\",\"datePublished\":\"2021-01-21T15:33:23+00:00\",\"author\":{\"@id\":\"https:\/\/verdadeon.com.br\/portal\/#\/schema\/person\/8994718f49ee62ba5610471e29ca1f62\"},\"breadcrumb\":{\"@id\":\"https:\/\/verdadeon.com.br\/portal\/2021\/01\/21\/primeira-dose-da-vacina-contra-a-covid-e-aplicada-em-franca\/#breadcrumb\"},\"inLanguage\":\"pt-BR\",\"potentialAction\":[{\"@type\":\"ReadAction\",\"target\":[\"https:\/\/verdadeon.com.br\/portal\/2021\/01\/21\/primeira-dose-da-vacina-contra-a-covid-e-aplicada-em-franca\/\"]}]},{\"@type\":\"ImageObject\",\"inLanguage\":\"pt-BR\",\"@id\":\"https:\/\/verdadeon.com.br\/portal\/2021\/01\/21\/primeira-dose-da-vacina-contra-a-covid-e-aplicada-em-franca\/#primaryimage\",\"url\":\"https:\/\/i0.wp.com\/verdadeon.com.br\/portal\/wp-content\/uploads\/2021\/01\/WhatsApp-Image-2021-01-21-at-09.25.07.jpeg?fit=1000%2C670&ssl=1\",\"contentUrl\":\"https:\/\/i0.wp.com\/verdadeon.com.br\/portal\/wp-content\/uploads\/2021\/01\/WhatsApp-Image-2021-01-21-at-09.25.07.jpeg?fit=1000%2C670&ssl=1\",\"width\":1000,\"height\":670,\"caption\":\"No total Franca recebeu 3.320 doses da Coronavac, vacina que \u00e9 produzida pelo Instituto Butantan em parceria com a China | Foto: Jornal Verdade\"},{\"@type\":\"BreadcrumbList\",\"@id\":\"https:\/\/verdadeon.com.br\/portal\/2021\/01\/21\/primeira-dose-da-vacina-contra-a-covid-e-aplicada-em-franca\/#breadcrumb\",\"itemListElement\":[{\"@type\":\"ListItem\",\"position\":1,\"name\":\"In\u00edcio\",\"item\":\"https:\/\/verdadeon.com.br\/portal\/\"},{\"@type\":\"ListItem\",\"position\":2,\"name\":\"Primeira dose da vacina contra a Covid \u00e9 aplicada em Franca\"}]},{\"@type\":\"WebSite\",\"@id\":\"https:\/\/verdadeon.com.br\/portal\/#website\",\"url\":\"https:\/\/verdadeon.com.br\/portal\/\",\"name\":\"VerdadeOn\",\"description\":\"Not\u00edcias di\u00e1rias sobre Franca, Regi\u00e3o, Esporte, Cultura, Cotidiano, Colunas. Cobertura nos principais eventos da cidade \u00e9 aqui - Verdadeon Franca\",\"potentialAction\":[{\"@type\":\"SearchAction\",\"target\":{\"@type\":\"EntryPoint\",\"urlTemplate\":\"https:\/\/verdadeon.com.br\/portal\/?s={search_term_string}\"},\"query-input\":{\"@type\":\"PropertyValueSpecification\",\"valueRequired\":true,\"valueName\":\"search_term_string\"}}],\"inLanguage\":\"pt-BR\"},{\"@type\":\"Person\",\"@id\":\"https:\/\/verdadeon.com.br\/portal\/#\/schema\/person\/8994718f49ee62ba5610471e29ca1f62\",\"name\":\"Fernando Calixto\",\"image\":{\"@type\":\"ImageObject\",\"inLanguage\":\"pt-BR\",\"@id\":\"https:\/\/verdadeon.com.br\/portal\/#\/schema\/person\/image\/\",\"url\":\"https:\/\/secure.gravatar.com\/avatar\/7578910c24966c0316c340f9dbd601e93ee9f9212e1033968b367af9306bd9fb?s=96&d=mm&r=g\",\"contentUrl\":\"https:\/\/secure.gravatar.com\/avatar\/7578910c24966c0316c340f9dbd601e93ee9f9212e1033968b367af9306bd9fb?s=96&d=mm&r=g\",\"caption\":\"Fernando Calixto\"},\"url\":\"https:\/\/verdadeon.com.br\/portal\/author\/fernando-calixto\/\"}]}<\/script>\n<!-- \/ Yoast SEO plugin. -->","yoast_head_json":{"title":"Primeira dose da vacina contra a Covid \u00e9 aplicada em Franca - VerdadeOn","robots":{"index":"index","follow":"follow","max-snippet":"max-snippet:-1","max-image-preview":"max-image-preview:large","max-video-preview":"max-video-preview:-1"},"canonical":"https:\/\/verdadeon.com.br\/portal\/2021\/01\/21\/primeira-dose-da-vacina-contra-a-covid-e-aplicada-em-franca\/","og_locale":"pt_BR","og_type":"article","og_title":"Primeira dose da vacina contra a Covid \u00e9 aplicada em Franca - VerdadeOn","og_description":"Funcion\u00e1rio do \u00c1lvaro Azzuz foi escolhido para ser o primeiro, ele tem 62 anos e \u00e9 t\u00e9cnico em enfermagem h\u00e1 17 Fernando Augusto C\u00e2ndido, este \u00e9 [\u2026]","og_url":"https:\/\/verdadeon.com.br\/portal\/2021\/01\/21\/primeira-dose-da-vacina-contra-a-covid-e-aplicada-em-franca\/","og_site_name":"VerdadeOn","article_published_time":"2021-01-21T15:33:23+00:00","og_image":[{"width":1000,"height":670,"url":"https:\/\/verdadeon.com.br\/portal\/wp-content\/uploads\/2021\/01\/WhatsApp-Image-2021-01-21-at-09.25.07.jpeg","type":"image\/jpeg"}],"author":"Fernando Calixto","twitter_card":"summary_large_image","twitter_misc":{"Escrito por":"Fernando Calixto","Est. tempo de leitura":"2 minutos"},"schema":{"@context":"https:\/\/schema.org","@graph":[{"@type":"WebPage","@id":"https:\/\/verdadeon.com.br\/portal\/2021\/01\/21\/primeira-dose-da-vacina-contra-a-covid-e-aplicada-em-franca\/","url":"https:\/\/verdadeon.com.br\/portal\/2021\/01\/21\/primeira-dose-da-vacina-contra-a-covid-e-aplicada-em-franca\/","name":"Primeira dose da vacina contra a Covid \u00e9 aplicada em Franca - VerdadeOn","isPartOf":{"@id":"https:\/\/verdadeon.com.br\/portal\/#website"},"primaryImageOfPage":{"@id":"https:\/\/verdadeon.com.br\/portal\/2021\/01\/21\/primeira-dose-da-vacina-contra-a-covid-e-aplicada-em-franca\/#primaryimage"},"image":{"@id":"https:\/\/verdadeon.com.br\/portal\/2021\/01\/21\/primeira-dose-da-vacina-contra-a-covid-e-aplicada-em-franca\/#primaryimage"},"thumbnailUrl":"https:\/\/i0.wp.com\/verdadeon.com.br\/portal\/wp-content\/uploads\/2021\/01\/WhatsApp-Image-2021-01-21-at-09.25.07.jpeg?fit=1000%2C670&ssl=1","datePublished":"2021-01-21T15:33:23+00:00","author":{"@id":"https:\/\/verdadeon.com.br\/portal\/#\/schema\/person\/8994718f49ee62ba5610471e29ca1f62"},"breadcrumb":{"@id":"https:\/\/verdadeon.com.br\/portal\/2021\/01\/21\/primeira-dose-da-vacina-contra-a-covid-e-aplicada-em-franca\/#breadcrumb"},"inLanguage":"pt-BR","potentialAction":[{"@type":"ReadAction","target":["https:\/\/verdadeon.com.br\/portal\/2021\/01\/21\/primeira-dose-da-vacina-contra-a-covid-e-aplicada-em-franca\/"]}]},{"@type":"ImageObject","inLanguage":"pt-BR","@id":"https:\/\/verdadeon.com.br\/portal\/2021\/01\/21\/primeira-dose-da-vacina-contra-a-covid-e-aplicada-em-franca\/#primaryimage","url":"https:\/\/i0.wp.com\/verdadeon.com.br\/portal\/wp-content\/uploads\/2021\/01\/WhatsApp-Image-2021-01-21-at-09.25.07.jpeg?fit=1000%2C670&ssl=1","contentUrl":"https:\/\/i0.wp.com\/verdadeon.com.br\/portal\/wp-content\/uploads\/2021\/01\/WhatsApp-Image-2021-01-21-at-09.25.07.jpeg?fit=1000%2C670&ssl=1","width":1000,"height":670,"caption":"No total Franca recebeu 3.320 doses da Coronavac, vacina que \u00e9 produzida pelo Instituto Butantan em parceria com a China | Foto: Jornal Verdade"},{"@type":"BreadcrumbList","@id":"https:\/\/verdadeon.com.br\/portal\/2021\/01\/21\/primeira-dose-da-vacina-contra-a-covid-e-aplicada-em-franca\/#breadcrumb","itemListElement":[{"@type":"ListItem","position":1,"name":"In\u00edcio","item":"https:\/\/verdadeon.com.br\/portal\/"},{"@type":"ListItem","position":2,"name":"Primeira dose da vacina contra a Covid \u00e9 aplicada em Franca"}]},{"@type":"WebSite","@id":"https:\/\/verdadeon.com.br\/portal\/#website","url":"https:\/\/verdadeon.com.br\/portal\/","name":"VerdadeOn","description":"Not\u00edcias di\u00e1rias sobre Franca, Regi\u00e3o, Esporte, Cultura, Cotidiano, Colunas. Cobertura nos principais eventos da cidade \u00e9 aqui - Verdadeon Franca","potentialAction":[{"@type":"SearchAction","target":{"@type":"EntryPoint","urlTemplate":"https:\/\/verdadeon.com.br\/portal\/?s={search_term_string}"},"query-input":{"@type":"PropertyValueSpecification","valueRequired":true,"valueName":"search_term_string"}}],"inLanguage":"pt-BR"},{"@type":"Person","@id":"https:\/\/verdadeon.com.br\/portal\/#\/schema\/person\/8994718f49ee62ba5610471e29ca1f62","name":"Fernando Calixto","image":{"@type":"ImageObject","inLanguage":"pt-BR","@id":"https:\/\/verdadeon.com.br\/portal\/#\/schema\/person\/image\/","url":"https:\/\/secure.gravatar.com\/avatar\/7578910c24966c0316c340f9dbd601e93ee9f9212e1033968b367af9306bd9fb?s=96&d=mm&r=g","contentUrl":"https:\/\/secure.gravatar.com\/avatar\/7578910c24966c0316c340f9dbd601e93ee9f9212e1033968b367af9306bd9fb?s=96&d=mm&r=g","caption":"Fernando Calixto"},"url":"https:\/\/verdadeon.com.br\/portal\/author\/fernando-calixto\/"}]}},"jetpack_publicize_connections":[],"jetpack_featured_media_url":"https:\/\/i0.wp.com\/verdadeon.com.br\/portal\/wp-content\/uploads\/2021\/01\/WhatsApp-Image-2021-01-21-at-09.25.07.jpeg?fit=1000%2C670&ssl=1","jetpack_sharing_enabled":true,"_links":{"self":[{"href":"https:\/\/verdadeon.com.br\/portal\/wp-json\/wp\/v2\/posts\/13502","targetHints":{"allow":["GET"]}}],"collection":[{"href":"https:\/\/verdadeon.com.br\/portal\/wp-json\/wp\/v2\/posts"}],"about":[{"href":"https:\/\/verdadeon.com.br\/portal\/wp-json\/wp\/v2\/types\/post"}],"author":[{"embeddable":true,"href":"https:\/\/verdadeon.com.br\/portal\/wp-json\/wp\/v2\/users\/4"}],"replies":[{"embeddable":true,"href":"https:\/\/verdadeon.com.br\/portal\/wp-json\/wp\/v2\/comments?post=13502"}],"version-history":[{"count":0,"href":"https:\/\/verdadeon.com.br\/portal\/wp-json\/wp\/v2\/posts\/13502\/revisions"}],"wp:featuredmedia":[{"embeddable":true,"href":"https:\/\/verdadeon.com.br\/portal\/wp-json\/wp\/v2\/media\/13503"}],"wp:attachment":[{"href":"https:\/\/verdadeon.com.br\/portal\/wp-json\/wp\/v2\/media?parent=13502"}],"wp:term":[{"taxonomy":"category","embeddable":true,"href":"https:\/\/verdadeon.com.br\/portal\/wp-json\/wp\/v2\/categories?post=13502"},{"taxonomy":"post_tag","embeddable":true,"href":"https:\/\/verdadeon.com.br\/portal\/wp-json\/wp\/v2\/tags?post=13502"}],"curies":[{"name":"wp","href":"https:\/\/api.w.org\/{rel}","templated":true}]}}