{"id":13477,"date":"2021-01-19T21:47:23","date_gmt":"2021-01-20T00:47:23","guid":{"rendered":"https:\/\/verdadeon.com.br\/portal\/?p=13477"},"modified":"2021-01-19T21:47:23","modified_gmt":"2021-01-20T00:47:23","slug":"vacinas-devem-chegar-em-franca-nesta-quarta-feira-20","status":"publish","type":"post","link":"https:\/\/verdadeon.com.br\/portal\/2021\/01\/19\/vacinas-devem-chegar-em-franca-nesta-quarta-feira-20\/","title":{"rendered":"Vacinas devem chegar em Franca nesta quarta-feira (20)"},"content":{"rendered":"<h2>Secret\u00e1rio de Sa\u00fade ainda n\u00e3o tem ao certo a quantidade de doses que ser\u00e3o enviadas para Franca, mas a vacina\u00e7\u00e3o deve ter in\u00edcio j\u00e1 na quinta-feira (21)<\/h2>\n<p>Franca deve receber nesta quarta-feira (20), as primeiras doses da Coronavac, vacina do instituto Butantan enviadas pelo Governo do Estado. A expectativa \u00e9 do secret\u00e1rio de Sa\u00fade, Lucas Eduardo Souza.<br \/>\nAinda de acordo com o secret\u00e1rio, n\u00e3o existe ao certo a quantidade de vacinas que a cidade ir\u00e1 receber, mas a expectativa \u00e9 que na primeira fase, 55 mil pessoas sejam imunizadas.<br \/>\n\u201cJ\u00e1 temos um plano municipal de vacina\u00e7\u00e3o, mas ele s\u00f3 ser\u00e1 detalhado assim que recebermos as vacinas, porque n\u00e3o temos ideia da quantidade que vir\u00e1. Mas posso adiantar que ser\u00e3o 16 pontos de vacina\u00e7\u00e3o, e a prioridade ser\u00e3o os idosos e os funcion\u00e1rios da sa\u00fade\u201d, detalhou.<br \/>\nLucas afirmou tamb\u00e9m que a expectativa inicial \u00e9 que a vacina\u00e7\u00e3o tenha in\u00edcio em Franca, no mais tardar na quinta-feira (21).<\/p>\n","protected":false},"excerpt":{"rendered":"<p>Secret\u00e1rio de Sa\u00fade ainda n\u00e3o tem ao certo a quantidade de doses que ser\u00e3o enviadas para Franca, mas a vacina\u00e7\u00e3o deve ter in\u00edcio j\u00e1 na quinta-feira<span class=\"excerpt-hellip\"> [\u2026]<\/span><\/p>\n","protected":false},"author":4,"featured_media":13428,"comment_status":"open","ping_status":"open","sticky":false,"template":"","format":"standard","meta":{"_jetpack_memberships_contains_paid_content":false,"footnotes":"","jetpack_publicize_message":"","jetpack_publicize_feature_enabled":true,"jetpack_social_post_already_shared":false,"jetpack_social_options":{"image_generator_settings":{"template":"highway","default_image_id":0,"enabled":false},"version":2}},"categories":[28,81],"tags":[],"class_list":["post-13477","post","type-post","status-publish","format-standard","has-post-thumbnail","hentry","category-cotidiano","category-manchete"],"yoast_head":"<!-- This site is optimized with the Yoast SEO plugin v25.6 - https:\/\/yoast.com\/wordpress\/plugins\/seo\/ -->\n<title>Vacinas devem chegar em Franca nesta quarta-feira (20) - VerdadeOn<\/title>\n<meta name=\"robots\" content=\"index, follow, max-snippet:-1, max-image-preview:large, max-video-preview:-1\" \/>\n<link rel=\"canonical\" href=\"https:\/\/verdadeon.com.br\/portal\/2021\/01\/19\/vacinas-devem-chegar-em-franca-nesta-quarta-feira-20\/\" \/>\n<meta property=\"og:locale\" content=\"pt_BR\" \/>\n<meta property=\"og:type\" content=\"article\" \/>\n<meta property=\"og:title\" content=\"Vacinas devem chegar em Franca nesta quarta-feira (20) - VerdadeOn\" \/>\n<meta property=\"og:description\" content=\"Secret\u00e1rio de Sa\u00fade ainda n\u00e3o tem ao certo a quantidade de doses que ser\u00e3o enviadas para Franca, mas a vacina\u00e7\u00e3o deve ter in\u00edcio j\u00e1 na quinta-feira [\u2026]\" \/>\n<meta property=\"og:url\" content=\"https:\/\/verdadeon.com.br\/portal\/2021\/01\/19\/vacinas-devem-chegar-em-franca-nesta-quarta-feira-20\/\" \/>\n<meta property=\"og:site_name\" content=\"VerdadeOn\" \/>\n<meta property=\"article:published_time\" content=\"2021-01-20T00:47:23+00:00\" \/>\n<meta property=\"og:image\" content=\"https:\/\/verdadeon.com.br\/portal\/wp-content\/uploads\/2021\/01\/WhatsApp-Image-2021-01-18-at-14.17.24.jpeg\" \/>\n\t<meta property=\"og:image:width\" content=\"1000\" \/>\n\t<meta property=\"og:image:height\" content=\"670\" \/>\n\t<meta property=\"og:image:type\" content=\"image\/jpeg\" \/>\n<meta name=\"author\" content=\"Fernando Calixto\" \/>\n<meta name=\"twitter:card\" content=\"summary_large_image\" \/>\n<meta name=\"twitter:label1\" content=\"Escrito por\" \/>\n\t<meta name=\"twitter:data1\" content=\"Fernando Calixto\" \/>\n\t<meta name=\"twitter:label2\" content=\"Est. tempo de leitura\" \/>\n\t<meta name=\"twitter:data2\" content=\"1 minuto\" \/>\n<script type=\"application\/ld+json\" class=\"yoast-schema-graph\">{\"@context\":\"https:\/\/schema.org\",\"@graph\":[{\"@type\":\"WebPage\",\"@id\":\"https:\/\/verdadeon.com.br\/portal\/2021\/01\/19\/vacinas-devem-chegar-em-franca-nesta-quarta-feira-20\/\",\"url\":\"https:\/\/verdadeon.com.br\/portal\/2021\/01\/19\/vacinas-devem-chegar-em-franca-nesta-quarta-feira-20\/\",\"name\":\"Vacinas devem chegar em Franca nesta quarta-feira (20) - VerdadeOn\",\"isPartOf\":{\"@id\":\"https:\/\/verdadeon.com.br\/portal\/#website\"},\"primaryImageOfPage\":{\"@id\":\"https:\/\/verdadeon.com.br\/portal\/2021\/01\/19\/vacinas-devem-chegar-em-franca-nesta-quarta-feira-20\/#primaryimage\"},\"image\":{\"@id\":\"https:\/\/verdadeon.com.br\/portal\/2021\/01\/19\/vacinas-devem-chegar-em-franca-nesta-quarta-feira-20\/#primaryimage\"},\"thumbnailUrl\":\"https:\/\/i0.wp.com\/verdadeon.com.br\/portal\/wp-content\/uploads\/2021\/01\/WhatsApp-Image-2021-01-18-at-14.17.24.jpeg?fit=1000%2C670&ssl=1\",\"datePublished\":\"2021-01-20T00:47:23+00:00\",\"author\":{\"@id\":\"https:\/\/verdadeon.com.br\/portal\/#\/schema\/person\/8994718f49ee62ba5610471e29ca1f62\"},\"breadcrumb\":{\"@id\":\"https:\/\/verdadeon.com.br\/portal\/2021\/01\/19\/vacinas-devem-chegar-em-franca-nesta-quarta-feira-20\/#breadcrumb\"},\"inLanguage\":\"pt-BR\",\"potentialAction\":[{\"@type\":\"ReadAction\",\"target\":[\"https:\/\/verdadeon.com.br\/portal\/2021\/01\/19\/vacinas-devem-chegar-em-franca-nesta-quarta-feira-20\/\"]}]},{\"@type\":\"ImageObject\",\"inLanguage\":\"pt-BR\",\"@id\":\"https:\/\/verdadeon.com.br\/portal\/2021\/01\/19\/vacinas-devem-chegar-em-franca-nesta-quarta-feira-20\/#primaryimage\",\"url\":\"https:\/\/i0.wp.com\/verdadeon.com.br\/portal\/wp-content\/uploads\/2021\/01\/WhatsApp-Image-2021-01-18-at-14.17.24.jpeg?fit=1000%2C670&ssl=1\",\"contentUrl\":\"https:\/\/i0.wp.com\/verdadeon.com.br\/portal\/wp-content\/uploads\/2021\/01\/WhatsApp-Image-2021-01-18-at-14.17.24.jpeg?fit=1000%2C670&ssl=1\",\"width\":1000,\"height\":670,\"caption\":\"Prefeitura afirmou que Plano Municipal de Imuniza\u00e7\u00e3o j\u00e1 est\u00e1 pronto, mas que divulga\u00e7\u00e3o deve acontecer assim que tiverem acesso \u00e0 quantidade de vacinas que vir\u00e3o para o munic\u00edpio | Foto: Divulga\u00e7\u00e3o\"},{\"@type\":\"BreadcrumbList\",\"@id\":\"https:\/\/verdadeon.com.br\/portal\/2021\/01\/19\/vacinas-devem-chegar-em-franca-nesta-quarta-feira-20\/#breadcrumb\",\"itemListElement\":[{\"@type\":\"ListItem\",\"position\":1,\"name\":\"In\u00edcio\",\"item\":\"https:\/\/verdadeon.com.br\/portal\/\"},{\"@type\":\"ListItem\",\"position\":2,\"name\":\"Vacinas devem chegar em Franca nesta quarta-feira (20)\"}]},{\"@type\":\"WebSite\",\"@id\":\"https:\/\/verdadeon.com.br\/portal\/#website\",\"url\":\"https:\/\/verdadeon.com.br\/portal\/\",\"name\":\"VerdadeOn\",\"description\":\"Not\u00edcias di\u00e1rias sobre Franca, Regi\u00e3o, Esporte, Cultura, Cotidiano, Colunas. Cobertura nos principais eventos da cidade \u00e9 aqui - Verdadeon Franca\",\"potentialAction\":[{\"@type\":\"SearchAction\",\"target\":{\"@type\":\"EntryPoint\",\"urlTemplate\":\"https:\/\/verdadeon.com.br\/portal\/?s={search_term_string}\"},\"query-input\":{\"@type\":\"PropertyValueSpecification\",\"valueRequired\":true,\"valueName\":\"search_term_string\"}}],\"inLanguage\":\"pt-BR\"},{\"@type\":\"Person\",\"@id\":\"https:\/\/verdadeon.com.br\/portal\/#\/schema\/person\/8994718f49ee62ba5610471e29ca1f62\",\"name\":\"Fernando Calixto\",\"image\":{\"@type\":\"ImageObject\",\"inLanguage\":\"pt-BR\",\"@id\":\"https:\/\/verdadeon.com.br\/portal\/#\/schema\/person\/image\/\",\"url\":\"https:\/\/secure.gravatar.com\/avatar\/7578910c24966c0316c340f9dbd601e93ee9f9212e1033968b367af9306bd9fb?s=96&d=mm&r=g\",\"contentUrl\":\"https:\/\/secure.gravatar.com\/avatar\/7578910c24966c0316c340f9dbd601e93ee9f9212e1033968b367af9306bd9fb?s=96&d=mm&r=g\",\"caption\":\"Fernando Calixto\"},\"url\":\"https:\/\/verdadeon.com.br\/portal\/author\/fernando-calixto\/\"}]}<\/script>\n<!-- \/ Yoast SEO plugin. -->","yoast_head_json":{"title":"Vacinas devem chegar em Franca nesta quarta-feira (20) - VerdadeOn","robots":{"index":"index","follow":"follow","max-snippet":"max-snippet:-1","max-image-preview":"max-image-preview:large","max-video-preview":"max-video-preview:-1"},"canonical":"https:\/\/verdadeon.com.br\/portal\/2021\/01\/19\/vacinas-devem-chegar-em-franca-nesta-quarta-feira-20\/","og_locale":"pt_BR","og_type":"article","og_title":"Vacinas devem chegar em Franca nesta quarta-feira (20) - VerdadeOn","og_description":"Secret\u00e1rio de Sa\u00fade ainda n\u00e3o tem ao certo a quantidade de doses que ser\u00e3o enviadas para Franca, mas a vacina\u00e7\u00e3o deve ter in\u00edcio j\u00e1 na quinta-feira [\u2026]","og_url":"https:\/\/verdadeon.com.br\/portal\/2021\/01\/19\/vacinas-devem-chegar-em-franca-nesta-quarta-feira-20\/","og_site_name":"VerdadeOn","article_published_time":"2021-01-20T00:47:23+00:00","og_image":[{"width":1000,"height":670,"url":"https:\/\/verdadeon.com.br\/portal\/wp-content\/uploads\/2021\/01\/WhatsApp-Image-2021-01-18-at-14.17.24.jpeg","type":"image\/jpeg"}],"author":"Fernando Calixto","twitter_card":"summary_large_image","twitter_misc":{"Escrito por":"Fernando Calixto","Est. tempo de leitura":"1 minuto"},"schema":{"@context":"https:\/\/schema.org","@graph":[{"@type":"WebPage","@id":"https:\/\/verdadeon.com.br\/portal\/2021\/01\/19\/vacinas-devem-chegar-em-franca-nesta-quarta-feira-20\/","url":"https:\/\/verdadeon.com.br\/portal\/2021\/01\/19\/vacinas-devem-chegar-em-franca-nesta-quarta-feira-20\/","name":"Vacinas devem chegar em Franca nesta quarta-feira (20) - VerdadeOn","isPartOf":{"@id":"https:\/\/verdadeon.com.br\/portal\/#website"},"primaryImageOfPage":{"@id":"https:\/\/verdadeon.com.br\/portal\/2021\/01\/19\/vacinas-devem-chegar-em-franca-nesta-quarta-feira-20\/#primaryimage"},"image":{"@id":"https:\/\/verdadeon.com.br\/portal\/2021\/01\/19\/vacinas-devem-chegar-em-franca-nesta-quarta-feira-20\/#primaryimage"},"thumbnailUrl":"https:\/\/i0.wp.com\/verdadeon.com.br\/portal\/wp-content\/uploads\/2021\/01\/WhatsApp-Image-2021-01-18-at-14.17.24.jpeg?fit=1000%2C670&ssl=1","datePublished":"2021-01-20T00:47:23+00:00","author":{"@id":"https:\/\/verdadeon.com.br\/portal\/#\/schema\/person\/8994718f49ee62ba5610471e29ca1f62"},"breadcrumb":{"@id":"https:\/\/verdadeon.com.br\/portal\/2021\/01\/19\/vacinas-devem-chegar-em-franca-nesta-quarta-feira-20\/#breadcrumb"},"inLanguage":"pt-BR","potentialAction":[{"@type":"ReadAction","target":["https:\/\/verdadeon.com.br\/portal\/2021\/01\/19\/vacinas-devem-chegar-em-franca-nesta-quarta-feira-20\/"]}]},{"@type":"ImageObject","inLanguage":"pt-BR","@id":"https:\/\/verdadeon.com.br\/portal\/2021\/01\/19\/vacinas-devem-chegar-em-franca-nesta-quarta-feira-20\/#primaryimage","url":"https:\/\/i0.wp.com\/verdadeon.com.br\/portal\/wp-content\/uploads\/2021\/01\/WhatsApp-Image-2021-01-18-at-14.17.24.jpeg?fit=1000%2C670&ssl=1","contentUrl":"https:\/\/i0.wp.com\/verdadeon.com.br\/portal\/wp-content\/uploads\/2021\/01\/WhatsApp-Image-2021-01-18-at-14.17.24.jpeg?fit=1000%2C670&ssl=1","width":1000,"height":670,"caption":"Prefeitura afirmou que Plano Municipal de Imuniza\u00e7\u00e3o j\u00e1 est\u00e1 pronto, mas que divulga\u00e7\u00e3o deve acontecer assim que tiverem acesso \u00e0 quantidade de vacinas que vir\u00e3o para o munic\u00edpio | Foto: Divulga\u00e7\u00e3o"},{"@type":"BreadcrumbList","@id":"https:\/\/verdadeon.com.br\/portal\/2021\/01\/19\/vacinas-devem-chegar-em-franca-nesta-quarta-feira-20\/#breadcrumb","itemListElement":[{"@type":"ListItem","position":1,"name":"In\u00edcio","item":"https:\/\/verdadeon.com.br\/portal\/"},{"@type":"ListItem","position":2,"name":"Vacinas devem chegar em Franca nesta quarta-feira (20)"}]},{"@type":"WebSite","@id":"https:\/\/verdadeon.com.br\/portal\/#website","url":"https:\/\/verdadeon.com.br\/portal\/","name":"VerdadeOn","description":"Not\u00edcias di\u00e1rias sobre Franca, Regi\u00e3o, Esporte, Cultura, Cotidiano, Colunas. Cobertura nos principais eventos da cidade \u00e9 aqui - Verdadeon Franca","potentialAction":[{"@type":"SearchAction","target":{"@type":"EntryPoint","urlTemplate":"https:\/\/verdadeon.com.br\/portal\/?s={search_term_string}"},"query-input":{"@type":"PropertyValueSpecification","valueRequired":true,"valueName":"search_term_string"}}],"inLanguage":"pt-BR"},{"@type":"Person","@id":"https:\/\/verdadeon.com.br\/portal\/#\/schema\/person\/8994718f49ee62ba5610471e29ca1f62","name":"Fernando Calixto","image":{"@type":"ImageObject","inLanguage":"pt-BR","@id":"https:\/\/verdadeon.com.br\/portal\/#\/schema\/person\/image\/","url":"https:\/\/secure.gravatar.com\/avatar\/7578910c24966c0316c340f9dbd601e93ee9f9212e1033968b367af9306bd9fb?s=96&d=mm&r=g","contentUrl":"https:\/\/secure.gravatar.com\/avatar\/7578910c24966c0316c340f9dbd601e93ee9f9212e1033968b367af9306bd9fb?s=96&d=mm&r=g","caption":"Fernando Calixto"},"url":"https:\/\/verdadeon.com.br\/portal\/author\/fernando-calixto\/"}]}},"jetpack_publicize_connections":[],"jetpack_featured_media_url":"https:\/\/i0.wp.com\/verdadeon.com.br\/portal\/wp-content\/uploads\/2021\/01\/WhatsApp-Image-2021-01-18-at-14.17.24.jpeg?fit=1000%2C670&ssl=1","jetpack_sharing_enabled":true,"_links":{"self":[{"href":"https:\/\/verdadeon.com.br\/portal\/wp-json\/wp\/v2\/posts\/13477","targetHints":{"allow":["GET"]}}],"collection":[{"href":"https:\/\/verdadeon.com.br\/portal\/wp-json\/wp\/v2\/posts"}],"about":[{"href":"https:\/\/verdadeon.com.br\/portal\/wp-json\/wp\/v2\/types\/post"}],"author":[{"embeddable":true,"href":"https:\/\/verdadeon.com.br\/portal\/wp-json\/wp\/v2\/users\/4"}],"replies":[{"embeddable":true,"href":"https:\/\/verdadeon.com.br\/portal\/wp-json\/wp\/v2\/comments?post=13477"}],"version-history":[{"count":0,"href":"https:\/\/verdadeon.com.br\/portal\/wp-json\/wp\/v2\/posts\/13477\/revisions"}],"wp:featuredmedia":[{"embeddable":true,"href":"https:\/\/verdadeon.com.br\/portal\/wp-json\/wp\/v2\/media\/13428"}],"wp:attachment":[{"href":"https:\/\/verdadeon.com.br\/portal\/wp-json\/wp\/v2\/media?parent=13477"}],"wp:term":[{"taxonomy":"category","embeddable":true,"href":"https:\/\/verdadeon.com.br\/portal\/wp-json\/wp\/v2\/categories?post=13477"},{"taxonomy":"post_tag","embeddable":true,"href":"https:\/\/verdadeon.com.br\/portal\/wp-json\/wp\/v2\/tags?post=13477"}],"curies":[{"name":"wp","href":"https:\/\/api.w.org\/{rel}","templated":true}]}}