{"id":13415,"date":"2021-01-18T12:07:37","date_gmt":"2021-01-18T15:07:37","guid":{"rendered":"https:\/\/verdadeon.com.br\/portal\/?p=13415"},"modified":"2021-01-18T12:07:37","modified_gmt":"2021-01-18T15:07:37","slug":"vacinacao-contra-covid-19-comeca-ainda-hoje-nos-estados-diz-pazuello","status":"publish","type":"post","link":"https:\/\/verdadeon.com.br\/portal\/2021\/01\/18\/vacinacao-contra-covid-19-comeca-ainda-hoje-nos-estados-diz-pazuello\/","title":{"rendered":"Vacina\u00e7\u00e3o contra covid-19 come\u00e7a ainda hoje nos estados, diz Pazuello"},"content":{"rendered":"<div class=\"col-lg-12 mb-3\">\n<div class=\"row\">\n<h3 class=\"col-10 offset-1 animated fadeInDown dealy-900 display-8 display-md-8 alt-font font-italic my-1 text-center\">Primeiras aplica\u00e7\u00f5es devem ser feitas at\u00e9 as 17 horas<\/h3>\n<\/div>\n<p>Por Fernanda Cruz &#8211; Rep\u00f3rter da Ag\u00eancia Brasil &#8211; S\u00e3o Paulo<\/p><\/div>\n<div class=\"col-xl-7 offset-xl-1 col-lg-8 offset-lg-0 col-md-10 offset-md-1 mb-3\">\n<div class=\"post-item alt-font\">\n<div class=\"post-item-wrap\">\n<p>O ministro da Sa\u00fade, Eduardo Pazuello, afirmou hoje (18) que a vacina\u00e7\u00e3o contra o novo coronav\u00edrus come\u00e7ar\u00e1 nos estados ainda nesta segunda-feira. Ele disse que a previs\u00e3o \u00e9 que a distribui\u00e7\u00e3o das doses da vacina com uso de aeronaves da For\u00e7a A\u00e9rea Brasileira (FAB) ocorra at\u00e9 as 14h\u00a0de hoje, e que as primeiras aplica\u00e7\u00f5es sejam feitas at\u00e9 as 17h.<img data-recalc-dims=\"1\" decoding=\"async\" src=\"https:\/\/i0.wp.com\/agenciabrasil.ebc.com.br\/ebc.png?w=1220&#038;ssl=1\" \/><img data-recalc-dims=\"1\" decoding=\"async\" src=\"https:\/\/i0.wp.com\/agenciabrasil.ebc.com.br\/ebc.gif?w=1220&#038;ssl=1\" \/><\/p>\n<p>Ao lado de governadores, Pazuello participou, nesta manh\u00e3, do ato simb\u00f3lico de entrega de 4,6 milh\u00f5es de doses da CoronaVac no Centro de Log\u00edstica do Aeroporto de Guarulhos, em S\u00e3o Paulo. As vacinas ser\u00e3o transportadas por via a\u00e9rea para o Distrito Federal e as capitais de dez estados: Acre, Amap\u00e1, Amazonas, Cear\u00e1, Goi\u00e1s, Mato Grosso do Sul, Piau\u00ed, Rond\u00f4nia, Roraima e Santa Catarina. Tamb\u00e9m h\u00e1 previs\u00e3o de distribui\u00e7\u00e3o de vacinas por via terrestre.<\/p>\n<div class=\"dnd-widget-wrapper context-cheio_8colunas type-image\">\n<div class=\"dnd-atom-rendered\">\n<div class=\"shadow overflow-hidden rounded-lg d-block zoom-on-hover-sm shadow-hover w-100\"><img data-recalc-dims=\"1\" decoding=\"async\" class=\"flex-fill img-cover\" title=\"Minist\u00e9rio da Sa\u00fade\" src=\"https:\/\/i0.wp.com\/imagens.ebc.com.br\/Xy26QFl4J7Nrd42Y2FeTjDDTGYc%3D\/754x0\/smart\/https%3A\/\/agenciabrasil.ebc.com.br\/sites\/default\/files\/thumbnails\/image\/_eduardo_pazuello_vacina1801213683.jpg?w=1220&#038;ssl=1\" alt=\"O ministro da Sa\u00fade, Eduardo Pazuello, inicia a distribui\u00e7\u00e3o da vacina contra Covid -19 para todo o Brasil em  Guarulhos\" \/><\/div>\n<\/div>\n<div class=\"dnd-caption-wrapper\">\n<div class=\"meta\">O ministro da Sa\u00fade, Eduardo Pazuello, inicia a distribui\u00e7\u00e3o da vacina contra Covid -19 para todo o Brasil em Guarulhos &#8211;\u00a0<strong>Minist\u00e9rio da Sa\u00fade<\/strong><\/div>\n<\/div>\n<\/div>\n<p>Segundo o ministro, o Instituto Butantan receber\u00e1 um of\u00edcio pedindo celeridade no envio do pedido de\u00a0autoriza\u00e7\u00e3o \u00e0 Ag\u00eancia Nacional de Vigil\u00e2ncia Sanit\u00e1ria (Anvisa) para a produ\u00e7\u00e3o de mais 2\u00a0milh\u00f5es de doses da CoronaVac. A documenta\u00e7\u00e3o deve ser analisada at\u00e9 31 de mar\u00e7o.<\/p>\n<p>Ele refor\u00e7ou que os primeiros a receber as doses da vacina ser\u00e3o\u00a0 integrantes do grupo priorit\u00e1rio: profissionais da sa\u00fade, idosos e ind\u00edgenas. Pazuello destacou, ainda, que os cuidados com uso de m\u00e1scara e \u00e1lcool em gel n\u00e3o podem ser deixados de lado. \u201cA vacina n\u00e3o determina o fim das medidas protetivas\u201d, disse.<\/p>\n<\/div>\n<p class=\"alt-font font-italic my-2 small text-info\">Edi\u00e7\u00e3o: Kleber Sampaio<\/p>\n<\/div>\n<\/div>\n","protected":false},"excerpt":{"rendered":"<p>Primeiras aplica\u00e7\u00f5es devem ser feitas at\u00e9 as 17 horas Por Fernanda Cruz &#8211; Rep\u00f3rter da Ag\u00eancia Brasil &#8211; S\u00e3o Paulo O ministro da Sa\u00fade, Eduardo Pazuello,<span class=\"excerpt-hellip\"> [\u2026]<\/span><\/p>\n","protected":false},"author":4,"featured_media":13418,"comment_status":"open","ping_status":"open","sticky":false,"template":"","format":"standard","meta":{"_jetpack_memberships_contains_paid_content":false,"footnotes":"","jetpack_publicize_message":"","jetpack_publicize_feature_enabled":true,"jetpack_social_post_already_shared":false,"jetpack_social_options":{"image_generator_settings":{"template":"highway","default_image_id":0,"enabled":false},"version":2}},"categories":[28,81],"tags":[],"class_list":["post-13415","post","type-post","status-publish","format-standard","has-post-thumbnail","hentry","category-cotidiano","category-manchete"],"yoast_head":"<!-- This site is optimized with the Yoast SEO plugin v25.6 - https:\/\/yoast.com\/wordpress\/plugins\/seo\/ -->\n<title>Vacina\u00e7\u00e3o contra covid-19 come\u00e7a ainda hoje nos estados, diz Pazuello - VerdadeOn<\/title>\n<meta name=\"robots\" content=\"index, follow, max-snippet:-1, max-image-preview:large, max-video-preview:-1\" \/>\n<link rel=\"canonical\" href=\"https:\/\/verdadeon.com.br\/portal\/2021\/01\/18\/vacinacao-contra-covid-19-comeca-ainda-hoje-nos-estados-diz-pazuello\/\" \/>\n<meta property=\"og:locale\" content=\"pt_BR\" \/>\n<meta property=\"og:type\" content=\"article\" \/>\n<meta property=\"og:title\" content=\"Vacina\u00e7\u00e3o contra covid-19 come\u00e7a ainda hoje nos estados, diz Pazuello - VerdadeOn\" \/>\n<meta property=\"og:description\" content=\"Primeiras aplica\u00e7\u00f5es devem ser feitas at\u00e9 as 17 horas Por Fernanda Cruz &#8211; Rep\u00f3rter da Ag\u00eancia Brasil &#8211; S\u00e3o Paulo O ministro da Sa\u00fade, Eduardo Pazuello, [\u2026]\" \/>\n<meta property=\"og:url\" content=\"https:\/\/verdadeon.com.br\/portal\/2021\/01\/18\/vacinacao-contra-covid-19-comeca-ainda-hoje-nos-estados-diz-pazuello\/\" \/>\n<meta property=\"og:site_name\" content=\"VerdadeOn\" \/>\n<meta property=\"article:published_time\" content=\"2021-01-18T15:07:37+00:00\" \/>\n<meta property=\"og:image\" content=\"https:\/\/verdadeon.com.br\/portal\/wp-content\/uploads\/2021\/01\/saude_eduardo_pazuello_instituto_de_traumatologia_e_ortopedia_tnrgo_abr_17012101036_0.jpg\" \/>\n\t<meta property=\"og:image:width\" content=\"1000\" \/>\n\t<meta property=\"og:image:height\" content=\"670\" \/>\n\t<meta property=\"og:image:type\" content=\"image\/jpeg\" \/>\n<meta name=\"author\" content=\"Fernando Calixto\" \/>\n<meta name=\"twitter:card\" content=\"summary_large_image\" \/>\n<meta name=\"twitter:label1\" content=\"Escrito por\" \/>\n\t<meta name=\"twitter:data1\" content=\"Fernando Calixto\" \/>\n\t<meta name=\"twitter:label2\" content=\"Est. tempo de leitura\" \/>\n\t<meta name=\"twitter:data2\" content=\"2 minutos\" \/>\n<script type=\"application\/ld+json\" class=\"yoast-schema-graph\">{\"@context\":\"https:\/\/schema.org\",\"@graph\":[{\"@type\":\"WebPage\",\"@id\":\"https:\/\/verdadeon.com.br\/portal\/2021\/01\/18\/vacinacao-contra-covid-19-comeca-ainda-hoje-nos-estados-diz-pazuello\/\",\"url\":\"https:\/\/verdadeon.com.br\/portal\/2021\/01\/18\/vacinacao-contra-covid-19-comeca-ainda-hoje-nos-estados-diz-pazuello\/\",\"name\":\"Vacina\u00e7\u00e3o contra covid-19 come\u00e7a ainda hoje nos estados, diz Pazuello - VerdadeOn\",\"isPartOf\":{\"@id\":\"https:\/\/verdadeon.com.br\/portal\/#website\"},\"primaryImageOfPage\":{\"@id\":\"https:\/\/verdadeon.com.br\/portal\/2021\/01\/18\/vacinacao-contra-covid-19-comeca-ainda-hoje-nos-estados-diz-pazuello\/#primaryimage\"},\"image\":{\"@id\":\"https:\/\/verdadeon.com.br\/portal\/2021\/01\/18\/vacinacao-contra-covid-19-comeca-ainda-hoje-nos-estados-diz-pazuello\/#primaryimage\"},\"thumbnailUrl\":\"https:\/\/i0.wp.com\/verdadeon.com.br\/portal\/wp-content\/uploads\/2021\/01\/saude_eduardo_pazuello_instituto_de_traumatologia_e_ortopedia_tnrgo_abr_17012101036_0.jpg?fit=1000%2C670&ssl=1\",\"datePublished\":\"2021-01-18T15:07:37+00:00\",\"author\":{\"@id\":\"https:\/\/verdadeon.com.br\/portal\/#\/schema\/person\/8994718f49ee62ba5610471e29ca1f62\"},\"breadcrumb\":{\"@id\":\"https:\/\/verdadeon.com.br\/portal\/2021\/01\/18\/vacinacao-contra-covid-19-comeca-ainda-hoje-nos-estados-diz-pazuello\/#breadcrumb\"},\"inLanguage\":\"pt-BR\",\"potentialAction\":[{\"@type\":\"ReadAction\",\"target\":[\"https:\/\/verdadeon.com.br\/portal\/2021\/01\/18\/vacinacao-contra-covid-19-comeca-ainda-hoje-nos-estados-diz-pazuello\/\"]}]},{\"@type\":\"ImageObject\",\"inLanguage\":\"pt-BR\",\"@id\":\"https:\/\/verdadeon.com.br\/portal\/2021\/01\/18\/vacinacao-contra-covid-19-comeca-ainda-hoje-nos-estados-diz-pazuello\/#primaryimage\",\"url\":\"https:\/\/i0.wp.com\/verdadeon.com.br\/portal\/wp-content\/uploads\/2021\/01\/saude_eduardo_pazuello_instituto_de_traumatologia_e_ortopedia_tnrgo_abr_17012101036_0.jpg?fit=1000%2C670&ssl=1\",\"contentUrl\":\"https:\/\/i0.wp.com\/verdadeon.com.br\/portal\/wp-content\/uploads\/2021\/01\/saude_eduardo_pazuello_instituto_de_traumatologia_e_ortopedia_tnrgo_abr_17012101036_0.jpg?fit=1000%2C670&ssl=1\",\"width\":1000,\"height\":670,\"caption\":\"O ministro da Sa\u00fade, Eduardo Pazuello, em entrevista coletiva no Instituto de Traumatologia e Ortopedia (Into) no Rio de Janeiro.\"},{\"@type\":\"BreadcrumbList\",\"@id\":\"https:\/\/verdadeon.com.br\/portal\/2021\/01\/18\/vacinacao-contra-covid-19-comeca-ainda-hoje-nos-estados-diz-pazuello\/#breadcrumb\",\"itemListElement\":[{\"@type\":\"ListItem\",\"position\":1,\"name\":\"In\u00edcio\",\"item\":\"https:\/\/verdadeon.com.br\/portal\/\"},{\"@type\":\"ListItem\",\"position\":2,\"name\":\"Vacina\u00e7\u00e3o contra covid-19 come\u00e7a ainda hoje nos estados, diz Pazuello\"}]},{\"@type\":\"WebSite\",\"@id\":\"https:\/\/verdadeon.com.br\/portal\/#website\",\"url\":\"https:\/\/verdadeon.com.br\/portal\/\",\"name\":\"VerdadeOn\",\"description\":\"Not\u00edcias di\u00e1rias sobre Franca, Regi\u00e3o, Esporte, Cultura, Cotidiano, Colunas. Cobertura nos principais eventos da cidade \u00e9 aqui - Verdadeon Franca\",\"potentialAction\":[{\"@type\":\"SearchAction\",\"target\":{\"@type\":\"EntryPoint\",\"urlTemplate\":\"https:\/\/verdadeon.com.br\/portal\/?s={search_term_string}\"},\"query-input\":{\"@type\":\"PropertyValueSpecification\",\"valueRequired\":true,\"valueName\":\"search_term_string\"}}],\"inLanguage\":\"pt-BR\"},{\"@type\":\"Person\",\"@id\":\"https:\/\/verdadeon.com.br\/portal\/#\/schema\/person\/8994718f49ee62ba5610471e29ca1f62\",\"name\":\"Fernando Calixto\",\"image\":{\"@type\":\"ImageObject\",\"inLanguage\":\"pt-BR\",\"@id\":\"https:\/\/verdadeon.com.br\/portal\/#\/schema\/person\/image\/\",\"url\":\"https:\/\/secure.gravatar.com\/avatar\/7578910c24966c0316c340f9dbd601e93ee9f9212e1033968b367af9306bd9fb?s=96&d=mm&r=g\",\"contentUrl\":\"https:\/\/secure.gravatar.com\/avatar\/7578910c24966c0316c340f9dbd601e93ee9f9212e1033968b367af9306bd9fb?s=96&d=mm&r=g\",\"caption\":\"Fernando Calixto\"},\"url\":\"https:\/\/verdadeon.com.br\/portal\/author\/fernando-calixto\/\"}]}<\/script>\n<!-- \/ Yoast SEO plugin. -->","yoast_head_json":{"title":"Vacina\u00e7\u00e3o contra covid-19 come\u00e7a ainda hoje nos estados, diz Pazuello - VerdadeOn","robots":{"index":"index","follow":"follow","max-snippet":"max-snippet:-1","max-image-preview":"max-image-preview:large","max-video-preview":"max-video-preview:-1"},"canonical":"https:\/\/verdadeon.com.br\/portal\/2021\/01\/18\/vacinacao-contra-covid-19-comeca-ainda-hoje-nos-estados-diz-pazuello\/","og_locale":"pt_BR","og_type":"article","og_title":"Vacina\u00e7\u00e3o contra covid-19 come\u00e7a ainda hoje nos estados, diz Pazuello - VerdadeOn","og_description":"Primeiras aplica\u00e7\u00f5es devem ser feitas at\u00e9 as 17 horas Por Fernanda Cruz &#8211; Rep\u00f3rter da Ag\u00eancia Brasil &#8211; S\u00e3o Paulo O ministro da Sa\u00fade, Eduardo Pazuello, [\u2026]","og_url":"https:\/\/verdadeon.com.br\/portal\/2021\/01\/18\/vacinacao-contra-covid-19-comeca-ainda-hoje-nos-estados-diz-pazuello\/","og_site_name":"VerdadeOn","article_published_time":"2021-01-18T15:07:37+00:00","og_image":[{"width":1000,"height":670,"url":"https:\/\/verdadeon.com.br\/portal\/wp-content\/uploads\/2021\/01\/saude_eduardo_pazuello_instituto_de_traumatologia_e_ortopedia_tnrgo_abr_17012101036_0.jpg","type":"image\/jpeg"}],"author":"Fernando Calixto","twitter_card":"summary_large_image","twitter_misc":{"Escrito por":"Fernando Calixto","Est. tempo de leitura":"2 minutos"},"schema":{"@context":"https:\/\/schema.org","@graph":[{"@type":"WebPage","@id":"https:\/\/verdadeon.com.br\/portal\/2021\/01\/18\/vacinacao-contra-covid-19-comeca-ainda-hoje-nos-estados-diz-pazuello\/","url":"https:\/\/verdadeon.com.br\/portal\/2021\/01\/18\/vacinacao-contra-covid-19-comeca-ainda-hoje-nos-estados-diz-pazuello\/","name":"Vacina\u00e7\u00e3o contra covid-19 come\u00e7a ainda hoje nos estados, diz Pazuello - VerdadeOn","isPartOf":{"@id":"https:\/\/verdadeon.com.br\/portal\/#website"},"primaryImageOfPage":{"@id":"https:\/\/verdadeon.com.br\/portal\/2021\/01\/18\/vacinacao-contra-covid-19-comeca-ainda-hoje-nos-estados-diz-pazuello\/#primaryimage"},"image":{"@id":"https:\/\/verdadeon.com.br\/portal\/2021\/01\/18\/vacinacao-contra-covid-19-comeca-ainda-hoje-nos-estados-diz-pazuello\/#primaryimage"},"thumbnailUrl":"https:\/\/i0.wp.com\/verdadeon.com.br\/portal\/wp-content\/uploads\/2021\/01\/saude_eduardo_pazuello_instituto_de_traumatologia_e_ortopedia_tnrgo_abr_17012101036_0.jpg?fit=1000%2C670&ssl=1","datePublished":"2021-01-18T15:07:37+00:00","author":{"@id":"https:\/\/verdadeon.com.br\/portal\/#\/schema\/person\/8994718f49ee62ba5610471e29ca1f62"},"breadcrumb":{"@id":"https:\/\/verdadeon.com.br\/portal\/2021\/01\/18\/vacinacao-contra-covid-19-comeca-ainda-hoje-nos-estados-diz-pazuello\/#breadcrumb"},"inLanguage":"pt-BR","potentialAction":[{"@type":"ReadAction","target":["https:\/\/verdadeon.com.br\/portal\/2021\/01\/18\/vacinacao-contra-covid-19-comeca-ainda-hoje-nos-estados-diz-pazuello\/"]}]},{"@type":"ImageObject","inLanguage":"pt-BR","@id":"https:\/\/verdadeon.com.br\/portal\/2021\/01\/18\/vacinacao-contra-covid-19-comeca-ainda-hoje-nos-estados-diz-pazuello\/#primaryimage","url":"https:\/\/i0.wp.com\/verdadeon.com.br\/portal\/wp-content\/uploads\/2021\/01\/saude_eduardo_pazuello_instituto_de_traumatologia_e_ortopedia_tnrgo_abr_17012101036_0.jpg?fit=1000%2C670&ssl=1","contentUrl":"https:\/\/i0.wp.com\/verdadeon.com.br\/portal\/wp-content\/uploads\/2021\/01\/saude_eduardo_pazuello_instituto_de_traumatologia_e_ortopedia_tnrgo_abr_17012101036_0.jpg?fit=1000%2C670&ssl=1","width":1000,"height":670,"caption":"O ministro da Sa\u00fade, Eduardo Pazuello, em entrevista coletiva no Instituto de Traumatologia e Ortopedia (Into) no Rio de Janeiro."},{"@type":"BreadcrumbList","@id":"https:\/\/verdadeon.com.br\/portal\/2021\/01\/18\/vacinacao-contra-covid-19-comeca-ainda-hoje-nos-estados-diz-pazuello\/#breadcrumb","itemListElement":[{"@type":"ListItem","position":1,"name":"In\u00edcio","item":"https:\/\/verdadeon.com.br\/portal\/"},{"@type":"ListItem","position":2,"name":"Vacina\u00e7\u00e3o contra covid-19 come\u00e7a ainda hoje nos estados, diz Pazuello"}]},{"@type":"WebSite","@id":"https:\/\/verdadeon.com.br\/portal\/#website","url":"https:\/\/verdadeon.com.br\/portal\/","name":"VerdadeOn","description":"Not\u00edcias di\u00e1rias sobre Franca, Regi\u00e3o, Esporte, Cultura, Cotidiano, Colunas. Cobertura nos principais eventos da cidade \u00e9 aqui - Verdadeon Franca","potentialAction":[{"@type":"SearchAction","target":{"@type":"EntryPoint","urlTemplate":"https:\/\/verdadeon.com.br\/portal\/?s={search_term_string}"},"query-input":{"@type":"PropertyValueSpecification","valueRequired":true,"valueName":"search_term_string"}}],"inLanguage":"pt-BR"},{"@type":"Person","@id":"https:\/\/verdadeon.com.br\/portal\/#\/schema\/person\/8994718f49ee62ba5610471e29ca1f62","name":"Fernando Calixto","image":{"@type":"ImageObject","inLanguage":"pt-BR","@id":"https:\/\/verdadeon.com.br\/portal\/#\/schema\/person\/image\/","url":"https:\/\/secure.gravatar.com\/avatar\/7578910c24966c0316c340f9dbd601e93ee9f9212e1033968b367af9306bd9fb?s=96&d=mm&r=g","contentUrl":"https:\/\/secure.gravatar.com\/avatar\/7578910c24966c0316c340f9dbd601e93ee9f9212e1033968b367af9306bd9fb?s=96&d=mm&r=g","caption":"Fernando Calixto"},"url":"https:\/\/verdadeon.com.br\/portal\/author\/fernando-calixto\/"}]}},"jetpack_publicize_connections":[],"jetpack_featured_media_url":"https:\/\/i0.wp.com\/verdadeon.com.br\/portal\/wp-content\/uploads\/2021\/01\/saude_eduardo_pazuello_instituto_de_traumatologia_e_ortopedia_tnrgo_abr_17012101036_0.jpg?fit=1000%2C670&ssl=1","jetpack_sharing_enabled":true,"_links":{"self":[{"href":"https:\/\/verdadeon.com.br\/portal\/wp-json\/wp\/v2\/posts\/13415","targetHints":{"allow":["GET"]}}],"collection":[{"href":"https:\/\/verdadeon.com.br\/portal\/wp-json\/wp\/v2\/posts"}],"about":[{"href":"https:\/\/verdadeon.com.br\/portal\/wp-json\/wp\/v2\/types\/post"}],"author":[{"embeddable":true,"href":"https:\/\/verdadeon.com.br\/portal\/wp-json\/wp\/v2\/users\/4"}],"replies":[{"embeddable":true,"href":"https:\/\/verdadeon.com.br\/portal\/wp-json\/wp\/v2\/comments?post=13415"}],"version-history":[{"count":0,"href":"https:\/\/verdadeon.com.br\/portal\/wp-json\/wp\/v2\/posts\/13415\/revisions"}],"wp:featuredmedia":[{"embeddable":true,"href":"https:\/\/verdadeon.com.br\/portal\/wp-json\/wp\/v2\/media\/13418"}],"wp:attachment":[{"href":"https:\/\/verdadeon.com.br\/portal\/wp-json\/wp\/v2\/media?parent=13415"}],"wp:term":[{"taxonomy":"category","embeddable":true,"href":"https:\/\/verdadeon.com.br\/portal\/wp-json\/wp\/v2\/categories?post=13415"},{"taxonomy":"post_tag","embeddable":true,"href":"https:\/\/verdadeon.com.br\/portal\/wp-json\/wp\/v2\/tags?post=13415"}],"curies":[{"name":"wp","href":"https:\/\/api.w.org\/{rel}","templated":true}]}}