{"id":13387,"date":"2021-01-16T18:02:24","date_gmt":"2021-01-16T21:02:24","guid":{"rendered":"https:\/\/verdadeon.com.br\/portal\/?p=13387"},"modified":"2021-01-16T18:02:24","modified_gmt":"2021-01-16T21:02:24","slug":"ministerio-da-justica-vai-combater-comercializacao-de-vacinas-falsas","status":"publish","type":"post","link":"https:\/\/verdadeon.com.br\/portal\/2021\/01\/16\/ministerio-da-justica-vai-combater-comercializacao-de-vacinas-falsas\/","title":{"rendered":"Minist\u00e9rio da Justi\u00e7a vai combater comercializa\u00e7\u00e3o de vacinas falsas"},"content":{"rendered":"<h2>Procon, Pol\u00edcia Federal e Receita Federal dar\u00e3o apoio<\/h2>\n<p>A Secretaria Nacional do Consumidor (Senacon) do Minist\u00e9rio da Justi\u00e7a e Seguran\u00e7a P\u00fablica deu in\u00edcio \u00e0s medidas de combate \u00e0 comercializa\u00e7\u00e3o de vacinas falsificadas contra a covid-19. A pr\u00e1tica de venda dessas supostas vacinas foi comunicada pelo Procon de S\u00e3o Paulo.<br \/>\nDe acordo com o secret\u00e1rio executivo do Comit\u00ea Nacional de Combate \u00e0 Pirataria, vinculado \u00e0 Secretaria Nacional do Consumidor, Guilherme Vargas, disse que a quest\u00e3o \u00e9 urgente. \u201cAvaliamos a urg\u00eancia do tema e acionamos a Anvisa [Ag\u00eancia Nacional de Vigil\u00e2ncia Sanit\u00e1ria] e as outras pastas do para estabelecer estrat\u00e9gia conjunta para garantia a sa\u00fade e a seguran\u00e7a dos consumidores brasileiros\u201d.<br \/>\nCom a atua\u00e7\u00e3o conjunta, a\u00e7\u00f5es de fiscaliza\u00e7\u00e3o e de repress\u00e3o ser\u00e3o realizadas. Est\u00e1 em estudo a possibilidade de elabora\u00e7\u00e3o de campanhas de conscientiza\u00e7\u00e3o dos consumidores e veicula\u00e7\u00e3o de alertas nas m\u00eddias sobre os riscos da comercializa\u00e7\u00e3o de vacinas falsificadas contra a covid-19.<br \/>\nCom a expans\u00e3o do com\u00e9rcio eletr\u00f4nico, especialmente durante a pandemia, a comercializa\u00e7\u00e3o de produtos pirateados no meio digital j\u00e1 \u00e9 de conhecimento do comit\u00ea de combate \u00e0 pirataria, que atua em conjunto com as pol\u00edcias e Receita Federal.<br \/>\nA Senacon e a presidente do Conselho Nacional de Combate \u00e0 Pirataria, Juliana Domingues, alerta sobre o perigo na aquisi\u00e7\u00e3o de vacinas falsas. \u201cA comercializa\u00e7\u00e3o de vacinas falsificadas exp\u00f5e a enorme risco a sa\u00fade e a seguran\u00e7a do consumidor, pois s\u00e3o produtos fraudulentos e sem qualquer efic\u00e1cia comprovada. As autoridades sanit\u00e1rias ainda n\u00e3o liberaram a comercializa\u00e7\u00e3o de vacinas no Brasil, o que demonstra que sites que oferecem o produto podem estar tentando captar dados pessoais e banc\u00e1rios dos consumidores\u201d, disse.<br \/>\nCom o anseio da popula\u00e7\u00e3o pela vacina, j\u00e1 foram identificadas tentativas de comercializa\u00e7\u00e3o de produtos falsificados em todas as regi\u00f5es do Brasil. Para reunir esfor\u00e7os conjuntos na preven\u00e7\u00e3o e repress\u00e3o \u00e0 venda de vacinas falsificadas, o Conselho tamb\u00e9m solicitou apoio aos Procons e \u00e0 Pol\u00edcia Federal via of\u00edcio encaminhado no s\u00e1bado (16).<\/p>\n<p>Foto: Ag\u00eancia Brasil<\/p>\n","protected":false},"excerpt":{"rendered":"<p>Procon, Pol\u00edcia Federal e Receita Federal dar\u00e3o apoio A Secretaria Nacional do Consumidor (Senacon) do Minist\u00e9rio da Justi\u00e7a e Seguran\u00e7a P\u00fablica deu in\u00edcio \u00e0s medidas de<span class=\"excerpt-hellip\"> [\u2026]<\/span><\/p>\n","protected":false},"author":4,"featured_media":13390,"comment_status":"open","ping_status":"open","sticky":false,"template":"","format":"standard","meta":{"_jetpack_memberships_contains_paid_content":false,"footnotes":"","jetpack_publicize_message":"","jetpack_publicize_feature_enabled":true,"jetpack_social_post_already_shared":false,"jetpack_social_options":{"image_generator_settings":{"template":"highway","default_image_id":0,"enabled":false},"version":2}},"categories":[28,44],"tags":[],"class_list":["post-13387","post","type-post","status-publish","format-standard","has-post-thumbnail","hentry","category-cotidiano","category-noticias"],"yoast_head":"<!-- This site is optimized with the Yoast SEO plugin v25.6 - https:\/\/yoast.com\/wordpress\/plugins\/seo\/ -->\n<title>Minist\u00e9rio da Justi\u00e7a vai combater comercializa\u00e7\u00e3o de vacinas falsas - VerdadeOn<\/title>\n<meta name=\"robots\" content=\"index, follow, max-snippet:-1, max-image-preview:large, max-video-preview:-1\" \/>\n<link rel=\"canonical\" href=\"https:\/\/verdadeon.com.br\/portal\/2021\/01\/16\/ministerio-da-justica-vai-combater-comercializacao-de-vacinas-falsas\/\" \/>\n<meta property=\"og:locale\" content=\"pt_BR\" \/>\n<meta property=\"og:type\" content=\"article\" \/>\n<meta property=\"og:title\" content=\"Minist\u00e9rio da Justi\u00e7a vai combater comercializa\u00e7\u00e3o de vacinas falsas - VerdadeOn\" \/>\n<meta property=\"og:description\" content=\"Procon, Pol\u00edcia Federal e Receita Federal dar\u00e3o apoio A Secretaria Nacional do Consumidor (Senacon) do Minist\u00e9rio da Justi\u00e7a e Seguran\u00e7a P\u00fablica deu in\u00edcio \u00e0s medidas de [\u2026]\" \/>\n<meta property=\"og:url\" content=\"https:\/\/verdadeon.com.br\/portal\/2021\/01\/16\/ministerio-da-justica-vai-combater-comercializacao-de-vacinas-falsas\/\" \/>\n<meta property=\"og:site_name\" content=\"VerdadeOn\" \/>\n<meta property=\"article:published_time\" content=\"2021-01-16T21:02:24+00:00\" \/>\n<meta property=\"og:image\" content=\"https:\/\/verdadeon.com.br\/portal\/wp-content\/uploads\/2021\/01\/WhatsApp-Image-2021-01-16-at-13.29.17-1.jpeg\" \/>\n\t<meta property=\"og:image:width\" content=\"1000\" \/>\n\t<meta property=\"og:image:height\" content=\"670\" \/>\n\t<meta property=\"og:image:type\" content=\"image\/jpeg\" \/>\n<meta name=\"author\" content=\"Fernando Calixto\" \/>\n<meta name=\"twitter:card\" content=\"summary_large_image\" \/>\n<meta name=\"twitter:label1\" content=\"Escrito por\" \/>\n\t<meta name=\"twitter:data1\" content=\"Fernando Calixto\" \/>\n\t<meta name=\"twitter:label2\" content=\"Est. tempo de leitura\" \/>\n\t<meta name=\"twitter:data2\" content=\"2 minutos\" \/>\n<script type=\"application\/ld+json\" class=\"yoast-schema-graph\">{\"@context\":\"https:\/\/schema.org\",\"@graph\":[{\"@type\":\"WebPage\",\"@id\":\"https:\/\/verdadeon.com.br\/portal\/2021\/01\/16\/ministerio-da-justica-vai-combater-comercializacao-de-vacinas-falsas\/\",\"url\":\"https:\/\/verdadeon.com.br\/portal\/2021\/01\/16\/ministerio-da-justica-vai-combater-comercializacao-de-vacinas-falsas\/\",\"name\":\"Minist\u00e9rio da Justi\u00e7a vai combater comercializa\u00e7\u00e3o de vacinas falsas - VerdadeOn\",\"isPartOf\":{\"@id\":\"https:\/\/verdadeon.com.br\/portal\/#website\"},\"primaryImageOfPage\":{\"@id\":\"https:\/\/verdadeon.com.br\/portal\/2021\/01\/16\/ministerio-da-justica-vai-combater-comercializacao-de-vacinas-falsas\/#primaryimage\"},\"image\":{\"@id\":\"https:\/\/verdadeon.com.br\/portal\/2021\/01\/16\/ministerio-da-justica-vai-combater-comercializacao-de-vacinas-falsas\/#primaryimage\"},\"thumbnailUrl\":\"https:\/\/i0.wp.com\/verdadeon.com.br\/portal\/wp-content\/uploads\/2021\/01\/WhatsApp-Image-2021-01-16-at-13.29.17-1.jpeg?fit=1000%2C670&ssl=1\",\"datePublished\":\"2021-01-16T21:02:24+00:00\",\"author\":{\"@id\":\"https:\/\/verdadeon.com.br\/portal\/#\/schema\/person\/8994718f49ee62ba5610471e29ca1f62\"},\"breadcrumb\":{\"@id\":\"https:\/\/verdadeon.com.br\/portal\/2021\/01\/16\/ministerio-da-justica-vai-combater-comercializacao-de-vacinas-falsas\/#breadcrumb\"},\"inLanguage\":\"pt-BR\",\"potentialAction\":[{\"@type\":\"ReadAction\",\"target\":[\"https:\/\/verdadeon.com.br\/portal\/2021\/01\/16\/ministerio-da-justica-vai-combater-comercializacao-de-vacinas-falsas\/\"]}]},{\"@type\":\"ImageObject\",\"inLanguage\":\"pt-BR\",\"@id\":\"https:\/\/verdadeon.com.br\/portal\/2021\/01\/16\/ministerio-da-justica-vai-combater-comercializacao-de-vacinas-falsas\/#primaryimage\",\"url\":\"https:\/\/i0.wp.com\/verdadeon.com.br\/portal\/wp-content\/uploads\/2021\/01\/WhatsApp-Image-2021-01-16-at-13.29.17-1.jpeg?fit=1000%2C670&ssl=1\",\"contentUrl\":\"https:\/\/i0.wp.com\/verdadeon.com.br\/portal\/wp-content\/uploads\/2021\/01\/WhatsApp-Image-2021-01-16-at-13.29.17-1.jpeg?fit=1000%2C670&ssl=1\",\"width\":1000,\"height\":670,\"caption\":\"Com a atua\u00e7\u00e3o conjunta, a\u00e7\u00f5es de fiscaliza\u00e7\u00e3o e de repress\u00e3o ser\u00e3o realizadas | Foto: Ag\u00eancia Brasil\"},{\"@type\":\"BreadcrumbList\",\"@id\":\"https:\/\/verdadeon.com.br\/portal\/2021\/01\/16\/ministerio-da-justica-vai-combater-comercializacao-de-vacinas-falsas\/#breadcrumb\",\"itemListElement\":[{\"@type\":\"ListItem\",\"position\":1,\"name\":\"In\u00edcio\",\"item\":\"https:\/\/verdadeon.com.br\/portal\/\"},{\"@type\":\"ListItem\",\"position\":2,\"name\":\"Minist\u00e9rio da Justi\u00e7a vai combater comercializa\u00e7\u00e3o de vacinas falsas\"}]},{\"@type\":\"WebSite\",\"@id\":\"https:\/\/verdadeon.com.br\/portal\/#website\",\"url\":\"https:\/\/verdadeon.com.br\/portal\/\",\"name\":\"VerdadeOn\",\"description\":\"Not\u00edcias di\u00e1rias sobre Franca, Regi\u00e3o, Esporte, Cultura, Cotidiano, Colunas. Cobertura nos principais eventos da cidade \u00e9 aqui - Verdadeon Franca\",\"potentialAction\":[{\"@type\":\"SearchAction\",\"target\":{\"@type\":\"EntryPoint\",\"urlTemplate\":\"https:\/\/verdadeon.com.br\/portal\/?s={search_term_string}\"},\"query-input\":{\"@type\":\"PropertyValueSpecification\",\"valueRequired\":true,\"valueName\":\"search_term_string\"}}],\"inLanguage\":\"pt-BR\"},{\"@type\":\"Person\",\"@id\":\"https:\/\/verdadeon.com.br\/portal\/#\/schema\/person\/8994718f49ee62ba5610471e29ca1f62\",\"name\":\"Fernando Calixto\",\"image\":{\"@type\":\"ImageObject\",\"inLanguage\":\"pt-BR\",\"@id\":\"https:\/\/verdadeon.com.br\/portal\/#\/schema\/person\/image\/\",\"url\":\"https:\/\/secure.gravatar.com\/avatar\/7578910c24966c0316c340f9dbd601e93ee9f9212e1033968b367af9306bd9fb?s=96&d=mm&r=g\",\"contentUrl\":\"https:\/\/secure.gravatar.com\/avatar\/7578910c24966c0316c340f9dbd601e93ee9f9212e1033968b367af9306bd9fb?s=96&d=mm&r=g\",\"caption\":\"Fernando Calixto\"},\"url\":\"https:\/\/verdadeon.com.br\/portal\/author\/fernando-calixto\/\"}]}<\/script>\n<!-- \/ Yoast SEO plugin. -->","yoast_head_json":{"title":"Minist\u00e9rio da Justi\u00e7a vai combater comercializa\u00e7\u00e3o de vacinas falsas - VerdadeOn","robots":{"index":"index","follow":"follow","max-snippet":"max-snippet:-1","max-image-preview":"max-image-preview:large","max-video-preview":"max-video-preview:-1"},"canonical":"https:\/\/verdadeon.com.br\/portal\/2021\/01\/16\/ministerio-da-justica-vai-combater-comercializacao-de-vacinas-falsas\/","og_locale":"pt_BR","og_type":"article","og_title":"Minist\u00e9rio da Justi\u00e7a vai combater comercializa\u00e7\u00e3o de vacinas falsas - VerdadeOn","og_description":"Procon, Pol\u00edcia Federal e Receita Federal dar\u00e3o apoio A Secretaria Nacional do Consumidor (Senacon) do Minist\u00e9rio da Justi\u00e7a e Seguran\u00e7a P\u00fablica deu in\u00edcio \u00e0s medidas de [\u2026]","og_url":"https:\/\/verdadeon.com.br\/portal\/2021\/01\/16\/ministerio-da-justica-vai-combater-comercializacao-de-vacinas-falsas\/","og_site_name":"VerdadeOn","article_published_time":"2021-01-16T21:02:24+00:00","og_image":[{"width":1000,"height":670,"url":"https:\/\/verdadeon.com.br\/portal\/wp-content\/uploads\/2021\/01\/WhatsApp-Image-2021-01-16-at-13.29.17-1.jpeg","type":"image\/jpeg"}],"author":"Fernando Calixto","twitter_card":"summary_large_image","twitter_misc":{"Escrito por":"Fernando Calixto","Est. tempo de leitura":"2 minutos"},"schema":{"@context":"https:\/\/schema.org","@graph":[{"@type":"WebPage","@id":"https:\/\/verdadeon.com.br\/portal\/2021\/01\/16\/ministerio-da-justica-vai-combater-comercializacao-de-vacinas-falsas\/","url":"https:\/\/verdadeon.com.br\/portal\/2021\/01\/16\/ministerio-da-justica-vai-combater-comercializacao-de-vacinas-falsas\/","name":"Minist\u00e9rio da Justi\u00e7a vai combater comercializa\u00e7\u00e3o de vacinas falsas - VerdadeOn","isPartOf":{"@id":"https:\/\/verdadeon.com.br\/portal\/#website"},"primaryImageOfPage":{"@id":"https:\/\/verdadeon.com.br\/portal\/2021\/01\/16\/ministerio-da-justica-vai-combater-comercializacao-de-vacinas-falsas\/#primaryimage"},"image":{"@id":"https:\/\/verdadeon.com.br\/portal\/2021\/01\/16\/ministerio-da-justica-vai-combater-comercializacao-de-vacinas-falsas\/#primaryimage"},"thumbnailUrl":"https:\/\/i0.wp.com\/verdadeon.com.br\/portal\/wp-content\/uploads\/2021\/01\/WhatsApp-Image-2021-01-16-at-13.29.17-1.jpeg?fit=1000%2C670&ssl=1","datePublished":"2021-01-16T21:02:24+00:00","author":{"@id":"https:\/\/verdadeon.com.br\/portal\/#\/schema\/person\/8994718f49ee62ba5610471e29ca1f62"},"breadcrumb":{"@id":"https:\/\/verdadeon.com.br\/portal\/2021\/01\/16\/ministerio-da-justica-vai-combater-comercializacao-de-vacinas-falsas\/#breadcrumb"},"inLanguage":"pt-BR","potentialAction":[{"@type":"ReadAction","target":["https:\/\/verdadeon.com.br\/portal\/2021\/01\/16\/ministerio-da-justica-vai-combater-comercializacao-de-vacinas-falsas\/"]}]},{"@type":"ImageObject","inLanguage":"pt-BR","@id":"https:\/\/verdadeon.com.br\/portal\/2021\/01\/16\/ministerio-da-justica-vai-combater-comercializacao-de-vacinas-falsas\/#primaryimage","url":"https:\/\/i0.wp.com\/verdadeon.com.br\/portal\/wp-content\/uploads\/2021\/01\/WhatsApp-Image-2021-01-16-at-13.29.17-1.jpeg?fit=1000%2C670&ssl=1","contentUrl":"https:\/\/i0.wp.com\/verdadeon.com.br\/portal\/wp-content\/uploads\/2021\/01\/WhatsApp-Image-2021-01-16-at-13.29.17-1.jpeg?fit=1000%2C670&ssl=1","width":1000,"height":670,"caption":"Com a atua\u00e7\u00e3o conjunta, a\u00e7\u00f5es de fiscaliza\u00e7\u00e3o e de repress\u00e3o ser\u00e3o realizadas | Foto: Ag\u00eancia Brasil"},{"@type":"BreadcrumbList","@id":"https:\/\/verdadeon.com.br\/portal\/2021\/01\/16\/ministerio-da-justica-vai-combater-comercializacao-de-vacinas-falsas\/#breadcrumb","itemListElement":[{"@type":"ListItem","position":1,"name":"In\u00edcio","item":"https:\/\/verdadeon.com.br\/portal\/"},{"@type":"ListItem","position":2,"name":"Minist\u00e9rio da Justi\u00e7a vai combater comercializa\u00e7\u00e3o de vacinas falsas"}]},{"@type":"WebSite","@id":"https:\/\/verdadeon.com.br\/portal\/#website","url":"https:\/\/verdadeon.com.br\/portal\/","name":"VerdadeOn","description":"Not\u00edcias di\u00e1rias sobre Franca, Regi\u00e3o, Esporte, Cultura, Cotidiano, Colunas. Cobertura nos principais eventos da cidade \u00e9 aqui - Verdadeon Franca","potentialAction":[{"@type":"SearchAction","target":{"@type":"EntryPoint","urlTemplate":"https:\/\/verdadeon.com.br\/portal\/?s={search_term_string}"},"query-input":{"@type":"PropertyValueSpecification","valueRequired":true,"valueName":"search_term_string"}}],"inLanguage":"pt-BR"},{"@type":"Person","@id":"https:\/\/verdadeon.com.br\/portal\/#\/schema\/person\/8994718f49ee62ba5610471e29ca1f62","name":"Fernando Calixto","image":{"@type":"ImageObject","inLanguage":"pt-BR","@id":"https:\/\/verdadeon.com.br\/portal\/#\/schema\/person\/image\/","url":"https:\/\/secure.gravatar.com\/avatar\/7578910c24966c0316c340f9dbd601e93ee9f9212e1033968b367af9306bd9fb?s=96&d=mm&r=g","contentUrl":"https:\/\/secure.gravatar.com\/avatar\/7578910c24966c0316c340f9dbd601e93ee9f9212e1033968b367af9306bd9fb?s=96&d=mm&r=g","caption":"Fernando Calixto"},"url":"https:\/\/verdadeon.com.br\/portal\/author\/fernando-calixto\/"}]}},"jetpack_publicize_connections":[],"jetpack_featured_media_url":"https:\/\/i0.wp.com\/verdadeon.com.br\/portal\/wp-content\/uploads\/2021\/01\/WhatsApp-Image-2021-01-16-at-13.29.17-1.jpeg?fit=1000%2C670&ssl=1","jetpack_sharing_enabled":true,"_links":{"self":[{"href":"https:\/\/verdadeon.com.br\/portal\/wp-json\/wp\/v2\/posts\/13387","targetHints":{"allow":["GET"]}}],"collection":[{"href":"https:\/\/verdadeon.com.br\/portal\/wp-json\/wp\/v2\/posts"}],"about":[{"href":"https:\/\/verdadeon.com.br\/portal\/wp-json\/wp\/v2\/types\/post"}],"author":[{"embeddable":true,"href":"https:\/\/verdadeon.com.br\/portal\/wp-json\/wp\/v2\/users\/4"}],"replies":[{"embeddable":true,"href":"https:\/\/verdadeon.com.br\/portal\/wp-json\/wp\/v2\/comments?post=13387"}],"version-history":[{"count":0,"href":"https:\/\/verdadeon.com.br\/portal\/wp-json\/wp\/v2\/posts\/13387\/revisions"}],"wp:featuredmedia":[{"embeddable":true,"href":"https:\/\/verdadeon.com.br\/portal\/wp-json\/wp\/v2\/media\/13390"}],"wp:attachment":[{"href":"https:\/\/verdadeon.com.br\/portal\/wp-json\/wp\/v2\/media?parent=13387"}],"wp:term":[{"taxonomy":"category","embeddable":true,"href":"https:\/\/verdadeon.com.br\/portal\/wp-json\/wp\/v2\/categories?post=13387"},{"taxonomy":"post_tag","embeddable":true,"href":"https:\/\/verdadeon.com.br\/portal\/wp-json\/wp\/v2\/tags?post=13387"}],"curies":[{"name":"wp","href":"https:\/\/api.w.org\/{rel}","templated":true}]}}