{"id":13375,"date":"2021-01-15T17:09:27","date_gmt":"2021-01-15T20:09:27","guid":{"rendered":"https:\/\/verdadeon.com.br\/portal\/?p=13375"},"modified":"2021-01-15T17:09:27","modified_gmt":"2021-01-15T20:09:27","slug":"alexandre-questiona-estado-sobre-rebaixamento-de-franca-para-fase-laranja","status":"publish","type":"post","link":"https:\/\/verdadeon.com.br\/portal\/2021\/01\/15\/alexandre-questiona-estado-sobre-rebaixamento-de-franca-para-fase-laranja\/","title":{"rendered":"Alexandre questiona Estado sobre rebaixamento de Franca para fase laranja"},"content":{"rendered":"<h2>\u00a0Nota foi emitida pela assessoria de imprensa do governo<\/h2>\n<p>A Prefeitura de Franca informou na tarde desta sexta-feira (15), que est\u00e1 questionando o Governo do Estado sobre o rebaixamento da cidade para a fase laranja. De acordo com a nota, o Estado tirou leitos de UTI do munic\u00edpio e rebaixou a regi\u00e3o. Confira a nota na \u00edntegra:<br \/>\n\u201cSobre a reclassifica\u00e7\u00e3o de Franca para a fase laranja, a prefeitura de Franca informa que o prefeito Alexandre Ferreira est\u00e1 questionando o Governo do Estado, que tirou leitos de UTI (Unidade de Tratamento Intensivo) e rebaixou a regi\u00e3o. Franca est\u00e1 na segunda regi\u00e3o com menos leitos de UTI, proporcionalmente, do estado.<br \/>\nA Prefeitura, por iniciativa pr\u00f3pria, colocou oito leitos de UTI, para suporte, no Pronto Socorro e negocia com a Santa Casa de Franca a instala\u00e7\u00e3o de mais sete leitos de UTI.<br \/>\nA atual gest\u00e3o assumiu apenas h\u00e1 15 dias e vem trabalhando no enfrentamento da pandemia. Al\u00e9m de ampliar a estrutura do Pronto Socorro, o Munic\u00edpio passou a atuar com rigor na fiscaliza\u00e7\u00e3o contra os abusos. Pela primeira vez, em dez meses de Pandemia, foi criado um protocolo conjunto de fiscaliza\u00e7\u00e3o, entre Vigil\u00e2ncia Sanit\u00e1ria, Guarda Civil e Pol\u00edcia Militar sob a coordena\u00e7\u00e3o do prefeito. J\u00e1 foram aplicadas, inclusive, multas em estabelecimentos, que insistem em n\u00e3o seguir os protocolos sanit\u00e1rios\u201d.<br \/>\nO an\u00fancio do rebaixamento de Franca foi feito no in\u00edcio da tarde desta sexta-feira (15), pelo governador Jo\u00e3o Doria. A cidade estava na fase amarela, menos restritiva que a laranja. Com o rebaixamento, bares n\u00e3o podem abrir e o com\u00e9rcio passa a funcionar apenas 8 horas por dia.<\/p>\n","protected":false},"excerpt":{"rendered":"<p>\u00a0Nota foi emitida pela assessoria de imprensa do governo A Prefeitura de Franca informou na tarde desta sexta-feira (15), que est\u00e1 questionando o Governo do Estado<span class=\"excerpt-hellip\"> [\u2026]<\/span><\/p>\n","protected":false},"author":4,"featured_media":13376,"comment_status":"open","ping_status":"open","sticky":false,"template":"","format":"standard","meta":{"_jetpack_memberships_contains_paid_content":false,"footnotes":"","jetpack_publicize_message":"","jetpack_publicize_feature_enabled":true,"jetpack_social_post_already_shared":false,"jetpack_social_options":{"image_generator_settings":{"template":"highway","default_image_id":0,"enabled":false},"version":2}},"categories":[28,81],"tags":[],"class_list":["post-13375","post","type-post","status-publish","format-standard","has-post-thumbnail","hentry","category-cotidiano","category-manchete"],"yoast_head":"<!-- This site is optimized with the Yoast SEO plugin v25.6 - https:\/\/yoast.com\/wordpress\/plugins\/seo\/ -->\n<title>Alexandre questiona Estado sobre rebaixamento de Franca para fase laranja - VerdadeOn<\/title>\n<meta name=\"robots\" content=\"index, follow, max-snippet:-1, max-image-preview:large, max-video-preview:-1\" \/>\n<link rel=\"canonical\" href=\"https:\/\/verdadeon.com.br\/portal\/2021\/01\/15\/alexandre-questiona-estado-sobre-rebaixamento-de-franca-para-fase-laranja\/\" \/>\n<meta property=\"og:locale\" content=\"pt_BR\" \/>\n<meta property=\"og:type\" content=\"article\" \/>\n<meta property=\"og:title\" content=\"Alexandre questiona Estado sobre rebaixamento de Franca para fase laranja - VerdadeOn\" \/>\n<meta property=\"og:description\" content=\"\u00a0Nota foi emitida pela assessoria de imprensa do governo A Prefeitura de Franca informou na tarde desta sexta-feira (15), que est\u00e1 questionando o Governo do Estado [\u2026]\" \/>\n<meta property=\"og:url\" content=\"https:\/\/verdadeon.com.br\/portal\/2021\/01\/15\/alexandre-questiona-estado-sobre-rebaixamento-de-franca-para-fase-laranja\/\" \/>\n<meta property=\"og:site_name\" content=\"VerdadeOn\" \/>\n<meta property=\"article:published_time\" content=\"2021-01-15T20:09:27+00:00\" \/>\n<meta property=\"og:image\" content=\"https:\/\/verdadeon.com.br\/portal\/wp-content\/uploads\/2021\/01\/WhatsApp-Image-2021-01-14-at-18.05.37-1.jpeg\" \/>\n\t<meta property=\"og:image:width\" content=\"1000\" \/>\n\t<meta property=\"og:image:height\" content=\"670\" \/>\n\t<meta property=\"og:image:type\" content=\"image\/jpeg\" \/>\n<meta name=\"author\" content=\"Fernando Calixto\" \/>\n<meta name=\"twitter:card\" content=\"summary_large_image\" \/>\n<meta name=\"twitter:label1\" content=\"Escrito por\" \/>\n\t<meta name=\"twitter:data1\" content=\"Fernando Calixto\" \/>\n\t<meta name=\"twitter:label2\" content=\"Est. tempo de leitura\" \/>\n\t<meta name=\"twitter:data2\" content=\"2 minutos\" \/>\n<script type=\"application\/ld+json\" class=\"yoast-schema-graph\">{\"@context\":\"https:\/\/schema.org\",\"@graph\":[{\"@type\":\"WebPage\",\"@id\":\"https:\/\/verdadeon.com.br\/portal\/2021\/01\/15\/alexandre-questiona-estado-sobre-rebaixamento-de-franca-para-fase-laranja\/\",\"url\":\"https:\/\/verdadeon.com.br\/portal\/2021\/01\/15\/alexandre-questiona-estado-sobre-rebaixamento-de-franca-para-fase-laranja\/\",\"name\":\"Alexandre questiona Estado sobre rebaixamento de Franca para fase laranja - VerdadeOn\",\"isPartOf\":{\"@id\":\"https:\/\/verdadeon.com.br\/portal\/#website\"},\"primaryImageOfPage\":{\"@id\":\"https:\/\/verdadeon.com.br\/portal\/2021\/01\/15\/alexandre-questiona-estado-sobre-rebaixamento-de-franca-para-fase-laranja\/#primaryimage\"},\"image\":{\"@id\":\"https:\/\/verdadeon.com.br\/portal\/2021\/01\/15\/alexandre-questiona-estado-sobre-rebaixamento-de-franca-para-fase-laranja\/#primaryimage\"},\"thumbnailUrl\":\"https:\/\/i0.wp.com\/verdadeon.com.br\/portal\/wp-content\/uploads\/2021\/01\/WhatsApp-Image-2021-01-14-at-18.05.37-1.jpeg?fit=1000%2C670&ssl=1\",\"datePublished\":\"2021-01-15T20:09:27+00:00\",\"author\":{\"@id\":\"https:\/\/verdadeon.com.br\/portal\/#\/schema\/person\/8994718f49ee62ba5610471e29ca1f62\"},\"breadcrumb\":{\"@id\":\"https:\/\/verdadeon.com.br\/portal\/2021\/01\/15\/alexandre-questiona-estado-sobre-rebaixamento-de-franca-para-fase-laranja\/#breadcrumb\"},\"inLanguage\":\"pt-BR\",\"potentialAction\":[{\"@type\":\"ReadAction\",\"target\":[\"https:\/\/verdadeon.com.br\/portal\/2021\/01\/15\/alexandre-questiona-estado-sobre-rebaixamento-de-franca-para-fase-laranja\/\"]}]},{\"@type\":\"ImageObject\",\"inLanguage\":\"pt-BR\",\"@id\":\"https:\/\/verdadeon.com.br\/portal\/2021\/01\/15\/alexandre-questiona-estado-sobre-rebaixamento-de-franca-para-fase-laranja\/#primaryimage\",\"url\":\"https:\/\/i0.wp.com\/verdadeon.com.br\/portal\/wp-content\/uploads\/2021\/01\/WhatsApp-Image-2021-01-14-at-18.05.37-1.jpeg?fit=1000%2C670&ssl=1\",\"contentUrl\":\"https:\/\/i0.wp.com\/verdadeon.com.br\/portal\/wp-content\/uploads\/2021\/01\/WhatsApp-Image-2021-01-14-at-18.05.37-1.jpeg?fit=1000%2C670&ssl=1\",\"width\":1000,\"height\":670,\"caption\":\"O Prefeito Alexandre Ferreira e o Secret\u00e1rio da Sa\u00fade Lucas Souza\"},{\"@type\":\"BreadcrumbList\",\"@id\":\"https:\/\/verdadeon.com.br\/portal\/2021\/01\/15\/alexandre-questiona-estado-sobre-rebaixamento-de-franca-para-fase-laranja\/#breadcrumb\",\"itemListElement\":[{\"@type\":\"ListItem\",\"position\":1,\"name\":\"In\u00edcio\",\"item\":\"https:\/\/verdadeon.com.br\/portal\/\"},{\"@type\":\"ListItem\",\"position\":2,\"name\":\"Alexandre questiona Estado sobre rebaixamento de Franca para fase laranja\"}]},{\"@type\":\"WebSite\",\"@id\":\"https:\/\/verdadeon.com.br\/portal\/#website\",\"url\":\"https:\/\/verdadeon.com.br\/portal\/\",\"name\":\"VerdadeOn\",\"description\":\"Not\u00edcias di\u00e1rias sobre Franca, Regi\u00e3o, Esporte, Cultura, Cotidiano, Colunas. Cobertura nos principais eventos da cidade \u00e9 aqui - Verdadeon Franca\",\"potentialAction\":[{\"@type\":\"SearchAction\",\"target\":{\"@type\":\"EntryPoint\",\"urlTemplate\":\"https:\/\/verdadeon.com.br\/portal\/?s={search_term_string}\"},\"query-input\":{\"@type\":\"PropertyValueSpecification\",\"valueRequired\":true,\"valueName\":\"search_term_string\"}}],\"inLanguage\":\"pt-BR\"},{\"@type\":\"Person\",\"@id\":\"https:\/\/verdadeon.com.br\/portal\/#\/schema\/person\/8994718f49ee62ba5610471e29ca1f62\",\"name\":\"Fernando Calixto\",\"image\":{\"@type\":\"ImageObject\",\"inLanguage\":\"pt-BR\",\"@id\":\"https:\/\/verdadeon.com.br\/portal\/#\/schema\/person\/image\/\",\"url\":\"https:\/\/secure.gravatar.com\/avatar\/7578910c24966c0316c340f9dbd601e93ee9f9212e1033968b367af9306bd9fb?s=96&d=mm&r=g\",\"contentUrl\":\"https:\/\/secure.gravatar.com\/avatar\/7578910c24966c0316c340f9dbd601e93ee9f9212e1033968b367af9306bd9fb?s=96&d=mm&r=g\",\"caption\":\"Fernando Calixto\"},\"url\":\"https:\/\/verdadeon.com.br\/portal\/author\/fernando-calixto\/\"}]}<\/script>\n<!-- \/ Yoast SEO plugin. -->","yoast_head_json":{"title":"Alexandre questiona Estado sobre rebaixamento de Franca para fase laranja - VerdadeOn","robots":{"index":"index","follow":"follow","max-snippet":"max-snippet:-1","max-image-preview":"max-image-preview:large","max-video-preview":"max-video-preview:-1"},"canonical":"https:\/\/verdadeon.com.br\/portal\/2021\/01\/15\/alexandre-questiona-estado-sobre-rebaixamento-de-franca-para-fase-laranja\/","og_locale":"pt_BR","og_type":"article","og_title":"Alexandre questiona Estado sobre rebaixamento de Franca para fase laranja - VerdadeOn","og_description":"\u00a0Nota foi emitida pela assessoria de imprensa do governo A Prefeitura de Franca informou na tarde desta sexta-feira (15), que est\u00e1 questionando o Governo do Estado [\u2026]","og_url":"https:\/\/verdadeon.com.br\/portal\/2021\/01\/15\/alexandre-questiona-estado-sobre-rebaixamento-de-franca-para-fase-laranja\/","og_site_name":"VerdadeOn","article_published_time":"2021-01-15T20:09:27+00:00","og_image":[{"width":1000,"height":670,"url":"https:\/\/verdadeon.com.br\/portal\/wp-content\/uploads\/2021\/01\/WhatsApp-Image-2021-01-14-at-18.05.37-1.jpeg","type":"image\/jpeg"}],"author":"Fernando Calixto","twitter_card":"summary_large_image","twitter_misc":{"Escrito por":"Fernando Calixto","Est. tempo de leitura":"2 minutos"},"schema":{"@context":"https:\/\/schema.org","@graph":[{"@type":"WebPage","@id":"https:\/\/verdadeon.com.br\/portal\/2021\/01\/15\/alexandre-questiona-estado-sobre-rebaixamento-de-franca-para-fase-laranja\/","url":"https:\/\/verdadeon.com.br\/portal\/2021\/01\/15\/alexandre-questiona-estado-sobre-rebaixamento-de-franca-para-fase-laranja\/","name":"Alexandre questiona Estado sobre rebaixamento de Franca para fase laranja - VerdadeOn","isPartOf":{"@id":"https:\/\/verdadeon.com.br\/portal\/#website"},"primaryImageOfPage":{"@id":"https:\/\/verdadeon.com.br\/portal\/2021\/01\/15\/alexandre-questiona-estado-sobre-rebaixamento-de-franca-para-fase-laranja\/#primaryimage"},"image":{"@id":"https:\/\/verdadeon.com.br\/portal\/2021\/01\/15\/alexandre-questiona-estado-sobre-rebaixamento-de-franca-para-fase-laranja\/#primaryimage"},"thumbnailUrl":"https:\/\/i0.wp.com\/verdadeon.com.br\/portal\/wp-content\/uploads\/2021\/01\/WhatsApp-Image-2021-01-14-at-18.05.37-1.jpeg?fit=1000%2C670&ssl=1","datePublished":"2021-01-15T20:09:27+00:00","author":{"@id":"https:\/\/verdadeon.com.br\/portal\/#\/schema\/person\/8994718f49ee62ba5610471e29ca1f62"},"breadcrumb":{"@id":"https:\/\/verdadeon.com.br\/portal\/2021\/01\/15\/alexandre-questiona-estado-sobre-rebaixamento-de-franca-para-fase-laranja\/#breadcrumb"},"inLanguage":"pt-BR","potentialAction":[{"@type":"ReadAction","target":["https:\/\/verdadeon.com.br\/portal\/2021\/01\/15\/alexandre-questiona-estado-sobre-rebaixamento-de-franca-para-fase-laranja\/"]}]},{"@type":"ImageObject","inLanguage":"pt-BR","@id":"https:\/\/verdadeon.com.br\/portal\/2021\/01\/15\/alexandre-questiona-estado-sobre-rebaixamento-de-franca-para-fase-laranja\/#primaryimage","url":"https:\/\/i0.wp.com\/verdadeon.com.br\/portal\/wp-content\/uploads\/2021\/01\/WhatsApp-Image-2021-01-14-at-18.05.37-1.jpeg?fit=1000%2C670&ssl=1","contentUrl":"https:\/\/i0.wp.com\/verdadeon.com.br\/portal\/wp-content\/uploads\/2021\/01\/WhatsApp-Image-2021-01-14-at-18.05.37-1.jpeg?fit=1000%2C670&ssl=1","width":1000,"height":670,"caption":"O Prefeito Alexandre Ferreira e o Secret\u00e1rio da Sa\u00fade Lucas Souza"},{"@type":"BreadcrumbList","@id":"https:\/\/verdadeon.com.br\/portal\/2021\/01\/15\/alexandre-questiona-estado-sobre-rebaixamento-de-franca-para-fase-laranja\/#breadcrumb","itemListElement":[{"@type":"ListItem","position":1,"name":"In\u00edcio","item":"https:\/\/verdadeon.com.br\/portal\/"},{"@type":"ListItem","position":2,"name":"Alexandre questiona Estado sobre rebaixamento de Franca para fase laranja"}]},{"@type":"WebSite","@id":"https:\/\/verdadeon.com.br\/portal\/#website","url":"https:\/\/verdadeon.com.br\/portal\/","name":"VerdadeOn","description":"Not\u00edcias di\u00e1rias sobre Franca, Regi\u00e3o, Esporte, Cultura, Cotidiano, Colunas. Cobertura nos principais eventos da cidade \u00e9 aqui - Verdadeon Franca","potentialAction":[{"@type":"SearchAction","target":{"@type":"EntryPoint","urlTemplate":"https:\/\/verdadeon.com.br\/portal\/?s={search_term_string}"},"query-input":{"@type":"PropertyValueSpecification","valueRequired":true,"valueName":"search_term_string"}}],"inLanguage":"pt-BR"},{"@type":"Person","@id":"https:\/\/verdadeon.com.br\/portal\/#\/schema\/person\/8994718f49ee62ba5610471e29ca1f62","name":"Fernando Calixto","image":{"@type":"ImageObject","inLanguage":"pt-BR","@id":"https:\/\/verdadeon.com.br\/portal\/#\/schema\/person\/image\/","url":"https:\/\/secure.gravatar.com\/avatar\/7578910c24966c0316c340f9dbd601e93ee9f9212e1033968b367af9306bd9fb?s=96&d=mm&r=g","contentUrl":"https:\/\/secure.gravatar.com\/avatar\/7578910c24966c0316c340f9dbd601e93ee9f9212e1033968b367af9306bd9fb?s=96&d=mm&r=g","caption":"Fernando Calixto"},"url":"https:\/\/verdadeon.com.br\/portal\/author\/fernando-calixto\/"}]}},"jetpack_publicize_connections":[],"jetpack_featured_media_url":"https:\/\/i0.wp.com\/verdadeon.com.br\/portal\/wp-content\/uploads\/2021\/01\/WhatsApp-Image-2021-01-14-at-18.05.37-1.jpeg?fit=1000%2C670&ssl=1","jetpack_sharing_enabled":true,"_links":{"self":[{"href":"https:\/\/verdadeon.com.br\/portal\/wp-json\/wp\/v2\/posts\/13375","targetHints":{"allow":["GET"]}}],"collection":[{"href":"https:\/\/verdadeon.com.br\/portal\/wp-json\/wp\/v2\/posts"}],"about":[{"href":"https:\/\/verdadeon.com.br\/portal\/wp-json\/wp\/v2\/types\/post"}],"author":[{"embeddable":true,"href":"https:\/\/verdadeon.com.br\/portal\/wp-json\/wp\/v2\/users\/4"}],"replies":[{"embeddable":true,"href":"https:\/\/verdadeon.com.br\/portal\/wp-json\/wp\/v2\/comments?post=13375"}],"version-history":[{"count":0,"href":"https:\/\/verdadeon.com.br\/portal\/wp-json\/wp\/v2\/posts\/13375\/revisions"}],"wp:featuredmedia":[{"embeddable":true,"href":"https:\/\/verdadeon.com.br\/portal\/wp-json\/wp\/v2\/media\/13376"}],"wp:attachment":[{"href":"https:\/\/verdadeon.com.br\/portal\/wp-json\/wp\/v2\/media?parent=13375"}],"wp:term":[{"taxonomy":"category","embeddable":true,"href":"https:\/\/verdadeon.com.br\/portal\/wp-json\/wp\/v2\/categories?post=13375"},{"taxonomy":"post_tag","embeddable":true,"href":"https:\/\/verdadeon.com.br\/portal\/wp-json\/wp\/v2\/tags?post=13375"}],"curies":[{"name":"wp","href":"https:\/\/api.w.org\/{rel}","templated":true}]}}