{"id":13346,"date":"2021-01-14T17:00:49","date_gmt":"2021-01-14T20:00:49","guid":{"rendered":"https:\/\/verdadeon.com.br\/portal\/?p=13346"},"modified":"2021-01-14T17:00:49","modified_gmt":"2021-01-14T20:00:49","slug":"graciela-destina-r150-mil-para-bercario-dona-nina","status":"publish","type":"post","link":"https:\/\/verdadeon.com.br\/portal\/2021\/01\/14\/graciela-destina-r150-mil-para-bercario-dona-nina\/","title":{"rendered":"Graciela destina R$150 mil para Ber\u00e7\u00e1rio Dona Nina"},"content":{"rendered":"<h2>Verba ser\u00e1 usada para compra de van para transportar crian\u00e7as<\/h2>\n<p>O Ber\u00e7\u00e1rio Dona Nina de Franca, recebeu R$ 150 mil de uma emenda que foi destinada pela deputada estadual Delegada Graciela. Os recursos j\u00e1 foram depositados na conta do Ber\u00e7\u00e1rio e ser\u00e3o usados para comprar uma van.<br \/>\n\u201cO ve\u00edculo vai trazer grandes benef\u00edcios para as crian\u00e7as, adolescentes e suas fam\u00edlias que s\u00e3o atendidos pela institui\u00e7\u00e3o\u201d, disse a diretora do Ber\u00e7\u00e1rio, Rosinha Aylon.<br \/>\nA institui\u00e7\u00e3o fornece atendimento m\u00e9dico, social, nutricional e de enfermagem gratuito \u00e0s crian\u00e7as em recupera\u00e7\u00e3o de sa\u00fade, em situa\u00e7\u00f5es de vulnerabilidade e risco social vindas de fam\u00edlias necessitadas.<br \/>\nNo \u00faltimo ano a entidade sofreu para fechar as contas no azul. Devido a pandemia, eventos tradicionais como o Jantar Dan\u00e7ante, n\u00e3o puderam ser realizados, o que dificultou ainda mais o trabalho. Em contrapartida, a demanda por atendimento aumentou, j\u00e1 que o Ber\u00e7\u00e1rio al\u00e9m de atender as crian\u00e7as, presta servi\u00e7os para as fam\u00edlias delas.<br \/>\nA disponibilidade de um ve\u00edculo pr\u00f3prio que atenda \u00e0 demanda do Ber\u00e7\u00e1rio Dona Nina \u00e9 importante para dar qualidade de vida \u00e0s pessoas que s\u00e3o atendidas. \u201cPor isso, agradecemos \u00e0 deputada Graciela pela doa\u00e7\u00e3o da Van e por tudo que tem feito pela comunidade em situa\u00e7\u00e3o de miserabilidade e de risco pessoal e social. A Graciela n\u00e3o brinca em servi\u00e7o. Ela promete e cumpre\u201d, finalizou Rosinha Aylon.<\/p>\n","protected":false},"excerpt":{"rendered":"<p>Verba ser\u00e1 usada para compra de van para transportar crian\u00e7as O Ber\u00e7\u00e1rio Dona Nina de Franca, recebeu R$ 150 mil de uma emenda que foi destinada<span class=\"excerpt-hellip\"> [\u2026]<\/span><\/p>\n","protected":false},"author":4,"featured_media":13339,"comment_status":"open","ping_status":"open","sticky":false,"template":"","format":"standard","meta":{"_jetpack_memberships_contains_paid_content":false,"footnotes":"","jetpack_publicize_message":"","jetpack_publicize_feature_enabled":true,"jetpack_social_post_already_shared":false,"jetpack_social_options":{"image_generator_settings":{"template":"highway","default_image_id":0,"enabled":false},"version":2}},"categories":[28,81],"tags":[],"class_list":["post-13346","post","type-post","status-publish","format-standard","has-post-thumbnail","hentry","category-cotidiano","category-manchete"],"yoast_head":"<!-- This site is optimized with the Yoast SEO plugin v25.6 - https:\/\/yoast.com\/wordpress\/plugins\/seo\/ -->\n<title>Graciela destina R$150 mil para Ber\u00e7\u00e1rio Dona Nina - VerdadeOn<\/title>\n<meta name=\"robots\" content=\"index, follow, max-snippet:-1, max-image-preview:large, max-video-preview:-1\" \/>\n<link rel=\"canonical\" href=\"https:\/\/verdadeon.com.br\/portal\/2021\/01\/14\/graciela-destina-r150-mil-para-bercario-dona-nina\/\" \/>\n<meta property=\"og:locale\" content=\"pt_BR\" \/>\n<meta property=\"og:type\" content=\"article\" \/>\n<meta property=\"og:title\" content=\"Graciela destina R$150 mil para Ber\u00e7\u00e1rio Dona Nina - VerdadeOn\" \/>\n<meta property=\"og:description\" content=\"Verba ser\u00e1 usada para compra de van para transportar crian\u00e7as O Ber\u00e7\u00e1rio Dona Nina de Franca, recebeu R$ 150 mil de uma emenda que foi destinada [\u2026]\" \/>\n<meta property=\"og:url\" content=\"https:\/\/verdadeon.com.br\/portal\/2021\/01\/14\/graciela-destina-r150-mil-para-bercario-dona-nina\/\" \/>\n<meta property=\"og:site_name\" content=\"VerdadeOn\" \/>\n<meta property=\"article:published_time\" content=\"2021-01-14T20:00:49+00:00\" \/>\n<meta property=\"og:image\" content=\"https:\/\/verdadeon.com.br\/portal\/wp-content\/uploads\/2021\/01\/WhatsApp-Image-2021-01-14-at-15.30.53.jpeg\" \/>\n\t<meta property=\"og:image:width\" content=\"1000\" \/>\n\t<meta property=\"og:image:height\" content=\"670\" \/>\n\t<meta property=\"og:image:type\" content=\"image\/jpeg\" \/>\n<meta name=\"author\" content=\"Fernando Calixto\" \/>\n<meta name=\"twitter:card\" content=\"summary_large_image\" \/>\n<meta name=\"twitter:label1\" content=\"Escrito por\" \/>\n\t<meta name=\"twitter:data1\" content=\"Fernando Calixto\" \/>\n\t<meta name=\"twitter:label2\" content=\"Est. tempo de leitura\" \/>\n\t<meta name=\"twitter:data2\" content=\"1 minuto\" \/>\n<script type=\"application\/ld+json\" class=\"yoast-schema-graph\">{\"@context\":\"https:\/\/schema.org\",\"@graph\":[{\"@type\":\"WebPage\",\"@id\":\"https:\/\/verdadeon.com.br\/portal\/2021\/01\/14\/graciela-destina-r150-mil-para-bercario-dona-nina\/\",\"url\":\"https:\/\/verdadeon.com.br\/portal\/2021\/01\/14\/graciela-destina-r150-mil-para-bercario-dona-nina\/\",\"name\":\"Graciela destina R$150 mil para Ber\u00e7\u00e1rio Dona Nina - VerdadeOn\",\"isPartOf\":{\"@id\":\"https:\/\/verdadeon.com.br\/portal\/#website\"},\"primaryImageOfPage\":{\"@id\":\"https:\/\/verdadeon.com.br\/portal\/2021\/01\/14\/graciela-destina-r150-mil-para-bercario-dona-nina\/#primaryimage\"},\"image\":{\"@id\":\"https:\/\/verdadeon.com.br\/portal\/2021\/01\/14\/graciela-destina-r150-mil-para-bercario-dona-nina\/#primaryimage\"},\"thumbnailUrl\":\"https:\/\/i0.wp.com\/verdadeon.com.br\/portal\/wp-content\/uploads\/2021\/01\/WhatsApp-Image-2021-01-14-at-15.30.53.jpeg?fit=1000%2C670&ssl=1\",\"datePublished\":\"2021-01-14T20:00:49+00:00\",\"author\":{\"@id\":\"https:\/\/verdadeon.com.br\/portal\/#\/schema\/person\/8994718f49ee62ba5610471e29ca1f62\"},\"breadcrumb\":{\"@id\":\"https:\/\/verdadeon.com.br\/portal\/2021\/01\/14\/graciela-destina-r150-mil-para-bercario-dona-nina\/#breadcrumb\"},\"inLanguage\":\"pt-BR\",\"potentialAction\":[{\"@type\":\"ReadAction\",\"target\":[\"https:\/\/verdadeon.com.br\/portal\/2021\/01\/14\/graciela-destina-r150-mil-para-bercario-dona-nina\/\"]}]},{\"@type\":\"ImageObject\",\"inLanguage\":\"pt-BR\",\"@id\":\"https:\/\/verdadeon.com.br\/portal\/2021\/01\/14\/graciela-destina-r150-mil-para-bercario-dona-nina\/#primaryimage\",\"url\":\"https:\/\/i0.wp.com\/verdadeon.com.br\/portal\/wp-content\/uploads\/2021\/01\/WhatsApp-Image-2021-01-14-at-15.30.53.jpeg?fit=1000%2C670&ssl=1\",\"contentUrl\":\"https:\/\/i0.wp.com\/verdadeon.com.br\/portal\/wp-content\/uploads\/2021\/01\/WhatsApp-Image-2021-01-14-at-15.30.53.jpeg?fit=1000%2C670&ssl=1\",\"width\":1000,\"height\":670},{\"@type\":\"BreadcrumbList\",\"@id\":\"https:\/\/verdadeon.com.br\/portal\/2021\/01\/14\/graciela-destina-r150-mil-para-bercario-dona-nina\/#breadcrumb\",\"itemListElement\":[{\"@type\":\"ListItem\",\"position\":1,\"name\":\"In\u00edcio\",\"item\":\"https:\/\/verdadeon.com.br\/portal\/\"},{\"@type\":\"ListItem\",\"position\":2,\"name\":\"Graciela destina R$150 mil para Ber\u00e7\u00e1rio Dona Nina\"}]},{\"@type\":\"WebSite\",\"@id\":\"https:\/\/verdadeon.com.br\/portal\/#website\",\"url\":\"https:\/\/verdadeon.com.br\/portal\/\",\"name\":\"VerdadeOn\",\"description\":\"Not\u00edcias di\u00e1rias sobre Franca, Regi\u00e3o, Esporte, Cultura, Cotidiano, Colunas. Cobertura nos principais eventos da cidade \u00e9 aqui - Verdadeon Franca\",\"potentialAction\":[{\"@type\":\"SearchAction\",\"target\":{\"@type\":\"EntryPoint\",\"urlTemplate\":\"https:\/\/verdadeon.com.br\/portal\/?s={search_term_string}\"},\"query-input\":{\"@type\":\"PropertyValueSpecification\",\"valueRequired\":true,\"valueName\":\"search_term_string\"}}],\"inLanguage\":\"pt-BR\"},{\"@type\":\"Person\",\"@id\":\"https:\/\/verdadeon.com.br\/portal\/#\/schema\/person\/8994718f49ee62ba5610471e29ca1f62\",\"name\":\"Fernando Calixto\",\"image\":{\"@type\":\"ImageObject\",\"inLanguage\":\"pt-BR\",\"@id\":\"https:\/\/verdadeon.com.br\/portal\/#\/schema\/person\/image\/\",\"url\":\"https:\/\/secure.gravatar.com\/avatar\/7578910c24966c0316c340f9dbd601e93ee9f9212e1033968b367af9306bd9fb?s=96&d=mm&r=g\",\"contentUrl\":\"https:\/\/secure.gravatar.com\/avatar\/7578910c24966c0316c340f9dbd601e93ee9f9212e1033968b367af9306bd9fb?s=96&d=mm&r=g\",\"caption\":\"Fernando Calixto\"},\"url\":\"https:\/\/verdadeon.com.br\/portal\/author\/fernando-calixto\/\"}]}<\/script>\n<!-- \/ Yoast SEO plugin. -->","yoast_head_json":{"title":"Graciela destina R$150 mil para Ber\u00e7\u00e1rio Dona Nina - VerdadeOn","robots":{"index":"index","follow":"follow","max-snippet":"max-snippet:-1","max-image-preview":"max-image-preview:large","max-video-preview":"max-video-preview:-1"},"canonical":"https:\/\/verdadeon.com.br\/portal\/2021\/01\/14\/graciela-destina-r150-mil-para-bercario-dona-nina\/","og_locale":"pt_BR","og_type":"article","og_title":"Graciela destina R$150 mil para Ber\u00e7\u00e1rio Dona Nina - VerdadeOn","og_description":"Verba ser\u00e1 usada para compra de van para transportar crian\u00e7as O Ber\u00e7\u00e1rio Dona Nina de Franca, recebeu R$ 150 mil de uma emenda que foi destinada [\u2026]","og_url":"https:\/\/verdadeon.com.br\/portal\/2021\/01\/14\/graciela-destina-r150-mil-para-bercario-dona-nina\/","og_site_name":"VerdadeOn","article_published_time":"2021-01-14T20:00:49+00:00","og_image":[{"width":1000,"height":670,"url":"https:\/\/verdadeon.com.br\/portal\/wp-content\/uploads\/2021\/01\/WhatsApp-Image-2021-01-14-at-15.30.53.jpeg","type":"image\/jpeg"}],"author":"Fernando Calixto","twitter_card":"summary_large_image","twitter_misc":{"Escrito por":"Fernando Calixto","Est. tempo de leitura":"1 minuto"},"schema":{"@context":"https:\/\/schema.org","@graph":[{"@type":"WebPage","@id":"https:\/\/verdadeon.com.br\/portal\/2021\/01\/14\/graciela-destina-r150-mil-para-bercario-dona-nina\/","url":"https:\/\/verdadeon.com.br\/portal\/2021\/01\/14\/graciela-destina-r150-mil-para-bercario-dona-nina\/","name":"Graciela destina R$150 mil para Ber\u00e7\u00e1rio Dona Nina - VerdadeOn","isPartOf":{"@id":"https:\/\/verdadeon.com.br\/portal\/#website"},"primaryImageOfPage":{"@id":"https:\/\/verdadeon.com.br\/portal\/2021\/01\/14\/graciela-destina-r150-mil-para-bercario-dona-nina\/#primaryimage"},"image":{"@id":"https:\/\/verdadeon.com.br\/portal\/2021\/01\/14\/graciela-destina-r150-mil-para-bercario-dona-nina\/#primaryimage"},"thumbnailUrl":"https:\/\/i0.wp.com\/verdadeon.com.br\/portal\/wp-content\/uploads\/2021\/01\/WhatsApp-Image-2021-01-14-at-15.30.53.jpeg?fit=1000%2C670&ssl=1","datePublished":"2021-01-14T20:00:49+00:00","author":{"@id":"https:\/\/verdadeon.com.br\/portal\/#\/schema\/person\/8994718f49ee62ba5610471e29ca1f62"},"breadcrumb":{"@id":"https:\/\/verdadeon.com.br\/portal\/2021\/01\/14\/graciela-destina-r150-mil-para-bercario-dona-nina\/#breadcrumb"},"inLanguage":"pt-BR","potentialAction":[{"@type":"ReadAction","target":["https:\/\/verdadeon.com.br\/portal\/2021\/01\/14\/graciela-destina-r150-mil-para-bercario-dona-nina\/"]}]},{"@type":"ImageObject","inLanguage":"pt-BR","@id":"https:\/\/verdadeon.com.br\/portal\/2021\/01\/14\/graciela-destina-r150-mil-para-bercario-dona-nina\/#primaryimage","url":"https:\/\/i0.wp.com\/verdadeon.com.br\/portal\/wp-content\/uploads\/2021\/01\/WhatsApp-Image-2021-01-14-at-15.30.53.jpeg?fit=1000%2C670&ssl=1","contentUrl":"https:\/\/i0.wp.com\/verdadeon.com.br\/portal\/wp-content\/uploads\/2021\/01\/WhatsApp-Image-2021-01-14-at-15.30.53.jpeg?fit=1000%2C670&ssl=1","width":1000,"height":670},{"@type":"BreadcrumbList","@id":"https:\/\/verdadeon.com.br\/portal\/2021\/01\/14\/graciela-destina-r150-mil-para-bercario-dona-nina\/#breadcrumb","itemListElement":[{"@type":"ListItem","position":1,"name":"In\u00edcio","item":"https:\/\/verdadeon.com.br\/portal\/"},{"@type":"ListItem","position":2,"name":"Graciela destina R$150 mil para Ber\u00e7\u00e1rio Dona Nina"}]},{"@type":"WebSite","@id":"https:\/\/verdadeon.com.br\/portal\/#website","url":"https:\/\/verdadeon.com.br\/portal\/","name":"VerdadeOn","description":"Not\u00edcias di\u00e1rias sobre Franca, Regi\u00e3o, Esporte, Cultura, Cotidiano, Colunas. Cobertura nos principais eventos da cidade \u00e9 aqui - Verdadeon Franca","potentialAction":[{"@type":"SearchAction","target":{"@type":"EntryPoint","urlTemplate":"https:\/\/verdadeon.com.br\/portal\/?s={search_term_string}"},"query-input":{"@type":"PropertyValueSpecification","valueRequired":true,"valueName":"search_term_string"}}],"inLanguage":"pt-BR"},{"@type":"Person","@id":"https:\/\/verdadeon.com.br\/portal\/#\/schema\/person\/8994718f49ee62ba5610471e29ca1f62","name":"Fernando Calixto","image":{"@type":"ImageObject","inLanguage":"pt-BR","@id":"https:\/\/verdadeon.com.br\/portal\/#\/schema\/person\/image\/","url":"https:\/\/secure.gravatar.com\/avatar\/7578910c24966c0316c340f9dbd601e93ee9f9212e1033968b367af9306bd9fb?s=96&d=mm&r=g","contentUrl":"https:\/\/secure.gravatar.com\/avatar\/7578910c24966c0316c340f9dbd601e93ee9f9212e1033968b367af9306bd9fb?s=96&d=mm&r=g","caption":"Fernando Calixto"},"url":"https:\/\/verdadeon.com.br\/portal\/author\/fernando-calixto\/"}]}},"jetpack_publicize_connections":[],"jetpack_featured_media_url":"https:\/\/i0.wp.com\/verdadeon.com.br\/portal\/wp-content\/uploads\/2021\/01\/WhatsApp-Image-2021-01-14-at-15.30.53.jpeg?fit=1000%2C670&ssl=1","jetpack_sharing_enabled":true,"_links":{"self":[{"href":"https:\/\/verdadeon.com.br\/portal\/wp-json\/wp\/v2\/posts\/13346","targetHints":{"allow":["GET"]}}],"collection":[{"href":"https:\/\/verdadeon.com.br\/portal\/wp-json\/wp\/v2\/posts"}],"about":[{"href":"https:\/\/verdadeon.com.br\/portal\/wp-json\/wp\/v2\/types\/post"}],"author":[{"embeddable":true,"href":"https:\/\/verdadeon.com.br\/portal\/wp-json\/wp\/v2\/users\/4"}],"replies":[{"embeddable":true,"href":"https:\/\/verdadeon.com.br\/portal\/wp-json\/wp\/v2\/comments?post=13346"}],"version-history":[{"count":0,"href":"https:\/\/verdadeon.com.br\/portal\/wp-json\/wp\/v2\/posts\/13346\/revisions"}],"wp:featuredmedia":[{"embeddable":true,"href":"https:\/\/verdadeon.com.br\/portal\/wp-json\/wp\/v2\/media\/13339"}],"wp:attachment":[{"href":"https:\/\/verdadeon.com.br\/portal\/wp-json\/wp\/v2\/media?parent=13346"}],"wp:term":[{"taxonomy":"category","embeddable":true,"href":"https:\/\/verdadeon.com.br\/portal\/wp-json\/wp\/v2\/categories?post=13346"},{"taxonomy":"post_tag","embeddable":true,"href":"https:\/\/verdadeon.com.br\/portal\/wp-json\/wp\/v2\/tags?post=13346"}],"curies":[{"name":"wp","href":"https:\/\/api.w.org\/{rel}","templated":true}]}}