{"id":13313,"date":"2021-01-13T15:25:22","date_gmt":"2021-01-13T18:25:22","guid":{"rendered":"http:\/\/verdadeon.com.br\/portal\/?p=13313"},"modified":"2021-01-13T16:25:08","modified_gmt":"2021-01-13T19:25:08","slug":"procuradoria-da-mulher-da-camara-divulga-propostas","status":"publish","type":"post","link":"https:\/\/verdadeon.com.br\/portal\/2021\/01\/13\/procuradoria-da-mulher-da-camara-divulga-propostas\/","title":{"rendered":"Procuradoria da Mulher da C\u00e2mara divulga propostas"},"content":{"rendered":"<h2>Vereadora Lurdinha Granzotte \u00e9 a nova dirigente<\/h2>\n<p>A vereadora Lurdinha Granzotte (PSL), est\u00e1 \u00e0 frente da Procuradoria Especial da Mulher da C\u00e2mara Municipal de Franca, desde o dia primeiro de janeiro. A comiss\u00e3o foi criada em outubro de 2019. O \u00f3rg\u00e3o contar\u00e1 tamb\u00e9m com a vereadora Lindsay Cardoso (Cidadania) como Procuradora Adjunta.<br \/>\nLurdinha decidiu se candidatar ao cargo por entender a dor dessas mulheres, ela pr\u00f3pria j\u00e1 sofreu viol\u00eancia dom\u00e9stica. \u201cQuando voc\u00ea sente na pele o problema do outro, \u00e9 mais f\u00e1cil de voc\u00ea ajudar. Como j\u00e1 passei por essa situa\u00e7\u00e3o, creio que tenho muito a contribuir. Quero ser uma voz para essas mulheres na Procuradoria\u201d, explicou.<br \/>\nComo muitas das mulheres vitimizadas ou ainda t\u00eam medo e vergonha de fazer den\u00fancias contra seus agressores ou ficam sem saber como proceder, a Procuradoria ir\u00e1 aconselh\u00e1-las a comparecer \u00e0 DDM (Delegacia de Defesa da Mulher) e prestar queixa:<br \/>\n\u201cSe a gente n\u00e3o apresentar a den\u00fancia da primeira vez, tudo vai continuar acontecendo da mesma forma. Ent\u00e3o, as mulheres precisam dar o primeiro passo. Por causa disso, queremos acolher essas mulheres, conversar e orientar, passo a passo, o que elas t\u00eam que fazer para resolver o problema. N\u00f3s vamos, se precisar, \u00e0 delegacia com essa mulher fazer o boletim de ocorr\u00eancia. Dessa forma, ela poder\u00e1 pedir uma medida protetiva. Vamos acompanhar todo o processo\u201d.<br \/>\nA Procuradoria Especial da Mulher tem como objetivos receber, examinar e encaminhar aos \u00f3rg\u00e3os competentes den\u00fancias de viol\u00eancias e discrimina\u00e7\u00e3o contra a mulher; fiscalizar e acompanhar a execu\u00e7\u00e3o de programas do governo Municipal que visem \u00e0 promo\u00e7\u00e3o da igualdade de g\u00eanero; cooperar com organismos voltados \u00e0 implementa\u00e7\u00e3o de pol\u00edticas para as mulheres; e promover pesquisas, semin\u00e1rios, palestras e estudos sobre viol\u00eancia e discrimina\u00e7\u00e3o contra a mulher.<br \/>\nA vereadora afirmou ainda que planeja organizar palestras para recuperar a autoestima e a autoconfian\u00e7as dessas mulheres, al\u00e9m de dar uma nova perspectiva de vida a elas. Trabalhos volunt\u00e1rios ministrados por pessoas interessadas na causa tamb\u00e9m j\u00e1 est\u00e3o sendo preparados. Lurdinha expressa ainda o desejo de, se poss\u00edvel, reestruturar as fam\u00edlias que passam por epis\u00f3dios de viol\u00eancia, pois estes afetam a todos.<br \/>\n\u201cPara acabar com a viol\u00eancia, precisamos saber por que est\u00e1 acontecendo tudo isso. N\u00e3o somos psic\u00f3logos, mas estamos aqui umas pelas outras. Se a mulher precisar de atendimento especializado, iremos procurar o psic\u00f3logo ou assistente social da DDM. S\u00e3o benef\u00edcios a que a mulher tem direito e ela n\u00e3o sabe que existem. Precisamos dar condi\u00e7\u00f5es para a mulher enfrentar essa situa\u00e7\u00e3o\u201d.<br \/>\nAs mulheres que quiserem agendar uma reuni\u00e3o com a Procuradoria Especial da Mulher da C\u00e2mara podem ligar para os telefones (16) 3713-1536 e (16) 3713-1572; enviar mensagens via WhatsApp para o n\u00famero (16) 99133-5774; ou mandar e-mails para lurdinhavereadora@gmail.com e procuradorialurdinha@gmail.com. Lurdinha adianta que todos os atendimentos ser\u00e3o feitos com todo o carinho e discri\u00e7\u00e3o.<\/p>\n","protected":false},"excerpt":{"rendered":"<p>A vereadora Lurdinha Granzotte (PSL), est\u00e1 \u00e0 frente da Procuradoria Especial da Mulher da C\u00e2mara Municipal de Franca, desde o dia primeiro de janeiro. A comiss\u00e3o foi criada em outubro de 2019. O \u00f3rg\u00e3o contar\u00e1 tamb\u00e9m com a vereadora Lindsay Cardoso (Cidadania) como Procuradora Adjunta.<\/p>\n","protected":false},"author":4,"featured_media":13314,"comment_status":"open","ping_status":"open","sticky":false,"template":"","format":"standard","meta":{"_jetpack_memberships_contains_paid_content":false,"footnotes":"","jetpack_publicize_message":"","jetpack_publicize_feature_enabled":true,"jetpack_social_post_already_shared":false,"jetpack_social_options":{"image_generator_settings":{"template":"highway","default_image_id":0,"enabled":false},"version":2}},"categories":[28,81],"tags":[46],"class_list":["post-13313","post","type-post","status-publish","format-standard","has-post-thumbnail","hentry","category-cotidiano","category-manchete","tag-cotidiano"],"yoast_head":"<!-- This site is optimized with the Yoast SEO plugin v25.6 - https:\/\/yoast.com\/wordpress\/plugins\/seo\/ -->\n<title>Procuradoria da Mulher da C\u00e2mara divulga propostas - VerdadeOn<\/title>\n<meta name=\"description\" content=\"A vereadora Lurdinha Granzotte (PSL), est\u00e1 \u00e0 frente da Procuradoria Especial da Mulher da C\u00e2mara Municipal de Franca, desde o dia primeiro de janeiro. A comiss\u00e3o foi criada em outubro de 2019. O \u00f3rg\u00e3o contar\u00e1 tamb\u00e9m com a vereadora Lindsay Cardoso (Cidadania) como Procuradora Adjunta.\" \/>\n<meta name=\"robots\" content=\"index, follow, max-snippet:-1, max-image-preview:large, max-video-preview:-1\" \/>\n<link rel=\"canonical\" href=\"https:\/\/verdadeon.com.br\/portal\/2021\/01\/13\/procuradoria-da-mulher-da-camara-divulga-propostas\/\" \/>\n<meta property=\"og:locale\" content=\"pt_BR\" \/>\n<meta property=\"og:type\" content=\"article\" \/>\n<meta property=\"og:title\" content=\"Procuradoria da Mulher da C\u00e2mara divulga propostas - VerdadeOn\" \/>\n<meta property=\"og:description\" content=\"A vereadora Lurdinha Granzotte (PSL), est\u00e1 \u00e0 frente da Procuradoria Especial da Mulher da C\u00e2mara Municipal de Franca, desde o dia primeiro de janeiro. A comiss\u00e3o foi criada em outubro de 2019. O \u00f3rg\u00e3o contar\u00e1 tamb\u00e9m com a vereadora Lindsay Cardoso (Cidadania) como Procuradora Adjunta.\" \/>\n<meta property=\"og:url\" content=\"https:\/\/verdadeon.com.br\/portal\/2021\/01\/13\/procuradoria-da-mulher-da-camara-divulga-propostas\/\" \/>\n<meta property=\"og:site_name\" content=\"VerdadeOn\" \/>\n<meta property=\"article:published_time\" content=\"2021-01-13T18:25:22+00:00\" \/>\n<meta property=\"article:modified_time\" content=\"2021-01-13T19:25:08+00:00\" \/>\n<meta property=\"og:image\" content=\"https:\/\/verdadeon.com.br\/portal\/wp-content\/uploads\/2021\/01\/WhatsApp-Image-2021-01-13-at-15.22.03.jpeg\" \/>\n\t<meta property=\"og:image:width\" content=\"1000\" \/>\n\t<meta property=\"og:image:height\" content=\"670\" \/>\n\t<meta property=\"og:image:type\" content=\"image\/jpeg\" \/>\n<meta name=\"author\" content=\"Fernando Calixto\" \/>\n<meta name=\"twitter:card\" content=\"summary_large_image\" \/>\n<meta name=\"twitter:label1\" content=\"Escrito por\" \/>\n\t<meta name=\"twitter:data1\" content=\"Fernando Calixto\" \/>\n\t<meta name=\"twitter:label2\" content=\"Est. tempo de leitura\" \/>\n\t<meta name=\"twitter:data2\" content=\"3 minutos\" \/>\n<script type=\"application\/ld+json\" class=\"yoast-schema-graph\">{\"@context\":\"https:\/\/schema.org\",\"@graph\":[{\"@type\":\"WebPage\",\"@id\":\"https:\/\/verdadeon.com.br\/portal\/2021\/01\/13\/procuradoria-da-mulher-da-camara-divulga-propostas\/\",\"url\":\"https:\/\/verdadeon.com.br\/portal\/2021\/01\/13\/procuradoria-da-mulher-da-camara-divulga-propostas\/\",\"name\":\"Procuradoria da Mulher da C\u00e2mara divulga propostas - VerdadeOn\",\"isPartOf\":{\"@id\":\"https:\/\/verdadeon.com.br\/portal\/#website\"},\"primaryImageOfPage\":{\"@id\":\"https:\/\/verdadeon.com.br\/portal\/2021\/01\/13\/procuradoria-da-mulher-da-camara-divulga-propostas\/#primaryimage\"},\"image\":{\"@id\":\"https:\/\/verdadeon.com.br\/portal\/2021\/01\/13\/procuradoria-da-mulher-da-camara-divulga-propostas\/#primaryimage\"},\"thumbnailUrl\":\"https:\/\/i0.wp.com\/verdadeon.com.br\/portal\/wp-content\/uploads\/2021\/01\/WhatsApp-Image-2021-01-13-at-15.22.03.jpeg?fit=1000%2C670&ssl=1\",\"datePublished\":\"2021-01-13T18:25:22+00:00\",\"dateModified\":\"2021-01-13T19:25:08+00:00\",\"author\":{\"@id\":\"https:\/\/verdadeon.com.br\/portal\/#\/schema\/person\/8994718f49ee62ba5610471e29ca1f62\"},\"description\":\"A vereadora Lurdinha Granzotte (PSL), est\u00e1 \u00e0 frente da Procuradoria Especial da Mulher da C\u00e2mara Municipal de Franca, desde o dia primeiro de janeiro. A comiss\u00e3o foi criada em outubro de 2019. O \u00f3rg\u00e3o contar\u00e1 tamb\u00e9m com a vereadora Lindsay Cardoso (Cidadania) como Procuradora Adjunta.\",\"breadcrumb\":{\"@id\":\"https:\/\/verdadeon.com.br\/portal\/2021\/01\/13\/procuradoria-da-mulher-da-camara-divulga-propostas\/#breadcrumb\"},\"inLanguage\":\"pt-BR\",\"potentialAction\":[{\"@type\":\"ReadAction\",\"target\":[\"https:\/\/verdadeon.com.br\/portal\/2021\/01\/13\/procuradoria-da-mulher-da-camara-divulga-propostas\/\"]}]},{\"@type\":\"ImageObject\",\"inLanguage\":\"pt-BR\",\"@id\":\"https:\/\/verdadeon.com.br\/portal\/2021\/01\/13\/procuradoria-da-mulher-da-camara-divulga-propostas\/#primaryimage\",\"url\":\"https:\/\/i0.wp.com\/verdadeon.com.br\/portal\/wp-content\/uploads\/2021\/01\/WhatsApp-Image-2021-01-13-at-15.22.03.jpeg?fit=1000%2C670&ssl=1\",\"contentUrl\":\"https:\/\/i0.wp.com\/verdadeon.com.br\/portal\/wp-content\/uploads\/2021\/01\/WhatsApp-Image-2021-01-13-at-15.22.03.jpeg?fit=1000%2C670&ssl=1\",\"width\":1000,\"height\":670},{\"@type\":\"BreadcrumbList\",\"@id\":\"https:\/\/verdadeon.com.br\/portal\/2021\/01\/13\/procuradoria-da-mulher-da-camara-divulga-propostas\/#breadcrumb\",\"itemListElement\":[{\"@type\":\"ListItem\",\"position\":1,\"name\":\"In\u00edcio\",\"item\":\"https:\/\/verdadeon.com.br\/portal\/\"},{\"@type\":\"ListItem\",\"position\":2,\"name\":\"Procuradoria da Mulher da C\u00e2mara divulga propostas\"}]},{\"@type\":\"WebSite\",\"@id\":\"https:\/\/verdadeon.com.br\/portal\/#website\",\"url\":\"https:\/\/verdadeon.com.br\/portal\/\",\"name\":\"VerdadeOn\",\"description\":\"Not\u00edcias di\u00e1rias sobre Franca, Regi\u00e3o, Esporte, Cultura, Cotidiano, Colunas. Cobertura nos principais eventos da cidade \u00e9 aqui - Verdadeon Franca\",\"potentialAction\":[{\"@type\":\"SearchAction\",\"target\":{\"@type\":\"EntryPoint\",\"urlTemplate\":\"https:\/\/verdadeon.com.br\/portal\/?s={search_term_string}\"},\"query-input\":{\"@type\":\"PropertyValueSpecification\",\"valueRequired\":true,\"valueName\":\"search_term_string\"}}],\"inLanguage\":\"pt-BR\"},{\"@type\":\"Person\",\"@id\":\"https:\/\/verdadeon.com.br\/portal\/#\/schema\/person\/8994718f49ee62ba5610471e29ca1f62\",\"name\":\"Fernando Calixto\",\"image\":{\"@type\":\"ImageObject\",\"inLanguage\":\"pt-BR\",\"@id\":\"https:\/\/verdadeon.com.br\/portal\/#\/schema\/person\/image\/\",\"url\":\"https:\/\/secure.gravatar.com\/avatar\/7578910c24966c0316c340f9dbd601e93ee9f9212e1033968b367af9306bd9fb?s=96&d=mm&r=g\",\"contentUrl\":\"https:\/\/secure.gravatar.com\/avatar\/7578910c24966c0316c340f9dbd601e93ee9f9212e1033968b367af9306bd9fb?s=96&d=mm&r=g\",\"caption\":\"Fernando Calixto\"},\"url\":\"https:\/\/verdadeon.com.br\/portal\/author\/fernando-calixto\/\"}]}<\/script>\n<!-- \/ Yoast SEO plugin. -->","yoast_head_json":{"title":"Procuradoria da Mulher da C\u00e2mara divulga propostas - VerdadeOn","description":"A vereadora Lurdinha Granzotte (PSL), est\u00e1 \u00e0 frente da Procuradoria Especial da Mulher da C\u00e2mara Municipal de Franca, desde o dia primeiro de janeiro. A comiss\u00e3o foi criada em outubro de 2019. O \u00f3rg\u00e3o contar\u00e1 tamb\u00e9m com a vereadora Lindsay Cardoso (Cidadania) como Procuradora Adjunta.","robots":{"index":"index","follow":"follow","max-snippet":"max-snippet:-1","max-image-preview":"max-image-preview:large","max-video-preview":"max-video-preview:-1"},"canonical":"https:\/\/verdadeon.com.br\/portal\/2021\/01\/13\/procuradoria-da-mulher-da-camara-divulga-propostas\/","og_locale":"pt_BR","og_type":"article","og_title":"Procuradoria da Mulher da C\u00e2mara divulga propostas - VerdadeOn","og_description":"A vereadora Lurdinha Granzotte (PSL), est\u00e1 \u00e0 frente da Procuradoria Especial da Mulher da C\u00e2mara Municipal de Franca, desde o dia primeiro de janeiro. A comiss\u00e3o foi criada em outubro de 2019. O \u00f3rg\u00e3o contar\u00e1 tamb\u00e9m com a vereadora Lindsay Cardoso (Cidadania) como Procuradora Adjunta.","og_url":"https:\/\/verdadeon.com.br\/portal\/2021\/01\/13\/procuradoria-da-mulher-da-camara-divulga-propostas\/","og_site_name":"VerdadeOn","article_published_time":"2021-01-13T18:25:22+00:00","article_modified_time":"2021-01-13T19:25:08+00:00","og_image":[{"width":1000,"height":670,"url":"https:\/\/verdadeon.com.br\/portal\/wp-content\/uploads\/2021\/01\/WhatsApp-Image-2021-01-13-at-15.22.03.jpeg","type":"image\/jpeg"}],"author":"Fernando Calixto","twitter_card":"summary_large_image","twitter_misc":{"Escrito por":"Fernando Calixto","Est. tempo de leitura":"3 minutos"},"schema":{"@context":"https:\/\/schema.org","@graph":[{"@type":"WebPage","@id":"https:\/\/verdadeon.com.br\/portal\/2021\/01\/13\/procuradoria-da-mulher-da-camara-divulga-propostas\/","url":"https:\/\/verdadeon.com.br\/portal\/2021\/01\/13\/procuradoria-da-mulher-da-camara-divulga-propostas\/","name":"Procuradoria da Mulher da C\u00e2mara divulga propostas - VerdadeOn","isPartOf":{"@id":"https:\/\/verdadeon.com.br\/portal\/#website"},"primaryImageOfPage":{"@id":"https:\/\/verdadeon.com.br\/portal\/2021\/01\/13\/procuradoria-da-mulher-da-camara-divulga-propostas\/#primaryimage"},"image":{"@id":"https:\/\/verdadeon.com.br\/portal\/2021\/01\/13\/procuradoria-da-mulher-da-camara-divulga-propostas\/#primaryimage"},"thumbnailUrl":"https:\/\/i0.wp.com\/verdadeon.com.br\/portal\/wp-content\/uploads\/2021\/01\/WhatsApp-Image-2021-01-13-at-15.22.03.jpeg?fit=1000%2C670&ssl=1","datePublished":"2021-01-13T18:25:22+00:00","dateModified":"2021-01-13T19:25:08+00:00","author":{"@id":"https:\/\/verdadeon.com.br\/portal\/#\/schema\/person\/8994718f49ee62ba5610471e29ca1f62"},"description":"A vereadora Lurdinha Granzotte (PSL), est\u00e1 \u00e0 frente da Procuradoria Especial da Mulher da C\u00e2mara Municipal de Franca, desde o dia primeiro de janeiro. A comiss\u00e3o foi criada em outubro de 2019. O \u00f3rg\u00e3o contar\u00e1 tamb\u00e9m com a vereadora Lindsay Cardoso (Cidadania) como Procuradora Adjunta.","breadcrumb":{"@id":"https:\/\/verdadeon.com.br\/portal\/2021\/01\/13\/procuradoria-da-mulher-da-camara-divulga-propostas\/#breadcrumb"},"inLanguage":"pt-BR","potentialAction":[{"@type":"ReadAction","target":["https:\/\/verdadeon.com.br\/portal\/2021\/01\/13\/procuradoria-da-mulher-da-camara-divulga-propostas\/"]}]},{"@type":"ImageObject","inLanguage":"pt-BR","@id":"https:\/\/verdadeon.com.br\/portal\/2021\/01\/13\/procuradoria-da-mulher-da-camara-divulga-propostas\/#primaryimage","url":"https:\/\/i0.wp.com\/verdadeon.com.br\/portal\/wp-content\/uploads\/2021\/01\/WhatsApp-Image-2021-01-13-at-15.22.03.jpeg?fit=1000%2C670&ssl=1","contentUrl":"https:\/\/i0.wp.com\/verdadeon.com.br\/portal\/wp-content\/uploads\/2021\/01\/WhatsApp-Image-2021-01-13-at-15.22.03.jpeg?fit=1000%2C670&ssl=1","width":1000,"height":670},{"@type":"BreadcrumbList","@id":"https:\/\/verdadeon.com.br\/portal\/2021\/01\/13\/procuradoria-da-mulher-da-camara-divulga-propostas\/#breadcrumb","itemListElement":[{"@type":"ListItem","position":1,"name":"In\u00edcio","item":"https:\/\/verdadeon.com.br\/portal\/"},{"@type":"ListItem","position":2,"name":"Procuradoria da Mulher da C\u00e2mara divulga propostas"}]},{"@type":"WebSite","@id":"https:\/\/verdadeon.com.br\/portal\/#website","url":"https:\/\/verdadeon.com.br\/portal\/","name":"VerdadeOn","description":"Not\u00edcias di\u00e1rias sobre Franca, Regi\u00e3o, Esporte, Cultura, Cotidiano, Colunas. Cobertura nos principais eventos da cidade \u00e9 aqui - Verdadeon Franca","potentialAction":[{"@type":"SearchAction","target":{"@type":"EntryPoint","urlTemplate":"https:\/\/verdadeon.com.br\/portal\/?s={search_term_string}"},"query-input":{"@type":"PropertyValueSpecification","valueRequired":true,"valueName":"search_term_string"}}],"inLanguage":"pt-BR"},{"@type":"Person","@id":"https:\/\/verdadeon.com.br\/portal\/#\/schema\/person\/8994718f49ee62ba5610471e29ca1f62","name":"Fernando Calixto","image":{"@type":"ImageObject","inLanguage":"pt-BR","@id":"https:\/\/verdadeon.com.br\/portal\/#\/schema\/person\/image\/","url":"https:\/\/secure.gravatar.com\/avatar\/7578910c24966c0316c340f9dbd601e93ee9f9212e1033968b367af9306bd9fb?s=96&d=mm&r=g","contentUrl":"https:\/\/secure.gravatar.com\/avatar\/7578910c24966c0316c340f9dbd601e93ee9f9212e1033968b367af9306bd9fb?s=96&d=mm&r=g","caption":"Fernando Calixto"},"url":"https:\/\/verdadeon.com.br\/portal\/author\/fernando-calixto\/"}]}},"jetpack_publicize_connections":[],"jetpack_featured_media_url":"https:\/\/i0.wp.com\/verdadeon.com.br\/portal\/wp-content\/uploads\/2021\/01\/WhatsApp-Image-2021-01-13-at-15.22.03.jpeg?fit=1000%2C670&ssl=1","jetpack_sharing_enabled":true,"_links":{"self":[{"href":"https:\/\/verdadeon.com.br\/portal\/wp-json\/wp\/v2\/posts\/13313","targetHints":{"allow":["GET"]}}],"collection":[{"href":"https:\/\/verdadeon.com.br\/portal\/wp-json\/wp\/v2\/posts"}],"about":[{"href":"https:\/\/verdadeon.com.br\/portal\/wp-json\/wp\/v2\/types\/post"}],"author":[{"embeddable":true,"href":"https:\/\/verdadeon.com.br\/portal\/wp-json\/wp\/v2\/users\/4"}],"replies":[{"embeddable":true,"href":"https:\/\/verdadeon.com.br\/portal\/wp-json\/wp\/v2\/comments?post=13313"}],"version-history":[{"count":0,"href":"https:\/\/verdadeon.com.br\/portal\/wp-json\/wp\/v2\/posts\/13313\/revisions"}],"wp:featuredmedia":[{"embeddable":true,"href":"https:\/\/verdadeon.com.br\/portal\/wp-json\/wp\/v2\/media\/13314"}],"wp:attachment":[{"href":"https:\/\/verdadeon.com.br\/portal\/wp-json\/wp\/v2\/media?parent=13313"}],"wp:term":[{"taxonomy":"category","embeddable":true,"href":"https:\/\/verdadeon.com.br\/portal\/wp-json\/wp\/v2\/categories?post=13313"},{"taxonomy":"post_tag","embeddable":true,"href":"https:\/\/verdadeon.com.br\/portal\/wp-json\/wp\/v2\/tags?post=13313"}],"curies":[{"name":"wp","href":"https:\/\/api.w.org\/{rel}","templated":true}]}}