{"id":13155,"date":"2021-01-09T20:00:13","date_gmt":"2021-01-09T23:00:13","guid":{"rendered":"http:\/\/verdadeon.com.br\/portal\/?p=13155"},"modified":"2021-01-09T21:33:59","modified_gmt":"2021-01-10T00:33:59","slug":"digitalizacao-de-servicos-publicos-gera-economia-de-r-2-bi-por-ano","status":"publish","type":"post","link":"https:\/\/verdadeon.com.br\/portal\/2021\/01\/09\/digitalizacao-de-servicos-publicos-gera-economia-de-r-2-bi-por-ano\/","title":{"rendered":"Digitaliza\u00e7\u00e3o de servi\u00e7os p\u00fablicos gera economia de R$ 2 bi por ano"},"content":{"rendered":"<h2>64,5% dos servi\u00e7os do Governo s\u00e3o digitais<\/h2>\n<p>A digitaliza\u00e7\u00e3o dos servi\u00e7os p\u00fablicos gerou economia de R$ 2 bilh\u00f5es por ano, sendo R$ 1,5 bilh\u00e3o para a popula\u00e7\u00e3o e R$ 500 milh\u00f5es para o governo. A estimativa consta de balan\u00e7o divulgado hoje (8) pela Secretaria Especial de Desburocratiza\u00e7\u00e3o, Gest\u00e3o e Governo Digital do Minist\u00e9rio da Economia.<\/p>\n<p>O n\u00famero de cidad\u00e3os cadastrados no Portal do Governo Federal, que unifica os sites do governo e permite o acesso a servi\u00e7os por um login \u00fanico, est\u00e1 em 88 milh\u00f5es. Isso representa 51 vezes mais que o total registrado em janeiro de 2019, quando apenas 1,7 milh\u00e3o de brasileiros usavam os servi\u00e7os de forma digital.<\/p>\n<p>Atualmente, o portal gov.br oferece 4.137 servi\u00e7os de 193 \u00f3rg\u00e3os federais, dos quais 2.670 (64,5%) s\u00e3o totalmente digitalizados. O portal disponibiliza ainda 640 servi\u00e7os (15,5%) parcialmente digitalizados, com etapas executadas no portal, mas que ainda exigem algum procedimento presencial, como entrega de documentos. Por fim, existem 827 servi\u00e7os n\u00e3o digitais (20%), que s\u00f3 podem ser iniciados no site, mas exigem a presen\u00e7a f\u00edsica nas demais fases.<\/p>\n<p>No ano passado, o Minist\u00e9rio da Economia lan\u00e7ou a Estrat\u00e9gia de Governo Digital 2020-2022, com o objetivo de chegar ao fim do pr\u00f3ximo ano com 100% dos servi\u00e7os p\u00fablicos e dos portais federais digitalizados. A meta de digitalizar 1 mil servi\u00e7os nos dois primeiros anos do atual governo foi alcan\u00e7ada em outubro, tendo sido acelerada por causa da pandemia de covid-19.<\/p>\n<p>Segundo o Minist\u00e9rio da Economia, a necessidade de evitar aglomera\u00e7\u00f5es durante a pandemia acelerou o cronograma, com o governo dando prioridade para servi\u00e7os que beneficiam grande n\u00famero de pessoas, como os pedidos de aposentadoria por tempo de contribui\u00e7\u00e3o e de aux\u00edlio emergencial e o seguro-desemprego do empregado dom\u00e9stico.<\/p>\n<p>Entre os servi\u00e7os totalmente digitalizados, est\u00e3o a Carteira Digital de Tr\u00e2nsito, a Carteira de Trabalho Digital e o aplicativo Meu INSS, que permitem atendimento inteiramente online. Em rela\u00e7\u00e3o ao Meu INSS, o governo promove, desde agosto, um projeto piloto de realiza\u00e7\u00e3o de prova de vida pelos aposentados de forma exclusivamente digital, por meio do sistema de biometria facial pelo celular.<br \/>\nFONTE: Ag\u00eancia Brasil<\/p>\n","protected":false},"excerpt":{"rendered":"<p>64,5% dos servi\u00e7os do Governo s\u00e3o digitais A digitaliza\u00e7\u00e3o dos servi\u00e7os p\u00fablicos gerou economia de R$ 2 bilh\u00f5es por ano, sendo R$ 1,5 bilh\u00e3o para a<span class=\"excerpt-hellip\"> [\u2026]<\/span><\/p>\n","protected":false},"author":4,"featured_media":13156,"comment_status":"open","ping_status":"open","sticky":false,"template":"","format":"standard","meta":{"_jetpack_memberships_contains_paid_content":false,"footnotes":"","jetpack_publicize_message":"","jetpack_publicize_feature_enabled":true,"jetpack_social_post_already_shared":false,"jetpack_social_options":{"image_generator_settings":{"template":"highway","default_image_id":0,"enabled":false},"version":2}},"categories":[28,44],"tags":[],"class_list":["post-13155","post","type-post","status-publish","format-standard","has-post-thumbnail","hentry","category-cotidiano","category-noticias"],"yoast_head":"<!-- This site is optimized with the Yoast SEO plugin v25.6 - https:\/\/yoast.com\/wordpress\/plugins\/seo\/ -->\n<title>Digitaliza\u00e7\u00e3o de servi\u00e7os p\u00fablicos gera economia de R$ 2 bi por ano - VerdadeOn<\/title>\n<meta name=\"robots\" content=\"index, follow, max-snippet:-1, max-image-preview:large, max-video-preview:-1\" \/>\n<link rel=\"canonical\" href=\"https:\/\/verdadeon.com.br\/portal\/2021\/01\/09\/digitalizacao-de-servicos-publicos-gera-economia-de-r-2-bi-por-ano\/\" \/>\n<meta property=\"og:locale\" content=\"pt_BR\" \/>\n<meta property=\"og:type\" content=\"article\" \/>\n<meta property=\"og:title\" content=\"Digitaliza\u00e7\u00e3o de servi\u00e7os p\u00fablicos gera economia de R$ 2 bi por ano - VerdadeOn\" \/>\n<meta property=\"og:description\" content=\"64,5% dos servi\u00e7os do Governo s\u00e3o digitais A digitaliza\u00e7\u00e3o dos servi\u00e7os p\u00fablicos gerou economia de R$ 2 bilh\u00f5es por ano, sendo R$ 1,5 bilh\u00e3o para a [\u2026]\" \/>\n<meta property=\"og:url\" content=\"https:\/\/verdadeon.com.br\/portal\/2021\/01\/09\/digitalizacao-de-servicos-publicos-gera-economia-de-r-2-bi-por-ano\/\" \/>\n<meta property=\"og:site_name\" content=\"VerdadeOn\" \/>\n<meta property=\"article:published_time\" content=\"2021-01-09T23:00:13+00:00\" \/>\n<meta property=\"article:modified_time\" content=\"2021-01-10T00:33:59+00:00\" \/>\n<meta property=\"og:image\" content=\"https:\/\/verdadeon.com.br\/portal\/wp-content\/uploads\/2021\/01\/11472b27-de3b-43a3-809e-7c9e6ee6acf9.jpeg\" \/>\n\t<meta property=\"og:image:width\" content=\"1000\" \/>\n\t<meta property=\"og:image:height\" content=\"670\" \/>\n\t<meta property=\"og:image:type\" content=\"image\/jpeg\" \/>\n<meta name=\"author\" content=\"Fernando Calixto\" \/>\n<meta name=\"twitter:card\" content=\"summary_large_image\" \/>\n<meta name=\"twitter:label1\" content=\"Escrito por\" \/>\n\t<meta name=\"twitter:data1\" content=\"Fernando Calixto\" \/>\n\t<meta name=\"twitter:label2\" content=\"Est. tempo de leitura\" \/>\n\t<meta name=\"twitter:data2\" content=\"2 minutos\" \/>\n<script type=\"application\/ld+json\" class=\"yoast-schema-graph\">{\"@context\":\"https:\/\/schema.org\",\"@graph\":[{\"@type\":\"WebPage\",\"@id\":\"https:\/\/verdadeon.com.br\/portal\/2021\/01\/09\/digitalizacao-de-servicos-publicos-gera-economia-de-r-2-bi-por-ano\/\",\"url\":\"https:\/\/verdadeon.com.br\/portal\/2021\/01\/09\/digitalizacao-de-servicos-publicos-gera-economia-de-r-2-bi-por-ano\/\",\"name\":\"Digitaliza\u00e7\u00e3o de servi\u00e7os p\u00fablicos gera economia de R$ 2 bi por ano - VerdadeOn\",\"isPartOf\":{\"@id\":\"https:\/\/verdadeon.com.br\/portal\/#website\"},\"primaryImageOfPage\":{\"@id\":\"https:\/\/verdadeon.com.br\/portal\/2021\/01\/09\/digitalizacao-de-servicos-publicos-gera-economia-de-r-2-bi-por-ano\/#primaryimage\"},\"image\":{\"@id\":\"https:\/\/verdadeon.com.br\/portal\/2021\/01\/09\/digitalizacao-de-servicos-publicos-gera-economia-de-r-2-bi-por-ano\/#primaryimage\"},\"thumbnailUrl\":\"https:\/\/i0.wp.com\/verdadeon.com.br\/portal\/wp-content\/uploads\/2021\/01\/11472b27-de3b-43a3-809e-7c9e6ee6acf9.jpeg?fit=1000%2C670&ssl=1\",\"datePublished\":\"2021-01-09T23:00:13+00:00\",\"dateModified\":\"2021-01-10T00:33:59+00:00\",\"author\":{\"@id\":\"https:\/\/verdadeon.com.br\/portal\/#\/schema\/person\/8994718f49ee62ba5610471e29ca1f62\"},\"breadcrumb\":{\"@id\":\"https:\/\/verdadeon.com.br\/portal\/2021\/01\/09\/digitalizacao-de-servicos-publicos-gera-economia-de-r-2-bi-por-ano\/#breadcrumb\"},\"inLanguage\":\"pt-BR\",\"potentialAction\":[{\"@type\":\"ReadAction\",\"target\":[\"https:\/\/verdadeon.com.br\/portal\/2021\/01\/09\/digitalizacao-de-servicos-publicos-gera-economia-de-r-2-bi-por-ano\/\"]}]},{\"@type\":\"ImageObject\",\"inLanguage\":\"pt-BR\",\"@id\":\"https:\/\/verdadeon.com.br\/portal\/2021\/01\/09\/digitalizacao-de-servicos-publicos-gera-economia-de-r-2-bi-por-ano\/#primaryimage\",\"url\":\"https:\/\/i0.wp.com\/verdadeon.com.br\/portal\/wp-content\/uploads\/2021\/01\/11472b27-de3b-43a3-809e-7c9e6ee6acf9.jpeg?fit=1000%2C670&ssl=1\",\"contentUrl\":\"https:\/\/i0.wp.com\/verdadeon.com.br\/portal\/wp-content\/uploads\/2021\/01\/11472b27-de3b-43a3-809e-7c9e6ee6acf9.jpeg?fit=1000%2C670&ssl=1\",\"width\":1000,\"height\":670,\"caption\":\"Para Minist\u00e9rio da Economia, a pandemia ajudou no processo de digitaliza\u00e7\u00e3o de servi\u00e7os | Foto: Ag\u00eancia Brasil\"},{\"@type\":\"BreadcrumbList\",\"@id\":\"https:\/\/verdadeon.com.br\/portal\/2021\/01\/09\/digitalizacao-de-servicos-publicos-gera-economia-de-r-2-bi-por-ano\/#breadcrumb\",\"itemListElement\":[{\"@type\":\"ListItem\",\"position\":1,\"name\":\"In\u00edcio\",\"item\":\"https:\/\/verdadeon.com.br\/portal\/\"},{\"@type\":\"ListItem\",\"position\":2,\"name\":\"Digitaliza\u00e7\u00e3o de servi\u00e7os p\u00fablicos gera economia de R$ 2 bi por ano\"}]},{\"@type\":\"WebSite\",\"@id\":\"https:\/\/verdadeon.com.br\/portal\/#website\",\"url\":\"https:\/\/verdadeon.com.br\/portal\/\",\"name\":\"VerdadeOn\",\"description\":\"Not\u00edcias di\u00e1rias sobre Franca, Regi\u00e3o, Esporte, Cultura, Cotidiano, Colunas. Cobertura nos principais eventos da cidade \u00e9 aqui - Verdadeon Franca\",\"potentialAction\":[{\"@type\":\"SearchAction\",\"target\":{\"@type\":\"EntryPoint\",\"urlTemplate\":\"https:\/\/verdadeon.com.br\/portal\/?s={search_term_string}\"},\"query-input\":{\"@type\":\"PropertyValueSpecification\",\"valueRequired\":true,\"valueName\":\"search_term_string\"}}],\"inLanguage\":\"pt-BR\"},{\"@type\":\"Person\",\"@id\":\"https:\/\/verdadeon.com.br\/portal\/#\/schema\/person\/8994718f49ee62ba5610471e29ca1f62\",\"name\":\"Fernando Calixto\",\"image\":{\"@type\":\"ImageObject\",\"inLanguage\":\"pt-BR\",\"@id\":\"https:\/\/verdadeon.com.br\/portal\/#\/schema\/person\/image\/\",\"url\":\"https:\/\/secure.gravatar.com\/avatar\/7578910c24966c0316c340f9dbd601e93ee9f9212e1033968b367af9306bd9fb?s=96&d=mm&r=g\",\"contentUrl\":\"https:\/\/secure.gravatar.com\/avatar\/7578910c24966c0316c340f9dbd601e93ee9f9212e1033968b367af9306bd9fb?s=96&d=mm&r=g\",\"caption\":\"Fernando Calixto\"},\"url\":\"https:\/\/verdadeon.com.br\/portal\/author\/fernando-calixto\/\"}]}<\/script>\n<!-- \/ Yoast SEO plugin. -->","yoast_head_json":{"title":"Digitaliza\u00e7\u00e3o de servi\u00e7os p\u00fablicos gera economia de R$ 2 bi por ano - VerdadeOn","robots":{"index":"index","follow":"follow","max-snippet":"max-snippet:-1","max-image-preview":"max-image-preview:large","max-video-preview":"max-video-preview:-1"},"canonical":"https:\/\/verdadeon.com.br\/portal\/2021\/01\/09\/digitalizacao-de-servicos-publicos-gera-economia-de-r-2-bi-por-ano\/","og_locale":"pt_BR","og_type":"article","og_title":"Digitaliza\u00e7\u00e3o de servi\u00e7os p\u00fablicos gera economia de R$ 2 bi por ano - VerdadeOn","og_description":"64,5% dos servi\u00e7os do Governo s\u00e3o digitais A digitaliza\u00e7\u00e3o dos servi\u00e7os p\u00fablicos gerou economia de R$ 2 bilh\u00f5es por ano, sendo R$ 1,5 bilh\u00e3o para a [\u2026]","og_url":"https:\/\/verdadeon.com.br\/portal\/2021\/01\/09\/digitalizacao-de-servicos-publicos-gera-economia-de-r-2-bi-por-ano\/","og_site_name":"VerdadeOn","article_published_time":"2021-01-09T23:00:13+00:00","article_modified_time":"2021-01-10T00:33:59+00:00","og_image":[{"width":1000,"height":670,"url":"https:\/\/verdadeon.com.br\/portal\/wp-content\/uploads\/2021\/01\/11472b27-de3b-43a3-809e-7c9e6ee6acf9.jpeg","type":"image\/jpeg"}],"author":"Fernando Calixto","twitter_card":"summary_large_image","twitter_misc":{"Escrito por":"Fernando Calixto","Est. tempo de leitura":"2 minutos"},"schema":{"@context":"https:\/\/schema.org","@graph":[{"@type":"WebPage","@id":"https:\/\/verdadeon.com.br\/portal\/2021\/01\/09\/digitalizacao-de-servicos-publicos-gera-economia-de-r-2-bi-por-ano\/","url":"https:\/\/verdadeon.com.br\/portal\/2021\/01\/09\/digitalizacao-de-servicos-publicos-gera-economia-de-r-2-bi-por-ano\/","name":"Digitaliza\u00e7\u00e3o de servi\u00e7os p\u00fablicos gera economia de R$ 2 bi por ano - VerdadeOn","isPartOf":{"@id":"https:\/\/verdadeon.com.br\/portal\/#website"},"primaryImageOfPage":{"@id":"https:\/\/verdadeon.com.br\/portal\/2021\/01\/09\/digitalizacao-de-servicos-publicos-gera-economia-de-r-2-bi-por-ano\/#primaryimage"},"image":{"@id":"https:\/\/verdadeon.com.br\/portal\/2021\/01\/09\/digitalizacao-de-servicos-publicos-gera-economia-de-r-2-bi-por-ano\/#primaryimage"},"thumbnailUrl":"https:\/\/i0.wp.com\/verdadeon.com.br\/portal\/wp-content\/uploads\/2021\/01\/11472b27-de3b-43a3-809e-7c9e6ee6acf9.jpeg?fit=1000%2C670&ssl=1","datePublished":"2021-01-09T23:00:13+00:00","dateModified":"2021-01-10T00:33:59+00:00","author":{"@id":"https:\/\/verdadeon.com.br\/portal\/#\/schema\/person\/8994718f49ee62ba5610471e29ca1f62"},"breadcrumb":{"@id":"https:\/\/verdadeon.com.br\/portal\/2021\/01\/09\/digitalizacao-de-servicos-publicos-gera-economia-de-r-2-bi-por-ano\/#breadcrumb"},"inLanguage":"pt-BR","potentialAction":[{"@type":"ReadAction","target":["https:\/\/verdadeon.com.br\/portal\/2021\/01\/09\/digitalizacao-de-servicos-publicos-gera-economia-de-r-2-bi-por-ano\/"]}]},{"@type":"ImageObject","inLanguage":"pt-BR","@id":"https:\/\/verdadeon.com.br\/portal\/2021\/01\/09\/digitalizacao-de-servicos-publicos-gera-economia-de-r-2-bi-por-ano\/#primaryimage","url":"https:\/\/i0.wp.com\/verdadeon.com.br\/portal\/wp-content\/uploads\/2021\/01\/11472b27-de3b-43a3-809e-7c9e6ee6acf9.jpeg?fit=1000%2C670&ssl=1","contentUrl":"https:\/\/i0.wp.com\/verdadeon.com.br\/portal\/wp-content\/uploads\/2021\/01\/11472b27-de3b-43a3-809e-7c9e6ee6acf9.jpeg?fit=1000%2C670&ssl=1","width":1000,"height":670,"caption":"Para Minist\u00e9rio da Economia, a pandemia ajudou no processo de digitaliza\u00e7\u00e3o de servi\u00e7os | Foto: Ag\u00eancia Brasil"},{"@type":"BreadcrumbList","@id":"https:\/\/verdadeon.com.br\/portal\/2021\/01\/09\/digitalizacao-de-servicos-publicos-gera-economia-de-r-2-bi-por-ano\/#breadcrumb","itemListElement":[{"@type":"ListItem","position":1,"name":"In\u00edcio","item":"https:\/\/verdadeon.com.br\/portal\/"},{"@type":"ListItem","position":2,"name":"Digitaliza\u00e7\u00e3o de servi\u00e7os p\u00fablicos gera economia de R$ 2 bi por ano"}]},{"@type":"WebSite","@id":"https:\/\/verdadeon.com.br\/portal\/#website","url":"https:\/\/verdadeon.com.br\/portal\/","name":"VerdadeOn","description":"Not\u00edcias di\u00e1rias sobre Franca, Regi\u00e3o, Esporte, Cultura, Cotidiano, Colunas. Cobertura nos principais eventos da cidade \u00e9 aqui - Verdadeon Franca","potentialAction":[{"@type":"SearchAction","target":{"@type":"EntryPoint","urlTemplate":"https:\/\/verdadeon.com.br\/portal\/?s={search_term_string}"},"query-input":{"@type":"PropertyValueSpecification","valueRequired":true,"valueName":"search_term_string"}}],"inLanguage":"pt-BR"},{"@type":"Person","@id":"https:\/\/verdadeon.com.br\/portal\/#\/schema\/person\/8994718f49ee62ba5610471e29ca1f62","name":"Fernando Calixto","image":{"@type":"ImageObject","inLanguage":"pt-BR","@id":"https:\/\/verdadeon.com.br\/portal\/#\/schema\/person\/image\/","url":"https:\/\/secure.gravatar.com\/avatar\/7578910c24966c0316c340f9dbd601e93ee9f9212e1033968b367af9306bd9fb?s=96&d=mm&r=g","contentUrl":"https:\/\/secure.gravatar.com\/avatar\/7578910c24966c0316c340f9dbd601e93ee9f9212e1033968b367af9306bd9fb?s=96&d=mm&r=g","caption":"Fernando Calixto"},"url":"https:\/\/verdadeon.com.br\/portal\/author\/fernando-calixto\/"}]}},"jetpack_publicize_connections":[],"jetpack_featured_media_url":"https:\/\/i0.wp.com\/verdadeon.com.br\/portal\/wp-content\/uploads\/2021\/01\/11472b27-de3b-43a3-809e-7c9e6ee6acf9.jpeg?fit=1000%2C670&ssl=1","jetpack_sharing_enabled":true,"_links":{"self":[{"href":"https:\/\/verdadeon.com.br\/portal\/wp-json\/wp\/v2\/posts\/13155","targetHints":{"allow":["GET"]}}],"collection":[{"href":"https:\/\/verdadeon.com.br\/portal\/wp-json\/wp\/v2\/posts"}],"about":[{"href":"https:\/\/verdadeon.com.br\/portal\/wp-json\/wp\/v2\/types\/post"}],"author":[{"embeddable":true,"href":"https:\/\/verdadeon.com.br\/portal\/wp-json\/wp\/v2\/users\/4"}],"replies":[{"embeddable":true,"href":"https:\/\/verdadeon.com.br\/portal\/wp-json\/wp\/v2\/comments?post=13155"}],"version-history":[{"count":0,"href":"https:\/\/verdadeon.com.br\/portal\/wp-json\/wp\/v2\/posts\/13155\/revisions"}],"wp:featuredmedia":[{"embeddable":true,"href":"https:\/\/verdadeon.com.br\/portal\/wp-json\/wp\/v2\/media\/13156"}],"wp:attachment":[{"href":"https:\/\/verdadeon.com.br\/portal\/wp-json\/wp\/v2\/media?parent=13155"}],"wp:term":[{"taxonomy":"category","embeddable":true,"href":"https:\/\/verdadeon.com.br\/portal\/wp-json\/wp\/v2\/categories?post=13155"},{"taxonomy":"post_tag","embeddable":true,"href":"https:\/\/verdadeon.com.br\/portal\/wp-json\/wp\/v2\/tags?post=13155"}],"curies":[{"name":"wp","href":"https:\/\/api.w.org\/{rel}","templated":true}]}}