{"id":13151,"date":"2021-01-09T21:29:26","date_gmt":"2021-01-10T00:29:26","guid":{"rendered":"http:\/\/verdadeon.com.br\/portal\/?p=13151"},"modified":"2021-01-09T21:29:26","modified_gmt":"2021-01-10T00:29:26","slug":"secretaria-de-educacao-estrutura-volta-as-aulas","status":"publish","type":"post","link":"https:\/\/verdadeon.com.br\/portal\/2021\/01\/09\/secretaria-de-educacao-estrutura-volta-as-aulas\/","title":{"rendered":"Secretaria de Educa\u00e7\u00e3o estrutura volta \u00e0s aulas"},"content":{"rendered":"<h2>Pais ser\u00e3o consultados<\/h2>\n<p>Ainda n\u00e3o h\u00e1 uma data espec\u00edfica para volta \u00e0s aulas em Franca, mas a secretaria de Educa\u00e7\u00e3o informou que est\u00e1 trabalhando na prepara\u00e7\u00e3o da estrutura para o retorno.<br \/>\nSer\u00e1 realizada uma pesquisa com os pais, em que eles responder\u00e3o se preferem o retorno presencial das crian\u00e7as nas escolas ou o ensino remoto. Os pais tamb\u00e9m ser\u00e3o convidados a responder um hist\u00f3rico de sa\u00fade da crian\u00e7a, se tem alguma comorbidade ou outra dificuldade que deva ser observada. O question\u00e1rio come\u00e7a a ser enviado na segunda-feira, e o prazo para devolu\u00e7\u00e3o dele \u00e9 o dia 20 deste m\u00eas.<br \/>\nCom esse material em m\u00e3os as equipes da Secretaria da Educa\u00e7\u00e3o cuidar\u00e3o de tabular as informa\u00e7\u00f5es, definindo as estrat\u00e9gias para a retomada das atividades com seguran\u00e7a. Segundo a Prefeitura, ser\u00e3o seguidos rigorosamente os protocolos sanit\u00e1rios, discutidos conjuntamente com a Secretaria de Sa\u00fade e Vigil\u00e2ncia Sanit\u00e1ria.<br \/>\nM\u00e1rcia Gatti, Secret\u00e1ria da Educa\u00e7\u00e3o, pontuou que uma equipe t\u00e9cnica est\u00e1 cuidando de vistoriar as instala\u00e7\u00f5es municipais, Escolas e Creches, no sentido de ver as condi\u00e7\u00f5es de cada pr\u00e9dio. Ela tamb\u00e9m informou que os equipamentos de prote\u00e7\u00e3o individual (EPIs), tanto para os estudantes, quanto para os colaboradores, professores e funcion\u00e1rios, est\u00e3o sendo adquiridos.<\/p>\n","protected":false},"excerpt":{"rendered":"<p>Pais ser\u00e3o consultados Ainda n\u00e3o h\u00e1 uma data espec\u00edfica para volta \u00e0s aulas em Franca, mas a secretaria de Educa\u00e7\u00e3o informou que est\u00e1 trabalhando na prepara\u00e7\u00e3o<span class=\"excerpt-hellip\"> [\u2026]<\/span><\/p>\n","protected":false},"author":4,"featured_media":13160,"comment_status":"open","ping_status":"open","sticky":false,"template":"","format":"standard","meta":{"_jetpack_memberships_contains_paid_content":false,"footnotes":"","jetpack_publicize_message":"","jetpack_publicize_feature_enabled":true,"jetpack_social_post_already_shared":false,"jetpack_social_options":{"image_generator_settings":{"template":"highway","default_image_id":0,"enabled":false},"version":2}},"categories":[28,81],"tags":[],"class_list":["post-13151","post","type-post","status-publish","format-standard","has-post-thumbnail","hentry","category-cotidiano","category-manchete"],"yoast_head":"<!-- This site is optimized with the Yoast SEO plugin v25.6 - https:\/\/yoast.com\/wordpress\/plugins\/seo\/ -->\n<title>Secretaria de Educa\u00e7\u00e3o estrutura volta \u00e0s aulas - VerdadeOn<\/title>\n<meta name=\"robots\" content=\"index, follow, max-snippet:-1, max-image-preview:large, max-video-preview:-1\" \/>\n<link rel=\"canonical\" href=\"https:\/\/verdadeon.com.br\/portal\/2021\/01\/09\/secretaria-de-educacao-estrutura-volta-as-aulas\/\" \/>\n<meta property=\"og:locale\" content=\"pt_BR\" \/>\n<meta property=\"og:type\" content=\"article\" \/>\n<meta property=\"og:title\" content=\"Secretaria de Educa\u00e7\u00e3o estrutura volta \u00e0s aulas - VerdadeOn\" \/>\n<meta property=\"og:description\" content=\"Pais ser\u00e3o consultados Ainda n\u00e3o h\u00e1 uma data espec\u00edfica para volta \u00e0s aulas em Franca, mas a secretaria de Educa\u00e7\u00e3o informou que est\u00e1 trabalhando na prepara\u00e7\u00e3o [\u2026]\" \/>\n<meta property=\"og:url\" content=\"https:\/\/verdadeon.com.br\/portal\/2021\/01\/09\/secretaria-de-educacao-estrutura-volta-as-aulas\/\" \/>\n<meta property=\"og:site_name\" content=\"VerdadeOn\" \/>\n<meta property=\"article:published_time\" content=\"2021-01-10T00:29:26+00:00\" \/>\n<meta property=\"og:image\" content=\"https:\/\/verdadeon.com.br\/portal\/wp-content\/uploads\/2021\/01\/WhatsApp-Image-2021-01-09-at-10.08.55-1.jpeg\" \/>\n\t<meta property=\"og:image:width\" content=\"1000\" \/>\n\t<meta property=\"og:image:height\" content=\"670\" \/>\n\t<meta property=\"og:image:type\" content=\"image\/jpeg\" \/>\n<meta name=\"author\" content=\"Fernando Calixto\" \/>\n<meta name=\"twitter:card\" content=\"summary_large_image\" \/>\n<meta name=\"twitter:label1\" content=\"Escrito por\" \/>\n\t<meta name=\"twitter:data1\" content=\"Fernando Calixto\" \/>\n\t<meta name=\"twitter:label2\" content=\"Est. tempo de leitura\" \/>\n\t<meta name=\"twitter:data2\" content=\"1 minuto\" \/>\n<script type=\"application\/ld+json\" class=\"yoast-schema-graph\">{\"@context\":\"https:\/\/schema.org\",\"@graph\":[{\"@type\":\"WebPage\",\"@id\":\"https:\/\/verdadeon.com.br\/portal\/2021\/01\/09\/secretaria-de-educacao-estrutura-volta-as-aulas\/\",\"url\":\"https:\/\/verdadeon.com.br\/portal\/2021\/01\/09\/secretaria-de-educacao-estrutura-volta-as-aulas\/\",\"name\":\"Secretaria de Educa\u00e7\u00e3o estrutura volta \u00e0s aulas - VerdadeOn\",\"isPartOf\":{\"@id\":\"https:\/\/verdadeon.com.br\/portal\/#website\"},\"primaryImageOfPage\":{\"@id\":\"https:\/\/verdadeon.com.br\/portal\/2021\/01\/09\/secretaria-de-educacao-estrutura-volta-as-aulas\/#primaryimage\"},\"image\":{\"@id\":\"https:\/\/verdadeon.com.br\/portal\/2021\/01\/09\/secretaria-de-educacao-estrutura-volta-as-aulas\/#primaryimage\"},\"thumbnailUrl\":\"https:\/\/i0.wp.com\/verdadeon.com.br\/portal\/wp-content\/uploads\/2021\/01\/WhatsApp-Image-2021-01-09-at-10.08.55-1.jpeg?fit=1000%2C670&ssl=1\",\"datePublished\":\"2021-01-10T00:29:26+00:00\",\"author\":{\"@id\":\"https:\/\/verdadeon.com.br\/portal\/#\/schema\/person\/8994718f49ee62ba5610471e29ca1f62\"},\"breadcrumb\":{\"@id\":\"https:\/\/verdadeon.com.br\/portal\/2021\/01\/09\/secretaria-de-educacao-estrutura-volta-as-aulas\/#breadcrumb\"},\"inLanguage\":\"pt-BR\",\"potentialAction\":[{\"@type\":\"ReadAction\",\"target\":[\"https:\/\/verdadeon.com.br\/portal\/2021\/01\/09\/secretaria-de-educacao-estrutura-volta-as-aulas\/\"]}]},{\"@type\":\"ImageObject\",\"inLanguage\":\"pt-BR\",\"@id\":\"https:\/\/verdadeon.com.br\/portal\/2021\/01\/09\/secretaria-de-educacao-estrutura-volta-as-aulas\/#primaryimage\",\"url\":\"https:\/\/i0.wp.com\/verdadeon.com.br\/portal\/wp-content\/uploads\/2021\/01\/WhatsApp-Image-2021-01-09-at-10.08.55-1.jpeg?fit=1000%2C670&ssl=1\",\"contentUrl\":\"https:\/\/i0.wp.com\/verdadeon.com.br\/portal\/wp-content\/uploads\/2021\/01\/WhatsApp-Image-2021-01-09-at-10.08.55-1.jpeg?fit=1000%2C670&ssl=1\",\"width\":1000,\"height\":670,\"caption\":\"Mesmo com a prepara\u00e7\u00e3o, n\u00e3o existe uma data certa para o retorno das aulas em Franca | Foto: Reprodu\u00e7\u00e3o\"},{\"@type\":\"BreadcrumbList\",\"@id\":\"https:\/\/verdadeon.com.br\/portal\/2021\/01\/09\/secretaria-de-educacao-estrutura-volta-as-aulas\/#breadcrumb\",\"itemListElement\":[{\"@type\":\"ListItem\",\"position\":1,\"name\":\"In\u00edcio\",\"item\":\"https:\/\/verdadeon.com.br\/portal\/\"},{\"@type\":\"ListItem\",\"position\":2,\"name\":\"Secretaria de Educa\u00e7\u00e3o estrutura volta \u00e0s aulas\"}]},{\"@type\":\"WebSite\",\"@id\":\"https:\/\/verdadeon.com.br\/portal\/#website\",\"url\":\"https:\/\/verdadeon.com.br\/portal\/\",\"name\":\"VerdadeOn\",\"description\":\"Not\u00edcias di\u00e1rias sobre Franca, Regi\u00e3o, Esporte, Cultura, Cotidiano, Colunas. Cobertura nos principais eventos da cidade \u00e9 aqui - Verdadeon Franca\",\"potentialAction\":[{\"@type\":\"SearchAction\",\"target\":{\"@type\":\"EntryPoint\",\"urlTemplate\":\"https:\/\/verdadeon.com.br\/portal\/?s={search_term_string}\"},\"query-input\":{\"@type\":\"PropertyValueSpecification\",\"valueRequired\":true,\"valueName\":\"search_term_string\"}}],\"inLanguage\":\"pt-BR\"},{\"@type\":\"Person\",\"@id\":\"https:\/\/verdadeon.com.br\/portal\/#\/schema\/person\/8994718f49ee62ba5610471e29ca1f62\",\"name\":\"Fernando Calixto\",\"image\":{\"@type\":\"ImageObject\",\"inLanguage\":\"pt-BR\",\"@id\":\"https:\/\/verdadeon.com.br\/portal\/#\/schema\/person\/image\/\",\"url\":\"https:\/\/secure.gravatar.com\/avatar\/7578910c24966c0316c340f9dbd601e93ee9f9212e1033968b367af9306bd9fb?s=96&d=mm&r=g\",\"contentUrl\":\"https:\/\/secure.gravatar.com\/avatar\/7578910c24966c0316c340f9dbd601e93ee9f9212e1033968b367af9306bd9fb?s=96&d=mm&r=g\",\"caption\":\"Fernando Calixto\"},\"url\":\"https:\/\/verdadeon.com.br\/portal\/author\/fernando-calixto\/\"}]}<\/script>\n<!-- \/ Yoast SEO plugin. -->","yoast_head_json":{"title":"Secretaria de Educa\u00e7\u00e3o estrutura volta \u00e0s aulas - VerdadeOn","robots":{"index":"index","follow":"follow","max-snippet":"max-snippet:-1","max-image-preview":"max-image-preview:large","max-video-preview":"max-video-preview:-1"},"canonical":"https:\/\/verdadeon.com.br\/portal\/2021\/01\/09\/secretaria-de-educacao-estrutura-volta-as-aulas\/","og_locale":"pt_BR","og_type":"article","og_title":"Secretaria de Educa\u00e7\u00e3o estrutura volta \u00e0s aulas - VerdadeOn","og_description":"Pais ser\u00e3o consultados Ainda n\u00e3o h\u00e1 uma data espec\u00edfica para volta \u00e0s aulas em Franca, mas a secretaria de Educa\u00e7\u00e3o informou que est\u00e1 trabalhando na prepara\u00e7\u00e3o [\u2026]","og_url":"https:\/\/verdadeon.com.br\/portal\/2021\/01\/09\/secretaria-de-educacao-estrutura-volta-as-aulas\/","og_site_name":"VerdadeOn","article_published_time":"2021-01-10T00:29:26+00:00","og_image":[{"width":1000,"height":670,"url":"https:\/\/verdadeon.com.br\/portal\/wp-content\/uploads\/2021\/01\/WhatsApp-Image-2021-01-09-at-10.08.55-1.jpeg","type":"image\/jpeg"}],"author":"Fernando Calixto","twitter_card":"summary_large_image","twitter_misc":{"Escrito por":"Fernando Calixto","Est. tempo de leitura":"1 minuto"},"schema":{"@context":"https:\/\/schema.org","@graph":[{"@type":"WebPage","@id":"https:\/\/verdadeon.com.br\/portal\/2021\/01\/09\/secretaria-de-educacao-estrutura-volta-as-aulas\/","url":"https:\/\/verdadeon.com.br\/portal\/2021\/01\/09\/secretaria-de-educacao-estrutura-volta-as-aulas\/","name":"Secretaria de Educa\u00e7\u00e3o estrutura volta \u00e0s aulas - VerdadeOn","isPartOf":{"@id":"https:\/\/verdadeon.com.br\/portal\/#website"},"primaryImageOfPage":{"@id":"https:\/\/verdadeon.com.br\/portal\/2021\/01\/09\/secretaria-de-educacao-estrutura-volta-as-aulas\/#primaryimage"},"image":{"@id":"https:\/\/verdadeon.com.br\/portal\/2021\/01\/09\/secretaria-de-educacao-estrutura-volta-as-aulas\/#primaryimage"},"thumbnailUrl":"https:\/\/i0.wp.com\/verdadeon.com.br\/portal\/wp-content\/uploads\/2021\/01\/WhatsApp-Image-2021-01-09-at-10.08.55-1.jpeg?fit=1000%2C670&ssl=1","datePublished":"2021-01-10T00:29:26+00:00","author":{"@id":"https:\/\/verdadeon.com.br\/portal\/#\/schema\/person\/8994718f49ee62ba5610471e29ca1f62"},"breadcrumb":{"@id":"https:\/\/verdadeon.com.br\/portal\/2021\/01\/09\/secretaria-de-educacao-estrutura-volta-as-aulas\/#breadcrumb"},"inLanguage":"pt-BR","potentialAction":[{"@type":"ReadAction","target":["https:\/\/verdadeon.com.br\/portal\/2021\/01\/09\/secretaria-de-educacao-estrutura-volta-as-aulas\/"]}]},{"@type":"ImageObject","inLanguage":"pt-BR","@id":"https:\/\/verdadeon.com.br\/portal\/2021\/01\/09\/secretaria-de-educacao-estrutura-volta-as-aulas\/#primaryimage","url":"https:\/\/i0.wp.com\/verdadeon.com.br\/portal\/wp-content\/uploads\/2021\/01\/WhatsApp-Image-2021-01-09-at-10.08.55-1.jpeg?fit=1000%2C670&ssl=1","contentUrl":"https:\/\/i0.wp.com\/verdadeon.com.br\/portal\/wp-content\/uploads\/2021\/01\/WhatsApp-Image-2021-01-09-at-10.08.55-1.jpeg?fit=1000%2C670&ssl=1","width":1000,"height":670,"caption":"Mesmo com a prepara\u00e7\u00e3o, n\u00e3o existe uma data certa para o retorno das aulas em Franca | Foto: Reprodu\u00e7\u00e3o"},{"@type":"BreadcrumbList","@id":"https:\/\/verdadeon.com.br\/portal\/2021\/01\/09\/secretaria-de-educacao-estrutura-volta-as-aulas\/#breadcrumb","itemListElement":[{"@type":"ListItem","position":1,"name":"In\u00edcio","item":"https:\/\/verdadeon.com.br\/portal\/"},{"@type":"ListItem","position":2,"name":"Secretaria de Educa\u00e7\u00e3o estrutura volta \u00e0s aulas"}]},{"@type":"WebSite","@id":"https:\/\/verdadeon.com.br\/portal\/#website","url":"https:\/\/verdadeon.com.br\/portal\/","name":"VerdadeOn","description":"Not\u00edcias di\u00e1rias sobre Franca, Regi\u00e3o, Esporte, Cultura, Cotidiano, Colunas. Cobertura nos principais eventos da cidade \u00e9 aqui - Verdadeon Franca","potentialAction":[{"@type":"SearchAction","target":{"@type":"EntryPoint","urlTemplate":"https:\/\/verdadeon.com.br\/portal\/?s={search_term_string}"},"query-input":{"@type":"PropertyValueSpecification","valueRequired":true,"valueName":"search_term_string"}}],"inLanguage":"pt-BR"},{"@type":"Person","@id":"https:\/\/verdadeon.com.br\/portal\/#\/schema\/person\/8994718f49ee62ba5610471e29ca1f62","name":"Fernando Calixto","image":{"@type":"ImageObject","inLanguage":"pt-BR","@id":"https:\/\/verdadeon.com.br\/portal\/#\/schema\/person\/image\/","url":"https:\/\/secure.gravatar.com\/avatar\/7578910c24966c0316c340f9dbd601e93ee9f9212e1033968b367af9306bd9fb?s=96&d=mm&r=g","contentUrl":"https:\/\/secure.gravatar.com\/avatar\/7578910c24966c0316c340f9dbd601e93ee9f9212e1033968b367af9306bd9fb?s=96&d=mm&r=g","caption":"Fernando Calixto"},"url":"https:\/\/verdadeon.com.br\/portal\/author\/fernando-calixto\/"}]}},"jetpack_publicize_connections":[],"jetpack_featured_media_url":"https:\/\/i0.wp.com\/verdadeon.com.br\/portal\/wp-content\/uploads\/2021\/01\/WhatsApp-Image-2021-01-09-at-10.08.55-1.jpeg?fit=1000%2C670&ssl=1","jetpack_sharing_enabled":true,"_links":{"self":[{"href":"https:\/\/verdadeon.com.br\/portal\/wp-json\/wp\/v2\/posts\/13151","targetHints":{"allow":["GET"]}}],"collection":[{"href":"https:\/\/verdadeon.com.br\/portal\/wp-json\/wp\/v2\/posts"}],"about":[{"href":"https:\/\/verdadeon.com.br\/portal\/wp-json\/wp\/v2\/types\/post"}],"author":[{"embeddable":true,"href":"https:\/\/verdadeon.com.br\/portal\/wp-json\/wp\/v2\/users\/4"}],"replies":[{"embeddable":true,"href":"https:\/\/verdadeon.com.br\/portal\/wp-json\/wp\/v2\/comments?post=13151"}],"version-history":[{"count":0,"href":"https:\/\/verdadeon.com.br\/portal\/wp-json\/wp\/v2\/posts\/13151\/revisions"}],"wp:featuredmedia":[{"embeddable":true,"href":"https:\/\/verdadeon.com.br\/portal\/wp-json\/wp\/v2\/media\/13160"}],"wp:attachment":[{"href":"https:\/\/verdadeon.com.br\/portal\/wp-json\/wp\/v2\/media?parent=13151"}],"wp:term":[{"taxonomy":"category","embeddable":true,"href":"https:\/\/verdadeon.com.br\/portal\/wp-json\/wp\/v2\/categories?post=13151"},{"taxonomy":"post_tag","embeddable":true,"href":"https:\/\/verdadeon.com.br\/portal\/wp-json\/wp\/v2\/tags?post=13151"}],"curies":[{"name":"wp","href":"https:\/\/api.w.org\/{rel}","templated":true}]}}