{"id":13136,"date":"2021-01-08T14:23:41","date_gmt":"2021-01-08T17:23:41","guid":{"rendered":"http:\/\/verdadeon.com.br\/portal\/?p=13136"},"modified":"2021-01-08T14:23:41","modified_gmt":"2021-01-08T17:23:41","slug":"basquete-brasileiros-conhecem-rivais-na-champions-das-americas","status":"publish","type":"post","link":"https:\/\/verdadeon.com.br\/portal\/2021\/01\/08\/basquete-brasileiros-conhecem-rivais-na-champions-das-americas\/","title":{"rendered":"Basquete: brasileiros conhecem rivais na Champions das Am\u00e9ricas"},"content":{"rendered":"<div class=\"col-lg-12 mb-3\">\n<div class=\"row\">\n<h3 class=\"col-10 offset-1 animated fadeInDown dealy-900 display-8 display-md-8 alt-font font-italic my-1 text-center\">Sesi Franca, S\u00e3o Paulo e Flamengo, atual vice, representar\u00e3o o pa\u00eds<\/h3>\n<\/div>\n<\/div>\n<div class=\"col-lg-12 mb-3\">Lincoln Chaves &#8211; Rep\u00f3rter da TV Brasil e R\u00e1dio Nacional &#8211; S\u00e3o Paulo<\/div>\n<div class=\"col-xl-7 offset-xl-1 col-lg-8 offset-lg-0 col-md-10 offset-md-1 mb-3\">\n<div class=\"post-item alt-font\">\n<div class=\"post-item-wrap\">\n<p>A Federa\u00e7\u00e3o Internacional de Basquete (Fiba) divulgou grupos e calend\u00e1rio da edi\u00e7\u00e3o 2021 da\u00a0Champions League\u00a0das Am\u00e9ricas, a &#8220;Libertadores&#8221; do basquete masculino. A competi\u00e7\u00e3o tem in\u00edcio no pr\u00f3ximo dia 31, com tr\u00eas representantes brasileiros: Flamengo, Sesi Franca e S\u00e3o Paulo.<img data-recalc-dims=\"1\" decoding=\"async\" src=\"https:\/\/i0.wp.com\/agenciabrasil.ebc.com.br\/ebc.png?w=1220&#038;ssl=1\" \/><img data-recalc-dims=\"1\" decoding=\"async\" src=\"https:\/\/i0.wp.com\/agenciabrasil.ebc.com.br\/ebc.gif?w=1220&#038;ssl=1\" \/><\/p>\n<p>Na primeira fase, os 12 participantes est\u00e3o divididos em quatro grupos, com tr\u00eas equipes em cada. Os times jogam tr\u00eas vezes entre si nas respectivas chaves. Cada turno ser\u00e1 realizado em gin\u00e1sios diferentes, sem presen\u00e7a de p\u00fablico e com acesso restrito. Devido \u00e0 pandemia do novo coronav\u00edrus (covid-19), a disputa ocorrer\u00e1 na chamada &#8220;bolha sanit\u00e1ria&#8221;. O primeiro turno vai at\u00e9\u00a05 de fevereiro. Os demais est\u00e3o marcados entre 4 e\u00a09 de mar\u00e7o e 24 e 29 do mesmo m\u00eas. O campe\u00e3o de cada grupo vai \u00e0 fase final, que ser\u00e1 disputada entre 8 e\u00a013 de abril, ainda sem sede definida.<\/p>\n<div class=\"twitter-tweet twitter-tweet-rendered\"><iframe id=\"twitter-widget-0\" class=\"\" title=\"Twitter Tweet\" src=\"https:\/\/platform.twitter.com\/embed\/index.html?creatorScreenName=agenciabrasil&amp;dnt=false&amp;embedId=twitter-widget-0&amp;frame=false&amp;hideCard=false&amp;hideThread=false&amp;id=1346896432930975750&amp;lang=pt&amp;origin=https%3A%2F%2Fagenciabrasil.ebc.com.br%2Fesportes%2Fnoticia%2F2021-01%2Fbasquete-brasileiros-conhecem-rivais-na-champions-das-americas&amp;siteScreenName=agenciabrasil&amp;theme=light&amp;widgetsVersion=ed20a2b%3A1601588405575&amp;width=550px\" frameborder=\"0\" scrolling=\"no\" allowfullscreen=\"allowfullscreen\" data-tweet-id=\"1346896432930975750\" data-mce-fragment=\"1\"><\/iframe><\/div>\n<p>O Maracan\u00e3zinho, no Rio\u00a0de Janeiro, \u00e9 uma das primeiras bolhas. O gin\u00e1sio carioca abrigar\u00e1 o primeiro turno do Grupo D, no qual\u00a0est\u00e1 o Flamengo. O Rubro-Negro encerrou a primeira fase da \u00faltima temporada do Novo Basquete Brasil (NBB) na lideran\u00e7a &#8211; o torneio n\u00e3o foi conclu\u00eddo em raz\u00e3o da pandemia. Pe\u00f1arol (Uruguai) e Instituto (Argentina)\u00a0completam a chave do Flamengo, atual vice da\u00a0Champions. O time carioca estreia dia\u00a03 de fevereiro\u00a0contra os uruguaios. No dia 5, encara os argentinos.<\/p>\n<p>Segundo colocado na primeira fase da \u00faltima edi\u00e7\u00e3o do NBB, o Sesi Franca est\u00e1 no Grupo C, que tem o gin\u00e1sio Obras Sanitarias, em Buenos Aires (Argentina), como primeira sede. A chave re\u00fane o San Lorenzo (Argentina)\u00a0e o Aguada\u00a0(Uruguai), que ser\u00e1 o primeiro advers\u00e1rio dos paulistas, em 1\u00ba de fevereiro. No dia seguinte, os francanos enfrentam os anfitri\u00f5es.<\/p>\n<p><iframe id=\"instagram-embed-0\" class=\"instagram-media instagram-media-rendered\" src=\"https:\/\/www.instagram.com\/p\/CJtyTExJLBN\/embed\/captioned\/?cr=1&amp;v=13&amp;wp=540&amp;rd=https%3A%2F%2Fagenciabrasil.ebc.com.br&amp;rp=%2Fesportes%2Fnoticia%2F2021-01%2Fbasquete-brasileiros-conhecem-rivais-na-champions-das-americas#%7B%22ci%22%3A0%2C%22os%22%3A3095.6250000017462%2C%22ls%22%3A1940.2699999918696%2C%22le%22%3A2091.534999999567%7D\" height=\"868\" frameborder=\"0\" scrolling=\"no\" allowfullscreen=\"allowfullscreen\" data-instgrm-payload-id=\"instagram-media-payload-0\" data-mce-fragment=\"1\"><\/iframe>O\u00a0S\u00e3o Paulo, que concluiu a fase inicial do \u00faltimo NBB em terceiro, encontra-se no Grupo B. Os joggos da chave tamb\u00e9m come\u00e7am\u00a0a ser\u00a0disputado no Obras Sanit\u00e1rias, na capital argentina. No dia 1\u00ba de fevereiro, o Tricolor mede for\u00e7as com o Vald\u00edvia (Chile). Em seguida, no dia 2,\u00a0enfrenta o Quimsa (Argentina), atual campe\u00e3o das Am\u00e9ricas.<\/p>\n<p>O Tricolor herdou o lugar do Botafogo, campe\u00e3o da edi\u00e7\u00e3o passada da Liga Sul-Americana &#8211; que\u00a0o credenciaria\u00a0\u00e0\u00a0Champions. O Glorioso n\u00e3o teria conseguido enviar a documenta\u00e7\u00e3o necess\u00e1ria\u00a0\u00e0 Fiba. O movimento Juntos pelo Basquete, que gerencia a modalidade no Alvinegro e surgiu de uma iniciativa de torcedores,\u00a0contestou nas redes sociais a retirada do clube carioca\u00a0do torneio.<\/p>\n<p><iframe id=\"instagram-embed-1\" class=\"instagram-media instagram-media-rendered\" src=\"https:\/\/www.instagram.com\/p\/CJt9-6MH10J\/embed\/captioned\/?cr=1&amp;v=13&amp;wp=540&amp;rd=https%3A%2F%2Fagenciabrasil.ebc.com.br&amp;rp=%2Fesportes%2Fnoticia%2F2021-01%2Fbasquete-brasileiros-conhecem-rivais-na-champions-das-americas#%7B%22ci%22%3A1%2C%22os%22%3A3135.244999997667%2C%22ls%22%3A1940.2699999918696%2C%22le%22%3A2091.534999999567%7D\" height=\"976\" frameborder=\"0\" scrolling=\"no\" allowfullscreen=\"allowfullscreen\" data-instgrm-payload-id=\"instagram-media-payload-1\" data-mce-fragment=\"1\"><\/iframe>O \u00fanico grupo sem\u00a0equipes\u00a0brasileiras \u00e9 o A, que tem como primeira sede a cidade de Man\u00e1gua, capital da Nicar\u00e1gua. A chave re\u00fane o anfitri\u00e3o Real Estel\u00ed, o panamenho Caballos de Cocl\u00e9 e o colombiano Titanes de Barranquilla.<\/p>\n<\/div>\n<p class=\"alt-font font-italic my-2 small text-info\">Edi\u00e7\u00e3o: Cl\u00e1udia Soares Rodrigues<\/p>\n<\/div>\n<div class=\"divider mb-4\"><\/div>\n<div class=\"row\"><\/div>\n<\/div>\n","protected":false},"excerpt":{"rendered":"<p>Sesi Franca, S\u00e3o Paulo e Flamengo, atual vice, representar\u00e3o o pa\u00eds Lincoln Chaves &#8211; Rep\u00f3rter da TV Brasil e R\u00e1dio Nacional &#8211; S\u00e3o Paulo A Federa\u00e7\u00e3o<span class=\"excerpt-hellip\"> [\u2026]<\/span><\/p>\n","protected":false},"author":4,"featured_media":13140,"comment_status":"open","ping_status":"open","sticky":false,"template":"","format":"standard","meta":{"_jetpack_memberships_contains_paid_content":false,"footnotes":"","jetpack_publicize_message":"","jetpack_publicize_feature_enabled":true,"jetpack_social_post_already_shared":false,"jetpack_social_options":{"image_generator_settings":{"template":"highway","default_image_id":0,"enabled":false},"version":2}},"categories":[29],"tags":[],"class_list":["post-13136","post","type-post","status-publish","format-standard","has-post-thumbnail","hentry","category-esportes"],"yoast_head":"<!-- This site is optimized with the Yoast SEO plugin v25.6 - https:\/\/yoast.com\/wordpress\/plugins\/seo\/ -->\n<title>Basquete: brasileiros conhecem rivais na Champions das Am\u00e9ricas - VerdadeOn<\/title>\n<meta name=\"robots\" content=\"index, follow, max-snippet:-1, max-image-preview:large, max-video-preview:-1\" \/>\n<link rel=\"canonical\" href=\"https:\/\/verdadeon.com.br\/portal\/2021\/01\/08\/basquete-brasileiros-conhecem-rivais-na-champions-das-americas\/\" \/>\n<meta property=\"og:locale\" content=\"pt_BR\" \/>\n<meta property=\"og:type\" content=\"article\" \/>\n<meta property=\"og:title\" content=\"Basquete: brasileiros conhecem rivais na Champions das Am\u00e9ricas - VerdadeOn\" \/>\n<meta property=\"og:description\" content=\"Sesi Franca, S\u00e3o Paulo e Flamengo, atual vice, representar\u00e3o o pa\u00eds Lincoln Chaves &#8211; Rep\u00f3rter da TV Brasil e R\u00e1dio Nacional &#8211; S\u00e3o Paulo A Federa\u00e7\u00e3o [\u2026]\" \/>\n<meta property=\"og:url\" content=\"https:\/\/verdadeon.com.br\/portal\/2021\/01\/08\/basquete-brasileiros-conhecem-rivais-na-champions-das-americas\/\" \/>\n<meta property=\"og:site_name\" content=\"VerdadeOn\" \/>\n<meta property=\"article:published_time\" content=\"2021-01-08T17:23:41+00:00\" \/>\n<meta property=\"og:image\" content=\"https:\/\/verdadeon.com.br\/portal\/wp-content\/uploads\/2021\/01\/champions_league_basquete_fla_x_iacc.jpg\" \/>\n\t<meta property=\"og:image:width\" content=\"1000\" \/>\n\t<meta property=\"og:image:height\" content=\"670\" \/>\n\t<meta property=\"og:image:type\" content=\"image\/jpeg\" \/>\n<meta name=\"author\" content=\"Fernando Calixto\" \/>\n<meta name=\"twitter:card\" content=\"summary_large_image\" \/>\n<meta name=\"twitter:label1\" content=\"Escrito por\" \/>\n\t<meta name=\"twitter:data1\" content=\"Fernando Calixto\" \/>\n\t<meta name=\"twitter:label2\" content=\"Est. tempo de leitura\" \/>\n\t<meta name=\"twitter:data2\" content=\"3 minutos\" \/>\n<script type=\"application\/ld+json\" class=\"yoast-schema-graph\">{\"@context\":\"https:\/\/schema.org\",\"@graph\":[{\"@type\":\"WebPage\",\"@id\":\"https:\/\/verdadeon.com.br\/portal\/2021\/01\/08\/basquete-brasileiros-conhecem-rivais-na-champions-das-americas\/\",\"url\":\"https:\/\/verdadeon.com.br\/portal\/2021\/01\/08\/basquete-brasileiros-conhecem-rivais-na-champions-das-americas\/\",\"name\":\"Basquete: brasileiros conhecem rivais na Champions das Am\u00e9ricas - VerdadeOn\",\"isPartOf\":{\"@id\":\"https:\/\/verdadeon.com.br\/portal\/#website\"},\"primaryImageOfPage\":{\"@id\":\"https:\/\/verdadeon.com.br\/portal\/2021\/01\/08\/basquete-brasileiros-conhecem-rivais-na-champions-das-americas\/#primaryimage\"},\"image\":{\"@id\":\"https:\/\/verdadeon.com.br\/portal\/2021\/01\/08\/basquete-brasileiros-conhecem-rivais-na-champions-das-americas\/#primaryimage\"},\"thumbnailUrl\":\"https:\/\/i0.wp.com\/verdadeon.com.br\/portal\/wp-content\/uploads\/2021\/01\/champions_league_basquete_fla_x_iacc.jpg?fit=1000%2C670&ssl=1\",\"datePublished\":\"2021-01-08T17:23:41+00:00\",\"author\":{\"@id\":\"https:\/\/verdadeon.com.br\/portal\/#\/schema\/person\/8994718f49ee62ba5610471e29ca1f62\"},\"breadcrumb\":{\"@id\":\"https:\/\/verdadeon.com.br\/portal\/2021\/01\/08\/basquete-brasileiros-conhecem-rivais-na-champions-das-americas\/#breadcrumb\"},\"inLanguage\":\"pt-BR\",\"potentialAction\":[{\"@type\":\"ReadAction\",\"target\":[\"https:\/\/verdadeon.com.br\/portal\/2021\/01\/08\/basquete-brasileiros-conhecem-rivais-na-champions-das-americas\/\"]}]},{\"@type\":\"ImageObject\",\"inLanguage\":\"pt-BR\",\"@id\":\"https:\/\/verdadeon.com.br\/portal\/2021\/01\/08\/basquete-brasileiros-conhecem-rivais-na-champions-das-americas\/#primaryimage\",\"url\":\"https:\/\/i0.wp.com\/verdadeon.com.br\/portal\/wp-content\/uploads\/2021\/01\/champions_league_basquete_fla_x_iacc.jpg?fit=1000%2C670&ssl=1\",\"contentUrl\":\"https:\/\/i0.wp.com\/verdadeon.com.br\/portal\/wp-content\/uploads\/2021\/01\/champions_league_basquete_fla_x_iacc.jpg?fit=1000%2C670&ssl=1\",\"width\":1000,\"height\":670},{\"@type\":\"BreadcrumbList\",\"@id\":\"https:\/\/verdadeon.com.br\/portal\/2021\/01\/08\/basquete-brasileiros-conhecem-rivais-na-champions-das-americas\/#breadcrumb\",\"itemListElement\":[{\"@type\":\"ListItem\",\"position\":1,\"name\":\"In\u00edcio\",\"item\":\"https:\/\/verdadeon.com.br\/portal\/\"},{\"@type\":\"ListItem\",\"position\":2,\"name\":\"Basquete: brasileiros conhecem rivais na Champions das Am\u00e9ricas\"}]},{\"@type\":\"WebSite\",\"@id\":\"https:\/\/verdadeon.com.br\/portal\/#website\",\"url\":\"https:\/\/verdadeon.com.br\/portal\/\",\"name\":\"VerdadeOn\",\"description\":\"Not\u00edcias di\u00e1rias sobre Franca, Regi\u00e3o, Esporte, Cultura, Cotidiano, Colunas. Cobertura nos principais eventos da cidade \u00e9 aqui - Verdadeon Franca\",\"potentialAction\":[{\"@type\":\"SearchAction\",\"target\":{\"@type\":\"EntryPoint\",\"urlTemplate\":\"https:\/\/verdadeon.com.br\/portal\/?s={search_term_string}\"},\"query-input\":{\"@type\":\"PropertyValueSpecification\",\"valueRequired\":true,\"valueName\":\"search_term_string\"}}],\"inLanguage\":\"pt-BR\"},{\"@type\":\"Person\",\"@id\":\"https:\/\/verdadeon.com.br\/portal\/#\/schema\/person\/8994718f49ee62ba5610471e29ca1f62\",\"name\":\"Fernando Calixto\",\"image\":{\"@type\":\"ImageObject\",\"inLanguage\":\"pt-BR\",\"@id\":\"https:\/\/verdadeon.com.br\/portal\/#\/schema\/person\/image\/\",\"url\":\"https:\/\/secure.gravatar.com\/avatar\/7578910c24966c0316c340f9dbd601e93ee9f9212e1033968b367af9306bd9fb?s=96&d=mm&r=g\",\"contentUrl\":\"https:\/\/secure.gravatar.com\/avatar\/7578910c24966c0316c340f9dbd601e93ee9f9212e1033968b367af9306bd9fb?s=96&d=mm&r=g\",\"caption\":\"Fernando Calixto\"},\"url\":\"https:\/\/verdadeon.com.br\/portal\/author\/fernando-calixto\/\"}]}<\/script>\n<!-- \/ Yoast SEO plugin. -->","yoast_head_json":{"title":"Basquete: brasileiros conhecem rivais na Champions das Am\u00e9ricas - VerdadeOn","robots":{"index":"index","follow":"follow","max-snippet":"max-snippet:-1","max-image-preview":"max-image-preview:large","max-video-preview":"max-video-preview:-1"},"canonical":"https:\/\/verdadeon.com.br\/portal\/2021\/01\/08\/basquete-brasileiros-conhecem-rivais-na-champions-das-americas\/","og_locale":"pt_BR","og_type":"article","og_title":"Basquete: brasileiros conhecem rivais na Champions das Am\u00e9ricas - VerdadeOn","og_description":"Sesi Franca, S\u00e3o Paulo e Flamengo, atual vice, representar\u00e3o o pa\u00eds Lincoln Chaves &#8211; Rep\u00f3rter da TV Brasil e R\u00e1dio Nacional &#8211; S\u00e3o Paulo A Federa\u00e7\u00e3o [\u2026]","og_url":"https:\/\/verdadeon.com.br\/portal\/2021\/01\/08\/basquete-brasileiros-conhecem-rivais-na-champions-das-americas\/","og_site_name":"VerdadeOn","article_published_time":"2021-01-08T17:23:41+00:00","og_image":[{"width":1000,"height":670,"url":"https:\/\/verdadeon.com.br\/portal\/wp-content\/uploads\/2021\/01\/champions_league_basquete_fla_x_iacc.jpg","type":"image\/jpeg"}],"author":"Fernando Calixto","twitter_card":"summary_large_image","twitter_misc":{"Escrito por":"Fernando Calixto","Est. tempo de leitura":"3 minutos"},"schema":{"@context":"https:\/\/schema.org","@graph":[{"@type":"WebPage","@id":"https:\/\/verdadeon.com.br\/portal\/2021\/01\/08\/basquete-brasileiros-conhecem-rivais-na-champions-das-americas\/","url":"https:\/\/verdadeon.com.br\/portal\/2021\/01\/08\/basquete-brasileiros-conhecem-rivais-na-champions-das-americas\/","name":"Basquete: brasileiros conhecem rivais na Champions das Am\u00e9ricas - VerdadeOn","isPartOf":{"@id":"https:\/\/verdadeon.com.br\/portal\/#website"},"primaryImageOfPage":{"@id":"https:\/\/verdadeon.com.br\/portal\/2021\/01\/08\/basquete-brasileiros-conhecem-rivais-na-champions-das-americas\/#primaryimage"},"image":{"@id":"https:\/\/verdadeon.com.br\/portal\/2021\/01\/08\/basquete-brasileiros-conhecem-rivais-na-champions-das-americas\/#primaryimage"},"thumbnailUrl":"https:\/\/i0.wp.com\/verdadeon.com.br\/portal\/wp-content\/uploads\/2021\/01\/champions_league_basquete_fla_x_iacc.jpg?fit=1000%2C670&ssl=1","datePublished":"2021-01-08T17:23:41+00:00","author":{"@id":"https:\/\/verdadeon.com.br\/portal\/#\/schema\/person\/8994718f49ee62ba5610471e29ca1f62"},"breadcrumb":{"@id":"https:\/\/verdadeon.com.br\/portal\/2021\/01\/08\/basquete-brasileiros-conhecem-rivais-na-champions-das-americas\/#breadcrumb"},"inLanguage":"pt-BR","potentialAction":[{"@type":"ReadAction","target":["https:\/\/verdadeon.com.br\/portal\/2021\/01\/08\/basquete-brasileiros-conhecem-rivais-na-champions-das-americas\/"]}]},{"@type":"ImageObject","inLanguage":"pt-BR","@id":"https:\/\/verdadeon.com.br\/portal\/2021\/01\/08\/basquete-brasileiros-conhecem-rivais-na-champions-das-americas\/#primaryimage","url":"https:\/\/i0.wp.com\/verdadeon.com.br\/portal\/wp-content\/uploads\/2021\/01\/champions_league_basquete_fla_x_iacc.jpg?fit=1000%2C670&ssl=1","contentUrl":"https:\/\/i0.wp.com\/verdadeon.com.br\/portal\/wp-content\/uploads\/2021\/01\/champions_league_basquete_fla_x_iacc.jpg?fit=1000%2C670&ssl=1","width":1000,"height":670},{"@type":"BreadcrumbList","@id":"https:\/\/verdadeon.com.br\/portal\/2021\/01\/08\/basquete-brasileiros-conhecem-rivais-na-champions-das-americas\/#breadcrumb","itemListElement":[{"@type":"ListItem","position":1,"name":"In\u00edcio","item":"https:\/\/verdadeon.com.br\/portal\/"},{"@type":"ListItem","position":2,"name":"Basquete: brasileiros conhecem rivais na Champions das Am\u00e9ricas"}]},{"@type":"WebSite","@id":"https:\/\/verdadeon.com.br\/portal\/#website","url":"https:\/\/verdadeon.com.br\/portal\/","name":"VerdadeOn","description":"Not\u00edcias di\u00e1rias sobre Franca, Regi\u00e3o, Esporte, Cultura, Cotidiano, Colunas. Cobertura nos principais eventos da cidade \u00e9 aqui - Verdadeon Franca","potentialAction":[{"@type":"SearchAction","target":{"@type":"EntryPoint","urlTemplate":"https:\/\/verdadeon.com.br\/portal\/?s={search_term_string}"},"query-input":{"@type":"PropertyValueSpecification","valueRequired":true,"valueName":"search_term_string"}}],"inLanguage":"pt-BR"},{"@type":"Person","@id":"https:\/\/verdadeon.com.br\/portal\/#\/schema\/person\/8994718f49ee62ba5610471e29ca1f62","name":"Fernando Calixto","image":{"@type":"ImageObject","inLanguage":"pt-BR","@id":"https:\/\/verdadeon.com.br\/portal\/#\/schema\/person\/image\/","url":"https:\/\/secure.gravatar.com\/avatar\/7578910c24966c0316c340f9dbd601e93ee9f9212e1033968b367af9306bd9fb?s=96&d=mm&r=g","contentUrl":"https:\/\/secure.gravatar.com\/avatar\/7578910c24966c0316c340f9dbd601e93ee9f9212e1033968b367af9306bd9fb?s=96&d=mm&r=g","caption":"Fernando Calixto"},"url":"https:\/\/verdadeon.com.br\/portal\/author\/fernando-calixto\/"}]}},"jetpack_publicize_connections":[],"jetpack_featured_media_url":"https:\/\/i0.wp.com\/verdadeon.com.br\/portal\/wp-content\/uploads\/2021\/01\/champions_league_basquete_fla_x_iacc.jpg?fit=1000%2C670&ssl=1","jetpack_sharing_enabled":true,"_links":{"self":[{"href":"https:\/\/verdadeon.com.br\/portal\/wp-json\/wp\/v2\/posts\/13136","targetHints":{"allow":["GET"]}}],"collection":[{"href":"https:\/\/verdadeon.com.br\/portal\/wp-json\/wp\/v2\/posts"}],"about":[{"href":"https:\/\/verdadeon.com.br\/portal\/wp-json\/wp\/v2\/types\/post"}],"author":[{"embeddable":true,"href":"https:\/\/verdadeon.com.br\/portal\/wp-json\/wp\/v2\/users\/4"}],"replies":[{"embeddable":true,"href":"https:\/\/verdadeon.com.br\/portal\/wp-json\/wp\/v2\/comments?post=13136"}],"version-history":[{"count":0,"href":"https:\/\/verdadeon.com.br\/portal\/wp-json\/wp\/v2\/posts\/13136\/revisions"}],"wp:featuredmedia":[{"embeddable":true,"href":"https:\/\/verdadeon.com.br\/portal\/wp-json\/wp\/v2\/media\/13140"}],"wp:attachment":[{"href":"https:\/\/verdadeon.com.br\/portal\/wp-json\/wp\/v2\/media?parent=13136"}],"wp:term":[{"taxonomy":"category","embeddable":true,"href":"https:\/\/verdadeon.com.br\/portal\/wp-json\/wp\/v2\/categories?post=13136"},{"taxonomy":"post_tag","embeddable":true,"href":"https:\/\/verdadeon.com.br\/portal\/wp-json\/wp\/v2\/tags?post=13136"}],"curies":[{"name":"wp","href":"https:\/\/api.w.org\/{rel}","templated":true}]}}