{"id":13135,"date":"2021-01-08T16:22:37","date_gmt":"2021-01-08T19:22:37","guid":{"rendered":"http:\/\/verdadeon.com.br\/portal\/?p=13135"},"modified":"2021-01-08T16:22:37","modified_gmt":"2021-01-08T19:22:37","slug":"camara-vota-treinamento-de-primeiros-socorros-contra-asfixia-e-aprecia-veto","status":"publish","type":"post","link":"https:\/\/verdadeon.com.br\/portal\/2021\/01\/08\/camara-vota-treinamento-de-primeiros-socorros-contra-asfixia-e-aprecia-veto\/","title":{"rendered":"C\u00e2mara vota treinamento de primeiros socorros contra asfixia e aprecia veto"},"content":{"rendered":"<p>A C\u00e2mara Municipal de Franca realiza a sua 2\u00aa Sess\u00e3o Ordin\u00e1ria na pr\u00f3xima ter\u00e7a-feira, 12. Na pauta, consta a aprecia\u00e7\u00e3o de um projeto de lei (PL) e um veto total do ex-prefeito Gilson de Souza.<br \/>\nO PL n\u00ba 1\/2021, de autoria do vereador Della Motta (Podemos), obriga hospitais e maternidades p\u00fablicas e privadas a prestar, aos pais e respons\u00e1veis, treinamento de primeiros socorros em casos de engasgamento, aspira\u00e7\u00e3o de corpo estranho, asfixia e preven\u00e7\u00e3o de morte s\u00fabita de rec\u00e9m-nascido.<br \/>\nAs orienta\u00e7\u00f5es, assim como a capacita\u00e7\u00e3o, v\u00e3o ser ministradas antes da alta do rec\u00e9m-nascido por enfermeiras ou outros profissionais indicados pela unidade de sa\u00fade. A participa\u00e7\u00e3o dos pais ou respons\u00e1veis nesses treinamentos ser\u00e1 obrigat\u00f3ria. Os hospitais e maternidades dever\u00e3o informar aos pais sobre a exist\u00eancia e disponibilidade do curso assim que estes ingressarem na unidade de sa\u00fade ou mesmo durante o acompanhamento pr\u00e9-natal.<br \/>\nDella Motta explicou a import\u00e2ncia da sua propositura:<br \/>\n\u201cLevantamos uma estat\u00edstica: falecem quinze crian\u00e7as engasgadas por dia no pa\u00eds, segundo dados da SBP (Sociedade Brasileira de Pediatria). Pedimos que as pessoas saiam do hospital j\u00e1 com uma pequena no\u00e7\u00e3o das manobras que salvam vidas. Ent\u00e3o, em caso de asfixia, o pai e a m\u00e3e, mesmo tensos ou nervosos, poder\u00e3o prestar os primeiros socorros ao filho. At\u00e9 a Pol\u00edcia Militar ou os bombeiros chegarem, os pr\u00f3prios pais j\u00e1 podem tomar as atitudes. \u00c9 um curso rapidinho e que vai ser muito \u00fatil \u00e0 nossa cidade\u201d.<br \/>\nOs parlamentares tamb\u00e9m v\u00e3o analisar o veto total ao PL n\u00ba 93\/2020, de autoria do ex-vereador Ad\u00e9rmis Marini, que institui no munic\u00edpio de Franca o programa \u201cAdote uma Placa\u201d. A justificativa do ex-prefeito \u00e9 que a propositura apresenta v\u00edcio de iniciativa. Ou seja, parlamentares n\u00e3o poderiam legislar sobre o tema.<br \/>\nContudo, tal tese foi contestada na reuni\u00e3o das comiss\u00f5es de Legisla\u00e7\u00e3o, Justi\u00e7a e Reda\u00e7\u00e3o e de Finan\u00e7as e Or\u00e7amento da C\u00e2mara, realizada na manh\u00e3 de hoje, 08 (foto). Na verdade, o projeto cria um programa com regras gen\u00e9ricas, cuja regulamenta\u00e7\u00e3o cabe apenas ao Executivo. Por causa disso, o projeto n\u00e3o apresenta v\u00edcio de iniciativa nem inconstitucionalidade, e o parecer da comiss\u00e3o de Legisla\u00e7\u00e3o conclui pela rejei\u00e7\u00e3o ao veto em Plen\u00e1rio.<br \/>\nQuatro Requerimentos e uma Mo\u00e7\u00e3o de Aplausos tamb\u00e9m constam na pauta de vota\u00e7\u00e3o. Por conta da pandemia do covid-19, os assentos do Plen\u00e1rio para quem quiser assistir \u00e0 sess\u00e3o presencialmente s\u00e3o limitados. A reuni\u00e3o tamb\u00e9m vai ser transmitida ao vivo pelo canal aberto digital 6.3, Facebook (https:\/\/www.facebook.com\/camaradefranca\/) e Youtube (https:\/\/www.youtube.com\/channel\/UCn5kvxPi7DDVCqpLQRiYpFw) a partir das 9h.<\/p>\n","protected":false},"excerpt":{"rendered":"<p>A C\u00e2mara Municipal de Franca realiza a sua 2\u00aa Sess\u00e3o Ordin\u00e1ria na pr\u00f3xima ter\u00e7a-feira, 12. Na pauta, consta a aprecia\u00e7\u00e3o de um projeto de lei (PL)<span class=\"excerpt-hellip\"> [\u2026]<\/span><\/p>\n","protected":false},"author":4,"featured_media":13142,"comment_status":"open","ping_status":"open","sticky":false,"template":"","format":"standard","meta":{"_jetpack_memberships_contains_paid_content":false,"footnotes":"","jetpack_publicize_message":"","jetpack_publicize_feature_enabled":true,"jetpack_social_post_already_shared":false,"jetpack_social_options":{"image_generator_settings":{"template":"highway","default_image_id":0,"enabled":false},"version":2}},"categories":[28,44],"tags":[],"class_list":["post-13135","post","type-post","status-publish","format-standard","has-post-thumbnail","hentry","category-cotidiano","category-noticias"],"yoast_head":"<!-- This site is optimized with the Yoast SEO plugin v25.6 - https:\/\/yoast.com\/wordpress\/plugins\/seo\/ -->\n<title>C\u00e2mara vota treinamento de primeiros socorros contra asfixia e aprecia veto - VerdadeOn<\/title>\n<meta name=\"robots\" content=\"index, follow, max-snippet:-1, max-image-preview:large, max-video-preview:-1\" \/>\n<link rel=\"canonical\" href=\"https:\/\/verdadeon.com.br\/portal\/2021\/01\/08\/camara-vota-treinamento-de-primeiros-socorros-contra-asfixia-e-aprecia-veto\/\" \/>\n<meta property=\"og:locale\" content=\"pt_BR\" \/>\n<meta property=\"og:type\" content=\"article\" \/>\n<meta property=\"og:title\" content=\"C\u00e2mara vota treinamento de primeiros socorros contra asfixia e aprecia veto - VerdadeOn\" \/>\n<meta property=\"og:description\" content=\"A C\u00e2mara Municipal de Franca realiza a sua 2\u00aa Sess\u00e3o Ordin\u00e1ria na pr\u00f3xima ter\u00e7a-feira, 12. Na pauta, consta a aprecia\u00e7\u00e3o de um projeto de lei (PL) [\u2026]\" \/>\n<meta property=\"og:url\" content=\"https:\/\/verdadeon.com.br\/portal\/2021\/01\/08\/camara-vota-treinamento-de-primeiros-socorros-contra-asfixia-e-aprecia-veto\/\" \/>\n<meta property=\"og:site_name\" content=\"VerdadeOn\" \/>\n<meta property=\"article:published_time\" content=\"2021-01-08T19:22:37+00:00\" \/>\n<meta property=\"og:image\" content=\"https:\/\/verdadeon.com.br\/portal\/wp-content\/uploads\/2021\/01\/WhatsApp-Image-2021-01-08-at-16.09.45.jpeg\" \/>\n\t<meta property=\"og:image:width\" content=\"1000\" \/>\n\t<meta property=\"og:image:height\" content=\"670\" \/>\n\t<meta property=\"og:image:type\" content=\"image\/jpeg\" \/>\n<meta name=\"author\" content=\"Fernando Calixto\" \/>\n<meta name=\"twitter:card\" content=\"summary_large_image\" \/>\n<meta name=\"twitter:label1\" content=\"Escrito por\" \/>\n\t<meta name=\"twitter:data1\" content=\"Fernando Calixto\" \/>\n\t<meta name=\"twitter:label2\" content=\"Est. tempo de leitura\" \/>\n\t<meta name=\"twitter:data2\" content=\"2 minutos\" \/>\n<script type=\"application\/ld+json\" class=\"yoast-schema-graph\">{\"@context\":\"https:\/\/schema.org\",\"@graph\":[{\"@type\":\"WebPage\",\"@id\":\"https:\/\/verdadeon.com.br\/portal\/2021\/01\/08\/camara-vota-treinamento-de-primeiros-socorros-contra-asfixia-e-aprecia-veto\/\",\"url\":\"https:\/\/verdadeon.com.br\/portal\/2021\/01\/08\/camara-vota-treinamento-de-primeiros-socorros-contra-asfixia-e-aprecia-veto\/\",\"name\":\"C\u00e2mara vota treinamento de primeiros socorros contra asfixia e aprecia veto - VerdadeOn\",\"isPartOf\":{\"@id\":\"https:\/\/verdadeon.com.br\/portal\/#website\"},\"primaryImageOfPage\":{\"@id\":\"https:\/\/verdadeon.com.br\/portal\/2021\/01\/08\/camara-vota-treinamento-de-primeiros-socorros-contra-asfixia-e-aprecia-veto\/#primaryimage\"},\"image\":{\"@id\":\"https:\/\/verdadeon.com.br\/portal\/2021\/01\/08\/camara-vota-treinamento-de-primeiros-socorros-contra-asfixia-e-aprecia-veto\/#primaryimage\"},\"thumbnailUrl\":\"https:\/\/i0.wp.com\/verdadeon.com.br\/portal\/wp-content\/uploads\/2021\/01\/WhatsApp-Image-2021-01-08-at-16.09.45.jpeg?fit=1000%2C670&ssl=1\",\"datePublished\":\"2021-01-08T19:22:37+00:00\",\"author\":{\"@id\":\"https:\/\/verdadeon.com.br\/portal\/#\/schema\/person\/8994718f49ee62ba5610471e29ca1f62\"},\"breadcrumb\":{\"@id\":\"https:\/\/verdadeon.com.br\/portal\/2021\/01\/08\/camara-vota-treinamento-de-primeiros-socorros-contra-asfixia-e-aprecia-veto\/#breadcrumb\"},\"inLanguage\":\"pt-BR\",\"potentialAction\":[{\"@type\":\"ReadAction\",\"target\":[\"https:\/\/verdadeon.com.br\/portal\/2021\/01\/08\/camara-vota-treinamento-de-primeiros-socorros-contra-asfixia-e-aprecia-veto\/\"]}]},{\"@type\":\"ImageObject\",\"inLanguage\":\"pt-BR\",\"@id\":\"https:\/\/verdadeon.com.br\/portal\/2021\/01\/08\/camara-vota-treinamento-de-primeiros-socorros-contra-asfixia-e-aprecia-veto\/#primaryimage\",\"url\":\"https:\/\/i0.wp.com\/verdadeon.com.br\/portal\/wp-content\/uploads\/2021\/01\/WhatsApp-Image-2021-01-08-at-16.09.45.jpeg?fit=1000%2C670&ssl=1\",\"contentUrl\":\"https:\/\/i0.wp.com\/verdadeon.com.br\/portal\/wp-content\/uploads\/2021\/01\/WhatsApp-Image-2021-01-08-at-16.09.45.jpeg?fit=1000%2C670&ssl=1\",\"width\":1000,\"height\":670},{\"@type\":\"BreadcrumbList\",\"@id\":\"https:\/\/verdadeon.com.br\/portal\/2021\/01\/08\/camara-vota-treinamento-de-primeiros-socorros-contra-asfixia-e-aprecia-veto\/#breadcrumb\",\"itemListElement\":[{\"@type\":\"ListItem\",\"position\":1,\"name\":\"In\u00edcio\",\"item\":\"https:\/\/verdadeon.com.br\/portal\/\"},{\"@type\":\"ListItem\",\"position\":2,\"name\":\"C\u00e2mara vota treinamento de primeiros socorros contra asfixia e aprecia veto\"}]},{\"@type\":\"WebSite\",\"@id\":\"https:\/\/verdadeon.com.br\/portal\/#website\",\"url\":\"https:\/\/verdadeon.com.br\/portal\/\",\"name\":\"VerdadeOn\",\"description\":\"Not\u00edcias di\u00e1rias sobre Franca, Regi\u00e3o, Esporte, Cultura, Cotidiano, Colunas. Cobertura nos principais eventos da cidade \u00e9 aqui - Verdadeon Franca\",\"potentialAction\":[{\"@type\":\"SearchAction\",\"target\":{\"@type\":\"EntryPoint\",\"urlTemplate\":\"https:\/\/verdadeon.com.br\/portal\/?s={search_term_string}\"},\"query-input\":{\"@type\":\"PropertyValueSpecification\",\"valueRequired\":true,\"valueName\":\"search_term_string\"}}],\"inLanguage\":\"pt-BR\"},{\"@type\":\"Person\",\"@id\":\"https:\/\/verdadeon.com.br\/portal\/#\/schema\/person\/8994718f49ee62ba5610471e29ca1f62\",\"name\":\"Fernando Calixto\",\"image\":{\"@type\":\"ImageObject\",\"inLanguage\":\"pt-BR\",\"@id\":\"https:\/\/verdadeon.com.br\/portal\/#\/schema\/person\/image\/\",\"url\":\"https:\/\/secure.gravatar.com\/avatar\/7578910c24966c0316c340f9dbd601e93ee9f9212e1033968b367af9306bd9fb?s=96&d=mm&r=g\",\"contentUrl\":\"https:\/\/secure.gravatar.com\/avatar\/7578910c24966c0316c340f9dbd601e93ee9f9212e1033968b367af9306bd9fb?s=96&d=mm&r=g\",\"caption\":\"Fernando Calixto\"},\"url\":\"https:\/\/verdadeon.com.br\/portal\/author\/fernando-calixto\/\"}]}<\/script>\n<!-- \/ Yoast SEO plugin. -->","yoast_head_json":{"title":"C\u00e2mara vota treinamento de primeiros socorros contra asfixia e aprecia veto - VerdadeOn","robots":{"index":"index","follow":"follow","max-snippet":"max-snippet:-1","max-image-preview":"max-image-preview:large","max-video-preview":"max-video-preview:-1"},"canonical":"https:\/\/verdadeon.com.br\/portal\/2021\/01\/08\/camara-vota-treinamento-de-primeiros-socorros-contra-asfixia-e-aprecia-veto\/","og_locale":"pt_BR","og_type":"article","og_title":"C\u00e2mara vota treinamento de primeiros socorros contra asfixia e aprecia veto - VerdadeOn","og_description":"A C\u00e2mara Municipal de Franca realiza a sua 2\u00aa Sess\u00e3o Ordin\u00e1ria na pr\u00f3xima ter\u00e7a-feira, 12. Na pauta, consta a aprecia\u00e7\u00e3o de um projeto de lei (PL) [\u2026]","og_url":"https:\/\/verdadeon.com.br\/portal\/2021\/01\/08\/camara-vota-treinamento-de-primeiros-socorros-contra-asfixia-e-aprecia-veto\/","og_site_name":"VerdadeOn","article_published_time":"2021-01-08T19:22:37+00:00","og_image":[{"width":1000,"height":670,"url":"https:\/\/verdadeon.com.br\/portal\/wp-content\/uploads\/2021\/01\/WhatsApp-Image-2021-01-08-at-16.09.45.jpeg","type":"image\/jpeg"}],"author":"Fernando Calixto","twitter_card":"summary_large_image","twitter_misc":{"Escrito por":"Fernando Calixto","Est. tempo de leitura":"2 minutos"},"schema":{"@context":"https:\/\/schema.org","@graph":[{"@type":"WebPage","@id":"https:\/\/verdadeon.com.br\/portal\/2021\/01\/08\/camara-vota-treinamento-de-primeiros-socorros-contra-asfixia-e-aprecia-veto\/","url":"https:\/\/verdadeon.com.br\/portal\/2021\/01\/08\/camara-vota-treinamento-de-primeiros-socorros-contra-asfixia-e-aprecia-veto\/","name":"C\u00e2mara vota treinamento de primeiros socorros contra asfixia e aprecia veto - VerdadeOn","isPartOf":{"@id":"https:\/\/verdadeon.com.br\/portal\/#website"},"primaryImageOfPage":{"@id":"https:\/\/verdadeon.com.br\/portal\/2021\/01\/08\/camara-vota-treinamento-de-primeiros-socorros-contra-asfixia-e-aprecia-veto\/#primaryimage"},"image":{"@id":"https:\/\/verdadeon.com.br\/portal\/2021\/01\/08\/camara-vota-treinamento-de-primeiros-socorros-contra-asfixia-e-aprecia-veto\/#primaryimage"},"thumbnailUrl":"https:\/\/i0.wp.com\/verdadeon.com.br\/portal\/wp-content\/uploads\/2021\/01\/WhatsApp-Image-2021-01-08-at-16.09.45.jpeg?fit=1000%2C670&ssl=1","datePublished":"2021-01-08T19:22:37+00:00","author":{"@id":"https:\/\/verdadeon.com.br\/portal\/#\/schema\/person\/8994718f49ee62ba5610471e29ca1f62"},"breadcrumb":{"@id":"https:\/\/verdadeon.com.br\/portal\/2021\/01\/08\/camara-vota-treinamento-de-primeiros-socorros-contra-asfixia-e-aprecia-veto\/#breadcrumb"},"inLanguage":"pt-BR","potentialAction":[{"@type":"ReadAction","target":["https:\/\/verdadeon.com.br\/portal\/2021\/01\/08\/camara-vota-treinamento-de-primeiros-socorros-contra-asfixia-e-aprecia-veto\/"]}]},{"@type":"ImageObject","inLanguage":"pt-BR","@id":"https:\/\/verdadeon.com.br\/portal\/2021\/01\/08\/camara-vota-treinamento-de-primeiros-socorros-contra-asfixia-e-aprecia-veto\/#primaryimage","url":"https:\/\/i0.wp.com\/verdadeon.com.br\/portal\/wp-content\/uploads\/2021\/01\/WhatsApp-Image-2021-01-08-at-16.09.45.jpeg?fit=1000%2C670&ssl=1","contentUrl":"https:\/\/i0.wp.com\/verdadeon.com.br\/portal\/wp-content\/uploads\/2021\/01\/WhatsApp-Image-2021-01-08-at-16.09.45.jpeg?fit=1000%2C670&ssl=1","width":1000,"height":670},{"@type":"BreadcrumbList","@id":"https:\/\/verdadeon.com.br\/portal\/2021\/01\/08\/camara-vota-treinamento-de-primeiros-socorros-contra-asfixia-e-aprecia-veto\/#breadcrumb","itemListElement":[{"@type":"ListItem","position":1,"name":"In\u00edcio","item":"https:\/\/verdadeon.com.br\/portal\/"},{"@type":"ListItem","position":2,"name":"C\u00e2mara vota treinamento de primeiros socorros contra asfixia e aprecia veto"}]},{"@type":"WebSite","@id":"https:\/\/verdadeon.com.br\/portal\/#website","url":"https:\/\/verdadeon.com.br\/portal\/","name":"VerdadeOn","description":"Not\u00edcias di\u00e1rias sobre Franca, Regi\u00e3o, Esporte, Cultura, Cotidiano, Colunas. Cobertura nos principais eventos da cidade \u00e9 aqui - Verdadeon Franca","potentialAction":[{"@type":"SearchAction","target":{"@type":"EntryPoint","urlTemplate":"https:\/\/verdadeon.com.br\/portal\/?s={search_term_string}"},"query-input":{"@type":"PropertyValueSpecification","valueRequired":true,"valueName":"search_term_string"}}],"inLanguage":"pt-BR"},{"@type":"Person","@id":"https:\/\/verdadeon.com.br\/portal\/#\/schema\/person\/8994718f49ee62ba5610471e29ca1f62","name":"Fernando Calixto","image":{"@type":"ImageObject","inLanguage":"pt-BR","@id":"https:\/\/verdadeon.com.br\/portal\/#\/schema\/person\/image\/","url":"https:\/\/secure.gravatar.com\/avatar\/7578910c24966c0316c340f9dbd601e93ee9f9212e1033968b367af9306bd9fb?s=96&d=mm&r=g","contentUrl":"https:\/\/secure.gravatar.com\/avatar\/7578910c24966c0316c340f9dbd601e93ee9f9212e1033968b367af9306bd9fb?s=96&d=mm&r=g","caption":"Fernando Calixto"},"url":"https:\/\/verdadeon.com.br\/portal\/author\/fernando-calixto\/"}]}},"jetpack_publicize_connections":[],"jetpack_featured_media_url":"https:\/\/i0.wp.com\/verdadeon.com.br\/portal\/wp-content\/uploads\/2021\/01\/WhatsApp-Image-2021-01-08-at-16.09.45.jpeg?fit=1000%2C670&ssl=1","jetpack_sharing_enabled":true,"_links":{"self":[{"href":"https:\/\/verdadeon.com.br\/portal\/wp-json\/wp\/v2\/posts\/13135","targetHints":{"allow":["GET"]}}],"collection":[{"href":"https:\/\/verdadeon.com.br\/portal\/wp-json\/wp\/v2\/posts"}],"about":[{"href":"https:\/\/verdadeon.com.br\/portal\/wp-json\/wp\/v2\/types\/post"}],"author":[{"embeddable":true,"href":"https:\/\/verdadeon.com.br\/portal\/wp-json\/wp\/v2\/users\/4"}],"replies":[{"embeddable":true,"href":"https:\/\/verdadeon.com.br\/portal\/wp-json\/wp\/v2\/comments?post=13135"}],"version-history":[{"count":0,"href":"https:\/\/verdadeon.com.br\/portal\/wp-json\/wp\/v2\/posts\/13135\/revisions"}],"wp:featuredmedia":[{"embeddable":true,"href":"https:\/\/verdadeon.com.br\/portal\/wp-json\/wp\/v2\/media\/13142"}],"wp:attachment":[{"href":"https:\/\/verdadeon.com.br\/portal\/wp-json\/wp\/v2\/media?parent=13135"}],"wp:term":[{"taxonomy":"category","embeddable":true,"href":"https:\/\/verdadeon.com.br\/portal\/wp-json\/wp\/v2\/categories?post=13135"},{"taxonomy":"post_tag","embeddable":true,"href":"https:\/\/verdadeon.com.br\/portal\/wp-json\/wp\/v2\/tags?post=13135"}],"curies":[{"name":"wp","href":"https:\/\/api.w.org\/{rel}","templated":true}]}}