{"id":13092,"date":"2021-01-06T18:00:58","date_gmt":"2021-01-06T21:00:58","guid":{"rendered":"http:\/\/verdadeon.com.br\/portal\/?p=13092"},"modified":"2021-01-06T22:41:42","modified_gmt":"2021-01-07T01:41:42","slug":"prefeito-alexandre-lanca-acoes-contra-novos-casos-de-coronavirus","status":"publish","type":"post","link":"https:\/\/verdadeon.com.br\/portal\/2021\/01\/06\/prefeito-alexandre-lanca-acoes-contra-novos-casos-de-coronavirus\/","title":{"rendered":"Prefeito Alexandre lan\u00e7a a\u00e7\u00f5es contra novos casos de Coronav\u00edrus"},"content":{"rendered":"<h2>\u201cO prefeito \u00e9 o l\u00edder da nossa comunidade. N\u00e3o vou me omitir\u201d, diz Alexandre ao lan\u00e7ar a\u00e7\u00f5es contra novos casos de Coronav\u00edrus<\/h2>\n<p>O prefeito Alexandre Ferreira lan\u00e7ou, na manh\u00e3 desta quarta-feira, o programa Todos Contra a Covid. As a\u00e7\u00f5es v\u00e3o contemplar melhorias no atendimento de sa\u00fade, medidas de orienta\u00e7\u00e3o e de fiscaliza\u00e7\u00e3o contra abusos e amparo social. O pacote \u00e9 uma resposta imediata ao aumento no n\u00fameros de casos positivos, que bateu recorde nos \u00faltimos dias.<br \/>\n\u201cDetectamos um aumento grande nos casos de Covid em Franca. Temos um problema e vamos enfrenta-lo, frente \u00e0 frente. Estamos colocando j\u00e1 em pr\u00e1tica o programa Todos Contra a Covid\u201d, disse o prefeito.<br \/>\nA primeira atitude de Alexandre foi determinar mudan\u00e7as no sistema de atendimento do Pronto Socorro \u201c\u00c1lvaro Azzuz\u201d. O esquema de acolhimento e encaminhamento dos pacientes estava seguindo o modelo da gest\u00e3o anterior. Com as altera\u00e7\u00f5es, os pacientes suspeitos de Coronav\u00edrus e de outras doen\u00e7as ser\u00e3o recepcionados e direcionados separadamente. O objetivo \u00e9 aumentar a seguran\u00e7a dos usu\u00e1rios.<br \/>\nNesta tarde, diretores da Santa Casa de Franca e da Diretoria Regional de Sa\u00fade, \u00f3rg\u00e3o do Governo do Estado, estiveram no Gabinete do Prefeito e discutiram com Alexandre alternativas para a cobertura de leitos de UTI (Unidade de Tratamento Intensivo) para interna\u00e7\u00f5es por Covid-19.<br \/>\nNos pr\u00f3ximos dias, os pilares do programa v\u00e3o abordar a\u00e7\u00f5es de orienta\u00e7\u00e3o e de fiscaliza\u00e7\u00e3o. O prefeito vai se reunir com representes dos setores comercial e industrial, al\u00e9m de lideran\u00e7as religiosas, para tratar dos protocolos de seguran\u00e7a e solicitar aux\u00edlio na conscientiza\u00e7\u00e3o sobre a necessidade de que as pessoas adotem as normas sanit\u00e1rias e de prote\u00e7\u00e3o contra o v\u00edrus.<br \/>\nUm encontro com membros da Vigil\u00e2ncia Sanit\u00e1ria, Guarda Civil Municipal e Pol\u00edcia Militar vai servir para definir estrat\u00e9gias para refor\u00e7ar a fiscaliza\u00e7\u00e3o contra os abusos e aglomera\u00e7\u00f5es.<br \/>\n\u201cO prefeito \u00e9 o l\u00edder da comunidade. N\u00e3o vou me omitir em hip\u00f3tese alguma. Vamos fazer nossa parte, para que a sa\u00fade e a economia sejam preservadas. Preciso muito da sua ajuda (da popula\u00e7\u00e3o). Vamos todos contra a Covid\u201d, destacou o prefeito.<br \/>\nAlexandre tamb\u00e9m determinou \u00e0 Secretaria de A\u00e7\u00e3o Social a elabora\u00e7\u00e3o de um plano de amparo \u00e0s pessoas mais necessitadas neste per\u00edodo. Os detalhes ser\u00e3o apresentados em breve.<\/p>\n","protected":false},"excerpt":{"rendered":"<p>\u201cO prefeito \u00e9 o l\u00edder da nossa comunidade. N\u00e3o vou me omitir\u201d, diz Alexandre ao lan\u00e7ar a\u00e7\u00f5es contra novos casos de Coronav\u00edrus O prefeito Alexandre Ferreira<span class=\"excerpt-hellip\"> [\u2026]<\/span><\/p>\n","protected":false},"author":4,"featured_media":13094,"comment_status":"open","ping_status":"open","sticky":false,"template":"","format":"standard","meta":{"_jetpack_memberships_contains_paid_content":false,"footnotes":"","jetpack_publicize_message":"","jetpack_publicize_feature_enabled":true,"jetpack_social_post_already_shared":false,"jetpack_social_options":{"image_generator_settings":{"template":"highway","default_image_id":0,"enabled":false},"version":2}},"categories":[28,81],"tags":[],"class_list":["post-13092","post","type-post","status-publish","format-standard","has-post-thumbnail","hentry","category-cotidiano","category-manchete"],"yoast_head":"<!-- This site is optimized with the Yoast SEO plugin v25.6 - https:\/\/yoast.com\/wordpress\/plugins\/seo\/ -->\n<title>Prefeito Alexandre lan\u00e7a a\u00e7\u00f5es contra novos casos de Coronav\u00edrus - VerdadeOn<\/title>\n<meta name=\"robots\" content=\"index, follow, max-snippet:-1, max-image-preview:large, max-video-preview:-1\" \/>\n<link rel=\"canonical\" href=\"https:\/\/verdadeon.com.br\/portal\/2021\/01\/06\/prefeito-alexandre-lanca-acoes-contra-novos-casos-de-coronavirus\/\" \/>\n<meta property=\"og:locale\" content=\"pt_BR\" \/>\n<meta property=\"og:type\" content=\"article\" \/>\n<meta property=\"og:title\" content=\"Prefeito Alexandre lan\u00e7a a\u00e7\u00f5es contra novos casos de Coronav\u00edrus - VerdadeOn\" \/>\n<meta property=\"og:description\" content=\"\u201cO prefeito \u00e9 o l\u00edder da nossa comunidade. N\u00e3o vou me omitir\u201d, diz Alexandre ao lan\u00e7ar a\u00e7\u00f5es contra novos casos de Coronav\u00edrus O prefeito Alexandre Ferreira [\u2026]\" \/>\n<meta property=\"og:url\" content=\"https:\/\/verdadeon.com.br\/portal\/2021\/01\/06\/prefeito-alexandre-lanca-acoes-contra-novos-casos-de-coronavirus\/\" \/>\n<meta property=\"og:site_name\" content=\"VerdadeOn\" \/>\n<meta property=\"article:published_time\" content=\"2021-01-06T21:00:58+00:00\" \/>\n<meta property=\"article:modified_time\" content=\"2021-01-07T01:41:42+00:00\" \/>\n<meta property=\"og:image\" content=\"https:\/\/verdadeon.com.br\/portal\/wp-content\/uploads\/2021\/01\/WhatsApp-Image-2021-01-06-at-17.49.19-1.jpeg\" \/>\n\t<meta property=\"og:image:width\" content=\"1000\" \/>\n\t<meta property=\"og:image:height\" content=\"670\" \/>\n\t<meta property=\"og:image:type\" content=\"image\/jpeg\" \/>\n<meta name=\"author\" content=\"Fernando Calixto\" \/>\n<meta name=\"twitter:card\" content=\"summary_large_image\" \/>\n<meta name=\"twitter:label1\" content=\"Escrito por\" \/>\n\t<meta name=\"twitter:data1\" content=\"Fernando Calixto\" \/>\n\t<meta name=\"twitter:label2\" content=\"Est. tempo de leitura\" \/>\n\t<meta name=\"twitter:data2\" content=\"2 minutos\" \/>\n<script type=\"application\/ld+json\" class=\"yoast-schema-graph\">{\"@context\":\"https:\/\/schema.org\",\"@graph\":[{\"@type\":\"WebPage\",\"@id\":\"https:\/\/verdadeon.com.br\/portal\/2021\/01\/06\/prefeito-alexandre-lanca-acoes-contra-novos-casos-de-coronavirus\/\",\"url\":\"https:\/\/verdadeon.com.br\/portal\/2021\/01\/06\/prefeito-alexandre-lanca-acoes-contra-novos-casos-de-coronavirus\/\",\"name\":\"Prefeito Alexandre lan\u00e7a a\u00e7\u00f5es contra novos casos de Coronav\u00edrus - VerdadeOn\",\"isPartOf\":{\"@id\":\"https:\/\/verdadeon.com.br\/portal\/#website\"},\"primaryImageOfPage\":{\"@id\":\"https:\/\/verdadeon.com.br\/portal\/2021\/01\/06\/prefeito-alexandre-lanca-acoes-contra-novos-casos-de-coronavirus\/#primaryimage\"},\"image\":{\"@id\":\"https:\/\/verdadeon.com.br\/portal\/2021\/01\/06\/prefeito-alexandre-lanca-acoes-contra-novos-casos-de-coronavirus\/#primaryimage\"},\"thumbnailUrl\":\"https:\/\/i0.wp.com\/verdadeon.com.br\/portal\/wp-content\/uploads\/2021\/01\/WhatsApp-Image-2021-01-06-at-17.49.19-1.jpeg?fit=1000%2C670&ssl=1\",\"datePublished\":\"2021-01-06T21:00:58+00:00\",\"dateModified\":\"2021-01-07T01:41:42+00:00\",\"author\":{\"@id\":\"https:\/\/verdadeon.com.br\/portal\/#\/schema\/person\/8994718f49ee62ba5610471e29ca1f62\"},\"breadcrumb\":{\"@id\":\"https:\/\/verdadeon.com.br\/portal\/2021\/01\/06\/prefeito-alexandre-lanca-acoes-contra-novos-casos-de-coronavirus\/#breadcrumb\"},\"inLanguage\":\"pt-BR\",\"potentialAction\":[{\"@type\":\"ReadAction\",\"target\":[\"https:\/\/verdadeon.com.br\/portal\/2021\/01\/06\/prefeito-alexandre-lanca-acoes-contra-novos-casos-de-coronavirus\/\"]}]},{\"@type\":\"ImageObject\",\"inLanguage\":\"pt-BR\",\"@id\":\"https:\/\/verdadeon.com.br\/portal\/2021\/01\/06\/prefeito-alexandre-lanca-acoes-contra-novos-casos-de-coronavirus\/#primaryimage\",\"url\":\"https:\/\/i0.wp.com\/verdadeon.com.br\/portal\/wp-content\/uploads\/2021\/01\/WhatsApp-Image-2021-01-06-at-17.49.19-1.jpeg?fit=1000%2C670&ssl=1\",\"contentUrl\":\"https:\/\/i0.wp.com\/verdadeon.com.br\/portal\/wp-content\/uploads\/2021\/01\/WhatsApp-Image-2021-01-06-at-17.49.19-1.jpeg?fit=1000%2C670&ssl=1\",\"width\":1000,\"height\":670},{\"@type\":\"BreadcrumbList\",\"@id\":\"https:\/\/verdadeon.com.br\/portal\/2021\/01\/06\/prefeito-alexandre-lanca-acoes-contra-novos-casos-de-coronavirus\/#breadcrumb\",\"itemListElement\":[{\"@type\":\"ListItem\",\"position\":1,\"name\":\"In\u00edcio\",\"item\":\"https:\/\/verdadeon.com.br\/portal\/\"},{\"@type\":\"ListItem\",\"position\":2,\"name\":\"Prefeito Alexandre lan\u00e7a a\u00e7\u00f5es contra novos casos de Coronav\u00edrus\"}]},{\"@type\":\"WebSite\",\"@id\":\"https:\/\/verdadeon.com.br\/portal\/#website\",\"url\":\"https:\/\/verdadeon.com.br\/portal\/\",\"name\":\"VerdadeOn\",\"description\":\"Not\u00edcias di\u00e1rias sobre Franca, Regi\u00e3o, Esporte, Cultura, Cotidiano, Colunas. Cobertura nos principais eventos da cidade \u00e9 aqui - Verdadeon Franca\",\"potentialAction\":[{\"@type\":\"SearchAction\",\"target\":{\"@type\":\"EntryPoint\",\"urlTemplate\":\"https:\/\/verdadeon.com.br\/portal\/?s={search_term_string}\"},\"query-input\":{\"@type\":\"PropertyValueSpecification\",\"valueRequired\":true,\"valueName\":\"search_term_string\"}}],\"inLanguage\":\"pt-BR\"},{\"@type\":\"Person\",\"@id\":\"https:\/\/verdadeon.com.br\/portal\/#\/schema\/person\/8994718f49ee62ba5610471e29ca1f62\",\"name\":\"Fernando Calixto\",\"image\":{\"@type\":\"ImageObject\",\"inLanguage\":\"pt-BR\",\"@id\":\"https:\/\/verdadeon.com.br\/portal\/#\/schema\/person\/image\/\",\"url\":\"https:\/\/secure.gravatar.com\/avatar\/7578910c24966c0316c340f9dbd601e93ee9f9212e1033968b367af9306bd9fb?s=96&d=mm&r=g\",\"contentUrl\":\"https:\/\/secure.gravatar.com\/avatar\/7578910c24966c0316c340f9dbd601e93ee9f9212e1033968b367af9306bd9fb?s=96&d=mm&r=g\",\"caption\":\"Fernando Calixto\"},\"url\":\"https:\/\/verdadeon.com.br\/portal\/author\/fernando-calixto\/\"}]}<\/script>\n<!-- \/ Yoast SEO plugin. -->","yoast_head_json":{"title":"Prefeito Alexandre lan\u00e7a a\u00e7\u00f5es contra novos casos de Coronav\u00edrus - VerdadeOn","robots":{"index":"index","follow":"follow","max-snippet":"max-snippet:-1","max-image-preview":"max-image-preview:large","max-video-preview":"max-video-preview:-1"},"canonical":"https:\/\/verdadeon.com.br\/portal\/2021\/01\/06\/prefeito-alexandre-lanca-acoes-contra-novos-casos-de-coronavirus\/","og_locale":"pt_BR","og_type":"article","og_title":"Prefeito Alexandre lan\u00e7a a\u00e7\u00f5es contra novos casos de Coronav\u00edrus - VerdadeOn","og_description":"\u201cO prefeito \u00e9 o l\u00edder da nossa comunidade. N\u00e3o vou me omitir\u201d, diz Alexandre ao lan\u00e7ar a\u00e7\u00f5es contra novos casos de Coronav\u00edrus O prefeito Alexandre Ferreira [\u2026]","og_url":"https:\/\/verdadeon.com.br\/portal\/2021\/01\/06\/prefeito-alexandre-lanca-acoes-contra-novos-casos-de-coronavirus\/","og_site_name":"VerdadeOn","article_published_time":"2021-01-06T21:00:58+00:00","article_modified_time":"2021-01-07T01:41:42+00:00","og_image":[{"width":1000,"height":670,"url":"https:\/\/verdadeon.com.br\/portal\/wp-content\/uploads\/2021\/01\/WhatsApp-Image-2021-01-06-at-17.49.19-1.jpeg","type":"image\/jpeg"}],"author":"Fernando Calixto","twitter_card":"summary_large_image","twitter_misc":{"Escrito por":"Fernando Calixto","Est. tempo de leitura":"2 minutos"},"schema":{"@context":"https:\/\/schema.org","@graph":[{"@type":"WebPage","@id":"https:\/\/verdadeon.com.br\/portal\/2021\/01\/06\/prefeito-alexandre-lanca-acoes-contra-novos-casos-de-coronavirus\/","url":"https:\/\/verdadeon.com.br\/portal\/2021\/01\/06\/prefeito-alexandre-lanca-acoes-contra-novos-casos-de-coronavirus\/","name":"Prefeito Alexandre lan\u00e7a a\u00e7\u00f5es contra novos casos de Coronav\u00edrus - VerdadeOn","isPartOf":{"@id":"https:\/\/verdadeon.com.br\/portal\/#website"},"primaryImageOfPage":{"@id":"https:\/\/verdadeon.com.br\/portal\/2021\/01\/06\/prefeito-alexandre-lanca-acoes-contra-novos-casos-de-coronavirus\/#primaryimage"},"image":{"@id":"https:\/\/verdadeon.com.br\/portal\/2021\/01\/06\/prefeito-alexandre-lanca-acoes-contra-novos-casos-de-coronavirus\/#primaryimage"},"thumbnailUrl":"https:\/\/i0.wp.com\/verdadeon.com.br\/portal\/wp-content\/uploads\/2021\/01\/WhatsApp-Image-2021-01-06-at-17.49.19-1.jpeg?fit=1000%2C670&ssl=1","datePublished":"2021-01-06T21:00:58+00:00","dateModified":"2021-01-07T01:41:42+00:00","author":{"@id":"https:\/\/verdadeon.com.br\/portal\/#\/schema\/person\/8994718f49ee62ba5610471e29ca1f62"},"breadcrumb":{"@id":"https:\/\/verdadeon.com.br\/portal\/2021\/01\/06\/prefeito-alexandre-lanca-acoes-contra-novos-casos-de-coronavirus\/#breadcrumb"},"inLanguage":"pt-BR","potentialAction":[{"@type":"ReadAction","target":["https:\/\/verdadeon.com.br\/portal\/2021\/01\/06\/prefeito-alexandre-lanca-acoes-contra-novos-casos-de-coronavirus\/"]}]},{"@type":"ImageObject","inLanguage":"pt-BR","@id":"https:\/\/verdadeon.com.br\/portal\/2021\/01\/06\/prefeito-alexandre-lanca-acoes-contra-novos-casos-de-coronavirus\/#primaryimage","url":"https:\/\/i0.wp.com\/verdadeon.com.br\/portal\/wp-content\/uploads\/2021\/01\/WhatsApp-Image-2021-01-06-at-17.49.19-1.jpeg?fit=1000%2C670&ssl=1","contentUrl":"https:\/\/i0.wp.com\/verdadeon.com.br\/portal\/wp-content\/uploads\/2021\/01\/WhatsApp-Image-2021-01-06-at-17.49.19-1.jpeg?fit=1000%2C670&ssl=1","width":1000,"height":670},{"@type":"BreadcrumbList","@id":"https:\/\/verdadeon.com.br\/portal\/2021\/01\/06\/prefeito-alexandre-lanca-acoes-contra-novos-casos-de-coronavirus\/#breadcrumb","itemListElement":[{"@type":"ListItem","position":1,"name":"In\u00edcio","item":"https:\/\/verdadeon.com.br\/portal\/"},{"@type":"ListItem","position":2,"name":"Prefeito Alexandre lan\u00e7a a\u00e7\u00f5es contra novos casos de Coronav\u00edrus"}]},{"@type":"WebSite","@id":"https:\/\/verdadeon.com.br\/portal\/#website","url":"https:\/\/verdadeon.com.br\/portal\/","name":"VerdadeOn","description":"Not\u00edcias di\u00e1rias sobre Franca, Regi\u00e3o, Esporte, Cultura, Cotidiano, Colunas. Cobertura nos principais eventos da cidade \u00e9 aqui - Verdadeon Franca","potentialAction":[{"@type":"SearchAction","target":{"@type":"EntryPoint","urlTemplate":"https:\/\/verdadeon.com.br\/portal\/?s={search_term_string}"},"query-input":{"@type":"PropertyValueSpecification","valueRequired":true,"valueName":"search_term_string"}}],"inLanguage":"pt-BR"},{"@type":"Person","@id":"https:\/\/verdadeon.com.br\/portal\/#\/schema\/person\/8994718f49ee62ba5610471e29ca1f62","name":"Fernando Calixto","image":{"@type":"ImageObject","inLanguage":"pt-BR","@id":"https:\/\/verdadeon.com.br\/portal\/#\/schema\/person\/image\/","url":"https:\/\/secure.gravatar.com\/avatar\/7578910c24966c0316c340f9dbd601e93ee9f9212e1033968b367af9306bd9fb?s=96&d=mm&r=g","contentUrl":"https:\/\/secure.gravatar.com\/avatar\/7578910c24966c0316c340f9dbd601e93ee9f9212e1033968b367af9306bd9fb?s=96&d=mm&r=g","caption":"Fernando Calixto"},"url":"https:\/\/verdadeon.com.br\/portal\/author\/fernando-calixto\/"}]}},"jetpack_publicize_connections":[],"jetpack_featured_media_url":"https:\/\/i0.wp.com\/verdadeon.com.br\/portal\/wp-content\/uploads\/2021\/01\/WhatsApp-Image-2021-01-06-at-17.49.19-1.jpeg?fit=1000%2C670&ssl=1","jetpack_sharing_enabled":true,"_links":{"self":[{"href":"https:\/\/verdadeon.com.br\/portal\/wp-json\/wp\/v2\/posts\/13092","targetHints":{"allow":["GET"]}}],"collection":[{"href":"https:\/\/verdadeon.com.br\/portal\/wp-json\/wp\/v2\/posts"}],"about":[{"href":"https:\/\/verdadeon.com.br\/portal\/wp-json\/wp\/v2\/types\/post"}],"author":[{"embeddable":true,"href":"https:\/\/verdadeon.com.br\/portal\/wp-json\/wp\/v2\/users\/4"}],"replies":[{"embeddable":true,"href":"https:\/\/verdadeon.com.br\/portal\/wp-json\/wp\/v2\/comments?post=13092"}],"version-history":[{"count":0,"href":"https:\/\/verdadeon.com.br\/portal\/wp-json\/wp\/v2\/posts\/13092\/revisions"}],"wp:featuredmedia":[{"embeddable":true,"href":"https:\/\/verdadeon.com.br\/portal\/wp-json\/wp\/v2\/media\/13094"}],"wp:attachment":[{"href":"https:\/\/verdadeon.com.br\/portal\/wp-json\/wp\/v2\/media?parent=13092"}],"wp:term":[{"taxonomy":"category","embeddable":true,"href":"https:\/\/verdadeon.com.br\/portal\/wp-json\/wp\/v2\/categories?post=13092"},{"taxonomy":"post_tag","embeddable":true,"href":"https:\/\/verdadeon.com.br\/portal\/wp-json\/wp\/v2\/tags?post=13092"}],"curies":[{"name":"wp","href":"https:\/\/api.w.org\/{rel}","templated":true}]}}