{"id":13045,"date":"2021-01-05T14:13:30","date_gmt":"2021-01-05T17:13:30","guid":{"rendered":"http:\/\/verdadeon.com.br\/portal\/?p=13045"},"modified":"2021-01-05T14:13:30","modified_gmt":"2021-01-05T17:13:30","slug":"hospital-do-cancer-de-franca-completa-19-anos-de-historia","status":"publish","type":"post","link":"https:\/\/verdadeon.com.br\/portal\/2021\/01\/05\/hospital-do-cancer-de-franca-completa-19-anos-de-historia\/","title":{"rendered":"Hospital do C\u00e2ncer de Franca completa 19 anos de hist\u00f3ria"},"content":{"rendered":"<h2>Unidade atende mais de 20 cidades da regi\u00e3o<\/h2>\n<p>Unidade refer\u00eancia em toda a regi\u00e3o, o Hospital do C\u00e2ncer de Franca completa nesta quarta-feira (6) mais um anivers\u00e1rio. O local chega aos 19 anos de atendimentos, n\u00e3o apenas no munic\u00edpio sede, mas tamb\u00e9m em mais de 20 cidades pr\u00f3ximas. De acordo com a institui\u00e7\u00e3o, s\u00e3o mais de 40 mil pessoas atendidas todos os anos entre consultas, procedimentos e sess\u00f5es de radioterapia, quimioterapia, hormonioterapia, entre outros &#8211; recebendo desde rec\u00e9m-nascidos at\u00e9 adultos \u2013 com tratamentos de alto n\u00edvel t\u00e9cnico.<\/p>\n<p>Constru\u00eddo inicialmente numa \u00e1rea de 1, 3 mil metros quadrados, o Hospital do C\u00e2ncer precisou ampliar rapidamente suas instala\u00e7\u00f5es, para continuar proporcionando um tratamento digno aos seus pacientes, e hoje \u00e9 refer\u00eancia entre os grandes centros oncol\u00f3gicos do Pa\u00eds. O projeto que fazia parte dos sonhos de pessoas como os empres\u00e1rios Onofre de Paula Trajano, Pelegrino Donato e Luiza Helena Trajano Donato foi inaugurado em 6 de janeiro de 2002.<\/p>\n<p>Atualmente, o hospital \u00e9 a Unidade Oncol\u00f3gica que faz parte do Grupo Santa Casa de Franca \u2013 que engloba ainda a Santa Casa (Hospital Geral de Alta Complexidade), o Hospital do Cora\u00e7\u00e3o (Unidade Coronariana) e administra os AMES (Ambulat\u00f3rios M\u00e9dicos de Especialidades do Governo de S\u00e3o Paulo) das cidades de Franca, Taquaritinga, Casa Branca e Campinas &#8211; visando oferecer tratamentos espec\u00edficos e mais comodidade para pacientes que sofrem com o c\u00e2ncer.<\/p>\n<p>Segundo o atual presidente do Grupo Santa Casa de Franca, Tony Graciano, os primeiros equipamentos foram doados pelo grupo Magazine Luiza, por Pelegrino Jos\u00e9 Donato e os irm\u00e3os Luiza Trajano Donato e Onofre de Paula Trajano. Na \u00e9poca, o hospital atendia cerca de 120 pacientes por m\u00eas \u2013 e atualmente mant\u00e9m mais de 1,5 mil pacientes em tratamento.<\/p>\n<p>Por conta da pandemia do novo coronav\u00edrus, nenhuma festa presencial ser\u00e1 realizada para a comemora\u00e7\u00e3o da data especial. Mesmo assim, a equipe do hospital organizou algumas a\u00e7\u00f5es, mesmo que de forma virtual, para celebrar o anivers\u00e1rio. A dire\u00e7\u00e3o ainda informou que em breve ser\u00e1 divulgado um cronograma das atra\u00e7\u00f5es.<\/p>\n","protected":false},"excerpt":{"rendered":"<p>Unidade atende mais de 20 cidades da regi\u00e3o Unidade refer\u00eancia em toda a regi\u00e3o, o Hospital do C\u00e2ncer de Franca completa nesta quarta-feira (6) mais um<span class=\"excerpt-hellip\"> [\u2026]<\/span><\/p>\n","protected":false},"author":4,"featured_media":13048,"comment_status":"open","ping_status":"open","sticky":false,"template":"","format":"standard","meta":{"_jetpack_memberships_contains_paid_content":false,"footnotes":"","jetpack_publicize_message":"","jetpack_publicize_feature_enabled":true,"jetpack_social_post_already_shared":false,"jetpack_social_options":{"image_generator_settings":{"template":"highway","default_image_id":0,"enabled":false},"version":2}},"categories":[28,81],"tags":[],"class_list":["post-13045","post","type-post","status-publish","format-standard","has-post-thumbnail","hentry","category-cotidiano","category-manchete"],"yoast_head":"<!-- This site is optimized with the Yoast SEO plugin v25.6 - https:\/\/yoast.com\/wordpress\/plugins\/seo\/ -->\n<title>Hospital do C\u00e2ncer de Franca completa 19 anos de hist\u00f3ria - VerdadeOn<\/title>\n<meta name=\"robots\" content=\"index, follow, max-snippet:-1, max-image-preview:large, max-video-preview:-1\" \/>\n<link rel=\"canonical\" href=\"https:\/\/verdadeon.com.br\/portal\/2021\/01\/05\/hospital-do-cancer-de-franca-completa-19-anos-de-historia\/\" \/>\n<meta property=\"og:locale\" content=\"pt_BR\" \/>\n<meta property=\"og:type\" content=\"article\" \/>\n<meta property=\"og:title\" content=\"Hospital do C\u00e2ncer de Franca completa 19 anos de hist\u00f3ria - VerdadeOn\" \/>\n<meta property=\"og:description\" content=\"Unidade atende mais de 20 cidades da regi\u00e3o Unidade refer\u00eancia em toda a regi\u00e3o, o Hospital do C\u00e2ncer de Franca completa nesta quarta-feira (6) mais um [\u2026]\" \/>\n<meta property=\"og:url\" content=\"https:\/\/verdadeon.com.br\/portal\/2021\/01\/05\/hospital-do-cancer-de-franca-completa-19-anos-de-historia\/\" \/>\n<meta property=\"og:site_name\" content=\"VerdadeOn\" \/>\n<meta property=\"article:published_time\" content=\"2021-01-05T17:13:30+00:00\" \/>\n<meta property=\"og:image\" content=\"https:\/\/verdadeon.com.br\/portal\/wp-content\/uploads\/2021\/01\/hospital-cancer-festividades-17-anos-foto-guto-goncalves-85-co\u0301pia.jpg\" \/>\n\t<meta property=\"og:image:width\" content=\"1000\" \/>\n\t<meta property=\"og:image:height\" content=\"670\" \/>\n\t<meta property=\"og:image:type\" content=\"image\/jpeg\" \/>\n<meta name=\"author\" content=\"Fernando Calixto\" \/>\n<meta name=\"twitter:card\" content=\"summary_large_image\" \/>\n<meta name=\"twitter:label1\" content=\"Escrito por\" \/>\n\t<meta name=\"twitter:data1\" content=\"Fernando Calixto\" \/>\n\t<meta name=\"twitter:label2\" content=\"Est. tempo de leitura\" \/>\n\t<meta name=\"twitter:data2\" content=\"2 minutos\" \/>\n<script type=\"application\/ld+json\" class=\"yoast-schema-graph\">{\"@context\":\"https:\/\/schema.org\",\"@graph\":[{\"@type\":\"WebPage\",\"@id\":\"https:\/\/verdadeon.com.br\/portal\/2021\/01\/05\/hospital-do-cancer-de-franca-completa-19-anos-de-historia\/\",\"url\":\"https:\/\/verdadeon.com.br\/portal\/2021\/01\/05\/hospital-do-cancer-de-franca-completa-19-anos-de-historia\/\",\"name\":\"Hospital do C\u00e2ncer de Franca completa 19 anos de hist\u00f3ria - VerdadeOn\",\"isPartOf\":{\"@id\":\"https:\/\/verdadeon.com.br\/portal\/#website\"},\"primaryImageOfPage\":{\"@id\":\"https:\/\/verdadeon.com.br\/portal\/2021\/01\/05\/hospital-do-cancer-de-franca-completa-19-anos-de-historia\/#primaryimage\"},\"image\":{\"@id\":\"https:\/\/verdadeon.com.br\/portal\/2021\/01\/05\/hospital-do-cancer-de-franca-completa-19-anos-de-historia\/#primaryimage\"},\"thumbnailUrl\":\"https:\/\/i0.wp.com\/verdadeon.com.br\/portal\/wp-content\/uploads\/2021\/01\/hospital-cancer-festividades-17-anos-foto-guto-goncalves-85-co%CC%81pia.jpg?fit=1000%2C670&ssl=1\",\"datePublished\":\"2021-01-05T17:13:30+00:00\",\"author\":{\"@id\":\"https:\/\/verdadeon.com.br\/portal\/#\/schema\/person\/8994718f49ee62ba5610471e29ca1f62\"},\"breadcrumb\":{\"@id\":\"https:\/\/verdadeon.com.br\/portal\/2021\/01\/05\/hospital-do-cancer-de-franca-completa-19-anos-de-historia\/#breadcrumb\"},\"inLanguage\":\"pt-BR\",\"potentialAction\":[{\"@type\":\"ReadAction\",\"target\":[\"https:\/\/verdadeon.com.br\/portal\/2021\/01\/05\/hospital-do-cancer-de-franca-completa-19-anos-de-historia\/\"]}]},{\"@type\":\"ImageObject\",\"inLanguage\":\"pt-BR\",\"@id\":\"https:\/\/verdadeon.com.br\/portal\/2021\/01\/05\/hospital-do-cancer-de-franca-completa-19-anos-de-historia\/#primaryimage\",\"url\":\"https:\/\/i0.wp.com\/verdadeon.com.br\/portal\/wp-content\/uploads\/2021\/01\/hospital-cancer-festividades-17-anos-foto-guto-goncalves-85-co%CC%81pia.jpg?fit=1000%2C670&ssl=1\",\"contentUrl\":\"https:\/\/i0.wp.com\/verdadeon.com.br\/portal\/wp-content\/uploads\/2021\/01\/hospital-cancer-festividades-17-anos-foto-guto-goncalves-85-co%CC%81pia.jpg?fit=1000%2C670&ssl=1\",\"width\":1000,\"height\":670,\"caption\":\"\u00a0Nesta quarta-feira (6), o Hospital do C\u00e2ncer de Franca comemora 19 anos | Foto: Divulga\u00e7\u00e3o\"},{\"@type\":\"BreadcrumbList\",\"@id\":\"https:\/\/verdadeon.com.br\/portal\/2021\/01\/05\/hospital-do-cancer-de-franca-completa-19-anos-de-historia\/#breadcrumb\",\"itemListElement\":[{\"@type\":\"ListItem\",\"position\":1,\"name\":\"In\u00edcio\",\"item\":\"https:\/\/verdadeon.com.br\/portal\/\"},{\"@type\":\"ListItem\",\"position\":2,\"name\":\"Hospital do C\u00e2ncer de Franca completa 19 anos de hist\u00f3ria\"}]},{\"@type\":\"WebSite\",\"@id\":\"https:\/\/verdadeon.com.br\/portal\/#website\",\"url\":\"https:\/\/verdadeon.com.br\/portal\/\",\"name\":\"VerdadeOn\",\"description\":\"Not\u00edcias di\u00e1rias sobre Franca, Regi\u00e3o, Esporte, Cultura, Cotidiano, Colunas. Cobertura nos principais eventos da cidade \u00e9 aqui - Verdadeon Franca\",\"potentialAction\":[{\"@type\":\"SearchAction\",\"target\":{\"@type\":\"EntryPoint\",\"urlTemplate\":\"https:\/\/verdadeon.com.br\/portal\/?s={search_term_string}\"},\"query-input\":{\"@type\":\"PropertyValueSpecification\",\"valueRequired\":true,\"valueName\":\"search_term_string\"}}],\"inLanguage\":\"pt-BR\"},{\"@type\":\"Person\",\"@id\":\"https:\/\/verdadeon.com.br\/portal\/#\/schema\/person\/8994718f49ee62ba5610471e29ca1f62\",\"name\":\"Fernando Calixto\",\"image\":{\"@type\":\"ImageObject\",\"inLanguage\":\"pt-BR\",\"@id\":\"https:\/\/verdadeon.com.br\/portal\/#\/schema\/person\/image\/\",\"url\":\"https:\/\/secure.gravatar.com\/avatar\/7578910c24966c0316c340f9dbd601e93ee9f9212e1033968b367af9306bd9fb?s=96&d=mm&r=g\",\"contentUrl\":\"https:\/\/secure.gravatar.com\/avatar\/7578910c24966c0316c340f9dbd601e93ee9f9212e1033968b367af9306bd9fb?s=96&d=mm&r=g\",\"caption\":\"Fernando Calixto\"},\"url\":\"https:\/\/verdadeon.com.br\/portal\/author\/fernando-calixto\/\"}]}<\/script>\n<!-- \/ Yoast SEO plugin. -->","yoast_head_json":{"title":"Hospital do C\u00e2ncer de Franca completa 19 anos de hist\u00f3ria - VerdadeOn","robots":{"index":"index","follow":"follow","max-snippet":"max-snippet:-1","max-image-preview":"max-image-preview:large","max-video-preview":"max-video-preview:-1"},"canonical":"https:\/\/verdadeon.com.br\/portal\/2021\/01\/05\/hospital-do-cancer-de-franca-completa-19-anos-de-historia\/","og_locale":"pt_BR","og_type":"article","og_title":"Hospital do C\u00e2ncer de Franca completa 19 anos de hist\u00f3ria - VerdadeOn","og_description":"Unidade atende mais de 20 cidades da regi\u00e3o Unidade refer\u00eancia em toda a regi\u00e3o, o Hospital do C\u00e2ncer de Franca completa nesta quarta-feira (6) mais um [\u2026]","og_url":"https:\/\/verdadeon.com.br\/portal\/2021\/01\/05\/hospital-do-cancer-de-franca-completa-19-anos-de-historia\/","og_site_name":"VerdadeOn","article_published_time":"2021-01-05T17:13:30+00:00","og_image":[{"width":1000,"height":670,"url":"https:\/\/verdadeon.com.br\/portal\/wp-content\/uploads\/2021\/01\/hospital-cancer-festividades-17-anos-foto-guto-goncalves-85-co\u0301pia.jpg","type":"image\/jpeg"}],"author":"Fernando Calixto","twitter_card":"summary_large_image","twitter_misc":{"Escrito por":"Fernando Calixto","Est. tempo de leitura":"2 minutos"},"schema":{"@context":"https:\/\/schema.org","@graph":[{"@type":"WebPage","@id":"https:\/\/verdadeon.com.br\/portal\/2021\/01\/05\/hospital-do-cancer-de-franca-completa-19-anos-de-historia\/","url":"https:\/\/verdadeon.com.br\/portal\/2021\/01\/05\/hospital-do-cancer-de-franca-completa-19-anos-de-historia\/","name":"Hospital do C\u00e2ncer de Franca completa 19 anos de hist\u00f3ria - VerdadeOn","isPartOf":{"@id":"https:\/\/verdadeon.com.br\/portal\/#website"},"primaryImageOfPage":{"@id":"https:\/\/verdadeon.com.br\/portal\/2021\/01\/05\/hospital-do-cancer-de-franca-completa-19-anos-de-historia\/#primaryimage"},"image":{"@id":"https:\/\/verdadeon.com.br\/portal\/2021\/01\/05\/hospital-do-cancer-de-franca-completa-19-anos-de-historia\/#primaryimage"},"thumbnailUrl":"https:\/\/i0.wp.com\/verdadeon.com.br\/portal\/wp-content\/uploads\/2021\/01\/hospital-cancer-festividades-17-anos-foto-guto-goncalves-85-co%CC%81pia.jpg?fit=1000%2C670&ssl=1","datePublished":"2021-01-05T17:13:30+00:00","author":{"@id":"https:\/\/verdadeon.com.br\/portal\/#\/schema\/person\/8994718f49ee62ba5610471e29ca1f62"},"breadcrumb":{"@id":"https:\/\/verdadeon.com.br\/portal\/2021\/01\/05\/hospital-do-cancer-de-franca-completa-19-anos-de-historia\/#breadcrumb"},"inLanguage":"pt-BR","potentialAction":[{"@type":"ReadAction","target":["https:\/\/verdadeon.com.br\/portal\/2021\/01\/05\/hospital-do-cancer-de-franca-completa-19-anos-de-historia\/"]}]},{"@type":"ImageObject","inLanguage":"pt-BR","@id":"https:\/\/verdadeon.com.br\/portal\/2021\/01\/05\/hospital-do-cancer-de-franca-completa-19-anos-de-historia\/#primaryimage","url":"https:\/\/i0.wp.com\/verdadeon.com.br\/portal\/wp-content\/uploads\/2021\/01\/hospital-cancer-festividades-17-anos-foto-guto-goncalves-85-co%CC%81pia.jpg?fit=1000%2C670&ssl=1","contentUrl":"https:\/\/i0.wp.com\/verdadeon.com.br\/portal\/wp-content\/uploads\/2021\/01\/hospital-cancer-festividades-17-anos-foto-guto-goncalves-85-co%CC%81pia.jpg?fit=1000%2C670&ssl=1","width":1000,"height":670,"caption":"\u00a0Nesta quarta-feira (6), o Hospital do C\u00e2ncer de Franca comemora 19 anos | Foto: Divulga\u00e7\u00e3o"},{"@type":"BreadcrumbList","@id":"https:\/\/verdadeon.com.br\/portal\/2021\/01\/05\/hospital-do-cancer-de-franca-completa-19-anos-de-historia\/#breadcrumb","itemListElement":[{"@type":"ListItem","position":1,"name":"In\u00edcio","item":"https:\/\/verdadeon.com.br\/portal\/"},{"@type":"ListItem","position":2,"name":"Hospital do C\u00e2ncer de Franca completa 19 anos de hist\u00f3ria"}]},{"@type":"WebSite","@id":"https:\/\/verdadeon.com.br\/portal\/#website","url":"https:\/\/verdadeon.com.br\/portal\/","name":"VerdadeOn","description":"Not\u00edcias di\u00e1rias sobre Franca, Regi\u00e3o, Esporte, Cultura, Cotidiano, Colunas. Cobertura nos principais eventos da cidade \u00e9 aqui - Verdadeon Franca","potentialAction":[{"@type":"SearchAction","target":{"@type":"EntryPoint","urlTemplate":"https:\/\/verdadeon.com.br\/portal\/?s={search_term_string}"},"query-input":{"@type":"PropertyValueSpecification","valueRequired":true,"valueName":"search_term_string"}}],"inLanguage":"pt-BR"},{"@type":"Person","@id":"https:\/\/verdadeon.com.br\/portal\/#\/schema\/person\/8994718f49ee62ba5610471e29ca1f62","name":"Fernando Calixto","image":{"@type":"ImageObject","inLanguage":"pt-BR","@id":"https:\/\/verdadeon.com.br\/portal\/#\/schema\/person\/image\/","url":"https:\/\/secure.gravatar.com\/avatar\/7578910c24966c0316c340f9dbd601e93ee9f9212e1033968b367af9306bd9fb?s=96&d=mm&r=g","contentUrl":"https:\/\/secure.gravatar.com\/avatar\/7578910c24966c0316c340f9dbd601e93ee9f9212e1033968b367af9306bd9fb?s=96&d=mm&r=g","caption":"Fernando Calixto"},"url":"https:\/\/verdadeon.com.br\/portal\/author\/fernando-calixto\/"}]}},"jetpack_publicize_connections":[],"jetpack_featured_media_url":"https:\/\/i0.wp.com\/verdadeon.com.br\/portal\/wp-content\/uploads\/2021\/01\/hospital-cancer-festividades-17-anos-foto-guto-goncalves-85-co%CC%81pia.jpg?fit=1000%2C670&ssl=1","jetpack_sharing_enabled":true,"_links":{"self":[{"href":"https:\/\/verdadeon.com.br\/portal\/wp-json\/wp\/v2\/posts\/13045","targetHints":{"allow":["GET"]}}],"collection":[{"href":"https:\/\/verdadeon.com.br\/portal\/wp-json\/wp\/v2\/posts"}],"about":[{"href":"https:\/\/verdadeon.com.br\/portal\/wp-json\/wp\/v2\/types\/post"}],"author":[{"embeddable":true,"href":"https:\/\/verdadeon.com.br\/portal\/wp-json\/wp\/v2\/users\/4"}],"replies":[{"embeddable":true,"href":"https:\/\/verdadeon.com.br\/portal\/wp-json\/wp\/v2\/comments?post=13045"}],"version-history":[{"count":0,"href":"https:\/\/verdadeon.com.br\/portal\/wp-json\/wp\/v2\/posts\/13045\/revisions"}],"wp:featuredmedia":[{"embeddable":true,"href":"https:\/\/verdadeon.com.br\/portal\/wp-json\/wp\/v2\/media\/13048"}],"wp:attachment":[{"href":"https:\/\/verdadeon.com.br\/portal\/wp-json\/wp\/v2\/media?parent=13045"}],"wp:term":[{"taxonomy":"category","embeddable":true,"href":"https:\/\/verdadeon.com.br\/portal\/wp-json\/wp\/v2\/categories?post=13045"},{"taxonomy":"post_tag","embeddable":true,"href":"https:\/\/verdadeon.com.br\/portal\/wp-json\/wp\/v2\/tags?post=13045"}],"curies":[{"name":"wp","href":"https:\/\/api.w.org\/{rel}","templated":true}]}}