{"id":13029,"date":"2021-01-05T11:55:04","date_gmt":"2021-01-05T14:55:04","guid":{"rendered":"http:\/\/verdadeon.com.br\/portal\/?p=13029"},"modified":"2021-01-05T11:55:04","modified_gmt":"2021-01-05T14:55:04","slug":"sao-paulo-confirma-dois-casos-da-variante-inglesa-do-novo-coronavirus","status":"publish","type":"post","link":"https:\/\/verdadeon.com.br\/portal\/2021\/01\/05\/sao-paulo-confirma-dois-casos-da-variante-inglesa-do-novo-coronavirus\/","title":{"rendered":"S\u00e3o Paulo confirma dois casos da variante inglesa do novo coronav\u00edrus"},"content":{"rendered":"<div class=\"col-lg-12 mb-3\">\n<div class=\"row\">\n<h3 class=\"col-10 offset-1 animated fadeInDown dealy-900 display-8 display-md-8 alt-font font-italic my-1 text-center\">Mulher de 25 anos e homem de 34 anos tiveram resultado positivo<\/h3>\n<\/div>\n<\/div>\n<div class=\"col-lg-12 mb-3\">Elaine Patricia Cruz \u2013 Rep\u00f3rter da Ag\u00eancia Brasil &#8211; S\u00e3o Paulo<\/p>\n<\/div>\n<div class=\"col-xl-7 offset-xl-1 col-lg-8 offset-lg-0 col-md-10 offset-md-1 mb-3\">\n<div class=\"post-item alt-font\">\n<div class=\"post-item-wrap\">\n<p>A variante do novo coronav\u00edrus, detectada inicialmente no Reino Unido, j\u00e1 est\u00e1 no Brasil. A confirma\u00e7\u00e3o foi feita na tarde de\u00a0<span id=\"OBJ_PREFIX_DWT338_com_zimbra_date\" role=\"link\">hoje<\/span>\u00a0(4) pela Secretaria Estadual da Sa\u00fade de S\u00e3o Paulo, ap\u00f3s an\u00e1lise de amostras no Laborat\u00f3rio Estrat\u00e9gico do Instituto Adolfo Lutz.<img data-recalc-dims=\"1\" decoding=\"async\" src=\"https:\/\/i0.wp.com\/agenciabrasil.ebc.com.br\/ebc.png?w=1220&#038;ssl=1\" \/><img data-recalc-dims=\"1\" decoding=\"async\" src=\"https:\/\/i0.wp.com\/agenciabrasil.ebc.com.br\/ebc.gif?w=1220&#038;ssl=1\" \/><\/p>\n<p>Dois casos foram confirmados em S\u00e3o Paulo. Uma das pessoas com resultado positivo \u00e9 uma mulher de 25 anos, residente em S\u00e3o Paulo, que se infectou ap\u00f3s contato com viajantes que passaram pelo territ\u00f3rio brit\u00e2nico. No dia\u00a0<span id=\"OBJ_PREFIX_DWT420_com_zimbra_date\" role=\"link\">20 de dezembro<\/span>, ela come\u00e7ou a apresentar sintomas como dores de cabe\u00e7a e garganta, tosse, mal-estar e perda de paladar.<\/p>\n<p>O outro infectado \u00e9 um homem de 34 anos, e a Secretaria de Sa\u00fade investiga seu local de moradia e sintomas.<\/p>\n<p>Segundo a secretaria, ambos os casos s\u00e3o da linhagem B.1.1.7, nova cepa que n\u00e3o se mostra mais letal, mas pode ser mais transmiss\u00edvel.<\/p>\n<p>Na \u00faltima\u00a0<span id=\"OBJ_PREFIX_DWT1415_com_zimbra_date\"><span id=\"OBJ_PREFIX_DWT1423_com_zimbra_date\"><span id=\"OBJ_PREFIX_DWT421_com_zimbra_date\" role=\"link\">quinta<\/span><\/span><\/span>-feira, o Centro de Informa\u00e7\u00f5es Estrat\u00e9gicas em Vigil\u00e2ncia em Sa\u00fade de S\u00e3o Paulo foi notificado pelo laborat\u00f3rio de medicina diagn\u00f3stica Dasa da<a href=\"https:\/\/agenciabrasil.ebc.com.br\/saude\/noticia\/2020-12\/ms-confirma-suspeita-de-nova-variante-de-covid-19-no-brasil\" target=\"_blank\" rel=\"noopener\">\u00a0suspeita de dois casos\u00a0<\/a>de uma variante do novo coronav\u00edrus (SARS-CoV-2) no estado de S\u00e3o Paulo. A confirma\u00e7\u00e3o da cepa em dois pacientes foi feita por meio de sequenciamento gen\u00e9tico realizado em parceria com a Faculdade de Medicina da Universidade de S\u00e3o Paulo (USP).<\/p>\n<p>Ap\u00f3s a confirma\u00e7\u00e3o do laborat\u00f3rio Dasa sobre essa suspeita, as amostras foram enviadas para o Instituto Adolfo Lutz, que deu in\u00edcio ao trabalho de an\u00e1lise e sequenciamento gen\u00e9tico para identificar se a nova cepa j\u00e1 teria mesmo chegado ao Brasil. Essa an\u00e1lise foi conclu\u00edda\u00a0<span id=\"OBJ_PREFIX_DWT423_com_zimbra_date\" role=\"link\">hoje<\/span>\u00a0e confirmou a suspeita.<\/p>\n<p>Os sequenciamentos de amostras realizados pelo Adolfo Lutz mostraram-se, segundo a secretaria, mais completos que o do Reino Unido e foram ent\u00e3o depositados no banco de dados\u00a0<em>online\u00a0<\/em>e mundial GISAID, uma Iniciativa Global de Compartilhamento de Todos os Dados sobre Influenza.<\/p>\n<p><em>O texto foi alterado \u00e0s 16h20 ap\u00f3s envio de novos dados pela Secretaria de Sa\u00fade<\/em><\/p>\n<\/div>\n<p class=\"alt-font font-italic my-2 small text-info\">Edi\u00e7\u00e3o: N\u00e1dia Franco<\/p>\n<\/div>\n<\/div>\n","protected":false},"excerpt":{"rendered":"<p>Mulher de 25 anos e homem de 34 anos tiveram resultado positivo Elaine Patricia Cruz \u2013 Rep\u00f3rter da Ag\u00eancia Brasil &#8211; S\u00e3o Paulo A variante do<span class=\"excerpt-hellip\"> [\u2026]<\/span><\/p>\n","protected":false},"author":4,"featured_media":13032,"comment_status":"open","ping_status":"open","sticky":false,"template":"","format":"standard","meta":{"_jetpack_memberships_contains_paid_content":false,"footnotes":"","jetpack_publicize_message":"","jetpack_publicize_feature_enabled":true,"jetpack_social_post_already_shared":false,"jetpack_social_options":{"image_generator_settings":{"template":"highway","default_image_id":0,"enabled":false},"version":2}},"categories":[28,44],"tags":[],"class_list":["post-13029","post","type-post","status-publish","format-standard","has-post-thumbnail","hentry","category-cotidiano","category-noticias"],"yoast_head":"<!-- This site is optimized with the Yoast SEO plugin v25.6 - https:\/\/yoast.com\/wordpress\/plugins\/seo\/ -->\n<title>S\u00e3o Paulo confirma dois casos da variante inglesa do novo coronav\u00edrus - VerdadeOn<\/title>\n<meta name=\"robots\" content=\"index, follow, max-snippet:-1, max-image-preview:large, max-video-preview:-1\" \/>\n<link rel=\"canonical\" href=\"https:\/\/verdadeon.com.br\/portal\/2021\/01\/05\/sao-paulo-confirma-dois-casos-da-variante-inglesa-do-novo-coronavirus\/\" \/>\n<meta property=\"og:locale\" content=\"pt_BR\" \/>\n<meta property=\"og:type\" content=\"article\" \/>\n<meta property=\"og:title\" content=\"S\u00e3o Paulo confirma dois casos da variante inglesa do novo coronav\u00edrus - VerdadeOn\" \/>\n<meta property=\"og:description\" content=\"Mulher de 25 anos e homem de 34 anos tiveram resultado positivo Elaine Patricia Cruz \u2013 Rep\u00f3rter da Ag\u00eancia Brasil &#8211; S\u00e3o Paulo A variante do [\u2026]\" \/>\n<meta property=\"og:url\" content=\"https:\/\/verdadeon.com.br\/portal\/2021\/01\/05\/sao-paulo-confirma-dois-casos-da-variante-inglesa-do-novo-coronavirus\/\" \/>\n<meta property=\"og:site_name\" content=\"VerdadeOn\" \/>\n<meta property=\"article:published_time\" content=\"2021-01-05T14:55:04+00:00\" \/>\n<meta property=\"og:image\" content=\"https:\/\/verdadeon.com.br\/portal\/wp-content\/uploads\/2021\/01\/12746.jpg\" \/>\n\t<meta property=\"og:image:width\" content=\"1000\" \/>\n\t<meta property=\"og:image:height\" content=\"670\" \/>\n\t<meta property=\"og:image:type\" content=\"image\/jpeg\" \/>\n<meta name=\"author\" content=\"Fernando Calixto\" \/>\n<meta name=\"twitter:card\" content=\"summary_large_image\" \/>\n<meta name=\"twitter:label1\" content=\"Escrito por\" \/>\n\t<meta name=\"twitter:data1\" content=\"Fernando Calixto\" \/>\n\t<meta name=\"twitter:label2\" content=\"Est. tempo de leitura\" \/>\n\t<meta name=\"twitter:data2\" content=\"2 minutos\" \/>\n<script type=\"application\/ld+json\" class=\"yoast-schema-graph\">{\"@context\":\"https:\/\/schema.org\",\"@graph\":[{\"@type\":\"WebPage\",\"@id\":\"https:\/\/verdadeon.com.br\/portal\/2021\/01\/05\/sao-paulo-confirma-dois-casos-da-variante-inglesa-do-novo-coronavirus\/\",\"url\":\"https:\/\/verdadeon.com.br\/portal\/2021\/01\/05\/sao-paulo-confirma-dois-casos-da-variante-inglesa-do-novo-coronavirus\/\",\"name\":\"S\u00e3o Paulo confirma dois casos da variante inglesa do novo coronav\u00edrus - VerdadeOn\",\"isPartOf\":{\"@id\":\"https:\/\/verdadeon.com.br\/portal\/#website\"},\"primaryImageOfPage\":{\"@id\":\"https:\/\/verdadeon.com.br\/portal\/2021\/01\/05\/sao-paulo-confirma-dois-casos-da-variante-inglesa-do-novo-coronavirus\/#primaryimage\"},\"image\":{\"@id\":\"https:\/\/verdadeon.com.br\/portal\/2021\/01\/05\/sao-paulo-confirma-dois-casos-da-variante-inglesa-do-novo-coronavirus\/#primaryimage\"},\"thumbnailUrl\":\"https:\/\/i0.wp.com\/verdadeon.com.br\/portal\/wp-content\/uploads\/2021\/01\/12746.jpg?fit=1000%2C670&ssl=1\",\"datePublished\":\"2021-01-05T14:55:04+00:00\",\"author\":{\"@id\":\"https:\/\/verdadeon.com.br\/portal\/#\/schema\/person\/8994718f49ee62ba5610471e29ca1f62\"},\"breadcrumb\":{\"@id\":\"https:\/\/verdadeon.com.br\/portal\/2021\/01\/05\/sao-paulo-confirma-dois-casos-da-variante-inglesa-do-novo-coronavirus\/#breadcrumb\"},\"inLanguage\":\"pt-BR\",\"potentialAction\":[{\"@type\":\"ReadAction\",\"target\":[\"https:\/\/verdadeon.com.br\/portal\/2021\/01\/05\/sao-paulo-confirma-dois-casos-da-variante-inglesa-do-novo-coronavirus\/\"]}]},{\"@type\":\"ImageObject\",\"inLanguage\":\"pt-BR\",\"@id\":\"https:\/\/verdadeon.com.br\/portal\/2021\/01\/05\/sao-paulo-confirma-dois-casos-da-variante-inglesa-do-novo-coronavirus\/#primaryimage\",\"url\":\"https:\/\/i0.wp.com\/verdadeon.com.br\/portal\/wp-content\/uploads\/2021\/01\/12746.jpg?fit=1000%2C670&ssl=1\",\"contentUrl\":\"https:\/\/i0.wp.com\/verdadeon.com.br\/portal\/wp-content\/uploads\/2021\/01\/12746.jpg?fit=1000%2C670&ssl=1\",\"width\":1000,\"height\":670,\"caption\":\"Adolf Lutz\"},{\"@type\":\"BreadcrumbList\",\"@id\":\"https:\/\/verdadeon.com.br\/portal\/2021\/01\/05\/sao-paulo-confirma-dois-casos-da-variante-inglesa-do-novo-coronavirus\/#breadcrumb\",\"itemListElement\":[{\"@type\":\"ListItem\",\"position\":1,\"name\":\"In\u00edcio\",\"item\":\"https:\/\/verdadeon.com.br\/portal\/\"},{\"@type\":\"ListItem\",\"position\":2,\"name\":\"S\u00e3o Paulo confirma dois casos da variante inglesa do novo coronav\u00edrus\"}]},{\"@type\":\"WebSite\",\"@id\":\"https:\/\/verdadeon.com.br\/portal\/#website\",\"url\":\"https:\/\/verdadeon.com.br\/portal\/\",\"name\":\"VerdadeOn\",\"description\":\"Not\u00edcias di\u00e1rias sobre Franca, Regi\u00e3o, Esporte, Cultura, Cotidiano, Colunas. Cobertura nos principais eventos da cidade \u00e9 aqui - Verdadeon Franca\",\"potentialAction\":[{\"@type\":\"SearchAction\",\"target\":{\"@type\":\"EntryPoint\",\"urlTemplate\":\"https:\/\/verdadeon.com.br\/portal\/?s={search_term_string}\"},\"query-input\":{\"@type\":\"PropertyValueSpecification\",\"valueRequired\":true,\"valueName\":\"search_term_string\"}}],\"inLanguage\":\"pt-BR\"},{\"@type\":\"Person\",\"@id\":\"https:\/\/verdadeon.com.br\/portal\/#\/schema\/person\/8994718f49ee62ba5610471e29ca1f62\",\"name\":\"Fernando Calixto\",\"image\":{\"@type\":\"ImageObject\",\"inLanguage\":\"pt-BR\",\"@id\":\"https:\/\/verdadeon.com.br\/portal\/#\/schema\/person\/image\/\",\"url\":\"https:\/\/secure.gravatar.com\/avatar\/7578910c24966c0316c340f9dbd601e93ee9f9212e1033968b367af9306bd9fb?s=96&d=mm&r=g\",\"contentUrl\":\"https:\/\/secure.gravatar.com\/avatar\/7578910c24966c0316c340f9dbd601e93ee9f9212e1033968b367af9306bd9fb?s=96&d=mm&r=g\",\"caption\":\"Fernando Calixto\"},\"url\":\"https:\/\/verdadeon.com.br\/portal\/author\/fernando-calixto\/\"}]}<\/script>\n<!-- \/ Yoast SEO plugin. -->","yoast_head_json":{"title":"S\u00e3o Paulo confirma dois casos da variante inglesa do novo coronav\u00edrus - VerdadeOn","robots":{"index":"index","follow":"follow","max-snippet":"max-snippet:-1","max-image-preview":"max-image-preview:large","max-video-preview":"max-video-preview:-1"},"canonical":"https:\/\/verdadeon.com.br\/portal\/2021\/01\/05\/sao-paulo-confirma-dois-casos-da-variante-inglesa-do-novo-coronavirus\/","og_locale":"pt_BR","og_type":"article","og_title":"S\u00e3o Paulo confirma dois casos da variante inglesa do novo coronav\u00edrus - VerdadeOn","og_description":"Mulher de 25 anos e homem de 34 anos tiveram resultado positivo Elaine Patricia Cruz \u2013 Rep\u00f3rter da Ag\u00eancia Brasil &#8211; S\u00e3o Paulo A variante do [\u2026]","og_url":"https:\/\/verdadeon.com.br\/portal\/2021\/01\/05\/sao-paulo-confirma-dois-casos-da-variante-inglesa-do-novo-coronavirus\/","og_site_name":"VerdadeOn","article_published_time":"2021-01-05T14:55:04+00:00","og_image":[{"width":1000,"height":670,"url":"https:\/\/verdadeon.com.br\/portal\/wp-content\/uploads\/2021\/01\/12746.jpg","type":"image\/jpeg"}],"author":"Fernando Calixto","twitter_card":"summary_large_image","twitter_misc":{"Escrito por":"Fernando Calixto","Est. tempo de leitura":"2 minutos"},"schema":{"@context":"https:\/\/schema.org","@graph":[{"@type":"WebPage","@id":"https:\/\/verdadeon.com.br\/portal\/2021\/01\/05\/sao-paulo-confirma-dois-casos-da-variante-inglesa-do-novo-coronavirus\/","url":"https:\/\/verdadeon.com.br\/portal\/2021\/01\/05\/sao-paulo-confirma-dois-casos-da-variante-inglesa-do-novo-coronavirus\/","name":"S\u00e3o Paulo confirma dois casos da variante inglesa do novo coronav\u00edrus - VerdadeOn","isPartOf":{"@id":"https:\/\/verdadeon.com.br\/portal\/#website"},"primaryImageOfPage":{"@id":"https:\/\/verdadeon.com.br\/portal\/2021\/01\/05\/sao-paulo-confirma-dois-casos-da-variante-inglesa-do-novo-coronavirus\/#primaryimage"},"image":{"@id":"https:\/\/verdadeon.com.br\/portal\/2021\/01\/05\/sao-paulo-confirma-dois-casos-da-variante-inglesa-do-novo-coronavirus\/#primaryimage"},"thumbnailUrl":"https:\/\/i0.wp.com\/verdadeon.com.br\/portal\/wp-content\/uploads\/2021\/01\/12746.jpg?fit=1000%2C670&ssl=1","datePublished":"2021-01-05T14:55:04+00:00","author":{"@id":"https:\/\/verdadeon.com.br\/portal\/#\/schema\/person\/8994718f49ee62ba5610471e29ca1f62"},"breadcrumb":{"@id":"https:\/\/verdadeon.com.br\/portal\/2021\/01\/05\/sao-paulo-confirma-dois-casos-da-variante-inglesa-do-novo-coronavirus\/#breadcrumb"},"inLanguage":"pt-BR","potentialAction":[{"@type":"ReadAction","target":["https:\/\/verdadeon.com.br\/portal\/2021\/01\/05\/sao-paulo-confirma-dois-casos-da-variante-inglesa-do-novo-coronavirus\/"]}]},{"@type":"ImageObject","inLanguage":"pt-BR","@id":"https:\/\/verdadeon.com.br\/portal\/2021\/01\/05\/sao-paulo-confirma-dois-casos-da-variante-inglesa-do-novo-coronavirus\/#primaryimage","url":"https:\/\/i0.wp.com\/verdadeon.com.br\/portal\/wp-content\/uploads\/2021\/01\/12746.jpg?fit=1000%2C670&ssl=1","contentUrl":"https:\/\/i0.wp.com\/verdadeon.com.br\/portal\/wp-content\/uploads\/2021\/01\/12746.jpg?fit=1000%2C670&ssl=1","width":1000,"height":670,"caption":"Adolf Lutz"},{"@type":"BreadcrumbList","@id":"https:\/\/verdadeon.com.br\/portal\/2021\/01\/05\/sao-paulo-confirma-dois-casos-da-variante-inglesa-do-novo-coronavirus\/#breadcrumb","itemListElement":[{"@type":"ListItem","position":1,"name":"In\u00edcio","item":"https:\/\/verdadeon.com.br\/portal\/"},{"@type":"ListItem","position":2,"name":"S\u00e3o Paulo confirma dois casos da variante inglesa do novo coronav\u00edrus"}]},{"@type":"WebSite","@id":"https:\/\/verdadeon.com.br\/portal\/#website","url":"https:\/\/verdadeon.com.br\/portal\/","name":"VerdadeOn","description":"Not\u00edcias di\u00e1rias sobre Franca, Regi\u00e3o, Esporte, Cultura, Cotidiano, Colunas. Cobertura nos principais eventos da cidade \u00e9 aqui - Verdadeon Franca","potentialAction":[{"@type":"SearchAction","target":{"@type":"EntryPoint","urlTemplate":"https:\/\/verdadeon.com.br\/portal\/?s={search_term_string}"},"query-input":{"@type":"PropertyValueSpecification","valueRequired":true,"valueName":"search_term_string"}}],"inLanguage":"pt-BR"},{"@type":"Person","@id":"https:\/\/verdadeon.com.br\/portal\/#\/schema\/person\/8994718f49ee62ba5610471e29ca1f62","name":"Fernando Calixto","image":{"@type":"ImageObject","inLanguage":"pt-BR","@id":"https:\/\/verdadeon.com.br\/portal\/#\/schema\/person\/image\/","url":"https:\/\/secure.gravatar.com\/avatar\/7578910c24966c0316c340f9dbd601e93ee9f9212e1033968b367af9306bd9fb?s=96&d=mm&r=g","contentUrl":"https:\/\/secure.gravatar.com\/avatar\/7578910c24966c0316c340f9dbd601e93ee9f9212e1033968b367af9306bd9fb?s=96&d=mm&r=g","caption":"Fernando Calixto"},"url":"https:\/\/verdadeon.com.br\/portal\/author\/fernando-calixto\/"}]}},"jetpack_publicize_connections":[],"jetpack_featured_media_url":"https:\/\/i0.wp.com\/verdadeon.com.br\/portal\/wp-content\/uploads\/2021\/01\/12746.jpg?fit=1000%2C670&ssl=1","jetpack_sharing_enabled":true,"_links":{"self":[{"href":"https:\/\/verdadeon.com.br\/portal\/wp-json\/wp\/v2\/posts\/13029","targetHints":{"allow":["GET"]}}],"collection":[{"href":"https:\/\/verdadeon.com.br\/portal\/wp-json\/wp\/v2\/posts"}],"about":[{"href":"https:\/\/verdadeon.com.br\/portal\/wp-json\/wp\/v2\/types\/post"}],"author":[{"embeddable":true,"href":"https:\/\/verdadeon.com.br\/portal\/wp-json\/wp\/v2\/users\/4"}],"replies":[{"embeddable":true,"href":"https:\/\/verdadeon.com.br\/portal\/wp-json\/wp\/v2\/comments?post=13029"}],"version-history":[{"count":0,"href":"https:\/\/verdadeon.com.br\/portal\/wp-json\/wp\/v2\/posts\/13029\/revisions"}],"wp:featuredmedia":[{"embeddable":true,"href":"https:\/\/verdadeon.com.br\/portal\/wp-json\/wp\/v2\/media\/13032"}],"wp:attachment":[{"href":"https:\/\/verdadeon.com.br\/portal\/wp-json\/wp\/v2\/media?parent=13029"}],"wp:term":[{"taxonomy":"category","embeddable":true,"href":"https:\/\/verdadeon.com.br\/portal\/wp-json\/wp\/v2\/categories?post=13029"},{"taxonomy":"post_tag","embeddable":true,"href":"https:\/\/verdadeon.com.br\/portal\/wp-json\/wp\/v2\/tags?post=13029"}],"curies":[{"name":"wp","href":"https:\/\/api.w.org\/{rel}","templated":true}]}}