{"id":13017,"date":"2021-01-04T15:49:28","date_gmt":"2021-01-04T18:49:28","guid":{"rendered":"http:\/\/verdadeon.com.br\/portal\/?p=13017"},"modified":"2021-01-04T15:49:28","modified_gmt":"2021-01-04T18:49:28","slug":"franca-basquete-tem-1-mes-sem-jogos-pelo-nbb-e-aguarda-super-8","status":"publish","type":"post","link":"https:\/\/verdadeon.com.br\/portal\/2021\/01\/04\/franca-basquete-tem-1-mes-sem-jogos-pelo-nbb-e-aguarda-super-8\/","title":{"rendered":"Franca Basquete tem 1 m\u00eas sem jogos pelo NBB e aguarda Super 8"},"content":{"rendered":"<h2>Equipe ficar\u00e1 treinando ap\u00f3s intensa frequ\u00eancia de jogos<\/h2>\n<p>Ap\u00f3s sequ\u00eancia intensa de jogos disputados pelo NBB (Novo Basquete Brasil) em dezembro, O Sesi Franca Basquete ter\u00e1 um per\u00edodo interessante apenas para trabalhar e voltar com tudo para a competi\u00e7\u00e3o nacional. Isso porque, at\u00e9 o dia 25 de janeiro, o time treinado por Helinho Garcia n\u00e3o tem nenhum compromisso marcado at\u00e9 este momento.<\/p>\n<p>Esse cen\u00e1rio ainda pode mudar, j\u00e1 que o Sesi Franca aguarda as defini\u00e7\u00f5es da tabela de classifica\u00e7\u00e3o do primeiro turno da liga. Assim, Helinho e companhia saber\u00e3o se a equipe vai disputar a Copa Super 8 que, como o nome sugere, contempla as oito melhores equipes do NBB. Neste momento, Franca est\u00e1 na s\u00e9tima posi\u00e7\u00e3o, mas j\u00e1 disputou todos os jogos da fase inicial.<\/p>\n<p>Nesta semana, alguns jogos ser\u00e3o disputados e, assim, a tabela de classifica\u00e7\u00e3o pode mudar conforme os resultados obtidos pelos advers\u00e1rios diretos do Sesi Franca, principalmente Unifacisa, Mogi e Corinthians.<\/p>\n<p>De acordo com a diretoria do Franca Basquete, a equipe ficar\u00e1 aguardando a defini\u00e7\u00e3o do futuro e continuar\u00e1 focada nos treinamentos, j\u00e1 que a temporada at\u00e9 agora n\u00e3o \u00e9 boa. No in\u00edcio do torneio, a equipe que havia perdido alguns dos principais jogadores dos \u00faltimos anos, precisava se remontar. Esse processo est\u00e1 acontecendo e esse tempo para ajustes por ser importante para acelerar o processo.<\/p>\n","protected":false},"excerpt":{"rendered":"<p>Equipe ficar\u00e1 treinando ap\u00f3s intensa frequ\u00eancia de jogos Ap\u00f3s sequ\u00eancia intensa de jogos disputados pelo NBB (Novo Basquete Brasil) em dezembro, O Sesi Franca Basquete ter\u00e1<span class=\"excerpt-hellip\"> [\u2026]<\/span><\/p>\n","protected":false},"author":4,"featured_media":13018,"comment_status":"open","ping_status":"open","sticky":false,"template":"","format":"standard","meta":{"_jetpack_memberships_contains_paid_content":false,"footnotes":"","jetpack_publicize_message":"","jetpack_publicize_feature_enabled":true,"jetpack_social_post_already_shared":false,"jetpack_social_options":{"image_generator_settings":{"template":"highway","default_image_id":0,"enabled":false},"version":2}},"categories":[29,44],"tags":[],"class_list":["post-13017","post","type-post","status-publish","format-standard","has-post-thumbnail","hentry","category-esportes","category-noticias"],"yoast_head":"<!-- This site is optimized with the Yoast SEO plugin v25.6 - https:\/\/yoast.com\/wordpress\/plugins\/seo\/ -->\n<title>Franca Basquete tem 1 m\u00eas sem jogos pelo NBB e aguarda Super 8 - VerdadeOn<\/title>\n<meta name=\"robots\" content=\"index, follow, max-snippet:-1, max-image-preview:large, max-video-preview:-1\" \/>\n<link rel=\"canonical\" href=\"https:\/\/verdadeon.com.br\/portal\/2021\/01\/04\/franca-basquete-tem-1-mes-sem-jogos-pelo-nbb-e-aguarda-super-8\/\" \/>\n<meta property=\"og:locale\" content=\"pt_BR\" \/>\n<meta property=\"og:type\" content=\"article\" \/>\n<meta property=\"og:title\" content=\"Franca Basquete tem 1 m\u00eas sem jogos pelo NBB e aguarda Super 8 - VerdadeOn\" \/>\n<meta property=\"og:description\" content=\"Equipe ficar\u00e1 treinando ap\u00f3s intensa frequ\u00eancia de jogos Ap\u00f3s sequ\u00eancia intensa de jogos disputados pelo NBB (Novo Basquete Brasil) em dezembro, O Sesi Franca Basquete ter\u00e1 [\u2026]\" \/>\n<meta property=\"og:url\" content=\"https:\/\/verdadeon.com.br\/portal\/2021\/01\/04\/franca-basquete-tem-1-mes-sem-jogos-pelo-nbb-e-aguarda-super-8\/\" \/>\n<meta property=\"og:site_name\" content=\"VerdadeOn\" \/>\n<meta property=\"article:published_time\" content=\"2021-01-04T18:49:28+00:00\" \/>\n<meta property=\"og:image\" content=\"https:\/\/verdadeon.com.br\/portal\/wp-content\/uploads\/2021\/01\/WhatsApp-Image-2021-01-04-at-15.39.58-1.jpeg\" \/>\n\t<meta property=\"og:image:width\" content=\"1000\" \/>\n\t<meta property=\"og:image:height\" content=\"670\" \/>\n\t<meta property=\"og:image:type\" content=\"image\/jpeg\" \/>\n<meta name=\"author\" content=\"Fernando Calixto\" \/>\n<meta name=\"twitter:card\" content=\"summary_large_image\" \/>\n<meta name=\"twitter:label1\" content=\"Escrito por\" \/>\n\t<meta name=\"twitter:data1\" content=\"Fernando Calixto\" \/>\n\t<meta name=\"twitter:label2\" content=\"Est. tempo de leitura\" \/>\n\t<meta name=\"twitter:data2\" content=\"1 minuto\" \/>\n<script type=\"application\/ld+json\" class=\"yoast-schema-graph\">{\"@context\":\"https:\/\/schema.org\",\"@graph\":[{\"@type\":\"WebPage\",\"@id\":\"https:\/\/verdadeon.com.br\/portal\/2021\/01\/04\/franca-basquete-tem-1-mes-sem-jogos-pelo-nbb-e-aguarda-super-8\/\",\"url\":\"https:\/\/verdadeon.com.br\/portal\/2021\/01\/04\/franca-basquete-tem-1-mes-sem-jogos-pelo-nbb-e-aguarda-super-8\/\",\"name\":\"Franca Basquete tem 1 m\u00eas sem jogos pelo NBB e aguarda Super 8 - VerdadeOn\",\"isPartOf\":{\"@id\":\"https:\/\/verdadeon.com.br\/portal\/#website\"},\"primaryImageOfPage\":{\"@id\":\"https:\/\/verdadeon.com.br\/portal\/2021\/01\/04\/franca-basquete-tem-1-mes-sem-jogos-pelo-nbb-e-aguarda-super-8\/#primaryimage\"},\"image\":{\"@id\":\"https:\/\/verdadeon.com.br\/portal\/2021\/01\/04\/franca-basquete-tem-1-mes-sem-jogos-pelo-nbb-e-aguarda-super-8\/#primaryimage\"},\"thumbnailUrl\":\"https:\/\/i0.wp.com\/verdadeon.com.br\/portal\/wp-content\/uploads\/2021\/01\/WhatsApp-Image-2021-01-04-at-15.39.58-1.jpeg?fit=1000%2C670&ssl=1\",\"datePublished\":\"2021-01-04T18:49:28+00:00\",\"author\":{\"@id\":\"https:\/\/verdadeon.com.br\/portal\/#\/schema\/person\/8994718f49ee62ba5610471e29ca1f62\"},\"breadcrumb\":{\"@id\":\"https:\/\/verdadeon.com.br\/portal\/2021\/01\/04\/franca-basquete-tem-1-mes-sem-jogos-pelo-nbb-e-aguarda-super-8\/#breadcrumb\"},\"inLanguage\":\"pt-BR\",\"potentialAction\":[{\"@type\":\"ReadAction\",\"target\":[\"https:\/\/verdadeon.com.br\/portal\/2021\/01\/04\/franca-basquete-tem-1-mes-sem-jogos-pelo-nbb-e-aguarda-super-8\/\"]}]},{\"@type\":\"ImageObject\",\"inLanguage\":\"pt-BR\",\"@id\":\"https:\/\/verdadeon.com.br\/portal\/2021\/01\/04\/franca-basquete-tem-1-mes-sem-jogos-pelo-nbb-e-aguarda-super-8\/#primaryimage\",\"url\":\"https:\/\/i0.wp.com\/verdadeon.com.br\/portal\/wp-content\/uploads\/2021\/01\/WhatsApp-Image-2021-01-04-at-15.39.58-1.jpeg?fit=1000%2C670&ssl=1\",\"contentUrl\":\"https:\/\/i0.wp.com\/verdadeon.com.br\/portal\/wp-content\/uploads\/2021\/01\/WhatsApp-Image-2021-01-04-at-15.39.58-1.jpeg?fit=1000%2C670&ssl=1\",\"width\":1000,\"height\":670,\"caption\":\"Equipe do Sesi franca treina para retomar as boas atua\u00e7\u00f5es no torneio | Foto: Divulga\u00e7\u00e3o\"},{\"@type\":\"BreadcrumbList\",\"@id\":\"https:\/\/verdadeon.com.br\/portal\/2021\/01\/04\/franca-basquete-tem-1-mes-sem-jogos-pelo-nbb-e-aguarda-super-8\/#breadcrumb\",\"itemListElement\":[{\"@type\":\"ListItem\",\"position\":1,\"name\":\"In\u00edcio\",\"item\":\"https:\/\/verdadeon.com.br\/portal\/\"},{\"@type\":\"ListItem\",\"position\":2,\"name\":\"Franca Basquete tem 1 m\u00eas sem jogos pelo NBB e aguarda Super 8\"}]},{\"@type\":\"WebSite\",\"@id\":\"https:\/\/verdadeon.com.br\/portal\/#website\",\"url\":\"https:\/\/verdadeon.com.br\/portal\/\",\"name\":\"VerdadeOn\",\"description\":\"Not\u00edcias di\u00e1rias sobre Franca, Regi\u00e3o, Esporte, Cultura, Cotidiano, Colunas. Cobertura nos principais eventos da cidade \u00e9 aqui - Verdadeon Franca\",\"potentialAction\":[{\"@type\":\"SearchAction\",\"target\":{\"@type\":\"EntryPoint\",\"urlTemplate\":\"https:\/\/verdadeon.com.br\/portal\/?s={search_term_string}\"},\"query-input\":{\"@type\":\"PropertyValueSpecification\",\"valueRequired\":true,\"valueName\":\"search_term_string\"}}],\"inLanguage\":\"pt-BR\"},{\"@type\":\"Person\",\"@id\":\"https:\/\/verdadeon.com.br\/portal\/#\/schema\/person\/8994718f49ee62ba5610471e29ca1f62\",\"name\":\"Fernando Calixto\",\"image\":{\"@type\":\"ImageObject\",\"inLanguage\":\"pt-BR\",\"@id\":\"https:\/\/verdadeon.com.br\/portal\/#\/schema\/person\/image\/\",\"url\":\"https:\/\/secure.gravatar.com\/avatar\/7578910c24966c0316c340f9dbd601e93ee9f9212e1033968b367af9306bd9fb?s=96&d=mm&r=g\",\"contentUrl\":\"https:\/\/secure.gravatar.com\/avatar\/7578910c24966c0316c340f9dbd601e93ee9f9212e1033968b367af9306bd9fb?s=96&d=mm&r=g\",\"caption\":\"Fernando Calixto\"},\"url\":\"https:\/\/verdadeon.com.br\/portal\/author\/fernando-calixto\/\"}]}<\/script>\n<!-- \/ Yoast SEO plugin. -->","yoast_head_json":{"title":"Franca Basquete tem 1 m\u00eas sem jogos pelo NBB e aguarda Super 8 - VerdadeOn","robots":{"index":"index","follow":"follow","max-snippet":"max-snippet:-1","max-image-preview":"max-image-preview:large","max-video-preview":"max-video-preview:-1"},"canonical":"https:\/\/verdadeon.com.br\/portal\/2021\/01\/04\/franca-basquete-tem-1-mes-sem-jogos-pelo-nbb-e-aguarda-super-8\/","og_locale":"pt_BR","og_type":"article","og_title":"Franca Basquete tem 1 m\u00eas sem jogos pelo NBB e aguarda Super 8 - VerdadeOn","og_description":"Equipe ficar\u00e1 treinando ap\u00f3s intensa frequ\u00eancia de jogos Ap\u00f3s sequ\u00eancia intensa de jogos disputados pelo NBB (Novo Basquete Brasil) em dezembro, O Sesi Franca Basquete ter\u00e1 [\u2026]","og_url":"https:\/\/verdadeon.com.br\/portal\/2021\/01\/04\/franca-basquete-tem-1-mes-sem-jogos-pelo-nbb-e-aguarda-super-8\/","og_site_name":"VerdadeOn","article_published_time":"2021-01-04T18:49:28+00:00","og_image":[{"width":1000,"height":670,"url":"https:\/\/verdadeon.com.br\/portal\/wp-content\/uploads\/2021\/01\/WhatsApp-Image-2021-01-04-at-15.39.58-1.jpeg","type":"image\/jpeg"}],"author":"Fernando Calixto","twitter_card":"summary_large_image","twitter_misc":{"Escrito por":"Fernando Calixto","Est. tempo de leitura":"1 minuto"},"schema":{"@context":"https:\/\/schema.org","@graph":[{"@type":"WebPage","@id":"https:\/\/verdadeon.com.br\/portal\/2021\/01\/04\/franca-basquete-tem-1-mes-sem-jogos-pelo-nbb-e-aguarda-super-8\/","url":"https:\/\/verdadeon.com.br\/portal\/2021\/01\/04\/franca-basquete-tem-1-mes-sem-jogos-pelo-nbb-e-aguarda-super-8\/","name":"Franca Basquete tem 1 m\u00eas sem jogos pelo NBB e aguarda Super 8 - VerdadeOn","isPartOf":{"@id":"https:\/\/verdadeon.com.br\/portal\/#website"},"primaryImageOfPage":{"@id":"https:\/\/verdadeon.com.br\/portal\/2021\/01\/04\/franca-basquete-tem-1-mes-sem-jogos-pelo-nbb-e-aguarda-super-8\/#primaryimage"},"image":{"@id":"https:\/\/verdadeon.com.br\/portal\/2021\/01\/04\/franca-basquete-tem-1-mes-sem-jogos-pelo-nbb-e-aguarda-super-8\/#primaryimage"},"thumbnailUrl":"https:\/\/i0.wp.com\/verdadeon.com.br\/portal\/wp-content\/uploads\/2021\/01\/WhatsApp-Image-2021-01-04-at-15.39.58-1.jpeg?fit=1000%2C670&ssl=1","datePublished":"2021-01-04T18:49:28+00:00","author":{"@id":"https:\/\/verdadeon.com.br\/portal\/#\/schema\/person\/8994718f49ee62ba5610471e29ca1f62"},"breadcrumb":{"@id":"https:\/\/verdadeon.com.br\/portal\/2021\/01\/04\/franca-basquete-tem-1-mes-sem-jogos-pelo-nbb-e-aguarda-super-8\/#breadcrumb"},"inLanguage":"pt-BR","potentialAction":[{"@type":"ReadAction","target":["https:\/\/verdadeon.com.br\/portal\/2021\/01\/04\/franca-basquete-tem-1-mes-sem-jogos-pelo-nbb-e-aguarda-super-8\/"]}]},{"@type":"ImageObject","inLanguage":"pt-BR","@id":"https:\/\/verdadeon.com.br\/portal\/2021\/01\/04\/franca-basquete-tem-1-mes-sem-jogos-pelo-nbb-e-aguarda-super-8\/#primaryimage","url":"https:\/\/i0.wp.com\/verdadeon.com.br\/portal\/wp-content\/uploads\/2021\/01\/WhatsApp-Image-2021-01-04-at-15.39.58-1.jpeg?fit=1000%2C670&ssl=1","contentUrl":"https:\/\/i0.wp.com\/verdadeon.com.br\/portal\/wp-content\/uploads\/2021\/01\/WhatsApp-Image-2021-01-04-at-15.39.58-1.jpeg?fit=1000%2C670&ssl=1","width":1000,"height":670,"caption":"Equipe do Sesi franca treina para retomar as boas atua\u00e7\u00f5es no torneio | Foto: Divulga\u00e7\u00e3o"},{"@type":"BreadcrumbList","@id":"https:\/\/verdadeon.com.br\/portal\/2021\/01\/04\/franca-basquete-tem-1-mes-sem-jogos-pelo-nbb-e-aguarda-super-8\/#breadcrumb","itemListElement":[{"@type":"ListItem","position":1,"name":"In\u00edcio","item":"https:\/\/verdadeon.com.br\/portal\/"},{"@type":"ListItem","position":2,"name":"Franca Basquete tem 1 m\u00eas sem jogos pelo NBB e aguarda Super 8"}]},{"@type":"WebSite","@id":"https:\/\/verdadeon.com.br\/portal\/#website","url":"https:\/\/verdadeon.com.br\/portal\/","name":"VerdadeOn","description":"Not\u00edcias di\u00e1rias sobre Franca, Regi\u00e3o, Esporte, Cultura, Cotidiano, Colunas. Cobertura nos principais eventos da cidade \u00e9 aqui - Verdadeon Franca","potentialAction":[{"@type":"SearchAction","target":{"@type":"EntryPoint","urlTemplate":"https:\/\/verdadeon.com.br\/portal\/?s={search_term_string}"},"query-input":{"@type":"PropertyValueSpecification","valueRequired":true,"valueName":"search_term_string"}}],"inLanguage":"pt-BR"},{"@type":"Person","@id":"https:\/\/verdadeon.com.br\/portal\/#\/schema\/person\/8994718f49ee62ba5610471e29ca1f62","name":"Fernando Calixto","image":{"@type":"ImageObject","inLanguage":"pt-BR","@id":"https:\/\/verdadeon.com.br\/portal\/#\/schema\/person\/image\/","url":"https:\/\/secure.gravatar.com\/avatar\/7578910c24966c0316c340f9dbd601e93ee9f9212e1033968b367af9306bd9fb?s=96&d=mm&r=g","contentUrl":"https:\/\/secure.gravatar.com\/avatar\/7578910c24966c0316c340f9dbd601e93ee9f9212e1033968b367af9306bd9fb?s=96&d=mm&r=g","caption":"Fernando Calixto"},"url":"https:\/\/verdadeon.com.br\/portal\/author\/fernando-calixto\/"}]}},"jetpack_publicize_connections":[],"jetpack_featured_media_url":"https:\/\/i0.wp.com\/verdadeon.com.br\/portal\/wp-content\/uploads\/2021\/01\/WhatsApp-Image-2021-01-04-at-15.39.58-1.jpeg?fit=1000%2C670&ssl=1","jetpack_sharing_enabled":true,"_links":{"self":[{"href":"https:\/\/verdadeon.com.br\/portal\/wp-json\/wp\/v2\/posts\/13017","targetHints":{"allow":["GET"]}}],"collection":[{"href":"https:\/\/verdadeon.com.br\/portal\/wp-json\/wp\/v2\/posts"}],"about":[{"href":"https:\/\/verdadeon.com.br\/portal\/wp-json\/wp\/v2\/types\/post"}],"author":[{"embeddable":true,"href":"https:\/\/verdadeon.com.br\/portal\/wp-json\/wp\/v2\/users\/4"}],"replies":[{"embeddable":true,"href":"https:\/\/verdadeon.com.br\/portal\/wp-json\/wp\/v2\/comments?post=13017"}],"version-history":[{"count":0,"href":"https:\/\/verdadeon.com.br\/portal\/wp-json\/wp\/v2\/posts\/13017\/revisions"}],"wp:featuredmedia":[{"embeddable":true,"href":"https:\/\/verdadeon.com.br\/portal\/wp-json\/wp\/v2\/media\/13018"}],"wp:attachment":[{"href":"https:\/\/verdadeon.com.br\/portal\/wp-json\/wp\/v2\/media?parent=13017"}],"wp:term":[{"taxonomy":"category","embeddable":true,"href":"https:\/\/verdadeon.com.br\/portal\/wp-json\/wp\/v2\/categories?post=13017"},{"taxonomy":"post_tag","embeddable":true,"href":"https:\/\/verdadeon.com.br\/portal\/wp-json\/wp\/v2\/tags?post=13017"}],"curies":[{"name":"wp","href":"https:\/\/api.w.org\/{rel}","templated":true}]}}