{"id":12979,"date":"2021-01-02T17:36:39","date_gmt":"2021-01-02T20:36:39","guid":{"rendered":"http:\/\/verdadeon.com.br\/portal\/?p=12979"},"modified":"2021-01-02T17:36:39","modified_gmt":"2021-01-02T20:36:39","slug":"financiamento-imobiliario-tem-desafios-para-manter-ritmo-em-2021","status":"publish","type":"post","link":"https:\/\/verdadeon.com.br\/portal\/2021\/01\/02\/financiamento-imobiliario-tem-desafios-para-manter-ritmo-em-2021\/","title":{"rendered":"Financiamento imobili\u00e1rio tem desafios para manter ritmo em 2021"},"content":{"rendered":"<div class=\"col-lg-12 mb-3\">\n<div class=\"row\">\n<h3 class=\"col-10 offset-1 animated fadeInDown dealy-900 display-8 display-md-8 alt-font font-italic my-1 text-center\">Encarecimento de insumos e incertezas sobre renda acendem alerta<\/h3>\n<\/div>\n<p>Welton M\u00e1ximo &#8211; Rep\u00f3rter da Ag\u00eancia Brasil &#8211; Bras\u00edlia<\/p>\n<\/div>\n<div class=\"col-xl-7 offset-xl-1 col-lg-8 offset-lg-0 col-md-10 offset-md-1 mb-3\">\n<div class=\"post-item alt-font\">\n<div class=\"post-item-wrap\">\n<p>Em meio \u00e0 crise provocada pela pandemia de covid-19, um setor da economia brasileira encerrou 2020 em ritmo de supera\u00e7\u00e3o. De janeiro a outubro, os financiamentos imobili\u00e1rios concedidos com recursos da poupan\u00e7a totalizaram R$ 92,7 bilh\u00f5es, crescimento de 48,8% em rela\u00e7\u00e3o ao mesmo per\u00edodo de 2019, segundo os dados da Associa\u00e7\u00e3o Brasileira das Entidades de Cr\u00e9dito Imobili\u00e1rio e Poupan\u00e7a (Abecip).<img data-recalc-dims=\"1\" decoding=\"async\" src=\"https:\/\/i0.wp.com\/agenciabrasil.ebc.com.br\/ebc.png?w=1220&#038;ssl=1\" \/><img data-recalc-dims=\"1\" decoding=\"async\" src=\"https:\/\/i0.wp.com\/agenciabrasil.ebc.com.br\/ebc.gif?w=1220&#038;ssl=1\" \/><\/p>\n<p>Beneficiado pelos juros baixos, dep\u00f3sitos recordes na\u00a0<a href=\"http:\/\/agenciabrasil.ebc.com.br\/economia\/noticia\/2020-11\/captacao-da-poupanca-bate-recorde-para-meses-de-outubro\" target=\"_blank\" rel=\"noopener\">poupan\u00e7a<\/a>, atua\u00e7\u00e3o dos bancos p\u00fablicos e pela aprova\u00e7\u00e3o do programa Casa Verde Amarela,o setor imobili\u00e1rio ganhou impulso no segundo semestre. No no entanto, enfrenta desafios para manter o crescimento em 2021, como o encarecimento de materiais de constru\u00e7\u00e3o e as incertezas sobre a recupera\u00e7\u00e3o da economia.<\/p>\n<h2>Emprego e renda<\/h2>\n<p>Outro fator que alimenta uma interroga\u00e7\u00e3o em torno do crescimento do mercado imobili\u00e1rio em 2021 re\u00fane as incertezas em rela\u00e7\u00e3o \u00e0 velocidade da recupera\u00e7\u00e3o do emprego e da renda. Ao apresentar a proje\u00e7\u00e3o de crescimento de 4% do Produto Interno Bruto (PIB) da<a href=\"http:\/\/agenciabrasil.ebc.com.br\/economia\/noticia\/2020-12\/pib-da-construcao-civil-deve-crescer-4-em-2021\" target=\"_blank\" rel=\"noopener\">\u00a0constru\u00e7\u00e3o civil<\/a>\u00a0em 2021, o presidente da Cbic, Jos\u00e9 Carlos Martins, classificou de \u201cotimista conservadora\u201d a expectativa da entidade. As avalia\u00e7\u00f5es para o pr\u00f3ximo ano, no entanto, dividem-se.<\/p>\n<p>O presidente da Comiss\u00e3o da Ind\u00fastria Imobili\u00e1ria da Cbic, Celso Petrucci, diz que o d\u00e9ficit habitacional no Brasil e mudan\u00e7as de comportamento da popula\u00e7\u00e3o depois da pandemia, como a procura por im\u00f3veis mais afastados de \u00e1reas densamente povoadas, ajudar\u00e3o a manter aquecida a procura pelos financiamentos imobili\u00e1rios.<\/p>\n<div class=\"dnd-widget-wrapper context-cheio_8colunas type-image\">\n<div class=\"dnd-atom-rendered\">\n<div class=\"shadow overflow-hidden rounded-lg d-block zoom-on-hover-sm shadow-hover w-100\"><img data-recalc-dims=\"1\" decoding=\"async\" class=\"flex-fill img-cover\" title=\"Jos\u00e9 Paulo Lacerda\/CNI\/Direitos reservados\" src=\"https:\/\/i0.wp.com\/imagens.ebc.com.br\/fbjTAncODcIT-j2SxNUJIxfg_tU%3D\/754x0\/smart\/https%3A\/\/agenciabrasil.ebc.com.br\/sites\/default\/files\/thumbnails\/image\/17344276879_f877ac0313_o.jpg?w=1220&#038;ssl=1\" alt=\"Ind\u00fastrias, f\u00e1bricas,Obras de constru\u00e7\u00e3o, edif\u00edcio sede do SENAI,constru\u00e7\u00e3o civil\" \/><\/div>\n<\/div>\n<div class=\"dnd-caption-wrapper\">\n<h6 class=\"meta\">Ritmo da constru\u00e7\u00e3o civil contribuiu para criar empregos em 2020 \u00a0\u00a0\u00a0\u00a0<strong>(Ag\u00eancia Brasil\/\u00a0<\/strong><strong>Jos\u00e9 Paulo Lacerda\/CNI\/Direitos reservados)<\/strong><\/h6>\n<\/div>\n<\/div>\n<p>\u201cTodos torcemos pela r\u00e1pida recupera\u00e7\u00e3o na economia, pela queda do \u00edndice de desocupa\u00e7\u00e3o, desemprego e por melhora na renda das fam\u00edlias. Mas o Brasil tem tanta necessidade de habita\u00e7\u00e3o que isso n\u00e3o vem afetando o mercado e n\u00e3o afeta em 2021\u201d, avalia Petrucci. Ele ressalta que o mercado imobili\u00e1rio conseguiu crescer em 2020, mesmo com o emprego e a renda em queda e que a manuten\u00e7\u00e3o da taxa Selic (juros b\u00e1sicos da economia) em 2% ao ano ao longo de boa parte de 2021 continuar\u00e1 a impulsionar os contratos.<\/p>\n<h2>Base de compara\u00e7\u00e3o<\/h2>\n<p>Especialista em mercado imobili\u00e1rio da FGV, o professor Pedro Seixas n\u00e3o \u00e9 t\u00e3o otimista. Para ele, a fraca base de compara\u00e7\u00e3o em rela\u00e7\u00e3o a 2019 levou ao crescimento na concess\u00e3o de financiamentos em 2020.<\/p>\n<p>Ele diz duvidar se a expans\u00e3o ser\u00e1 sustent\u00e1vel em 2021. \u201cExiste uma retomada, mas a quest\u00e3o \u00e9 se esse crescimento ser\u00e1 sustent\u00e1vel por causa da renda e do emprego. Do ponto de vista pessoal, quem tem dinheiro deve aproveitar os juros baixos e comprar [um im\u00f3vel], mas \u00e9 diferente de dizer que crescimento \u00e9 sustent\u00e1vel\u201d, analisa.<\/p>\n<p>De acordo com Seixas, o setor imobili\u00e1rio brasileiro, apesar do crescimento em 2020, est\u00e1 em n\u00edvel semelhante a 2010. \u201cEssa recupera\u00e7\u00e3o tem muito mais a ver com um efeito estat\u00edstico do que com uma revers\u00e3o de tend\u00eancia. O que determinar\u00e1 a demanda ser\u00e1 a velocidade de recupera\u00e7\u00e3o da economia\u201d, acrescenta. Para Petrucci, da Cbic, uma eventual estagna\u00e7\u00e3o da renda pode ajudar nas vendas no in\u00edcio de 2021 ao inibir as construtoras de repassar o aumento dos materiais de constru\u00e7\u00e3o para o pre\u00e7o dos im\u00f3veis.<\/p>\n<\/div>\n<\/div>\n<\/div>\n","protected":false},"excerpt":{"rendered":"<p>Encarecimento de insumos e incertezas sobre renda acendem alerta Welton M\u00e1ximo &#8211; Rep\u00f3rter da Ag\u00eancia Brasil &#8211; Bras\u00edlia Em meio \u00e0 crise provocada pela pandemia de<span class=\"excerpt-hellip\"> [\u2026]<\/span><\/p>\n","protected":false},"author":4,"featured_media":12984,"comment_status":"open","ping_status":"open","sticky":false,"template":"","format":"standard","meta":{"_jetpack_memberships_contains_paid_content":false,"footnotes":"","jetpack_publicize_message":"","jetpack_publicize_feature_enabled":true,"jetpack_social_post_already_shared":false,"jetpack_social_options":{"image_generator_settings":{"template":"highway","default_image_id":0,"enabled":false},"version":2}},"categories":[28,44],"tags":[],"class_list":["post-12979","post","type-post","status-publish","format-standard","has-post-thumbnail","hentry","category-cotidiano","category-noticias"],"yoast_head":"<!-- This site is optimized with the Yoast SEO plugin v25.6 - https:\/\/yoast.com\/wordpress\/plugins\/seo\/ -->\n<title>Financiamento imobili\u00e1rio tem desafios para manter ritmo em 2021 - VerdadeOn<\/title>\n<meta name=\"robots\" content=\"index, follow, max-snippet:-1, max-image-preview:large, max-video-preview:-1\" \/>\n<link rel=\"canonical\" href=\"https:\/\/verdadeon.com.br\/portal\/2021\/01\/02\/financiamento-imobiliario-tem-desafios-para-manter-ritmo-em-2021\/\" \/>\n<meta property=\"og:locale\" content=\"pt_BR\" \/>\n<meta property=\"og:type\" content=\"article\" \/>\n<meta property=\"og:title\" content=\"Financiamento imobili\u00e1rio tem desafios para manter ritmo em 2021 - VerdadeOn\" \/>\n<meta property=\"og:description\" content=\"Encarecimento de insumos e incertezas sobre renda acendem alerta Welton M\u00e1ximo &#8211; Rep\u00f3rter da Ag\u00eancia Brasil &#8211; Bras\u00edlia Em meio \u00e0 crise provocada pela pandemia de [\u2026]\" \/>\n<meta property=\"og:url\" content=\"https:\/\/verdadeon.com.br\/portal\/2021\/01\/02\/financiamento-imobiliario-tem-desafios-para-manter-ritmo-em-2021\/\" \/>\n<meta property=\"og:site_name\" content=\"VerdadeOn\" \/>\n<meta property=\"article:published_time\" content=\"2021-01-02T20:36:39+00:00\" \/>\n<meta property=\"og:image\" content=\"https:\/\/verdadeon.com.br\/portal\/wp-content\/uploads\/2021\/01\/sp_governo_cidade_vista_aerea_270320193512.jpg\" \/>\n\t<meta property=\"og:image:width\" content=\"1000\" \/>\n\t<meta property=\"og:image:height\" content=\"670\" \/>\n\t<meta property=\"og:image:type\" content=\"image\/jpeg\" \/>\n<meta name=\"author\" content=\"Fernando Calixto\" \/>\n<meta name=\"twitter:card\" content=\"summary_large_image\" \/>\n<meta name=\"twitter:label1\" content=\"Escrito por\" \/>\n\t<meta name=\"twitter:data1\" content=\"Fernando Calixto\" \/>\n\t<meta name=\"twitter:label2\" content=\"Est. tempo de leitura\" \/>\n\t<meta name=\"twitter:data2\" content=\"3 minutos\" \/>\n<script type=\"application\/ld+json\" class=\"yoast-schema-graph\">{\"@context\":\"https:\/\/schema.org\",\"@graph\":[{\"@type\":\"WebPage\",\"@id\":\"https:\/\/verdadeon.com.br\/portal\/2021\/01\/02\/financiamento-imobiliario-tem-desafios-para-manter-ritmo-em-2021\/\",\"url\":\"https:\/\/verdadeon.com.br\/portal\/2021\/01\/02\/financiamento-imobiliario-tem-desafios-para-manter-ritmo-em-2021\/\",\"name\":\"Financiamento imobili\u00e1rio tem desafios para manter ritmo em 2021 - VerdadeOn\",\"isPartOf\":{\"@id\":\"https:\/\/verdadeon.com.br\/portal\/#website\"},\"primaryImageOfPage\":{\"@id\":\"https:\/\/verdadeon.com.br\/portal\/2021\/01\/02\/financiamento-imobiliario-tem-desafios-para-manter-ritmo-em-2021\/#primaryimage\"},\"image\":{\"@id\":\"https:\/\/verdadeon.com.br\/portal\/2021\/01\/02\/financiamento-imobiliario-tem-desafios-para-manter-ritmo-em-2021\/#primaryimage\"},\"thumbnailUrl\":\"https:\/\/i0.wp.com\/verdadeon.com.br\/portal\/wp-content\/uploads\/2021\/01\/sp_governo_cidade_vista_aerea_270320193512.jpg?fit=1000%2C670&ssl=1\",\"datePublished\":\"2021-01-02T20:36:39+00:00\",\"author\":{\"@id\":\"https:\/\/verdadeon.com.br\/portal\/#\/schema\/person\/8994718f49ee62ba5610471e29ca1f62\"},\"breadcrumb\":{\"@id\":\"https:\/\/verdadeon.com.br\/portal\/2021\/01\/02\/financiamento-imobiliario-tem-desafios-para-manter-ritmo-em-2021\/#breadcrumb\"},\"inLanguage\":\"pt-BR\",\"potentialAction\":[{\"@type\":\"ReadAction\",\"target\":[\"https:\/\/verdadeon.com.br\/portal\/2021\/01\/02\/financiamento-imobiliario-tem-desafios-para-manter-ritmo-em-2021\/\"]}]},{\"@type\":\"ImageObject\",\"inLanguage\":\"pt-BR\",\"@id\":\"https:\/\/verdadeon.com.br\/portal\/2021\/01\/02\/financiamento-imobiliario-tem-desafios-para-manter-ritmo-em-2021\/#primaryimage\",\"url\":\"https:\/\/i0.wp.com\/verdadeon.com.br\/portal\/wp-content\/uploads\/2021\/01\/sp_governo_cidade_vista_aerea_270320193512.jpg?fit=1000%2C670&ssl=1\",\"contentUrl\":\"https:\/\/i0.wp.com\/verdadeon.com.br\/portal\/wp-content\/uploads\/2021\/01\/sp_governo_cidade_vista_aerea_270320193512.jpg?fit=1000%2C670&ssl=1\",\"width\":1000,\"height\":670,\"caption\":\"Vista aerea da cidade de S\u00e3o Paulo, rio Tiet\u00ea, predios, S\u00e3o Paulo, cidade\"},{\"@type\":\"BreadcrumbList\",\"@id\":\"https:\/\/verdadeon.com.br\/portal\/2021\/01\/02\/financiamento-imobiliario-tem-desafios-para-manter-ritmo-em-2021\/#breadcrumb\",\"itemListElement\":[{\"@type\":\"ListItem\",\"position\":1,\"name\":\"In\u00edcio\",\"item\":\"https:\/\/verdadeon.com.br\/portal\/\"},{\"@type\":\"ListItem\",\"position\":2,\"name\":\"Financiamento imobili\u00e1rio tem desafios para manter ritmo em 2021\"}]},{\"@type\":\"WebSite\",\"@id\":\"https:\/\/verdadeon.com.br\/portal\/#website\",\"url\":\"https:\/\/verdadeon.com.br\/portal\/\",\"name\":\"VerdadeOn\",\"description\":\"Not\u00edcias di\u00e1rias sobre Franca, Regi\u00e3o, Esporte, Cultura, Cotidiano, Colunas. Cobertura nos principais eventos da cidade \u00e9 aqui - Verdadeon Franca\",\"potentialAction\":[{\"@type\":\"SearchAction\",\"target\":{\"@type\":\"EntryPoint\",\"urlTemplate\":\"https:\/\/verdadeon.com.br\/portal\/?s={search_term_string}\"},\"query-input\":{\"@type\":\"PropertyValueSpecification\",\"valueRequired\":true,\"valueName\":\"search_term_string\"}}],\"inLanguage\":\"pt-BR\"},{\"@type\":\"Person\",\"@id\":\"https:\/\/verdadeon.com.br\/portal\/#\/schema\/person\/8994718f49ee62ba5610471e29ca1f62\",\"name\":\"Fernando Calixto\",\"image\":{\"@type\":\"ImageObject\",\"inLanguage\":\"pt-BR\",\"@id\":\"https:\/\/verdadeon.com.br\/portal\/#\/schema\/person\/image\/\",\"url\":\"https:\/\/secure.gravatar.com\/avatar\/7578910c24966c0316c340f9dbd601e93ee9f9212e1033968b367af9306bd9fb?s=96&d=mm&r=g\",\"contentUrl\":\"https:\/\/secure.gravatar.com\/avatar\/7578910c24966c0316c340f9dbd601e93ee9f9212e1033968b367af9306bd9fb?s=96&d=mm&r=g\",\"caption\":\"Fernando Calixto\"},\"url\":\"https:\/\/verdadeon.com.br\/portal\/author\/fernando-calixto\/\"}]}<\/script>\n<!-- \/ Yoast SEO plugin. -->","yoast_head_json":{"title":"Financiamento imobili\u00e1rio tem desafios para manter ritmo em 2021 - VerdadeOn","robots":{"index":"index","follow":"follow","max-snippet":"max-snippet:-1","max-image-preview":"max-image-preview:large","max-video-preview":"max-video-preview:-1"},"canonical":"https:\/\/verdadeon.com.br\/portal\/2021\/01\/02\/financiamento-imobiliario-tem-desafios-para-manter-ritmo-em-2021\/","og_locale":"pt_BR","og_type":"article","og_title":"Financiamento imobili\u00e1rio tem desafios para manter ritmo em 2021 - VerdadeOn","og_description":"Encarecimento de insumos e incertezas sobre renda acendem alerta Welton M\u00e1ximo &#8211; Rep\u00f3rter da Ag\u00eancia Brasil &#8211; Bras\u00edlia Em meio \u00e0 crise provocada pela pandemia de [\u2026]","og_url":"https:\/\/verdadeon.com.br\/portal\/2021\/01\/02\/financiamento-imobiliario-tem-desafios-para-manter-ritmo-em-2021\/","og_site_name":"VerdadeOn","article_published_time":"2021-01-02T20:36:39+00:00","og_image":[{"width":1000,"height":670,"url":"https:\/\/verdadeon.com.br\/portal\/wp-content\/uploads\/2021\/01\/sp_governo_cidade_vista_aerea_270320193512.jpg","type":"image\/jpeg"}],"author":"Fernando Calixto","twitter_card":"summary_large_image","twitter_misc":{"Escrito por":"Fernando Calixto","Est. tempo de leitura":"3 minutos"},"schema":{"@context":"https:\/\/schema.org","@graph":[{"@type":"WebPage","@id":"https:\/\/verdadeon.com.br\/portal\/2021\/01\/02\/financiamento-imobiliario-tem-desafios-para-manter-ritmo-em-2021\/","url":"https:\/\/verdadeon.com.br\/portal\/2021\/01\/02\/financiamento-imobiliario-tem-desafios-para-manter-ritmo-em-2021\/","name":"Financiamento imobili\u00e1rio tem desafios para manter ritmo em 2021 - VerdadeOn","isPartOf":{"@id":"https:\/\/verdadeon.com.br\/portal\/#website"},"primaryImageOfPage":{"@id":"https:\/\/verdadeon.com.br\/portal\/2021\/01\/02\/financiamento-imobiliario-tem-desafios-para-manter-ritmo-em-2021\/#primaryimage"},"image":{"@id":"https:\/\/verdadeon.com.br\/portal\/2021\/01\/02\/financiamento-imobiliario-tem-desafios-para-manter-ritmo-em-2021\/#primaryimage"},"thumbnailUrl":"https:\/\/i0.wp.com\/verdadeon.com.br\/portal\/wp-content\/uploads\/2021\/01\/sp_governo_cidade_vista_aerea_270320193512.jpg?fit=1000%2C670&ssl=1","datePublished":"2021-01-02T20:36:39+00:00","author":{"@id":"https:\/\/verdadeon.com.br\/portal\/#\/schema\/person\/8994718f49ee62ba5610471e29ca1f62"},"breadcrumb":{"@id":"https:\/\/verdadeon.com.br\/portal\/2021\/01\/02\/financiamento-imobiliario-tem-desafios-para-manter-ritmo-em-2021\/#breadcrumb"},"inLanguage":"pt-BR","potentialAction":[{"@type":"ReadAction","target":["https:\/\/verdadeon.com.br\/portal\/2021\/01\/02\/financiamento-imobiliario-tem-desafios-para-manter-ritmo-em-2021\/"]}]},{"@type":"ImageObject","inLanguage":"pt-BR","@id":"https:\/\/verdadeon.com.br\/portal\/2021\/01\/02\/financiamento-imobiliario-tem-desafios-para-manter-ritmo-em-2021\/#primaryimage","url":"https:\/\/i0.wp.com\/verdadeon.com.br\/portal\/wp-content\/uploads\/2021\/01\/sp_governo_cidade_vista_aerea_270320193512.jpg?fit=1000%2C670&ssl=1","contentUrl":"https:\/\/i0.wp.com\/verdadeon.com.br\/portal\/wp-content\/uploads\/2021\/01\/sp_governo_cidade_vista_aerea_270320193512.jpg?fit=1000%2C670&ssl=1","width":1000,"height":670,"caption":"Vista aerea da cidade de S\u00e3o Paulo, rio Tiet\u00ea, predios, S\u00e3o Paulo, cidade"},{"@type":"BreadcrumbList","@id":"https:\/\/verdadeon.com.br\/portal\/2021\/01\/02\/financiamento-imobiliario-tem-desafios-para-manter-ritmo-em-2021\/#breadcrumb","itemListElement":[{"@type":"ListItem","position":1,"name":"In\u00edcio","item":"https:\/\/verdadeon.com.br\/portal\/"},{"@type":"ListItem","position":2,"name":"Financiamento imobili\u00e1rio tem desafios para manter ritmo em 2021"}]},{"@type":"WebSite","@id":"https:\/\/verdadeon.com.br\/portal\/#website","url":"https:\/\/verdadeon.com.br\/portal\/","name":"VerdadeOn","description":"Not\u00edcias di\u00e1rias sobre Franca, Regi\u00e3o, Esporte, Cultura, Cotidiano, Colunas. Cobertura nos principais eventos da cidade \u00e9 aqui - Verdadeon Franca","potentialAction":[{"@type":"SearchAction","target":{"@type":"EntryPoint","urlTemplate":"https:\/\/verdadeon.com.br\/portal\/?s={search_term_string}"},"query-input":{"@type":"PropertyValueSpecification","valueRequired":true,"valueName":"search_term_string"}}],"inLanguage":"pt-BR"},{"@type":"Person","@id":"https:\/\/verdadeon.com.br\/portal\/#\/schema\/person\/8994718f49ee62ba5610471e29ca1f62","name":"Fernando Calixto","image":{"@type":"ImageObject","inLanguage":"pt-BR","@id":"https:\/\/verdadeon.com.br\/portal\/#\/schema\/person\/image\/","url":"https:\/\/secure.gravatar.com\/avatar\/7578910c24966c0316c340f9dbd601e93ee9f9212e1033968b367af9306bd9fb?s=96&d=mm&r=g","contentUrl":"https:\/\/secure.gravatar.com\/avatar\/7578910c24966c0316c340f9dbd601e93ee9f9212e1033968b367af9306bd9fb?s=96&d=mm&r=g","caption":"Fernando Calixto"},"url":"https:\/\/verdadeon.com.br\/portal\/author\/fernando-calixto\/"}]}},"jetpack_publicize_connections":[],"jetpack_featured_media_url":"https:\/\/i0.wp.com\/verdadeon.com.br\/portal\/wp-content\/uploads\/2021\/01\/sp_governo_cidade_vista_aerea_270320193512.jpg?fit=1000%2C670&ssl=1","jetpack_sharing_enabled":true,"_links":{"self":[{"href":"https:\/\/verdadeon.com.br\/portal\/wp-json\/wp\/v2\/posts\/12979","targetHints":{"allow":["GET"]}}],"collection":[{"href":"https:\/\/verdadeon.com.br\/portal\/wp-json\/wp\/v2\/posts"}],"about":[{"href":"https:\/\/verdadeon.com.br\/portal\/wp-json\/wp\/v2\/types\/post"}],"author":[{"embeddable":true,"href":"https:\/\/verdadeon.com.br\/portal\/wp-json\/wp\/v2\/users\/4"}],"replies":[{"embeddable":true,"href":"https:\/\/verdadeon.com.br\/portal\/wp-json\/wp\/v2\/comments?post=12979"}],"version-history":[{"count":0,"href":"https:\/\/verdadeon.com.br\/portal\/wp-json\/wp\/v2\/posts\/12979\/revisions"}],"wp:featuredmedia":[{"embeddable":true,"href":"https:\/\/verdadeon.com.br\/portal\/wp-json\/wp\/v2\/media\/12984"}],"wp:attachment":[{"href":"https:\/\/verdadeon.com.br\/portal\/wp-json\/wp\/v2\/media?parent=12979"}],"wp:term":[{"taxonomy":"category","embeddable":true,"href":"https:\/\/verdadeon.com.br\/portal\/wp-json\/wp\/v2\/categories?post=12979"},{"taxonomy":"post_tag","embeddable":true,"href":"https:\/\/verdadeon.com.br\/portal\/wp-json\/wp\/v2\/tags?post=12979"}],"curies":[{"name":"wp","href":"https:\/\/api.w.org\/{rel}","templated":true}]}}