{"id":12944,"date":"2020-12-30T22:14:55","date_gmt":"2020-12-31T01:14:55","guid":{"rendered":"http:\/\/verdadeon.com.br\/portal\/?p=12944"},"modified":"2020-12-30T22:14:55","modified_gmt":"2020-12-31T01:14:55","slug":"donos-de-veiculos-nao-vao-pagar-seguro-dpvat-em-2021","status":"publish","type":"post","link":"https:\/\/verdadeon.com.br\/portal\/2020\/12\/30\/donos-de-veiculos-nao-vao-pagar-seguro-dpvat-em-2021\/","title":{"rendered":"Donos de ve\u00edculos n\u00e3o v\u00e3o pagar Seguro DPVAT em 2021"},"content":{"rendered":"<div class=\"col-lg-12 mb-3\">\n<div class=\"row\">\n<h3 class=\"col-10 offset-1 animated fadeInDown dealy-900 display-8 display-md-8 alt-font font-italic my-1 text-center\">Decis\u00e3o \u00e9 do Conselho Nacional de Seguros Privados<\/h3>\n<\/div>\n<p>Kelly Oliveira \u2013 Rep\u00f3rter da Ag\u00eancia Brasil &#8211; Bras\u00edlia<\/p><\/div>\n<div class=\"col-xl-7 offset-xl-1 col-lg-8 offset-lg-0 col-md-10 offset-md-1 mb-3\">\n<div class=\"post-item alt-font\">\n<div class=\"post-item-wrap\">\n<p>Propriet\u00e1rios de ve\u00edculos n\u00e3o\u00a0ter\u00e3o que pagar o Seguro Obrigat\u00f3rio de Danos Pessoais Causados por Ve\u00edculos Automotores (Seguro DPVAT), em 2021.<img data-recalc-dims=\"1\" decoding=\"async\" src=\"https:\/\/i0.wp.com\/agenciabrasil.ebc.com.br\/ebc.png?w=1220&#038;ssl=1\" \/><img data-recalc-dims=\"1\" decoding=\"async\" src=\"https:\/\/i0.wp.com\/agenciabrasil.ebc.com.br\/ebc.gif?w=1220&#038;ssl=1\" \/><\/p>\n<p>O Conselho Nacional de Seguros Privados (CNSP) aprovou, em reuni\u00e3o extraordin\u00e1ria realizada nessa\u00a0ter\u00e7a-feira (29), pr\u00eamio zero para o DPVAT em 2021 e autorizou a contrata\u00e7\u00e3o de novo operador pela Superintend\u00eancia de Seguros Privados (Susep), em car\u00e1ter\u00a0emergencial e tempor\u00e1rio. As resolu\u00e7\u00f5es do CNSP foram publicadas\u00a0hoje\u00a0(30) no\u00a0<a href=\"https:\/\/www.in.gov.br\/web\/dou\/-\/resolucao-cnsp-n-398-de-29-de-dezembro-de-2020-296884187\" target=\"_blank\" rel=\"noopener\"><em>Di\u00e1rio Oficial da Uni\u00e3o<\/em><\/a>.<\/p>\n<p>Segundo a Susep, h\u00e1 excedentes de recursos cobrados em anos anteriores que s\u00e3o suficientes para pagar indeniza\u00e7\u00f5es em 2021.<\/p>\n<p>No final\u00a0de novembro, foi anunciada a dissolu\u00e7\u00e3o da Cons\u00f3rcio do Seguro DPVAT a partir de 1\u00b0 de janeiro de 2021, ap\u00f3s decis\u00e3o de assembleia de seguradoras consorciadas. A partir desta data, a Seguradora L\u00edder n\u00e3o poder\u00e1 operar o Seguro DPVAT em nome das consorciadas, mas t\u00e3o somente administrar os ativos, passivos e neg\u00f3cios do Cons\u00f3rcio realizados at\u00e9\u00a031 de dezembro\u00a0de 2020.<\/p>\n<p>No m\u00eas passado, a Susep notificou a Seguradora L\u00edder a recolher ao caixa dos recursos do Seguro DPVAT a quantia de R$ 2,257 bilh\u00f5es, referente a 2.119 despesas consideradas irregulares pela fiscaliza\u00e7\u00e3o da superintend\u00eancia, que foram executadas com recursos p\u00fablicos do seguro DPVAT entre os anos de 2008 e 2020.<\/p>\n<p>\u201cA Susep est\u00e1 envidando os melhores esfor\u00e7os para viabilizar a contrata\u00e7\u00e3o de pessoa jur\u00eddica, j\u00e1 na primeira semana\u00a0de janeiro\u00a0de 2021, com capacidade t\u00e9cnica e operacional para assumir o DPVAT, garantindo as indeniza\u00e7\u00f5es previstas em lei para a popula\u00e7\u00e3o brasileira\u201d, diz a superintend\u00eancia em nota.<\/p>\n<p>Nessa\u00a0ter\u00e7a-feira, o Tribunal de Contas da Uni\u00e3o (TCU) emitiu decis\u00e3o cautelar determinando que CNSP e Susep adotem as provid\u00eancias necess\u00e1rias para assegurar a continuidade da operacionaliza\u00e7\u00e3o do seguro DPVAT.<\/p>\n<p>O Seguro DPVAT foi criado pela Lei n\u00b0 6.194 de 1974 e tem como finalidade o amparo \u00e0s v\u00edtimas de acidentes de tr\u00e2nsito em todo o pa\u00eds, n\u00e3o importando de quem seja a culpa dos acidentes.<\/p>\n<p><em>*Mat\u00e9ria alterada \u00e1s 19h02 para acr\u00e9scimo de informa\u00e7\u00f5es.<\/em><\/p>\n<\/div>\n<p class=\"alt-font font-italic my-2 small text-info\">Edi\u00e7\u00e3o: Bruna Saniele<\/p>\n<\/div>\n<\/div>\n","protected":false},"excerpt":{"rendered":"<p>Decis\u00e3o \u00e9 do Conselho Nacional de Seguros Privados Kelly Oliveira \u2013 Rep\u00f3rter da Ag\u00eancia Brasil &#8211; Bras\u00edlia Propriet\u00e1rios de ve\u00edculos n\u00e3o\u00a0ter\u00e3o que pagar o Seguro Obrigat\u00f3rio<span class=\"excerpt-hellip\"> [\u2026]<\/span><\/p>\n","protected":false},"author":4,"featured_media":12946,"comment_status":"open","ping_status":"open","sticky":false,"template":"","format":"standard","meta":{"_jetpack_memberships_contains_paid_content":false,"footnotes":"","jetpack_publicize_message":"","jetpack_publicize_feature_enabled":true,"jetpack_social_post_already_shared":false,"jetpack_social_options":{"image_generator_settings":{"template":"highway","default_image_id":0,"enabled":false},"version":2}},"categories":[28,44],"tags":[],"class_list":["post-12944","post","type-post","status-publish","format-standard","has-post-thumbnail","hentry","category-cotidiano","category-noticias"],"yoast_head":"<!-- This site is optimized with the Yoast SEO plugin v25.6 - https:\/\/yoast.com\/wordpress\/plugins\/seo\/ -->\n<title>Donos de ve\u00edculos n\u00e3o v\u00e3o pagar Seguro DPVAT em 2021 - VerdadeOn<\/title>\n<meta name=\"robots\" content=\"index, follow, max-snippet:-1, max-image-preview:large, max-video-preview:-1\" \/>\n<link rel=\"canonical\" href=\"https:\/\/verdadeon.com.br\/portal\/2020\/12\/30\/donos-de-veiculos-nao-vao-pagar-seguro-dpvat-em-2021\/\" \/>\n<meta property=\"og:locale\" content=\"pt_BR\" \/>\n<meta property=\"og:type\" content=\"article\" \/>\n<meta property=\"og:title\" content=\"Donos de ve\u00edculos n\u00e3o v\u00e3o pagar Seguro DPVAT em 2021 - VerdadeOn\" \/>\n<meta property=\"og:description\" content=\"Decis\u00e3o \u00e9 do Conselho Nacional de Seguros Privados Kelly Oliveira \u2013 Rep\u00f3rter da Ag\u00eancia Brasil &#8211; Bras\u00edlia Propriet\u00e1rios de ve\u00edculos n\u00e3o\u00a0ter\u00e3o que pagar o Seguro Obrigat\u00f3rio [\u2026]\" \/>\n<meta property=\"og:url\" content=\"https:\/\/verdadeon.com.br\/portal\/2020\/12\/30\/donos-de-veiculos-nao-vao-pagar-seguro-dpvat-em-2021\/\" \/>\n<meta property=\"og:site_name\" content=\"VerdadeOn\" \/>\n<meta property=\"article:published_time\" content=\"2020-12-31T01:14:55+00:00\" \/>\n<meta property=\"og:image\" content=\"https:\/\/verdadeon.com.br\/portal\/wp-content\/uploads\/2020\/12\/dpvat_3012203642.jpg\" \/>\n\t<meta property=\"og:image:width\" content=\"1000\" \/>\n\t<meta property=\"og:image:height\" content=\"670\" \/>\n\t<meta property=\"og:image:type\" content=\"image\/jpeg\" \/>\n<meta name=\"author\" content=\"Fernando Calixto\" \/>\n<meta name=\"twitter:card\" content=\"summary_large_image\" \/>\n<meta name=\"twitter:label1\" content=\"Escrito por\" \/>\n\t<meta name=\"twitter:data1\" content=\"Fernando Calixto\" \/>\n\t<meta name=\"twitter:label2\" content=\"Est. tempo de leitura\" \/>\n\t<meta name=\"twitter:data2\" content=\"2 minutos\" \/>\n<script type=\"application\/ld+json\" class=\"yoast-schema-graph\">{\"@context\":\"https:\/\/schema.org\",\"@graph\":[{\"@type\":\"WebPage\",\"@id\":\"https:\/\/verdadeon.com.br\/portal\/2020\/12\/30\/donos-de-veiculos-nao-vao-pagar-seguro-dpvat-em-2021\/\",\"url\":\"https:\/\/verdadeon.com.br\/portal\/2020\/12\/30\/donos-de-veiculos-nao-vao-pagar-seguro-dpvat-em-2021\/\",\"name\":\"Donos de ve\u00edculos n\u00e3o v\u00e3o pagar Seguro DPVAT em 2021 - VerdadeOn\",\"isPartOf\":{\"@id\":\"https:\/\/verdadeon.com.br\/portal\/#website\"},\"primaryImageOfPage\":{\"@id\":\"https:\/\/verdadeon.com.br\/portal\/2020\/12\/30\/donos-de-veiculos-nao-vao-pagar-seguro-dpvat-em-2021\/#primaryimage\"},\"image\":{\"@id\":\"https:\/\/verdadeon.com.br\/portal\/2020\/12\/30\/donos-de-veiculos-nao-vao-pagar-seguro-dpvat-em-2021\/#primaryimage\"},\"thumbnailUrl\":\"https:\/\/i0.wp.com\/verdadeon.com.br\/portal\/wp-content\/uploads\/2020\/12\/dpvat_3012203642.jpg?fit=1000%2C670&ssl=1\",\"datePublished\":\"2020-12-31T01:14:55+00:00\",\"author\":{\"@id\":\"https:\/\/verdadeon.com.br\/portal\/#\/schema\/person\/8994718f49ee62ba5610471e29ca1f62\"},\"breadcrumb\":{\"@id\":\"https:\/\/verdadeon.com.br\/portal\/2020\/12\/30\/donos-de-veiculos-nao-vao-pagar-seguro-dpvat-em-2021\/#breadcrumb\"},\"inLanguage\":\"pt-BR\",\"potentialAction\":[{\"@type\":\"ReadAction\",\"target\":[\"https:\/\/verdadeon.com.br\/portal\/2020\/12\/30\/donos-de-veiculos-nao-vao-pagar-seguro-dpvat-em-2021\/\"]}]},{\"@type\":\"ImageObject\",\"inLanguage\":\"pt-BR\",\"@id\":\"https:\/\/verdadeon.com.br\/portal\/2020\/12\/30\/donos-de-veiculos-nao-vao-pagar-seguro-dpvat-em-2021\/#primaryimage\",\"url\":\"https:\/\/i0.wp.com\/verdadeon.com.br\/portal\/wp-content\/uploads\/2020\/12\/dpvat_3012203642.jpg?fit=1000%2C670&ssl=1\",\"contentUrl\":\"https:\/\/i0.wp.com\/verdadeon.com.br\/portal\/wp-content\/uploads\/2020\/12\/dpvat_3012203642.jpg?fit=1000%2C670&ssl=1\",\"width\":1000,\"height\":670,\"caption\":\"Seguro DPVAT\"},{\"@type\":\"BreadcrumbList\",\"@id\":\"https:\/\/verdadeon.com.br\/portal\/2020\/12\/30\/donos-de-veiculos-nao-vao-pagar-seguro-dpvat-em-2021\/#breadcrumb\",\"itemListElement\":[{\"@type\":\"ListItem\",\"position\":1,\"name\":\"In\u00edcio\",\"item\":\"https:\/\/verdadeon.com.br\/portal\/\"},{\"@type\":\"ListItem\",\"position\":2,\"name\":\"Donos de ve\u00edculos n\u00e3o v\u00e3o pagar Seguro DPVAT em 2021\"}]},{\"@type\":\"WebSite\",\"@id\":\"https:\/\/verdadeon.com.br\/portal\/#website\",\"url\":\"https:\/\/verdadeon.com.br\/portal\/\",\"name\":\"VerdadeOn\",\"description\":\"Not\u00edcias di\u00e1rias sobre Franca, Regi\u00e3o, Esporte, Cultura, Cotidiano, Colunas. Cobertura nos principais eventos da cidade \u00e9 aqui - Verdadeon Franca\",\"potentialAction\":[{\"@type\":\"SearchAction\",\"target\":{\"@type\":\"EntryPoint\",\"urlTemplate\":\"https:\/\/verdadeon.com.br\/portal\/?s={search_term_string}\"},\"query-input\":{\"@type\":\"PropertyValueSpecification\",\"valueRequired\":true,\"valueName\":\"search_term_string\"}}],\"inLanguage\":\"pt-BR\"},{\"@type\":\"Person\",\"@id\":\"https:\/\/verdadeon.com.br\/portal\/#\/schema\/person\/8994718f49ee62ba5610471e29ca1f62\",\"name\":\"Fernando Calixto\",\"image\":{\"@type\":\"ImageObject\",\"inLanguage\":\"pt-BR\",\"@id\":\"https:\/\/verdadeon.com.br\/portal\/#\/schema\/person\/image\/\",\"url\":\"https:\/\/secure.gravatar.com\/avatar\/7578910c24966c0316c340f9dbd601e93ee9f9212e1033968b367af9306bd9fb?s=96&d=mm&r=g\",\"contentUrl\":\"https:\/\/secure.gravatar.com\/avatar\/7578910c24966c0316c340f9dbd601e93ee9f9212e1033968b367af9306bd9fb?s=96&d=mm&r=g\",\"caption\":\"Fernando Calixto\"},\"url\":\"https:\/\/verdadeon.com.br\/portal\/author\/fernando-calixto\/\"}]}<\/script>\n<!-- \/ Yoast SEO plugin. -->","yoast_head_json":{"title":"Donos de ve\u00edculos n\u00e3o v\u00e3o pagar Seguro DPVAT em 2021 - VerdadeOn","robots":{"index":"index","follow":"follow","max-snippet":"max-snippet:-1","max-image-preview":"max-image-preview:large","max-video-preview":"max-video-preview:-1"},"canonical":"https:\/\/verdadeon.com.br\/portal\/2020\/12\/30\/donos-de-veiculos-nao-vao-pagar-seguro-dpvat-em-2021\/","og_locale":"pt_BR","og_type":"article","og_title":"Donos de ve\u00edculos n\u00e3o v\u00e3o pagar Seguro DPVAT em 2021 - VerdadeOn","og_description":"Decis\u00e3o \u00e9 do Conselho Nacional de Seguros Privados Kelly Oliveira \u2013 Rep\u00f3rter da Ag\u00eancia Brasil &#8211; Bras\u00edlia Propriet\u00e1rios de ve\u00edculos n\u00e3o\u00a0ter\u00e3o que pagar o Seguro Obrigat\u00f3rio [\u2026]","og_url":"https:\/\/verdadeon.com.br\/portal\/2020\/12\/30\/donos-de-veiculos-nao-vao-pagar-seguro-dpvat-em-2021\/","og_site_name":"VerdadeOn","article_published_time":"2020-12-31T01:14:55+00:00","og_image":[{"width":1000,"height":670,"url":"https:\/\/verdadeon.com.br\/portal\/wp-content\/uploads\/2020\/12\/dpvat_3012203642.jpg","type":"image\/jpeg"}],"author":"Fernando Calixto","twitter_card":"summary_large_image","twitter_misc":{"Escrito por":"Fernando Calixto","Est. tempo de leitura":"2 minutos"},"schema":{"@context":"https:\/\/schema.org","@graph":[{"@type":"WebPage","@id":"https:\/\/verdadeon.com.br\/portal\/2020\/12\/30\/donos-de-veiculos-nao-vao-pagar-seguro-dpvat-em-2021\/","url":"https:\/\/verdadeon.com.br\/portal\/2020\/12\/30\/donos-de-veiculos-nao-vao-pagar-seguro-dpvat-em-2021\/","name":"Donos de ve\u00edculos n\u00e3o v\u00e3o pagar Seguro DPVAT em 2021 - VerdadeOn","isPartOf":{"@id":"https:\/\/verdadeon.com.br\/portal\/#website"},"primaryImageOfPage":{"@id":"https:\/\/verdadeon.com.br\/portal\/2020\/12\/30\/donos-de-veiculos-nao-vao-pagar-seguro-dpvat-em-2021\/#primaryimage"},"image":{"@id":"https:\/\/verdadeon.com.br\/portal\/2020\/12\/30\/donos-de-veiculos-nao-vao-pagar-seguro-dpvat-em-2021\/#primaryimage"},"thumbnailUrl":"https:\/\/i0.wp.com\/verdadeon.com.br\/portal\/wp-content\/uploads\/2020\/12\/dpvat_3012203642.jpg?fit=1000%2C670&ssl=1","datePublished":"2020-12-31T01:14:55+00:00","author":{"@id":"https:\/\/verdadeon.com.br\/portal\/#\/schema\/person\/8994718f49ee62ba5610471e29ca1f62"},"breadcrumb":{"@id":"https:\/\/verdadeon.com.br\/portal\/2020\/12\/30\/donos-de-veiculos-nao-vao-pagar-seguro-dpvat-em-2021\/#breadcrumb"},"inLanguage":"pt-BR","potentialAction":[{"@type":"ReadAction","target":["https:\/\/verdadeon.com.br\/portal\/2020\/12\/30\/donos-de-veiculos-nao-vao-pagar-seguro-dpvat-em-2021\/"]}]},{"@type":"ImageObject","inLanguage":"pt-BR","@id":"https:\/\/verdadeon.com.br\/portal\/2020\/12\/30\/donos-de-veiculos-nao-vao-pagar-seguro-dpvat-em-2021\/#primaryimage","url":"https:\/\/i0.wp.com\/verdadeon.com.br\/portal\/wp-content\/uploads\/2020\/12\/dpvat_3012203642.jpg?fit=1000%2C670&ssl=1","contentUrl":"https:\/\/i0.wp.com\/verdadeon.com.br\/portal\/wp-content\/uploads\/2020\/12\/dpvat_3012203642.jpg?fit=1000%2C670&ssl=1","width":1000,"height":670,"caption":"Seguro DPVAT"},{"@type":"BreadcrumbList","@id":"https:\/\/verdadeon.com.br\/portal\/2020\/12\/30\/donos-de-veiculos-nao-vao-pagar-seguro-dpvat-em-2021\/#breadcrumb","itemListElement":[{"@type":"ListItem","position":1,"name":"In\u00edcio","item":"https:\/\/verdadeon.com.br\/portal\/"},{"@type":"ListItem","position":2,"name":"Donos de ve\u00edculos n\u00e3o v\u00e3o pagar Seguro DPVAT em 2021"}]},{"@type":"WebSite","@id":"https:\/\/verdadeon.com.br\/portal\/#website","url":"https:\/\/verdadeon.com.br\/portal\/","name":"VerdadeOn","description":"Not\u00edcias di\u00e1rias sobre Franca, Regi\u00e3o, Esporte, Cultura, Cotidiano, Colunas. Cobertura nos principais eventos da cidade \u00e9 aqui - Verdadeon Franca","potentialAction":[{"@type":"SearchAction","target":{"@type":"EntryPoint","urlTemplate":"https:\/\/verdadeon.com.br\/portal\/?s={search_term_string}"},"query-input":{"@type":"PropertyValueSpecification","valueRequired":true,"valueName":"search_term_string"}}],"inLanguage":"pt-BR"},{"@type":"Person","@id":"https:\/\/verdadeon.com.br\/portal\/#\/schema\/person\/8994718f49ee62ba5610471e29ca1f62","name":"Fernando Calixto","image":{"@type":"ImageObject","inLanguage":"pt-BR","@id":"https:\/\/verdadeon.com.br\/portal\/#\/schema\/person\/image\/","url":"https:\/\/secure.gravatar.com\/avatar\/7578910c24966c0316c340f9dbd601e93ee9f9212e1033968b367af9306bd9fb?s=96&d=mm&r=g","contentUrl":"https:\/\/secure.gravatar.com\/avatar\/7578910c24966c0316c340f9dbd601e93ee9f9212e1033968b367af9306bd9fb?s=96&d=mm&r=g","caption":"Fernando Calixto"},"url":"https:\/\/verdadeon.com.br\/portal\/author\/fernando-calixto\/"}]}},"jetpack_publicize_connections":[],"jetpack_featured_media_url":"https:\/\/i0.wp.com\/verdadeon.com.br\/portal\/wp-content\/uploads\/2020\/12\/dpvat_3012203642.jpg?fit=1000%2C670&ssl=1","jetpack_sharing_enabled":true,"_links":{"self":[{"href":"https:\/\/verdadeon.com.br\/portal\/wp-json\/wp\/v2\/posts\/12944","targetHints":{"allow":["GET"]}}],"collection":[{"href":"https:\/\/verdadeon.com.br\/portal\/wp-json\/wp\/v2\/posts"}],"about":[{"href":"https:\/\/verdadeon.com.br\/portal\/wp-json\/wp\/v2\/types\/post"}],"author":[{"embeddable":true,"href":"https:\/\/verdadeon.com.br\/portal\/wp-json\/wp\/v2\/users\/4"}],"replies":[{"embeddable":true,"href":"https:\/\/verdadeon.com.br\/portal\/wp-json\/wp\/v2\/comments?post=12944"}],"version-history":[{"count":0,"href":"https:\/\/verdadeon.com.br\/portal\/wp-json\/wp\/v2\/posts\/12944\/revisions"}],"wp:featuredmedia":[{"embeddable":true,"href":"https:\/\/verdadeon.com.br\/portal\/wp-json\/wp\/v2\/media\/12946"}],"wp:attachment":[{"href":"https:\/\/verdadeon.com.br\/portal\/wp-json\/wp\/v2\/media?parent=12944"}],"wp:term":[{"taxonomy":"category","embeddable":true,"href":"https:\/\/verdadeon.com.br\/portal\/wp-json\/wp\/v2\/categories?post=12944"},{"taxonomy":"post_tag","embeddable":true,"href":"https:\/\/verdadeon.com.br\/portal\/wp-json\/wp\/v2\/tags?post=12944"}],"curies":[{"name":"wp","href":"https:\/\/api.w.org\/{rel}","templated":true}]}}