{"id":12920,"date":"2020-12-29T23:18:59","date_gmt":"2020-12-30T02:18:59","guid":{"rendered":"http:\/\/verdadeon.com.br\/portal\/?p=12920"},"modified":"2020-12-29T23:18:59","modified_gmt":"2020-12-30T02:18:59","slug":"covid-19-brasil-registra-11-mil-mortes-e-587-mil-casos-em-24-horas","status":"publish","type":"post","link":"https:\/\/verdadeon.com.br\/portal\/2020\/12\/29\/covid-19-brasil-registra-11-mil-mortes-e-587-mil-casos-em-24-horas\/","title":{"rendered":"Covid-19: Brasil registra 1,1 mil mortes e 58,7 mil casos em 24 horas"},"content":{"rendered":"<div class=\"col-lg-12 mb-3\">\n<div class=\"row\">\n<h3 class=\"col-10 offset-1 animated fadeInDown dealy-900 display-8 display-md-8 alt-font font-italic my-1 text-center\">Soma de casos acumulados no pa\u00eds chega a 7.563.551<\/h3>\n<\/div>\n<p>Jonas Valente \u2013 Rep\u00f3rter Ag\u00eancia Brasil &#8211; Bras\u00edlia<\/p><\/div>\n<div class=\"col-xl-7 offset-xl-1 col-lg-8 offset-lg-0 col-md-10 offset-md-1 mb-3\">\n<div class=\"post-item alt-font\">\n<div class=\"post-item-wrap\">\n<p>Autoridades de sa\u00fade registraram, nas \u00faltimas 24 horas, 1.111 novas mortes e 58.718 novos casos de covid-19 no Brasil. A \u00faltima vez que o pa\u00eds havia batido os mil \u00f3bitos di\u00e1rios foi no dia 17 deste m\u00eas e, antes disso, em 30 de setembro.<img data-recalc-dims=\"1\" decoding=\"async\" src=\"https:\/\/i0.wp.com\/agenciabrasil.ebc.com.br\/ebc.png?w=1220&#038;ssl=1\" \/><img data-recalc-dims=\"1\" decoding=\"async\" src=\"https:\/\/i0.wp.com\/agenciabrasil.ebc.com.br\/ebc.gif?w=1220&#038;ssl=1\" \/><\/p>\n<p>As informa\u00e7\u00f5es foram divulgadas pelo Minist\u00e9rio da Sa\u00fade nesta ter\u00e7a-feira (29), com atualiza\u00e7\u00e3o at\u00e9 \u00e0s 16h30. O balan\u00e7o re\u00fane dados levantados pelas secretarias estaduais de sa\u00fade.<\/p>\n<p>Com as novas mortes acrescidas \u00e0s estat\u00edsticas, o total de \u00f3bitos em fun\u00e7\u00e3o da pandemia sobe para 192.681.\u00a0Ontem (28), o sistema do Minist\u00e9rio da Sa\u00fade marcava 191.750 \u00f3bitos. Ainda h\u00e1 2.508 falecimentos em investiga\u00e7\u00e3o.<\/p>\n<p>A soma de casos acumulados chegou a 7.563.551 com os novos diagn\u00f3sticos registrados nas \u00faltimas 24 horas. At\u00e9 ontem, o painel de dados trazia 7.504.833 pessoas infectadas desde o in\u00edcio da pandemia.<\/p>\n<p>Os dados do minist\u00e9rio apontam tamb\u00e9m 723.332 casos ativos em acompanhamento por profissionais de sa\u00fade e 6.647.538 pessoas que j\u00e1 se recuperaram da doen\u00e7a.<\/p>\n<p>Em geral, os registros de casos e mortes s\u00e3o menores aos domingos e segundas-feiras em raz\u00e3o da dificuldade de alimenta\u00e7\u00e3o dos dados pelas secretarias de sa\u00fade aos fins de semana. J\u00e1 \u00e0s ter\u00e7as-feiras, os totais tendem a ser maiores pelo ac\u00famulo das informa\u00e7\u00f5es de fim de semana que s\u00e3o enviadas ao minist\u00e9rio.<\/p>\n<div class=\"dnd-widget-wrapper context-cheio_8colunas type-image\">\n<div class=\"dnd-atom-rendered\">\n<div class=\"shadow overflow-hidden rounded-lg d-block zoom-on-hover-sm shadow-hover w-100\"><img data-recalc-dims=\"1\" decoding=\"async\" class=\"flex-fill img-cover\" title=\"Minist\u00e9rio da Sa\u00fade\" src=\"https:\/\/i0.wp.com\/imagens.ebc.com.br\/FnNjyXzeTxMsOWYy9irxuVqhCkI%3D\/754x0\/smart\/https%3A\/\/agenciabrasil.ebc.com.br\/sites\/default\/files\/thumbnails\/image\/situacao_epidemiologica_da_covid_19_no_brasil_29.12.202029122000906.jpg?w=1220&#038;ssl=1\" alt=\"Situa\u00e7\u00e3o epidemiol\u00f3gica da covid 19 no Brasil \/29.12.2020\" \/><\/div>\n<\/div>\n<div class=\"dnd-caption-wrapper\">\n<div class=\"meta\">Situa\u00e7\u00e3o epidemiol\u00f3gica da covid 19 no Brasil \/29.12.2020 &#8211;\u00a0<strong>Minist\u00e9rio da Sa\u00fade<\/strong><\/div>\n<\/div>\n<\/div>\n<h2>Estados<\/h2>\n<p>No topo da lista de mortes por covid-19 est\u00e3o os seguintes estados: S\u00e3o Paulo (46.195), Rio de Janeiro\u00a0(25.078), Minas Gerais (11.615), Cear\u00e1 (9.963) e Pernambuco (9.612). J\u00e1 entre os \u00faltimos no ranking est\u00e3o Roraima (773), Acre (791), Amap\u00e1 (913), Tocantins (1.229) e Rond\u00f4nia (1.785).<\/p>\n<\/div>\n<p class=\"alt-font font-italic my-2 small text-info\">Edi\u00e7\u00e3o: Paula Laboissi\u00e8re<\/p>\n<\/div>\n<\/div>\n","protected":false},"excerpt":{"rendered":"<p>Soma de casos acumulados no pa\u00eds chega a 7.563.551 Jonas Valente \u2013 Rep\u00f3rter Ag\u00eancia Brasil &#8211; Bras\u00edlia Autoridades de sa\u00fade registraram, nas \u00faltimas 24 horas, 1.111<span class=\"excerpt-hellip\"> [\u2026]<\/span><\/p>\n","protected":false},"author":4,"featured_media":12923,"comment_status":"open","ping_status":"open","sticky":false,"template":"","format":"standard","meta":{"_jetpack_memberships_contains_paid_content":false,"footnotes":"","jetpack_publicize_message":"","jetpack_publicize_feature_enabled":true,"jetpack_social_post_already_shared":false,"jetpack_social_options":{"image_generator_settings":{"template":"highway","default_image_id":0,"enabled":false},"version":2}},"categories":[28,44],"tags":[],"class_list":["post-12920","post","type-post","status-publish","format-standard","has-post-thumbnail","hentry","category-cotidiano","category-noticias"],"yoast_head":"<!-- This site is optimized with the Yoast SEO plugin v25.6 - https:\/\/yoast.com\/wordpress\/plugins\/seo\/ -->\n<title>Covid-19: Brasil registra 1,1 mil mortes e 58,7 mil casos em 24 horas - VerdadeOn<\/title>\n<meta name=\"robots\" content=\"index, follow, max-snippet:-1, max-image-preview:large, max-video-preview:-1\" \/>\n<link rel=\"canonical\" href=\"https:\/\/verdadeon.com.br\/portal\/2020\/12\/29\/covid-19-brasil-registra-11-mil-mortes-e-587-mil-casos-em-24-horas\/\" \/>\n<meta property=\"og:locale\" content=\"pt_BR\" \/>\n<meta property=\"og:type\" content=\"article\" \/>\n<meta property=\"og:title\" content=\"Covid-19: Brasil registra 1,1 mil mortes e 58,7 mil casos em 24 horas - VerdadeOn\" \/>\n<meta property=\"og:description\" content=\"Soma de casos acumulados no pa\u00eds chega a 7.563.551 Jonas Valente \u2013 Rep\u00f3rter Ag\u00eancia Brasil &#8211; Bras\u00edlia Autoridades de sa\u00fade registraram, nas \u00faltimas 24 horas, 1.111 [\u2026]\" \/>\n<meta property=\"og:url\" content=\"https:\/\/verdadeon.com.br\/portal\/2020\/12\/29\/covid-19-brasil-registra-11-mil-mortes-e-587-mil-casos-em-24-horas\/\" \/>\n<meta property=\"og:site_name\" content=\"VerdadeOn\" \/>\n<meta property=\"article:published_time\" content=\"2020-12-30T02:18:59+00:00\" \/>\n<meta property=\"og:image\" content=\"https:\/\/verdadeon.com.br\/portal\/wp-content\/uploads\/2020\/12\/2020-07-24t143211z_1391278467_rc2qzh93g22g_rtrmadp_3_health-coronavirus-brazil.jpg\" \/>\n\t<meta property=\"og:image:width\" content=\"1000\" \/>\n\t<meta property=\"og:image:height\" content=\"670\" \/>\n\t<meta property=\"og:image:type\" content=\"image\/jpeg\" \/>\n<meta name=\"author\" content=\"Fernando Calixto\" \/>\n<meta name=\"twitter:card\" content=\"summary_large_image\" \/>\n<meta name=\"twitter:label1\" content=\"Escrito por\" \/>\n\t<meta name=\"twitter:data1\" content=\"Fernando Calixto\" \/>\n\t<meta name=\"twitter:label2\" content=\"Est. tempo de leitura\" \/>\n\t<meta name=\"twitter:data2\" content=\"2 minutos\" \/>\n<script type=\"application\/ld+json\" class=\"yoast-schema-graph\">{\"@context\":\"https:\/\/schema.org\",\"@graph\":[{\"@type\":\"WebPage\",\"@id\":\"https:\/\/verdadeon.com.br\/portal\/2020\/12\/29\/covid-19-brasil-registra-11-mil-mortes-e-587-mil-casos-em-24-horas\/\",\"url\":\"https:\/\/verdadeon.com.br\/portal\/2020\/12\/29\/covid-19-brasil-registra-11-mil-mortes-e-587-mil-casos-em-24-horas\/\",\"name\":\"Covid-19: Brasil registra 1,1 mil mortes e 58,7 mil casos em 24 horas - VerdadeOn\",\"isPartOf\":{\"@id\":\"https:\/\/verdadeon.com.br\/portal\/#website\"},\"primaryImageOfPage\":{\"@id\":\"https:\/\/verdadeon.com.br\/portal\/2020\/12\/29\/covid-19-brasil-registra-11-mil-mortes-e-587-mil-casos-em-24-horas\/#primaryimage\"},\"image\":{\"@id\":\"https:\/\/verdadeon.com.br\/portal\/2020\/12\/29\/covid-19-brasil-registra-11-mil-mortes-e-587-mil-casos-em-24-horas\/#primaryimage\"},\"thumbnailUrl\":\"https:\/\/i0.wp.com\/verdadeon.com.br\/portal\/wp-content\/uploads\/2020\/12\/2020-07-24t143211z_1391278467_rc2qzh93g22g_rtrmadp_3_health-coronavirus-brazil.jpg?fit=1000%2C670&ssl=1\",\"datePublished\":\"2020-12-30T02:18:59+00:00\",\"author\":{\"@id\":\"https:\/\/verdadeon.com.br\/portal\/#\/schema\/person\/8994718f49ee62ba5610471e29ca1f62\"},\"breadcrumb\":{\"@id\":\"https:\/\/verdadeon.com.br\/portal\/2020\/12\/29\/covid-19-brasil-registra-11-mil-mortes-e-587-mil-casos-em-24-horas\/#breadcrumb\"},\"inLanguage\":\"pt-BR\",\"potentialAction\":[{\"@type\":\"ReadAction\",\"target\":[\"https:\/\/verdadeon.com.br\/portal\/2020\/12\/29\/covid-19-brasil-registra-11-mil-mortes-e-587-mil-casos-em-24-horas\/\"]}]},{\"@type\":\"ImageObject\",\"inLanguage\":\"pt-BR\",\"@id\":\"https:\/\/verdadeon.com.br\/portal\/2020\/12\/29\/covid-19-brasil-registra-11-mil-mortes-e-587-mil-casos-em-24-horas\/#primaryimage\",\"url\":\"https:\/\/i0.wp.com\/verdadeon.com.br\/portal\/wp-content\/uploads\/2020\/12\/2020-07-24t143211z_1391278467_rc2qzh93g22g_rtrmadp_3_health-coronavirus-brazil.jpg?fit=1000%2C670&ssl=1\",\"contentUrl\":\"https:\/\/i0.wp.com\/verdadeon.com.br\/portal\/wp-content\/uploads\/2020\/12\/2020-07-24t143211z_1391278467_rc2qzh93g22g_rtrmadp_3_health-coronavirus-brazil.jpg?fit=1000%2C670&ssl=1\",\"width\":1000,\"height\":670,\"caption\":\"An employee at the Hermes Pardini laboratory shows a sample of the coronavirus disease (COVID-19) testing with PCR amplification, in Vespasiano, near Belo Horizonte, Brazil, July 23, 2020. Picture taken July 23, 2020. REUTERS\/Washington Alves\"},{\"@type\":\"BreadcrumbList\",\"@id\":\"https:\/\/verdadeon.com.br\/portal\/2020\/12\/29\/covid-19-brasil-registra-11-mil-mortes-e-587-mil-casos-em-24-horas\/#breadcrumb\",\"itemListElement\":[{\"@type\":\"ListItem\",\"position\":1,\"name\":\"In\u00edcio\",\"item\":\"https:\/\/verdadeon.com.br\/portal\/\"},{\"@type\":\"ListItem\",\"position\":2,\"name\":\"Covid-19: Brasil registra 1,1 mil mortes e 58,7 mil casos em 24 horas\"}]},{\"@type\":\"WebSite\",\"@id\":\"https:\/\/verdadeon.com.br\/portal\/#website\",\"url\":\"https:\/\/verdadeon.com.br\/portal\/\",\"name\":\"VerdadeOn\",\"description\":\"Not\u00edcias di\u00e1rias sobre Franca, Regi\u00e3o, Esporte, Cultura, Cotidiano, Colunas. Cobertura nos principais eventos da cidade \u00e9 aqui - Verdadeon Franca\",\"potentialAction\":[{\"@type\":\"SearchAction\",\"target\":{\"@type\":\"EntryPoint\",\"urlTemplate\":\"https:\/\/verdadeon.com.br\/portal\/?s={search_term_string}\"},\"query-input\":{\"@type\":\"PropertyValueSpecification\",\"valueRequired\":true,\"valueName\":\"search_term_string\"}}],\"inLanguage\":\"pt-BR\"},{\"@type\":\"Person\",\"@id\":\"https:\/\/verdadeon.com.br\/portal\/#\/schema\/person\/8994718f49ee62ba5610471e29ca1f62\",\"name\":\"Fernando Calixto\",\"image\":{\"@type\":\"ImageObject\",\"inLanguage\":\"pt-BR\",\"@id\":\"https:\/\/verdadeon.com.br\/portal\/#\/schema\/person\/image\/\",\"url\":\"https:\/\/secure.gravatar.com\/avatar\/7578910c24966c0316c340f9dbd601e93ee9f9212e1033968b367af9306bd9fb?s=96&d=mm&r=g\",\"contentUrl\":\"https:\/\/secure.gravatar.com\/avatar\/7578910c24966c0316c340f9dbd601e93ee9f9212e1033968b367af9306bd9fb?s=96&d=mm&r=g\",\"caption\":\"Fernando Calixto\"},\"url\":\"https:\/\/verdadeon.com.br\/portal\/author\/fernando-calixto\/\"}]}<\/script>\n<!-- \/ Yoast SEO plugin. -->","yoast_head_json":{"title":"Covid-19: Brasil registra 1,1 mil mortes e 58,7 mil casos em 24 horas - VerdadeOn","robots":{"index":"index","follow":"follow","max-snippet":"max-snippet:-1","max-image-preview":"max-image-preview:large","max-video-preview":"max-video-preview:-1"},"canonical":"https:\/\/verdadeon.com.br\/portal\/2020\/12\/29\/covid-19-brasil-registra-11-mil-mortes-e-587-mil-casos-em-24-horas\/","og_locale":"pt_BR","og_type":"article","og_title":"Covid-19: Brasil registra 1,1 mil mortes e 58,7 mil casos em 24 horas - VerdadeOn","og_description":"Soma de casos acumulados no pa\u00eds chega a 7.563.551 Jonas Valente \u2013 Rep\u00f3rter Ag\u00eancia Brasil &#8211; Bras\u00edlia Autoridades de sa\u00fade registraram, nas \u00faltimas 24 horas, 1.111 [\u2026]","og_url":"https:\/\/verdadeon.com.br\/portal\/2020\/12\/29\/covid-19-brasil-registra-11-mil-mortes-e-587-mil-casos-em-24-horas\/","og_site_name":"VerdadeOn","article_published_time":"2020-12-30T02:18:59+00:00","og_image":[{"width":1000,"height":670,"url":"https:\/\/verdadeon.com.br\/portal\/wp-content\/uploads\/2020\/12\/2020-07-24t143211z_1391278467_rc2qzh93g22g_rtrmadp_3_health-coronavirus-brazil.jpg","type":"image\/jpeg"}],"author":"Fernando Calixto","twitter_card":"summary_large_image","twitter_misc":{"Escrito por":"Fernando Calixto","Est. tempo de leitura":"2 minutos"},"schema":{"@context":"https:\/\/schema.org","@graph":[{"@type":"WebPage","@id":"https:\/\/verdadeon.com.br\/portal\/2020\/12\/29\/covid-19-brasil-registra-11-mil-mortes-e-587-mil-casos-em-24-horas\/","url":"https:\/\/verdadeon.com.br\/portal\/2020\/12\/29\/covid-19-brasil-registra-11-mil-mortes-e-587-mil-casos-em-24-horas\/","name":"Covid-19: Brasil registra 1,1 mil mortes e 58,7 mil casos em 24 horas - VerdadeOn","isPartOf":{"@id":"https:\/\/verdadeon.com.br\/portal\/#website"},"primaryImageOfPage":{"@id":"https:\/\/verdadeon.com.br\/portal\/2020\/12\/29\/covid-19-brasil-registra-11-mil-mortes-e-587-mil-casos-em-24-horas\/#primaryimage"},"image":{"@id":"https:\/\/verdadeon.com.br\/portal\/2020\/12\/29\/covid-19-brasil-registra-11-mil-mortes-e-587-mil-casos-em-24-horas\/#primaryimage"},"thumbnailUrl":"https:\/\/i0.wp.com\/verdadeon.com.br\/portal\/wp-content\/uploads\/2020\/12\/2020-07-24t143211z_1391278467_rc2qzh93g22g_rtrmadp_3_health-coronavirus-brazil.jpg?fit=1000%2C670&ssl=1","datePublished":"2020-12-30T02:18:59+00:00","author":{"@id":"https:\/\/verdadeon.com.br\/portal\/#\/schema\/person\/8994718f49ee62ba5610471e29ca1f62"},"breadcrumb":{"@id":"https:\/\/verdadeon.com.br\/portal\/2020\/12\/29\/covid-19-brasil-registra-11-mil-mortes-e-587-mil-casos-em-24-horas\/#breadcrumb"},"inLanguage":"pt-BR","potentialAction":[{"@type":"ReadAction","target":["https:\/\/verdadeon.com.br\/portal\/2020\/12\/29\/covid-19-brasil-registra-11-mil-mortes-e-587-mil-casos-em-24-horas\/"]}]},{"@type":"ImageObject","inLanguage":"pt-BR","@id":"https:\/\/verdadeon.com.br\/portal\/2020\/12\/29\/covid-19-brasil-registra-11-mil-mortes-e-587-mil-casos-em-24-horas\/#primaryimage","url":"https:\/\/i0.wp.com\/verdadeon.com.br\/portal\/wp-content\/uploads\/2020\/12\/2020-07-24t143211z_1391278467_rc2qzh93g22g_rtrmadp_3_health-coronavirus-brazil.jpg?fit=1000%2C670&ssl=1","contentUrl":"https:\/\/i0.wp.com\/verdadeon.com.br\/portal\/wp-content\/uploads\/2020\/12\/2020-07-24t143211z_1391278467_rc2qzh93g22g_rtrmadp_3_health-coronavirus-brazil.jpg?fit=1000%2C670&ssl=1","width":1000,"height":670,"caption":"An employee at the Hermes Pardini laboratory shows a sample of the coronavirus disease (COVID-19) testing with PCR amplification, in Vespasiano, near Belo Horizonte, Brazil, July 23, 2020. Picture taken July 23, 2020. REUTERS\/Washington Alves"},{"@type":"BreadcrumbList","@id":"https:\/\/verdadeon.com.br\/portal\/2020\/12\/29\/covid-19-brasil-registra-11-mil-mortes-e-587-mil-casos-em-24-horas\/#breadcrumb","itemListElement":[{"@type":"ListItem","position":1,"name":"In\u00edcio","item":"https:\/\/verdadeon.com.br\/portal\/"},{"@type":"ListItem","position":2,"name":"Covid-19: Brasil registra 1,1 mil mortes e 58,7 mil casos em 24 horas"}]},{"@type":"WebSite","@id":"https:\/\/verdadeon.com.br\/portal\/#website","url":"https:\/\/verdadeon.com.br\/portal\/","name":"VerdadeOn","description":"Not\u00edcias di\u00e1rias sobre Franca, Regi\u00e3o, Esporte, Cultura, Cotidiano, Colunas. Cobertura nos principais eventos da cidade \u00e9 aqui - Verdadeon Franca","potentialAction":[{"@type":"SearchAction","target":{"@type":"EntryPoint","urlTemplate":"https:\/\/verdadeon.com.br\/portal\/?s={search_term_string}"},"query-input":{"@type":"PropertyValueSpecification","valueRequired":true,"valueName":"search_term_string"}}],"inLanguage":"pt-BR"},{"@type":"Person","@id":"https:\/\/verdadeon.com.br\/portal\/#\/schema\/person\/8994718f49ee62ba5610471e29ca1f62","name":"Fernando Calixto","image":{"@type":"ImageObject","inLanguage":"pt-BR","@id":"https:\/\/verdadeon.com.br\/portal\/#\/schema\/person\/image\/","url":"https:\/\/secure.gravatar.com\/avatar\/7578910c24966c0316c340f9dbd601e93ee9f9212e1033968b367af9306bd9fb?s=96&d=mm&r=g","contentUrl":"https:\/\/secure.gravatar.com\/avatar\/7578910c24966c0316c340f9dbd601e93ee9f9212e1033968b367af9306bd9fb?s=96&d=mm&r=g","caption":"Fernando Calixto"},"url":"https:\/\/verdadeon.com.br\/portal\/author\/fernando-calixto\/"}]}},"jetpack_publicize_connections":[],"jetpack_featured_media_url":"https:\/\/i0.wp.com\/verdadeon.com.br\/portal\/wp-content\/uploads\/2020\/12\/2020-07-24t143211z_1391278467_rc2qzh93g22g_rtrmadp_3_health-coronavirus-brazil.jpg?fit=1000%2C670&ssl=1","jetpack_sharing_enabled":true,"_links":{"self":[{"href":"https:\/\/verdadeon.com.br\/portal\/wp-json\/wp\/v2\/posts\/12920","targetHints":{"allow":["GET"]}}],"collection":[{"href":"https:\/\/verdadeon.com.br\/portal\/wp-json\/wp\/v2\/posts"}],"about":[{"href":"https:\/\/verdadeon.com.br\/portal\/wp-json\/wp\/v2\/types\/post"}],"author":[{"embeddable":true,"href":"https:\/\/verdadeon.com.br\/portal\/wp-json\/wp\/v2\/users\/4"}],"replies":[{"embeddable":true,"href":"https:\/\/verdadeon.com.br\/portal\/wp-json\/wp\/v2\/comments?post=12920"}],"version-history":[{"count":0,"href":"https:\/\/verdadeon.com.br\/portal\/wp-json\/wp\/v2\/posts\/12920\/revisions"}],"wp:featuredmedia":[{"embeddable":true,"href":"https:\/\/verdadeon.com.br\/portal\/wp-json\/wp\/v2\/media\/12923"}],"wp:attachment":[{"href":"https:\/\/verdadeon.com.br\/portal\/wp-json\/wp\/v2\/media?parent=12920"}],"wp:term":[{"taxonomy":"category","embeddable":true,"href":"https:\/\/verdadeon.com.br\/portal\/wp-json\/wp\/v2\/categories?post=12920"},{"taxonomy":"post_tag","embeddable":true,"href":"https:\/\/verdadeon.com.br\/portal\/wp-json\/wp\/v2\/tags?post=12920"}],"curies":[{"name":"wp","href":"https:\/\/api.w.org\/{rel}","templated":true}]}}