{"id":12715,"date":"2020-12-19T05:46:24","date_gmt":"2020-12-19T08:46:24","guid":{"rendered":"http:\/\/verdadeon.com.br\/portal\/?p=12715"},"modified":"2020-12-19T05:46:24","modified_gmt":"2020-12-19T08:46:24","slug":"conmebol-anuncia-datas-e-horarios-das-semifinais-da-libertadores","status":"publish","type":"post","link":"https:\/\/verdadeon.com.br\/portal\/2020\/12\/19\/conmebol-anuncia-datas-e-horarios-das-semifinais-da-libertadores\/","title":{"rendered":"Conmebol anuncia datas e hor\u00e1rios das semifinais da Libertadores"},"content":{"rendered":"<div class=\"col-lg-12 mb-3\">\n<div class=\"row\">\n<h3 class=\"col-10 offset-1 animated fadeInDown dealy-900 display-8 display-md-8 alt-font font-italic my-1 text-center\">Palmeiras abre fase com o River Plate no dia 5 de janeiro<\/h3>\n<\/div>\n<p>Ag\u00eancia Brasil &#8211; Rio de Janeiro<\/p><\/div>\n<div class=\"col-xl-7 offset-xl-1 col-lg-8 offset-lg-0 col-md-10 offset-md-1 mb-3\">\n<div class=\"post-item alt-font\">\n<div class=\"post-item-wrap\">\n<p>A Conmebol (Confedera\u00e7\u00e3o Sul-Americana de Futebol) divulgou na tarde desta sexta-feira (18) as datas e hor\u00e1rios das semifinais da Libertadores da Am\u00e9rica.<img data-recalc-dims=\"1\" decoding=\"async\" src=\"https:\/\/i0.wp.com\/agenciabrasil.ebc.com.br\/ebc.png?w=1220&#038;ssl=1\" \/><img data-recalc-dims=\"1\" decoding=\"async\" src=\"https:\/\/i0.wp.com\/agenciabrasil.ebc.com.br\/ebc.gif?w=1220&#038;ssl=1\" \/><\/p>\n<p>As primeiras equipes a entrar em campo em busca de uma vaga para a grande decis\u00e3o da competi\u00e7\u00e3o ser\u00e3o River Plate (Argentina) e Palmeiras, que medem for\u00e7as no dia 5 de janeiro, a partir das 21h30 (hor\u00e1rio de Bras\u00edlia), no est\u00e1dio Libertadores de Am\u00e9rica, em Buenos Aires. A volta acontece uma semana depois, no dia 12, no mesmo hor\u00e1rio, no Allianz Parque, em S\u00e3o Paulo.<\/p>\n<div class=\"twitter-tweet twitter-tweet-rendered\"><iframe id=\"twitter-widget-0\" class=\"\" title=\"Twitter Tweet\" src=\"https:\/\/platform.twitter.com\/embed\/index.html?creatorScreenName=agenciabrasil&amp;dnt=false&amp;embedId=twitter-widget-0&amp;frame=false&amp;hideCard=false&amp;hideThread=false&amp;id=1340006065564487682&amp;lang=pt&amp;origin=https%3A%2F%2Fagenciabrasil.ebc.com.br%2Fesportes%2Fnoticia%2F2020-12%2Fconmebol-anuncia-datas-e-horarios-das-semifinais-da-libertadores&amp;siteScreenName=agenciabrasil&amp;theme=light&amp;widgetsVersion=ed20a2b%3A1601588405575&amp;width=550px\" frameborder=\"0\" scrolling=\"no\" allowfullscreen=\"allowfullscreen\" data-tweet-id=\"1340006065564487682\" data-mce-fragment=\"1\"><\/iframe><\/div>\n<p>J\u00e1 a disputa entre Santos e Boca Juniors ou Racing (equipes argentinas que ainda disputam a \u00faltima vaga na semifinal) come\u00e7a no dia 6 de janeiro, a partir das 19h15, em est\u00e1dio ainda a ser definido. A volta ser\u00e1 uma semana depois, no dia 13, no mesmo hor\u00e1rio, na Vila Belmiro, em Santos.<\/p>\n<div class=\"twitter-tweet twitter-tweet-rendered\"><iframe id=\"twitter-widget-1\" class=\"\" title=\"Twitter Tweet\" src=\"https:\/\/platform.twitter.com\/embed\/index.html?creatorScreenName=agenciabrasil&amp;dnt=false&amp;embedId=twitter-widget-1&amp;frame=false&amp;hideCard=false&amp;hideThread=false&amp;id=1340008900620414978&amp;lang=pt&amp;origin=https%3A%2F%2Fagenciabrasil.ebc.com.br%2Fesportes%2Fnoticia%2F2020-12%2Fconmebol-anuncia-datas-e-horarios-das-semifinais-da-libertadores&amp;siteScreenName=agenciabrasil&amp;theme=light&amp;widgetsVersion=ed20a2b%3A1601588405575&amp;width=550px\" frameborder=\"0\" scrolling=\"no\" allowfullscreen=\"allowfullscreen\" data-tweet-id=\"1340008900620414978\" data-mce-fragment=\"1\"><\/iframe><\/div>\n<p>O \u00faltimo semifinalista da atual edi\u00e7\u00e3o da competi\u00e7\u00e3o ser\u00e1 conhecido na pr\u00f3xima quarta-feira (23), quando o Boca Juniors recebe o Racing no est\u00e1dio da Bombonera. Na ida o time de Avellaneda venceu por 1 a 0.<\/p>\n<h2>Decis\u00e3o da Libertadores<\/h2>\n<p>A grande decis\u00e3o do torneio continental ser\u00e1 disputada no dia 30 de janeiro, no est\u00e1dio do Maracan\u00e3, no Rio de Janeiro.<\/p>\n<p><a href=\"https:\/\/agenciabrasil.ebc.com.br\/esportes\/tabelas\/libertadores.html\">Veja a tabela atualizada da Libertadores da Am\u00e9rica.<\/a><\/p>\n<\/div>\n<\/div>\n<\/div>\n","protected":false},"excerpt":{"rendered":"<p>Palmeiras abre fase com o River Plate no dia 5 de janeiro Ag\u00eancia Brasil &#8211; Rio de Janeiro A Conmebol (Confedera\u00e7\u00e3o Sul-Americana de Futebol) divulgou na<span class=\"excerpt-hellip\"> [\u2026]<\/span><\/p>\n","protected":false},"author":10,"featured_media":12725,"comment_status":"open","ping_status":"open","sticky":false,"template":"","format":"standard","meta":{"_jetpack_memberships_contains_paid_content":false,"footnotes":"","jetpack_publicize_message":"","jetpack_publicize_feature_enabled":true,"jetpack_social_post_already_shared":false,"jetpack_social_options":{"image_generator_settings":{"template":"highway","default_image_id":0,"enabled":false},"version":2}},"categories":[29,44],"tags":[],"class_list":["post-12715","post","type-post","status-publish","format-standard","has-post-thumbnail","hentry","category-esportes","category-noticias"],"yoast_head":"<!-- This site is optimized with the Yoast SEO plugin v25.6 - https:\/\/yoast.com\/wordpress\/plugins\/seo\/ -->\n<title>Conmebol anuncia datas e hor\u00e1rios das semifinais da Libertadores - VerdadeOn<\/title>\n<meta name=\"robots\" content=\"index, follow, max-snippet:-1, max-image-preview:large, max-video-preview:-1\" \/>\n<link rel=\"canonical\" href=\"https:\/\/verdadeon.com.br\/portal\/2020\/12\/19\/conmebol-anuncia-datas-e-horarios-das-semifinais-da-libertadores\/\" \/>\n<meta property=\"og:locale\" content=\"pt_BR\" \/>\n<meta property=\"og:type\" content=\"article\" \/>\n<meta property=\"og:title\" content=\"Conmebol anuncia datas e hor\u00e1rios das semifinais da Libertadores - VerdadeOn\" \/>\n<meta property=\"og:description\" content=\"Palmeiras abre fase com o River Plate no dia 5 de janeiro Ag\u00eancia Brasil &#8211; Rio de Janeiro A Conmebol (Confedera\u00e7\u00e3o Sul-Americana de Futebol) divulgou na [\u2026]\" \/>\n<meta property=\"og:url\" content=\"https:\/\/verdadeon.com.br\/portal\/2020\/12\/19\/conmebol-anuncia-datas-e-horarios-das-semifinais-da-libertadores\/\" \/>\n<meta property=\"og:site_name\" content=\"VerdadeOn\" \/>\n<meta property=\"article:published_time\" content=\"2020-12-19T08:46:24+00:00\" \/>\n<meta property=\"og:image\" content=\"https:\/\/verdadeon.com.br\/portal\/wp-content\/uploads\/2020\/12\/2019-11-23t201530z_2115098525_rc28hd9tpxd8_rtrmadp_3_soccer-libertadores-fla-riv-report.jpg\" \/>\n\t<meta property=\"og:image:width\" content=\"1000\" \/>\n\t<meta property=\"og:image:height\" content=\"670\" \/>\n\t<meta property=\"og:image:type\" content=\"image\/jpeg\" \/>\n<meta name=\"author\" content=\"Redacao VerdadeOn\" \/>\n<meta name=\"twitter:card\" content=\"summary_large_image\" \/>\n<meta name=\"twitter:label1\" content=\"Escrito por\" \/>\n\t<meta name=\"twitter:data1\" content=\"Redacao VerdadeOn\" \/>\n\t<meta name=\"twitter:label2\" content=\"Est. tempo de leitura\" \/>\n\t<meta name=\"twitter:data2\" content=\"1 minuto\" \/>\n<script type=\"application\/ld+json\" class=\"yoast-schema-graph\">{\"@context\":\"https:\/\/schema.org\",\"@graph\":[{\"@type\":\"WebPage\",\"@id\":\"https:\/\/verdadeon.com.br\/portal\/2020\/12\/19\/conmebol-anuncia-datas-e-horarios-das-semifinais-da-libertadores\/\",\"url\":\"https:\/\/verdadeon.com.br\/portal\/2020\/12\/19\/conmebol-anuncia-datas-e-horarios-das-semifinais-da-libertadores\/\",\"name\":\"Conmebol anuncia datas e hor\u00e1rios das semifinais da Libertadores - VerdadeOn\",\"isPartOf\":{\"@id\":\"https:\/\/verdadeon.com.br\/portal\/#website\"},\"primaryImageOfPage\":{\"@id\":\"https:\/\/verdadeon.com.br\/portal\/2020\/12\/19\/conmebol-anuncia-datas-e-horarios-das-semifinais-da-libertadores\/#primaryimage\"},\"image\":{\"@id\":\"https:\/\/verdadeon.com.br\/portal\/2020\/12\/19\/conmebol-anuncia-datas-e-horarios-das-semifinais-da-libertadores\/#primaryimage\"},\"thumbnailUrl\":\"https:\/\/i0.wp.com\/verdadeon.com.br\/portal\/wp-content\/uploads\/2020\/12\/2019-11-23t201530z_2115098525_rc28hd9tpxd8_rtrmadp_3_soccer-libertadores-fla-riv-report.jpg?fit=1000%2C670&ssl=1\",\"datePublished\":\"2020-12-19T08:46:24+00:00\",\"author\":{\"@id\":\"https:\/\/verdadeon.com.br\/portal\/#\/schema\/person\/a5060ad1e9ea3df545188fc93ce43d2f\"},\"breadcrumb\":{\"@id\":\"https:\/\/verdadeon.com.br\/portal\/2020\/12\/19\/conmebol-anuncia-datas-e-horarios-das-semifinais-da-libertadores\/#breadcrumb\"},\"inLanguage\":\"pt-BR\",\"potentialAction\":[{\"@type\":\"ReadAction\",\"target\":[\"https:\/\/verdadeon.com.br\/portal\/2020\/12\/19\/conmebol-anuncia-datas-e-horarios-das-semifinais-da-libertadores\/\"]}]},{\"@type\":\"ImageObject\",\"inLanguage\":\"pt-BR\",\"@id\":\"https:\/\/verdadeon.com.br\/portal\/2020\/12\/19\/conmebol-anuncia-datas-e-horarios-das-semifinais-da-libertadores\/#primaryimage\",\"url\":\"https:\/\/i0.wp.com\/verdadeon.com.br\/portal\/wp-content\/uploads\/2020\/12\/2019-11-23t201530z_2115098525_rc28hd9tpxd8_rtrmadp_3_soccer-libertadores-fla-riv-report.jpg?fit=1000%2C670&ssl=1\",\"contentUrl\":\"https:\/\/i0.wp.com\/verdadeon.com.br\/portal\/wp-content\/uploads\/2020\/12\/2019-11-23t201530z_2115098525_rc28hd9tpxd8_rtrmadp_3_soccer-libertadores-fla-riv-report.jpg?fit=1000%2C670&ssl=1\",\"width\":1000,\"height\":670},{\"@type\":\"BreadcrumbList\",\"@id\":\"https:\/\/verdadeon.com.br\/portal\/2020\/12\/19\/conmebol-anuncia-datas-e-horarios-das-semifinais-da-libertadores\/#breadcrumb\",\"itemListElement\":[{\"@type\":\"ListItem\",\"position\":1,\"name\":\"In\u00edcio\",\"item\":\"https:\/\/verdadeon.com.br\/portal\/\"},{\"@type\":\"ListItem\",\"position\":2,\"name\":\"Conmebol anuncia datas e hor\u00e1rios das semifinais da Libertadores\"}]},{\"@type\":\"WebSite\",\"@id\":\"https:\/\/verdadeon.com.br\/portal\/#website\",\"url\":\"https:\/\/verdadeon.com.br\/portal\/\",\"name\":\"VerdadeOn\",\"description\":\"Not\u00edcias di\u00e1rias sobre Franca, Regi\u00e3o, Esporte, Cultura, Cotidiano, Colunas. Cobertura nos principais eventos da cidade \u00e9 aqui - Verdadeon Franca\",\"potentialAction\":[{\"@type\":\"SearchAction\",\"target\":{\"@type\":\"EntryPoint\",\"urlTemplate\":\"https:\/\/verdadeon.com.br\/portal\/?s={search_term_string}\"},\"query-input\":{\"@type\":\"PropertyValueSpecification\",\"valueRequired\":true,\"valueName\":\"search_term_string\"}}],\"inLanguage\":\"pt-BR\"},{\"@type\":\"Person\",\"@id\":\"https:\/\/verdadeon.com.br\/portal\/#\/schema\/person\/a5060ad1e9ea3df545188fc93ce43d2f\",\"name\":\"Redacao VerdadeOn\",\"image\":{\"@type\":\"ImageObject\",\"inLanguage\":\"pt-BR\",\"@id\":\"https:\/\/verdadeon.com.br\/portal\/#\/schema\/person\/image\/\",\"url\":\"https:\/\/secure.gravatar.com\/avatar\/459a9613caaaf07f582c3d0841eea68bdd66f533e465e6ba8b9cb45619572cf4?s=96&d=mm&r=g\",\"contentUrl\":\"https:\/\/secure.gravatar.com\/avatar\/459a9613caaaf07f582c3d0841eea68bdd66f533e465e6ba8b9cb45619572cf4?s=96&d=mm&r=g\",\"caption\":\"Redacao VerdadeOn\"},\"url\":\"https:\/\/verdadeon.com.br\/portal\/author\/redacao\/\"}]}<\/script>\n<!-- \/ Yoast SEO plugin. -->","yoast_head_json":{"title":"Conmebol anuncia datas e hor\u00e1rios das semifinais da Libertadores - VerdadeOn","robots":{"index":"index","follow":"follow","max-snippet":"max-snippet:-1","max-image-preview":"max-image-preview:large","max-video-preview":"max-video-preview:-1"},"canonical":"https:\/\/verdadeon.com.br\/portal\/2020\/12\/19\/conmebol-anuncia-datas-e-horarios-das-semifinais-da-libertadores\/","og_locale":"pt_BR","og_type":"article","og_title":"Conmebol anuncia datas e hor\u00e1rios das semifinais da Libertadores - VerdadeOn","og_description":"Palmeiras abre fase com o River Plate no dia 5 de janeiro Ag\u00eancia Brasil &#8211; Rio de Janeiro A Conmebol (Confedera\u00e7\u00e3o Sul-Americana de Futebol) divulgou na [\u2026]","og_url":"https:\/\/verdadeon.com.br\/portal\/2020\/12\/19\/conmebol-anuncia-datas-e-horarios-das-semifinais-da-libertadores\/","og_site_name":"VerdadeOn","article_published_time":"2020-12-19T08:46:24+00:00","og_image":[{"width":1000,"height":670,"url":"https:\/\/verdadeon.com.br\/portal\/wp-content\/uploads\/2020\/12\/2019-11-23t201530z_2115098525_rc28hd9tpxd8_rtrmadp_3_soccer-libertadores-fla-riv-report.jpg","type":"image\/jpeg"}],"author":"Redacao VerdadeOn","twitter_card":"summary_large_image","twitter_misc":{"Escrito por":"Redacao VerdadeOn","Est. tempo de leitura":"1 minuto"},"schema":{"@context":"https:\/\/schema.org","@graph":[{"@type":"WebPage","@id":"https:\/\/verdadeon.com.br\/portal\/2020\/12\/19\/conmebol-anuncia-datas-e-horarios-das-semifinais-da-libertadores\/","url":"https:\/\/verdadeon.com.br\/portal\/2020\/12\/19\/conmebol-anuncia-datas-e-horarios-das-semifinais-da-libertadores\/","name":"Conmebol anuncia datas e hor\u00e1rios das semifinais da Libertadores - VerdadeOn","isPartOf":{"@id":"https:\/\/verdadeon.com.br\/portal\/#website"},"primaryImageOfPage":{"@id":"https:\/\/verdadeon.com.br\/portal\/2020\/12\/19\/conmebol-anuncia-datas-e-horarios-das-semifinais-da-libertadores\/#primaryimage"},"image":{"@id":"https:\/\/verdadeon.com.br\/portal\/2020\/12\/19\/conmebol-anuncia-datas-e-horarios-das-semifinais-da-libertadores\/#primaryimage"},"thumbnailUrl":"https:\/\/i0.wp.com\/verdadeon.com.br\/portal\/wp-content\/uploads\/2020\/12\/2019-11-23t201530z_2115098525_rc28hd9tpxd8_rtrmadp_3_soccer-libertadores-fla-riv-report.jpg?fit=1000%2C670&ssl=1","datePublished":"2020-12-19T08:46:24+00:00","author":{"@id":"https:\/\/verdadeon.com.br\/portal\/#\/schema\/person\/a5060ad1e9ea3df545188fc93ce43d2f"},"breadcrumb":{"@id":"https:\/\/verdadeon.com.br\/portal\/2020\/12\/19\/conmebol-anuncia-datas-e-horarios-das-semifinais-da-libertadores\/#breadcrumb"},"inLanguage":"pt-BR","potentialAction":[{"@type":"ReadAction","target":["https:\/\/verdadeon.com.br\/portal\/2020\/12\/19\/conmebol-anuncia-datas-e-horarios-das-semifinais-da-libertadores\/"]}]},{"@type":"ImageObject","inLanguage":"pt-BR","@id":"https:\/\/verdadeon.com.br\/portal\/2020\/12\/19\/conmebol-anuncia-datas-e-horarios-das-semifinais-da-libertadores\/#primaryimage","url":"https:\/\/i0.wp.com\/verdadeon.com.br\/portal\/wp-content\/uploads\/2020\/12\/2019-11-23t201530z_2115098525_rc28hd9tpxd8_rtrmadp_3_soccer-libertadores-fla-riv-report.jpg?fit=1000%2C670&ssl=1","contentUrl":"https:\/\/i0.wp.com\/verdadeon.com.br\/portal\/wp-content\/uploads\/2020\/12\/2019-11-23t201530z_2115098525_rc28hd9tpxd8_rtrmadp_3_soccer-libertadores-fla-riv-report.jpg?fit=1000%2C670&ssl=1","width":1000,"height":670},{"@type":"BreadcrumbList","@id":"https:\/\/verdadeon.com.br\/portal\/2020\/12\/19\/conmebol-anuncia-datas-e-horarios-das-semifinais-da-libertadores\/#breadcrumb","itemListElement":[{"@type":"ListItem","position":1,"name":"In\u00edcio","item":"https:\/\/verdadeon.com.br\/portal\/"},{"@type":"ListItem","position":2,"name":"Conmebol anuncia datas e hor\u00e1rios das semifinais da Libertadores"}]},{"@type":"WebSite","@id":"https:\/\/verdadeon.com.br\/portal\/#website","url":"https:\/\/verdadeon.com.br\/portal\/","name":"VerdadeOn","description":"Not\u00edcias di\u00e1rias sobre Franca, Regi\u00e3o, Esporte, Cultura, Cotidiano, Colunas. Cobertura nos principais eventos da cidade \u00e9 aqui - Verdadeon Franca","potentialAction":[{"@type":"SearchAction","target":{"@type":"EntryPoint","urlTemplate":"https:\/\/verdadeon.com.br\/portal\/?s={search_term_string}"},"query-input":{"@type":"PropertyValueSpecification","valueRequired":true,"valueName":"search_term_string"}}],"inLanguage":"pt-BR"},{"@type":"Person","@id":"https:\/\/verdadeon.com.br\/portal\/#\/schema\/person\/a5060ad1e9ea3df545188fc93ce43d2f","name":"Redacao VerdadeOn","image":{"@type":"ImageObject","inLanguage":"pt-BR","@id":"https:\/\/verdadeon.com.br\/portal\/#\/schema\/person\/image\/","url":"https:\/\/secure.gravatar.com\/avatar\/459a9613caaaf07f582c3d0841eea68bdd66f533e465e6ba8b9cb45619572cf4?s=96&d=mm&r=g","contentUrl":"https:\/\/secure.gravatar.com\/avatar\/459a9613caaaf07f582c3d0841eea68bdd66f533e465e6ba8b9cb45619572cf4?s=96&d=mm&r=g","caption":"Redacao VerdadeOn"},"url":"https:\/\/verdadeon.com.br\/portal\/author\/redacao\/"}]}},"jetpack_publicize_connections":[],"jetpack_featured_media_url":"https:\/\/i0.wp.com\/verdadeon.com.br\/portal\/wp-content\/uploads\/2020\/12\/2019-11-23t201530z_2115098525_rc28hd9tpxd8_rtrmadp_3_soccer-libertadores-fla-riv-report.jpg?fit=1000%2C670&ssl=1","jetpack_sharing_enabled":true,"_links":{"self":[{"href":"https:\/\/verdadeon.com.br\/portal\/wp-json\/wp\/v2\/posts\/12715","targetHints":{"allow":["GET"]}}],"collection":[{"href":"https:\/\/verdadeon.com.br\/portal\/wp-json\/wp\/v2\/posts"}],"about":[{"href":"https:\/\/verdadeon.com.br\/portal\/wp-json\/wp\/v2\/types\/post"}],"author":[{"embeddable":true,"href":"https:\/\/verdadeon.com.br\/portal\/wp-json\/wp\/v2\/users\/10"}],"replies":[{"embeddable":true,"href":"https:\/\/verdadeon.com.br\/portal\/wp-json\/wp\/v2\/comments?post=12715"}],"version-history":[{"count":0,"href":"https:\/\/verdadeon.com.br\/portal\/wp-json\/wp\/v2\/posts\/12715\/revisions"}],"wp:featuredmedia":[{"embeddable":true,"href":"https:\/\/verdadeon.com.br\/portal\/wp-json\/wp\/v2\/media\/12725"}],"wp:attachment":[{"href":"https:\/\/verdadeon.com.br\/portal\/wp-json\/wp\/v2\/media?parent=12715"}],"wp:term":[{"taxonomy":"category","embeddable":true,"href":"https:\/\/verdadeon.com.br\/portal\/wp-json\/wp\/v2\/categories?post=12715"},{"taxonomy":"post_tag","embeddable":true,"href":"https:\/\/verdadeon.com.br\/portal\/wp-json\/wp\/v2\/tags?post=12715"}],"curies":[{"name":"wp","href":"https:\/\/api.w.org\/{rel}","templated":true}]}}