{"id":12712,"date":"2020-12-19T05:25:03","date_gmt":"2020-12-19T08:25:03","guid":{"rendered":"http:\/\/verdadeon.com.br\/portal\/?p=12712"},"modified":"2020-12-19T05:25:03","modified_gmt":"2020-12-19T08:25:03","slug":"varejo-como-chegamos-ate-aqui","status":"publish","type":"post","link":"https:\/\/verdadeon.com.br\/portal\/2020\/12\/19\/varejo-como-chegamos-ate-aqui\/","title":{"rendered":"Varejo: como chegamos at\u00e9 aqui?"},"content":{"rendered":"<p>A hist\u00f3ria do com\u00e9rcio anda em linha com a hist\u00f3ria do povoamento no mundo. Com a coloniza\u00e7\u00e3o do Brasil, temos os primeiros registros do escambo: os \u00edndios, em troca de seus servi\u00e7os, recebiam bugigangas diversas. Mas, \u00e9 a partir da forma\u00e7\u00e3o das primeiras vilas litor\u00e2neas, que o com\u00e9rcio nasce de fato em nosso pa\u00eds. Nesta \u00e9poca, dos latif\u00fandios, import\u00e1vamos escravos e manufaturados e export\u00e1vamos o produto principal, o a\u00e7\u00facar. Algum tempo depois, pedras preciosas e ouro, entre alguns outros produtos.<\/p>\n<p>A Companhia Geral do Com\u00e9rcio do Brasil criada pela Coroa Portuguesa, entre 1649 e 1720, tomou conta das vendas de produtos como vinhos, azeites, farinhas e bacalhau. O modelo de neg\u00f3cios serviu de exemplo e, tempos depois, foram criadas a Companhia Geral do Com\u00e9rcio do Gr\u00e3o-Par\u00e1 e Maranh\u00e3o e a Companhia Geral do Com\u00e9rcio de Pernambuco e Para\u00edba.<\/p>\n<p>J\u00e1 no final do s\u00e9culo 17, a minera\u00e7\u00e3o do ouro no interior de Minas Gerais cria demanda de pousos e estalagens, onde os viajantes &#8211; em suas longas jornadas &#8211; paravam para descansar e repor os itens de necessidade b\u00e1sica. Logo em seguida, surgem as vilas e a presen\u00e7a dos tropeiros que, com suas mulas, abasteciam os centros e levavam aguardente e tabaco como contrabando. Com isso, os povoados eram cada vez mais numerosos.<\/p>\n<p>A partir de 1808, com a vinda da fam\u00edlia real portuguesa para o Brasil, o com\u00e9rcio vive um novo momento: evolui de limita\u00e7\u00e3o produtiva e foco em subsist\u00eancia para uma variedade maior de produtos, e h\u00e1 abertura de lojas nas cidades portu\u00e1rias, mais especificamente Rio de Janeiro, Recife e Salvador.<\/p>\n<p>Com a abertura dos portos, al\u00e9m de muitas mercadorias, come\u00e7am a chegar imigrantes aos milhares, mudando consideravelmente a rela\u00e7\u00e3o de consumo e o modelo de neg\u00f3cios do com\u00e9rcio local. Se antes a preocupa\u00e7\u00e3o era saneamento e seguran\u00e7a, neste momento come\u00e7amos a notar nitidamente uma escalada na percep\u00e7\u00e3o das necessidades dos consumidores: o acesso aos produtos europeus provoca nos mais ricos a demanda por produtos de moda e decora\u00e7\u00e3o.<\/p>\n<p>Depois da Independ\u00eancia, o caf\u00e9 passa a ser o produto interno mais exportado e, a partir da\u00ed, h\u00e1 um grande investimento em infraestrutura, como as estradas de ferro, e nas redes de apoio ao com\u00e9rcio, surgindo um sistema financeiro mais robusto, casas de exporta\u00e7\u00e3o e bancos.<\/p>\n<p>Agora, a industrializa\u00e7\u00e3o se torna a bola da vez. Funcion\u00e1rios assalariados e imigrantes injetando dinheiro em pequenos parques fabris, atendendo demandas de produtos que antes seriam importados. As ind\u00fastrias e seus processos manufaturados atra\u00edram as pessoas para a cidade. S\u00e3o Paulo, em meados de 1920, j\u00e1 tinha mais de 200 mil oper\u00e1rios e a demanda por alimenta\u00e7\u00e3o se torna uma oportunidade para que as feiras livres tomem seu lugar nessa hist\u00f3ria.<\/p>\n<p>Na mesma \u00e9poca, os armaz\u00e9ns de secos e molhados, os pequenos mercados e a figura dos vendedores ambulantes tamb\u00e9m tiveram import\u00e2ncia no escoamento da produ\u00e7\u00e3o nacional e pulveriza\u00e7\u00e3o dos produtos importados. Diga-se de passagem, \u00e9 desses ambulantes que vem nosso modelo de vendas PAP (o famoso porta a porta), adotado at\u00e9 hoje por empresas de todos os portes. Vale lembrar ainda que, nesta fase, as Lojas Pernambucanas j\u00e1 contavam com 200 unidades espalhadas pelo pa\u00eds.<\/p>\n<p>O Brasil, que antes sofria grande influ\u00eancia europeia, come\u00e7a a notar os comportamentos dos norte-americanos. No p\u00f3s-guerra, a forma de se vender produtos d\u00e1 mais um importante passo para sua evolu\u00e7\u00e3o. As vendas, que antes ocorriam em um balc\u00e3o, passam a seguir o modelo das g\u00f4ndolas, onde o cliente poderia ver, tocar e escolher os produtos de sua necessidade. As lojas mais modernas come\u00e7am a se especializar em segmentos espec\u00edficos, de roupas, por exemplo. Ainda como parte desta ascens\u00e3o, os comerciantes adotam a exposi\u00e7\u00e3o de seus produtos nas vitrines. Para o marketing, o momento \u00e9 de grande representatividade pois, nesta \u00e9poca, a divulga\u00e7\u00e3o de campanhas sazonais em r\u00e1dio e jornais se fortalece.<\/p>\n<p>O Dia das M\u00e3es, uma das datas mais quentes no varejo atual e considerado o segundo Natal dos comerciantes, \u00e9 de 1948. Outro dado importante desta mesma \u00e9poca \u00e9 o surgimento dos mercados com modelo de autosservi\u00e7o, que passa por diversas transforma\u00e7\u00f5es &#8211; sobretudo no tamanho das lojas e posicionamento de mercado, mas que est\u00e3o em evid\u00eancia at\u00e9 hoje. Basta vermos os hipermercados, os atacarejos e o surgimento dos shoppings centers.<\/p>\n<p>De l\u00e1 para c\u00e1, com ajuda da tecnologia, as mudan\u00e7as ocorreram em alta velocidade. Os sistemas de apoio ao varejo ganharam c\u00f3digo de barras e softwares de gest\u00e3o e intelig\u00eancia comercial. Novos produtos foram desenvolvidos e, aqui, preciso citar como exemplo o ciclo da ind\u00fastria audiovisual: partindo das fitas cassetes e VHS, passando pelos CDs, DVDs e Blue Ray e chegando hoje nas plataformas de streaming.<\/p>\n<p>E como falar de evolu\u00e7\u00e3o, sem falar de e-commerce? A primeira loja virtual foi implantada em 1992 pelo Magazine Luiza. Inicialmente surgiram muitas cr\u00edticas e, principalmente, d\u00favidas sobre este modelo de neg\u00f3cios, que gradativamente tomou seu lugar na evolu\u00e7\u00e3o do com\u00e9rcio. Primeiro, sendo importante como canal de vendas complementar. Agora, como o principal canal de muitas empresas.<\/p>\n<p>&nbsp;<\/p>\n<p><strong>Jean Dunkl<\/strong><\/p>\n<p>@jeandunkl<\/p>\n<p>CEO da CPD Consultoria, consultor especialista em Gest\u00e3o Estrat\u00e9gica de Neg\u00f3cios e gestor da Impera (Incubadora de Empresas de Base Tecnol\u00f3gica de Franca)<\/p>\n","protected":false},"excerpt":{"rendered":"<p>A hist\u00f3ria do com\u00e9rcio anda em linha com a hist\u00f3ria do povoamento no mundo. Com a coloniza\u00e7\u00e3o do Brasil, temos os primeiros registros do escambo: os<span class=\"excerpt-hellip\"> [\u2026]<\/span><\/p>\n","protected":false},"author":10,"featured_media":0,"comment_status":"open","ping_status":"open","sticky":false,"template":"","format":"standard","meta":{"_jetpack_memberships_contains_paid_content":false,"footnotes":"","jetpack_publicize_message":"","jetpack_publicize_feature_enabled":true,"jetpack_social_post_already_shared":false,"jetpack_social_options":{"image_generator_settings":{"template":"highway","default_image_id":0,"enabled":false},"version":2}},"categories":[92],"tags":[],"class_list":["post-12712","post","type-post","status-publish","format-standard","hentry","category-colunista"],"yoast_head":"<!-- This site is optimized with the Yoast SEO plugin v25.6 - https:\/\/yoast.com\/wordpress\/plugins\/seo\/ -->\n<title>Varejo: como chegamos at\u00e9 aqui? - VerdadeOn<\/title>\n<meta name=\"robots\" content=\"index, follow, max-snippet:-1, max-image-preview:large, max-video-preview:-1\" \/>\n<link rel=\"canonical\" href=\"https:\/\/verdadeon.com.br\/portal\/2020\/12\/19\/varejo-como-chegamos-ate-aqui\/\" \/>\n<meta property=\"og:locale\" content=\"pt_BR\" \/>\n<meta property=\"og:type\" content=\"article\" \/>\n<meta property=\"og:title\" content=\"Varejo: como chegamos at\u00e9 aqui? - VerdadeOn\" \/>\n<meta property=\"og:description\" content=\"A hist\u00f3ria do com\u00e9rcio anda em linha com a hist\u00f3ria do povoamento no mundo. Com a coloniza\u00e7\u00e3o do Brasil, temos os primeiros registros do escambo: os [\u2026]\" \/>\n<meta property=\"og:url\" content=\"https:\/\/verdadeon.com.br\/portal\/2020\/12\/19\/varejo-como-chegamos-ate-aqui\/\" \/>\n<meta property=\"og:site_name\" content=\"VerdadeOn\" \/>\n<meta property=\"article:published_time\" content=\"2020-12-19T08:25:03+00:00\" \/>\n<meta name=\"author\" content=\"Redacao VerdadeOn\" \/>\n<meta name=\"twitter:card\" content=\"summary_large_image\" \/>\n<meta name=\"twitter:label1\" content=\"Escrito por\" \/>\n\t<meta name=\"twitter:data1\" content=\"Redacao VerdadeOn\" \/>\n\t<meta name=\"twitter:label2\" content=\"Est. tempo de leitura\" \/>\n\t<meta name=\"twitter:data2\" content=\"5 minutos\" \/>\n<script type=\"application\/ld+json\" class=\"yoast-schema-graph\">{\"@context\":\"https:\/\/schema.org\",\"@graph\":[{\"@type\":\"WebPage\",\"@id\":\"https:\/\/verdadeon.com.br\/portal\/2020\/12\/19\/varejo-como-chegamos-ate-aqui\/\",\"url\":\"https:\/\/verdadeon.com.br\/portal\/2020\/12\/19\/varejo-como-chegamos-ate-aqui\/\",\"name\":\"Varejo: como chegamos at\u00e9 aqui? - VerdadeOn\",\"isPartOf\":{\"@id\":\"https:\/\/verdadeon.com.br\/portal\/#website\"},\"datePublished\":\"2020-12-19T08:25:03+00:00\",\"author\":{\"@id\":\"https:\/\/verdadeon.com.br\/portal\/#\/schema\/person\/a5060ad1e9ea3df545188fc93ce43d2f\"},\"breadcrumb\":{\"@id\":\"https:\/\/verdadeon.com.br\/portal\/2020\/12\/19\/varejo-como-chegamos-ate-aqui\/#breadcrumb\"},\"inLanguage\":\"pt-BR\",\"potentialAction\":[{\"@type\":\"ReadAction\",\"target\":[\"https:\/\/verdadeon.com.br\/portal\/2020\/12\/19\/varejo-como-chegamos-ate-aqui\/\"]}]},{\"@type\":\"BreadcrumbList\",\"@id\":\"https:\/\/verdadeon.com.br\/portal\/2020\/12\/19\/varejo-como-chegamos-ate-aqui\/#breadcrumb\",\"itemListElement\":[{\"@type\":\"ListItem\",\"position\":1,\"name\":\"In\u00edcio\",\"item\":\"https:\/\/verdadeon.com.br\/portal\/\"},{\"@type\":\"ListItem\",\"position\":2,\"name\":\"Varejo: como chegamos at\u00e9 aqui?\"}]},{\"@type\":\"WebSite\",\"@id\":\"https:\/\/verdadeon.com.br\/portal\/#website\",\"url\":\"https:\/\/verdadeon.com.br\/portal\/\",\"name\":\"VerdadeOn\",\"description\":\"Not\u00edcias di\u00e1rias sobre Franca, Regi\u00e3o, Esporte, Cultura, Cotidiano, Colunas. Cobertura nos principais eventos da cidade \u00e9 aqui - Verdadeon Franca\",\"potentialAction\":[{\"@type\":\"SearchAction\",\"target\":{\"@type\":\"EntryPoint\",\"urlTemplate\":\"https:\/\/verdadeon.com.br\/portal\/?s={search_term_string}\"},\"query-input\":{\"@type\":\"PropertyValueSpecification\",\"valueRequired\":true,\"valueName\":\"search_term_string\"}}],\"inLanguage\":\"pt-BR\"},{\"@type\":\"Person\",\"@id\":\"https:\/\/verdadeon.com.br\/portal\/#\/schema\/person\/a5060ad1e9ea3df545188fc93ce43d2f\",\"name\":\"Redacao VerdadeOn\",\"image\":{\"@type\":\"ImageObject\",\"inLanguage\":\"pt-BR\",\"@id\":\"https:\/\/verdadeon.com.br\/portal\/#\/schema\/person\/image\/\",\"url\":\"https:\/\/secure.gravatar.com\/avatar\/459a9613caaaf07f582c3d0841eea68bdd66f533e465e6ba8b9cb45619572cf4?s=96&d=mm&r=g\",\"contentUrl\":\"https:\/\/secure.gravatar.com\/avatar\/459a9613caaaf07f582c3d0841eea68bdd66f533e465e6ba8b9cb45619572cf4?s=96&d=mm&r=g\",\"caption\":\"Redacao VerdadeOn\"},\"url\":\"https:\/\/verdadeon.com.br\/portal\/author\/redacao\/\"}]}<\/script>\n<!-- \/ Yoast SEO plugin. -->","yoast_head_json":{"title":"Varejo: como chegamos at\u00e9 aqui? - VerdadeOn","robots":{"index":"index","follow":"follow","max-snippet":"max-snippet:-1","max-image-preview":"max-image-preview:large","max-video-preview":"max-video-preview:-1"},"canonical":"https:\/\/verdadeon.com.br\/portal\/2020\/12\/19\/varejo-como-chegamos-ate-aqui\/","og_locale":"pt_BR","og_type":"article","og_title":"Varejo: como chegamos at\u00e9 aqui? - VerdadeOn","og_description":"A hist\u00f3ria do com\u00e9rcio anda em linha com a hist\u00f3ria do povoamento no mundo. Com a coloniza\u00e7\u00e3o do Brasil, temos os primeiros registros do escambo: os [\u2026]","og_url":"https:\/\/verdadeon.com.br\/portal\/2020\/12\/19\/varejo-como-chegamos-ate-aqui\/","og_site_name":"VerdadeOn","article_published_time":"2020-12-19T08:25:03+00:00","author":"Redacao VerdadeOn","twitter_card":"summary_large_image","twitter_misc":{"Escrito por":"Redacao VerdadeOn","Est. tempo de leitura":"5 minutos"},"schema":{"@context":"https:\/\/schema.org","@graph":[{"@type":"WebPage","@id":"https:\/\/verdadeon.com.br\/portal\/2020\/12\/19\/varejo-como-chegamos-ate-aqui\/","url":"https:\/\/verdadeon.com.br\/portal\/2020\/12\/19\/varejo-como-chegamos-ate-aqui\/","name":"Varejo: como chegamos at\u00e9 aqui? - VerdadeOn","isPartOf":{"@id":"https:\/\/verdadeon.com.br\/portal\/#website"},"datePublished":"2020-12-19T08:25:03+00:00","author":{"@id":"https:\/\/verdadeon.com.br\/portal\/#\/schema\/person\/a5060ad1e9ea3df545188fc93ce43d2f"},"breadcrumb":{"@id":"https:\/\/verdadeon.com.br\/portal\/2020\/12\/19\/varejo-como-chegamos-ate-aqui\/#breadcrumb"},"inLanguage":"pt-BR","potentialAction":[{"@type":"ReadAction","target":["https:\/\/verdadeon.com.br\/portal\/2020\/12\/19\/varejo-como-chegamos-ate-aqui\/"]}]},{"@type":"BreadcrumbList","@id":"https:\/\/verdadeon.com.br\/portal\/2020\/12\/19\/varejo-como-chegamos-ate-aqui\/#breadcrumb","itemListElement":[{"@type":"ListItem","position":1,"name":"In\u00edcio","item":"https:\/\/verdadeon.com.br\/portal\/"},{"@type":"ListItem","position":2,"name":"Varejo: como chegamos at\u00e9 aqui?"}]},{"@type":"WebSite","@id":"https:\/\/verdadeon.com.br\/portal\/#website","url":"https:\/\/verdadeon.com.br\/portal\/","name":"VerdadeOn","description":"Not\u00edcias di\u00e1rias sobre Franca, Regi\u00e3o, Esporte, Cultura, Cotidiano, Colunas. Cobertura nos principais eventos da cidade \u00e9 aqui - Verdadeon Franca","potentialAction":[{"@type":"SearchAction","target":{"@type":"EntryPoint","urlTemplate":"https:\/\/verdadeon.com.br\/portal\/?s={search_term_string}"},"query-input":{"@type":"PropertyValueSpecification","valueRequired":true,"valueName":"search_term_string"}}],"inLanguage":"pt-BR"},{"@type":"Person","@id":"https:\/\/verdadeon.com.br\/portal\/#\/schema\/person\/a5060ad1e9ea3df545188fc93ce43d2f","name":"Redacao VerdadeOn","image":{"@type":"ImageObject","inLanguage":"pt-BR","@id":"https:\/\/verdadeon.com.br\/portal\/#\/schema\/person\/image\/","url":"https:\/\/secure.gravatar.com\/avatar\/459a9613caaaf07f582c3d0841eea68bdd66f533e465e6ba8b9cb45619572cf4?s=96&d=mm&r=g","contentUrl":"https:\/\/secure.gravatar.com\/avatar\/459a9613caaaf07f582c3d0841eea68bdd66f533e465e6ba8b9cb45619572cf4?s=96&d=mm&r=g","caption":"Redacao VerdadeOn"},"url":"https:\/\/verdadeon.com.br\/portal\/author\/redacao\/"}]}},"jetpack_publicize_connections":[],"jetpack_featured_media_url":"","jetpack_sharing_enabled":true,"_links":{"self":[{"href":"https:\/\/verdadeon.com.br\/portal\/wp-json\/wp\/v2\/posts\/12712","targetHints":{"allow":["GET"]}}],"collection":[{"href":"https:\/\/verdadeon.com.br\/portal\/wp-json\/wp\/v2\/posts"}],"about":[{"href":"https:\/\/verdadeon.com.br\/portal\/wp-json\/wp\/v2\/types\/post"}],"author":[{"embeddable":true,"href":"https:\/\/verdadeon.com.br\/portal\/wp-json\/wp\/v2\/users\/10"}],"replies":[{"embeddable":true,"href":"https:\/\/verdadeon.com.br\/portal\/wp-json\/wp\/v2\/comments?post=12712"}],"version-history":[{"count":0,"href":"https:\/\/verdadeon.com.br\/portal\/wp-json\/wp\/v2\/posts\/12712\/revisions"}],"wp:attachment":[{"href":"https:\/\/verdadeon.com.br\/portal\/wp-json\/wp\/v2\/media?parent=12712"}],"wp:term":[{"taxonomy":"category","embeddable":true,"href":"https:\/\/verdadeon.com.br\/portal\/wp-json\/wp\/v2\/categories?post=12712"},{"taxonomy":"post_tag","embeddable":true,"href":"https:\/\/verdadeon.com.br\/portal\/wp-json\/wp\/v2\/tags?post=12712"}],"curies":[{"name":"wp","href":"https:\/\/api.w.org\/{rel}","templated":true}]}}