{"id":12601,"date":"2020-12-14T22:25:22","date_gmt":"2020-12-15T01:25:22","guid":{"rendered":"http:\/\/verdadeon.com.br\/portal\/?p=12601"},"modified":"2020-12-14T22:30:38","modified_gmt":"2020-12-15T01:30:38","slug":"mais-de-7-000-pessoas-ja-se-recuperaram-da-covid-19-am-franca","status":"publish","type":"post","link":"https:\/\/verdadeon.com.br\/portal\/2020\/12\/14\/mais-de-7-000-pessoas-ja-se-recuperaram-da-covid-19-am-franca\/","title":{"rendered":"Mais de 7.000 pessoas ja se recuperaram da Covid-19 em Franca"},"content":{"rendered":"<p>A Vigil\u00e2ncia Epidemiol\u00f3gica da Prefeitura de Franca informa que n\u00e3o houve registro de \u00f3bitos por Covid 19 nesta segunda-feira, 14 de dezembro, permanecendo em 214 \u00f3bitos pela doen\u00e7a. Relata o registro de 34\u00a0 de novos casos positivos de Covid-19, contabilizando 9.291 casos confirmados.<\/p>\n<p>Os casos negativos aumentaram de 15.877 para 16.100. s casos suspeitos subiram de 1.183 para 1.223. Os pacientes recuperados se passaram de 6.950 para 7.037.<\/p>\n<p>O n\u00famero de leitos de Enfermaria (Cl\u00ednicos) est\u00e1 em 06 ocupados de 36 dispon\u00edveis. Dos 30 leitos de UTI SUS Adulto dispon\u00edveis, 12 est\u00e3o ocupados. N\u00e3o h\u00e1 ocupa\u00e7\u00e3o em leito de UTI INFANTIL SUS.<\/p>\n<p>Os leitos de UTI Particular est\u00e3o com 08 ocupados de 13 dispon\u00edveis.<\/p>\n","protected":false},"excerpt":{"rendered":"<p>A Vigil\u00e2ncia Epidemiol\u00f3gica da Prefeitura de Franca informa que n\u00e3o houve registro de \u00f3bitos por Covid 19 nesta segunda-feira, 14 de dezembro, permanecendo em 214 \u00f3bitos<span class=\"excerpt-hellip\"> [\u2026]<\/span><\/p>\n","protected":false},"author":10,"featured_media":12607,"comment_status":"open","ping_status":"open","sticky":false,"template":"","format":"standard","meta":{"_jetpack_memberships_contains_paid_content":false,"footnotes":"","jetpack_publicize_message":"","jetpack_publicize_feature_enabled":true,"jetpack_social_post_already_shared":false,"jetpack_social_options":{"image_generator_settings":{"template":"highway","default_image_id":0,"enabled":false},"version":2}},"categories":[28,81],"tags":[],"class_list":["post-12601","post","type-post","status-publish","format-standard","has-post-thumbnail","hentry","category-cotidiano","category-manchete"],"yoast_head":"<!-- This site is optimized with the Yoast SEO plugin v25.6 - https:\/\/yoast.com\/wordpress\/plugins\/seo\/ -->\n<title>Mais de 7.000 pessoas ja se recuperaram da Covid-19 em Franca - VerdadeOn<\/title>\n<meta name=\"robots\" content=\"index, follow, max-snippet:-1, max-image-preview:large, max-video-preview:-1\" \/>\n<link rel=\"canonical\" href=\"https:\/\/verdadeon.com.br\/portal\/2020\/12\/14\/mais-de-7-000-pessoas-ja-se-recuperaram-da-covid-19-am-franca\/\" \/>\n<meta property=\"og:locale\" content=\"pt_BR\" \/>\n<meta property=\"og:type\" content=\"article\" \/>\n<meta property=\"og:title\" content=\"Mais de 7.000 pessoas ja se recuperaram da Covid-19 em Franca - VerdadeOn\" \/>\n<meta property=\"og:description\" content=\"A Vigil\u00e2ncia Epidemiol\u00f3gica da Prefeitura de Franca informa que n\u00e3o houve registro de \u00f3bitos por Covid 19 nesta segunda-feira, 14 de dezembro, permanecendo em 214 \u00f3bitos [\u2026]\" \/>\n<meta property=\"og:url\" content=\"https:\/\/verdadeon.com.br\/portal\/2020\/12\/14\/mais-de-7-000-pessoas-ja-se-recuperaram-da-covid-19-am-franca\/\" \/>\n<meta property=\"og:site_name\" content=\"VerdadeOn\" \/>\n<meta property=\"article:published_time\" content=\"2020-12-15T01:25:22+00:00\" \/>\n<meta property=\"article:modified_time\" content=\"2020-12-15T01:30:38+00:00\" \/>\n<meta property=\"og:image\" content=\"https:\/\/verdadeon.com.br\/portal\/wp-content\/uploads\/2020\/12\/WhatsApp-Image-2020-12-14-at-20.37.56.jpeg\" \/>\n\t<meta property=\"og:image:width\" content=\"1000\" \/>\n\t<meta property=\"og:image:height\" content=\"670\" \/>\n\t<meta property=\"og:image:type\" content=\"image\/jpeg\" \/>\n<meta name=\"author\" content=\"Redacao VerdadeOn\" \/>\n<meta name=\"twitter:card\" content=\"summary_large_image\" \/>\n<meta name=\"twitter:label1\" content=\"Escrito por\" \/>\n\t<meta name=\"twitter:data1\" content=\"Redacao VerdadeOn\" \/>\n\t<meta name=\"twitter:label2\" content=\"Est. tempo de leitura\" \/>\n\t<meta name=\"twitter:data2\" content=\"1 minuto\" \/>\n<script type=\"application\/ld+json\" class=\"yoast-schema-graph\">{\"@context\":\"https:\/\/schema.org\",\"@graph\":[{\"@type\":\"WebPage\",\"@id\":\"https:\/\/verdadeon.com.br\/portal\/2020\/12\/14\/mais-de-7-000-pessoas-ja-se-recuperaram-da-covid-19-am-franca\/\",\"url\":\"https:\/\/verdadeon.com.br\/portal\/2020\/12\/14\/mais-de-7-000-pessoas-ja-se-recuperaram-da-covid-19-am-franca\/\",\"name\":\"Mais de 7.000 pessoas ja se recuperaram da Covid-19 em Franca - VerdadeOn\",\"isPartOf\":{\"@id\":\"https:\/\/verdadeon.com.br\/portal\/#website\"},\"primaryImageOfPage\":{\"@id\":\"https:\/\/verdadeon.com.br\/portal\/2020\/12\/14\/mais-de-7-000-pessoas-ja-se-recuperaram-da-covid-19-am-franca\/#primaryimage\"},\"image\":{\"@id\":\"https:\/\/verdadeon.com.br\/portal\/2020\/12\/14\/mais-de-7-000-pessoas-ja-se-recuperaram-da-covid-19-am-franca\/#primaryimage\"},\"thumbnailUrl\":\"https:\/\/i0.wp.com\/verdadeon.com.br\/portal\/wp-content\/uploads\/2020\/12\/WhatsApp-Image-2020-12-14-at-20.37.56.jpeg?fit=1000%2C670&ssl=1\",\"datePublished\":\"2020-12-15T01:25:22+00:00\",\"dateModified\":\"2020-12-15T01:30:38+00:00\",\"author\":{\"@id\":\"https:\/\/verdadeon.com.br\/portal\/#\/schema\/person\/a5060ad1e9ea3df545188fc93ce43d2f\"},\"breadcrumb\":{\"@id\":\"https:\/\/verdadeon.com.br\/portal\/2020\/12\/14\/mais-de-7-000-pessoas-ja-se-recuperaram-da-covid-19-am-franca\/#breadcrumb\"},\"inLanguage\":\"pt-BR\",\"potentialAction\":[{\"@type\":\"ReadAction\",\"target\":[\"https:\/\/verdadeon.com.br\/portal\/2020\/12\/14\/mais-de-7-000-pessoas-ja-se-recuperaram-da-covid-19-am-franca\/\"]}]},{\"@type\":\"ImageObject\",\"inLanguage\":\"pt-BR\",\"@id\":\"https:\/\/verdadeon.com.br\/portal\/2020\/12\/14\/mais-de-7-000-pessoas-ja-se-recuperaram-da-covid-19-am-franca\/#primaryimage\",\"url\":\"https:\/\/i0.wp.com\/verdadeon.com.br\/portal\/wp-content\/uploads\/2020\/12\/WhatsApp-Image-2020-12-14-at-20.37.56.jpeg?fit=1000%2C670&ssl=1\",\"contentUrl\":\"https:\/\/i0.wp.com\/verdadeon.com.br\/portal\/wp-content\/uploads\/2020\/12\/WhatsApp-Image-2020-12-14-at-20.37.56.jpeg?fit=1000%2C670&ssl=1\",\"width\":1000,\"height\":670},{\"@type\":\"BreadcrumbList\",\"@id\":\"https:\/\/verdadeon.com.br\/portal\/2020\/12\/14\/mais-de-7-000-pessoas-ja-se-recuperaram-da-covid-19-am-franca\/#breadcrumb\",\"itemListElement\":[{\"@type\":\"ListItem\",\"position\":1,\"name\":\"In\u00edcio\",\"item\":\"https:\/\/verdadeon.com.br\/portal\/\"},{\"@type\":\"ListItem\",\"position\":2,\"name\":\"Mais de 7.000 pessoas ja se recuperaram da Covid-19 em Franca\"}]},{\"@type\":\"WebSite\",\"@id\":\"https:\/\/verdadeon.com.br\/portal\/#website\",\"url\":\"https:\/\/verdadeon.com.br\/portal\/\",\"name\":\"VerdadeOn\",\"description\":\"Not\u00edcias di\u00e1rias sobre Franca, Regi\u00e3o, Esporte, Cultura, Cotidiano, Colunas. Cobertura nos principais eventos da cidade \u00e9 aqui - Verdadeon Franca\",\"potentialAction\":[{\"@type\":\"SearchAction\",\"target\":{\"@type\":\"EntryPoint\",\"urlTemplate\":\"https:\/\/verdadeon.com.br\/portal\/?s={search_term_string}\"},\"query-input\":{\"@type\":\"PropertyValueSpecification\",\"valueRequired\":true,\"valueName\":\"search_term_string\"}}],\"inLanguage\":\"pt-BR\"},{\"@type\":\"Person\",\"@id\":\"https:\/\/verdadeon.com.br\/portal\/#\/schema\/person\/a5060ad1e9ea3df545188fc93ce43d2f\",\"name\":\"Redacao VerdadeOn\",\"image\":{\"@type\":\"ImageObject\",\"inLanguage\":\"pt-BR\",\"@id\":\"https:\/\/verdadeon.com.br\/portal\/#\/schema\/person\/image\/\",\"url\":\"https:\/\/secure.gravatar.com\/avatar\/459a9613caaaf07f582c3d0841eea68bdd66f533e465e6ba8b9cb45619572cf4?s=96&d=mm&r=g\",\"contentUrl\":\"https:\/\/secure.gravatar.com\/avatar\/459a9613caaaf07f582c3d0841eea68bdd66f533e465e6ba8b9cb45619572cf4?s=96&d=mm&r=g\",\"caption\":\"Redacao VerdadeOn\"},\"url\":\"https:\/\/verdadeon.com.br\/portal\/author\/redacao\/\"}]}<\/script>\n<!-- \/ Yoast SEO plugin. -->","yoast_head_json":{"title":"Mais de 7.000 pessoas ja se recuperaram da Covid-19 em Franca - VerdadeOn","robots":{"index":"index","follow":"follow","max-snippet":"max-snippet:-1","max-image-preview":"max-image-preview:large","max-video-preview":"max-video-preview:-1"},"canonical":"https:\/\/verdadeon.com.br\/portal\/2020\/12\/14\/mais-de-7-000-pessoas-ja-se-recuperaram-da-covid-19-am-franca\/","og_locale":"pt_BR","og_type":"article","og_title":"Mais de 7.000 pessoas ja se recuperaram da Covid-19 em Franca - VerdadeOn","og_description":"A Vigil\u00e2ncia Epidemiol\u00f3gica da Prefeitura de Franca informa que n\u00e3o houve registro de \u00f3bitos por Covid 19 nesta segunda-feira, 14 de dezembro, permanecendo em 214 \u00f3bitos [\u2026]","og_url":"https:\/\/verdadeon.com.br\/portal\/2020\/12\/14\/mais-de-7-000-pessoas-ja-se-recuperaram-da-covid-19-am-franca\/","og_site_name":"VerdadeOn","article_published_time":"2020-12-15T01:25:22+00:00","article_modified_time":"2020-12-15T01:30:38+00:00","og_image":[{"width":1000,"height":670,"url":"https:\/\/verdadeon.com.br\/portal\/wp-content\/uploads\/2020\/12\/WhatsApp-Image-2020-12-14-at-20.37.56.jpeg","type":"image\/jpeg"}],"author":"Redacao VerdadeOn","twitter_card":"summary_large_image","twitter_misc":{"Escrito por":"Redacao VerdadeOn","Est. tempo de leitura":"1 minuto"},"schema":{"@context":"https:\/\/schema.org","@graph":[{"@type":"WebPage","@id":"https:\/\/verdadeon.com.br\/portal\/2020\/12\/14\/mais-de-7-000-pessoas-ja-se-recuperaram-da-covid-19-am-franca\/","url":"https:\/\/verdadeon.com.br\/portal\/2020\/12\/14\/mais-de-7-000-pessoas-ja-se-recuperaram-da-covid-19-am-franca\/","name":"Mais de 7.000 pessoas ja se recuperaram da Covid-19 em Franca - VerdadeOn","isPartOf":{"@id":"https:\/\/verdadeon.com.br\/portal\/#website"},"primaryImageOfPage":{"@id":"https:\/\/verdadeon.com.br\/portal\/2020\/12\/14\/mais-de-7-000-pessoas-ja-se-recuperaram-da-covid-19-am-franca\/#primaryimage"},"image":{"@id":"https:\/\/verdadeon.com.br\/portal\/2020\/12\/14\/mais-de-7-000-pessoas-ja-se-recuperaram-da-covid-19-am-franca\/#primaryimage"},"thumbnailUrl":"https:\/\/i0.wp.com\/verdadeon.com.br\/portal\/wp-content\/uploads\/2020\/12\/WhatsApp-Image-2020-12-14-at-20.37.56.jpeg?fit=1000%2C670&ssl=1","datePublished":"2020-12-15T01:25:22+00:00","dateModified":"2020-12-15T01:30:38+00:00","author":{"@id":"https:\/\/verdadeon.com.br\/portal\/#\/schema\/person\/a5060ad1e9ea3df545188fc93ce43d2f"},"breadcrumb":{"@id":"https:\/\/verdadeon.com.br\/portal\/2020\/12\/14\/mais-de-7-000-pessoas-ja-se-recuperaram-da-covid-19-am-franca\/#breadcrumb"},"inLanguage":"pt-BR","potentialAction":[{"@type":"ReadAction","target":["https:\/\/verdadeon.com.br\/portal\/2020\/12\/14\/mais-de-7-000-pessoas-ja-se-recuperaram-da-covid-19-am-franca\/"]}]},{"@type":"ImageObject","inLanguage":"pt-BR","@id":"https:\/\/verdadeon.com.br\/portal\/2020\/12\/14\/mais-de-7-000-pessoas-ja-se-recuperaram-da-covid-19-am-franca\/#primaryimage","url":"https:\/\/i0.wp.com\/verdadeon.com.br\/portal\/wp-content\/uploads\/2020\/12\/WhatsApp-Image-2020-12-14-at-20.37.56.jpeg?fit=1000%2C670&ssl=1","contentUrl":"https:\/\/i0.wp.com\/verdadeon.com.br\/portal\/wp-content\/uploads\/2020\/12\/WhatsApp-Image-2020-12-14-at-20.37.56.jpeg?fit=1000%2C670&ssl=1","width":1000,"height":670},{"@type":"BreadcrumbList","@id":"https:\/\/verdadeon.com.br\/portal\/2020\/12\/14\/mais-de-7-000-pessoas-ja-se-recuperaram-da-covid-19-am-franca\/#breadcrumb","itemListElement":[{"@type":"ListItem","position":1,"name":"In\u00edcio","item":"https:\/\/verdadeon.com.br\/portal\/"},{"@type":"ListItem","position":2,"name":"Mais de 7.000 pessoas ja se recuperaram da Covid-19 em Franca"}]},{"@type":"WebSite","@id":"https:\/\/verdadeon.com.br\/portal\/#website","url":"https:\/\/verdadeon.com.br\/portal\/","name":"VerdadeOn","description":"Not\u00edcias di\u00e1rias sobre Franca, Regi\u00e3o, Esporte, Cultura, Cotidiano, Colunas. Cobertura nos principais eventos da cidade \u00e9 aqui - Verdadeon Franca","potentialAction":[{"@type":"SearchAction","target":{"@type":"EntryPoint","urlTemplate":"https:\/\/verdadeon.com.br\/portal\/?s={search_term_string}"},"query-input":{"@type":"PropertyValueSpecification","valueRequired":true,"valueName":"search_term_string"}}],"inLanguage":"pt-BR"},{"@type":"Person","@id":"https:\/\/verdadeon.com.br\/portal\/#\/schema\/person\/a5060ad1e9ea3df545188fc93ce43d2f","name":"Redacao VerdadeOn","image":{"@type":"ImageObject","inLanguage":"pt-BR","@id":"https:\/\/verdadeon.com.br\/portal\/#\/schema\/person\/image\/","url":"https:\/\/secure.gravatar.com\/avatar\/459a9613caaaf07f582c3d0841eea68bdd66f533e465e6ba8b9cb45619572cf4?s=96&d=mm&r=g","contentUrl":"https:\/\/secure.gravatar.com\/avatar\/459a9613caaaf07f582c3d0841eea68bdd66f533e465e6ba8b9cb45619572cf4?s=96&d=mm&r=g","caption":"Redacao VerdadeOn"},"url":"https:\/\/verdadeon.com.br\/portal\/author\/redacao\/"}]}},"jetpack_publicize_connections":[],"jetpack_featured_media_url":"https:\/\/i0.wp.com\/verdadeon.com.br\/portal\/wp-content\/uploads\/2020\/12\/WhatsApp-Image-2020-12-14-at-20.37.56.jpeg?fit=1000%2C670&ssl=1","jetpack_sharing_enabled":true,"_links":{"self":[{"href":"https:\/\/verdadeon.com.br\/portal\/wp-json\/wp\/v2\/posts\/12601","targetHints":{"allow":["GET"]}}],"collection":[{"href":"https:\/\/verdadeon.com.br\/portal\/wp-json\/wp\/v2\/posts"}],"about":[{"href":"https:\/\/verdadeon.com.br\/portal\/wp-json\/wp\/v2\/types\/post"}],"author":[{"embeddable":true,"href":"https:\/\/verdadeon.com.br\/portal\/wp-json\/wp\/v2\/users\/10"}],"replies":[{"embeddable":true,"href":"https:\/\/verdadeon.com.br\/portal\/wp-json\/wp\/v2\/comments?post=12601"}],"version-history":[{"count":0,"href":"https:\/\/verdadeon.com.br\/portal\/wp-json\/wp\/v2\/posts\/12601\/revisions"}],"wp:featuredmedia":[{"embeddable":true,"href":"https:\/\/verdadeon.com.br\/portal\/wp-json\/wp\/v2\/media\/12607"}],"wp:attachment":[{"href":"https:\/\/verdadeon.com.br\/portal\/wp-json\/wp\/v2\/media?parent=12601"}],"wp:term":[{"taxonomy":"category","embeddable":true,"href":"https:\/\/verdadeon.com.br\/portal\/wp-json\/wp\/v2\/categories?post=12601"},{"taxonomy":"post_tag","embeddable":true,"href":"https:\/\/verdadeon.com.br\/portal\/wp-json\/wp\/v2\/tags?post=12601"}],"curies":[{"name":"wp","href":"https:\/\/api.w.org\/{rel}","templated":true}]}}