{"id":12599,"date":"2020-12-14T22:23:22","date_gmt":"2020-12-15T01:23:22","guid":{"rendered":"http:\/\/verdadeon.com.br\/portal\/?p=12599"},"modified":"2020-12-14T22:23:22","modified_gmt":"2020-12-15T01:23:22","slug":"etecs-e-fatecs-prorrogam-inscricoes-para-vestibulinho-e-vestibular-de-2021","status":"publish","type":"post","link":"https:\/\/verdadeon.com.br\/portal\/2020\/12\/14\/etecs-e-fatecs-prorrogam-inscricoes-para-vestibulinho-e-vestibular-de-2021\/","title":{"rendered":"Etecs e Fatecs prorrogam inscri\u00e7\u00f5es para Vestibulinho e Vestibular de 2021\u00a0"},"content":{"rendered":"<h2 align=\"center\"><i>Novo prazo vai at\u00e9 quinta-feira (17); sele\u00e7\u00e3o para cursos t\u00e9cnicos, integrados, especializa\u00e7\u00e3o e para os Ensinos M\u00e9dio e Superior Tecnol\u00f3gico se dar\u00e1 por meio de an\u00e1lise do hist\u00f3rico escolar, sem prova<\/i><\/h2>\n<p>&nbsp;<\/p>\n<p>O prazo para se inscrever nos processos seletivos das Escolas T\u00e9cnicas (Etecs) e Faculdades de Tecnologia (Fatecs) estaduais para o primeiro semestre de 2021 foi prorrogado at\u00e9 a pr\u00f3xima quinta-feira (17), \u00e0s 15 horas. As inscri\u00e7\u00f5es devem ser feitas exclusivamente pelos sites\u00a0<a href=\"https:\/\/www.vestibulinhoetec.com.br\/home\/\" target=\"_blank\" rel=\"noopener\" data-saferedirecturl=\"https:\/\/www.google.com\/url?q=https:\/\/www.vestibulinhoetec.com.br\/home\/&amp;source=gmail&amp;ust=1608060757452000&amp;usg=AFQjCNG0w29XQP5xRCUP-eXxM_hfFme2qQ\">vestibulinhoetec.com.br<\/a>\u00a0e\u00a0<a href=\"https:\/\/www.vestibularfatec.com.br\/home\/\" target=\"_blank\" rel=\"noopener\" data-saferedirecturl=\"https:\/\/www.google.com\/url?q=https:\/\/www.vestibularfatec.com.br\/home\/&amp;source=gmail&amp;ust=1608060757452000&amp;usg=AFQjCNFZ6lsYDCIa50gYKL7jKMZiUAFsbg\">vestibularfatec.com.br<\/a>.<\/p>\n<p>A sele\u00e7\u00e3o para cursos t\u00e9cnicos, integrados, especializa\u00e7\u00e3o e para os Ensinos M\u00e9dio e Superior Tecnol\u00f3gico se dar\u00e1 por meio de an\u00e1lise do hist\u00f3rico escolar, sem a realiza\u00e7\u00e3o de prova presencial ou online.<\/p>\n<p>A mudan\u00e7a do crit\u00e9rio se fez necess\u00e1ria para atender ao distanciamento social, recomendado pelo Governo do Estado de S\u00e3o Paulo e autoridades sanit\u00e1rias, visando preservar a sa\u00fade dos candidatos, e observando as notas atribu\u00eddas aos estudantes antes da pandemia.<\/p>\n<p>Tanto Etecs quanto Fatecs v\u00e3o disponibilizar computadores online aos candidatos que tiverem dificuldade de acesso \u00e0 internet para fazer a sua inscri\u00e7\u00e3o. Os interessados devem entrar em contato com a unidade para verificar data e hor\u00e1rio de atendimento. Para utilizar os equipamentos, ser\u00e1 obrigat\u00f3rio o uso de m\u00e1scara de prote\u00e7\u00e3o facial e tamb\u00e9m respeitar as demais medidas de prote\u00e7\u00e3o do\u00a0<a href=\"https:\/\/www.cps.sp.gov.br\/protocolo-sanitario-institucional-do-cps\/\" target=\"_blank\" rel=\"noopener\" data-saferedirecturl=\"https:\/\/www.google.com\/url?q=https:\/\/www.cps.sp.gov.br\/protocolo-sanitario-institucional-do-cps\/&amp;source=gmail&amp;ust=1608060757452000&amp;usg=AFQjCNGN8Zb9SXBePAxpe3aynt1B5oQmHA\">Protocolo<\/a>\u00a0Sanit\u00e1rio Institucional do Centro Paula Souza (CPS).<\/p>\n<p>&nbsp;<\/p>\n<p><b>VESTIBULINHO<\/b>\u00a0<b>DAS ETECS<\/b><\/p>\n<p>Quem quiser concorrer a uma vaga para estudar nas Etecs no primeiro semestre de 2021 pode fazer a inscri\u00e7\u00e3o exclusivamente no site\u00a0<a href=\"http:\/\/vestibulinhoetec.com.br\/\" target=\"_blank\" rel=\"noopener\" data-saferedirecturl=\"https:\/\/www.google.com\/url?q=http:\/\/vestibulinhoetec.com.br&amp;source=gmail&amp;ust=1608060757452000&amp;usg=AFQjCNF5uMNi9kK0JDT99WoTFaqFSdcp-Q\">vestibulinhoetec.com.br<\/a>, at\u00e9\u00a0<b>17 de dezembro<\/b>, \u00e0s 15 horas. O valor da taxa \u00e9 de R$ 19.<\/p>\n<p>O Vestibulinho oferece\u00a0<b><i>86.149 vagas<\/i><\/b>, distribu\u00eddas entre os<br \/>\nEnsinos M\u00e9dio, T\u00e9cnico, Integrado e Especializa\u00e7\u00e3o T\u00e9cnica. As vagas s\u00e3o destinadas \u00e0s Etecs\u00a0e \u00e0s classes descentralizadas (unidades que funcionam com um ou mais cursos, sob a administra\u00e7\u00e3o de uma Etec) por meio de parcerias com as prefeituras do interior e da Capital (aulas nos CEUs) e com a Secretaria Estadual da Educa\u00e7\u00e3o.<\/p>\n<p>&nbsp;<\/p>\n<p><b>Novidades<\/b><\/p>\n<p><i>\u00a0<\/i><i>Curso in\u00e9dito<\/i>\u00a0\u2013 a Etec Dona Escol\u00e1stica Rosa passa a oferecer o novo curso t\u00e9cnico de Com\u00e9rcio Exterior, com 40 vagas no per\u00edodo da noite.<\/p>\n<p><i>Curso t\u00e9cnico de Transa\u00e7\u00f5es Imobili\u00e1rias online<\/i>\u00a0\u2013 Nova forma\u00e7\u00e3o disponibiliza 400 vagas.<\/p>\n<p><i>Novotec Integrado<\/i>\u00a0\u2013 A modalidade oferece dez novas op\u00e7\u00f5es de Ensino M\u00e9dio com Habilita\u00e7\u00e3o T\u00e9cnica Profissional em: Agropecu\u00e1ria, Eletroeletr\u00f4nica, Eletrot\u00e9cnica, Finan\u00e7as, Inform\u00e1tica, Manuten\u00e7\u00e3o Automotiva, Mec\u00e2nica, Mecatr\u00f4nica, Meio Ambiente e Pr\u00f3tese Dent\u00e1ria.<\/p>\n<p>&nbsp;<\/p>\n<p><b>Diversidade de forma\u00e7\u00f5es<\/b><\/p>\n<p>Al\u00e9m das\u00a0<b><i>47.196 vagas<\/i><\/b>\u00a0para os cursos t\u00e9cnicos concomitantes ou subsequentes ao Ensino M\u00e9dio, oferecidos nas modalidades presencial, semipresencial e online, o candidato poder\u00e1 escolher entre diversas op\u00e7\u00f5es do Ensino Integrado, que totalizam a oferta\u00a0de<b><i>\u00a035.953 vagas<\/i><\/b>,\u00a0distribu\u00eddas entre as seguintes modalidades:<\/p>\n<p>&nbsp;<\/p>\n<p><b>Ensino T\u00e9cnico Integrado ao M\u00e9dio (Etim)<\/b><\/p>\n<p>Ao estudar o Ensino M\u00e9dio e o T\u00e9cnico juntos, em tempo integral, o estudante vai fortalecer seu aprendizado b\u00e1sico com as habilidades profissionais. S\u00e3o oferecidas\u00a0<b><i>16.350 vagas<\/i><\/b>.<\/p>\n<p>&nbsp;<\/p>\n<p><b>Novotec Integrado<\/b><\/p>\n<p>O candidato pode optar por duas modalidades de certifica\u00e7\u00e3o, o Ensino M\u00e9dio com Habilita\u00e7\u00e3o T\u00e9cnica Profissional e o Ensino M\u00e9dio com Qualifica\u00e7\u00e3o Profissional. As\u00a0<b><i>18.532 vagas<\/i><\/b>\u00a0est\u00e3o distribu\u00eddas entre 36 cursos.<\/p>\n<p>Outras<b>\u00a0<i>1.071 vagas<\/i>\u00a0<\/b>est\u00e3o destinadas \u00e0<b>\u00a0Articula\u00e7\u00e3o da<br \/>\nForma\u00e7\u00e3o Profissional M\u00e9dia e Superior (AMS)<\/b>. Nesta op\u00e7\u00e3o,<br \/>\no aluno poder\u00e1 completar em cinco anos os Ensinos M\u00e9dio, T\u00e9cnico e Superior Tecnol\u00f3gico (s\u00e3o necess\u00e1rios seis anos para curs\u00e1-los separadamente). O ingresso neste Vestibulinho ocorre pelo Ensino M\u00e9dio com Habilita\u00e7\u00e3o T\u00e9cnica Profissional em<br \/>\num dos quatro cursos: Administra\u00e7\u00e3o, Desenvolvimento de Sistemas, Log\u00edstica e Qu\u00edmica.<\/p>\n<p>&nbsp;<\/p>\n<p><b>Modalidades de Ensino M\u00e9dio<\/b><\/p>\n<p>As Etecs oferecem tr\u00eas op\u00e7\u00f5es de forma\u00e7\u00e3o adequadas \u00e0s orienta\u00e7\u00f5es da Reforma do Ensino M\u00e9dio: o\u00a0<i>Ensino M\u00e9dio com \u00eanfase em Linguagens, Ci\u00eancias Humanas e Sociais<\/i>\u00a0(1.475 vagas);\u00a0<i>Ensino M\u00e9dio com \u00eanfase em<\/i>\u00a0<i>Ci\u00eancias Biol\u00f3gicas, Agr\u00e1rias e da Sa\u00fade\u00a0<\/i>(435 vagas); e\u00a0<i>Ensino M\u00e9dio com \u00eanfase em<\/i>\u00a0<i>Ci\u00eancias Exatas e Engenharias\u00a0<\/i>(470 vagas).<\/p>\n<p>&nbsp;<\/p>\n<p><b>Especializa\u00e7\u00e3o de n\u00edvel m\u00e9dio<\/b><\/p>\n<p>O Vestibulinho disponibiliza ainda 300 vagas para o curso de Gest\u00e3o de Projetos, na modalidade online. Outras 320 ser\u00e3o distribu\u00eddas por mais sete cursos presenciais: Desenvolvimento de Aplicativos para Smartphones; Enfermagem do Trabalho; Gest\u00e3o de Energia; Gest\u00e3o de Unidades de Alimenta\u00e7\u00e3o e Nutri\u00e7\u00e3o; Log\u00edstica Reversa; Panifica\u00e7\u00e3o e Confeitaria; Radiocomunica\u00e7\u00e3o.<\/p>\n<p><b>Inscri\u00e7\u00f5es<\/b><\/p>\n<p>Para se inscrever no processo seletivo, o candidato deve fazer o upload leg\u00edvel do documento de identidade e atestado de escolaridade com discrimina\u00e7\u00e3o das notas de L\u00edngua Portuguesa e Matem\u00e1tica das s\u00e9ries indicadas a seguir.<\/p>\n<p>Para o\u00a0<b>Ensino M\u00e9dio<\/b>\u00a0com a op\u00e7\u00e3o por\u00a0<b>itiner\u00e1rios formativos<\/b>,<b>\u00a0Novotec Integrado, AMS, T\u00e9cnico Integrado ao M\u00e9dio e primeiro termo do T\u00e9cnico Integrado na modalidade EJA<\/b>, os candidatos devem ter certificado de conclus\u00e3o do Ensino Fundamental ou o Exame Nacional para Certifica\u00e7\u00e3o de Compet\u00eancias de Jovens e Adultos (Encceja). Al\u00e9m disso, precisam inserir as notas do oitavo ano do Ensino Fundamental de nove anos ou da s\u00e9tima s\u00e9rie do Ensino Fundamental de oito anos \u00a0\u2013 as disciplinas devem ter sido conclu\u00eddas at\u00e9 31 de dezembro de 2019. As instru\u00e7\u00f5es para casos de reclassifica\u00e7\u00e3o ou para quem n\u00e3o cursou tais s\u00e9ries est\u00e3o na portaria dispon\u00edvel no\u00a0<a href=\"https:\/\/www.vestibulinhoetec.com.br\/home\/\" target=\"_blank\" rel=\"noopener\" data-saferedirecturl=\"https:\/\/www.google.com\/url?q=https:\/\/www.vestibulinhoetec.com.br\/home\/&amp;source=gmail&amp;ust=1608060757452000&amp;usg=AFQjCNG0w29XQP5xRCUP-eXxM_hfFme2qQ\">site<\/a>.<\/p>\n<p>Aqueles que pretendem fazer o\u00a0<b>Ensino T\u00e9cnico<\/b>\u00a0precisam ter conclu\u00eddo o Ensino M\u00e9dio ou estar cursando a partir do segundo ano deste ciclo em 2021.\u00a0O candidato que concluiu ou est\u00e1 cursando o ensino da EJA ou o Encceja deve ter o certificado de conclus\u00e3o do Ensino M\u00e9dio, declara\u00e7\u00e3o de que est\u00e1 matriculado a partir do segundo semestre da EJA, ou ter dois certificados de aprova\u00e7\u00e3o em \u00e1reas de estudos da EJA ou boletim de aprova\u00e7\u00e3o do Encceja enviado pelo MEC ou certificado de aprova\u00e7\u00e3o do Encceja em duas \u00e1reas de estudos avaliadas. Para pessoas que realizaram o Exame Nacional do Ensino M\u00e9dio (Enem) at\u00e9 a edi\u00e7\u00e3o de 2016, certificado ou declara\u00e7\u00e3o de conclus\u00e3o do Ensino M\u00e9dio, expedido por \u00f3rg\u00e3o competente. As notas a serem avaliadas devem ser referentes ao nono ano do Ensino Fundamental de nove anos ou da oitava s\u00e9rie do Ensino Fundamental de oito anos\u00a0\u2013 as disciplinas devem ter sido conclu\u00eddas at\u00e9 31 de dezembro de 2019.<\/p>\n<p>Aqueles que desejam fazer o curso de\u00a0<b>Especializa\u00e7\u00e3o T\u00e9cnica<\/b>\u00a0online precisam ter conclu\u00eddo o Ensino M\u00e9dio e qualquer curso t\u00e9cnico ou superior. Para os presenciais, o candidato deve ter conclu\u00eddo o Ensino M\u00e9dio e tamb\u00e9m ter cursado integralmente o Ensino T\u00e9cnico associado ao curso de especializa\u00e7\u00e3o, conforme rela\u00e7\u00e3o dispon\u00edvel no\u00a0<a href=\"mailto:%20www.vestibulinhoetec.com.br\" target=\"_blank\" rel=\"noopener\">site<\/a>. Em ambos os casos, candidatos devem informar as notas obtidas na segunda s\u00e9rie do Ensino M\u00e9dio \u2013 as disciplinas devem ter sido conclu\u00eddas at\u00e9 31 de dezembro de 2019. As instru\u00e7\u00f5es para casos de reclassifica\u00e7\u00e3o ou para quem n\u00e3o cursou tais s\u00e9ries tamb\u00e9m est\u00e3o na portaria dispon\u00edvel no\u00a0<a href=\"https:\/\/www.vestibulinhoetec.com.br\/home\/\" target=\"_blank\" rel=\"noopener\" data-saferedirecturl=\"https:\/\/www.google.com\/url?q=https:\/\/www.vestibulinhoetec.com.br\/home\/&amp;source=gmail&amp;ust=1608060757452000&amp;usg=AFQjCNG0w29XQP5xRCUP-eXxM_hfFme2qQ\">site<\/a>.<\/p>\n<p>&nbsp;<\/p>\n<p><b>Comprova\u00e7\u00e3o de notas<\/b><\/p>\n<p>Para atestar a corre\u00e7\u00e3o das notas informadas, os candidatos devem fazer, no momento da inscri\u00e7\u00e3o, o upload leg\u00edvel de um dos seguintes documentos:<\/p>\n<p><i>Para candidatos aos\u00a0<b>cursos t\u00e9cnicos<\/b>\u00a0modulares e\u00a0<b>Ensino M\u00e9dio<\/b>\u00a0nas tr\u00eas modalidades\u00a0<b>com \u00eanfase<\/b>,<b>\u00a0Novotec Integrado, AMS, T\u00e9cnico Integrado ao M\u00e9dio e primeiro termo do T\u00e9cnico Integrado na modalidade EJA<\/b><\/i>\u00a0\u2013 Hist\u00f3rico escolar ou declara\u00e7\u00e3o escolar assinada por agente escolar da escola de origem. Para quem \u00e9 ou foi aluno da rede municipal da cidade de S\u00e3o Paulo, Boletim Escolar Digital dispon\u00edvel no\u00a0<a href=\"http:\/\/identity.sme.prefeitura.sp.gov.br\/account\/login?returnUrl=%2Fconnect%2Fauthorize%2Flogin%3Fclient_id%3Dsmespmvc%26redirect_uri%3Dhttp%253A%252F%252Fboletimonline.sme.prefeitura.sp.gov.br%252FSAML%252FLogin.ashx%26response_mode%3Dform_post%26response_type%3Dcode%2520id_token%2520token%26scope%3Dopenid%2520profile%2520smespapi%26state%3DOpenIdConnect.AuthenticationProperties%253D9EI3kz6Sv0iu1zk1Pq3tNYHUi4Uong6y9f4qOEG9BuB1dPjcowNChA8Hr9ymTQEaGp9x0Zrq-xiDTdk6QIkILE0kJR8UuX1K-Jl9y2IoWYU03AjDX9es-Y-9gJ3vP1F7J7T4HhGGIbAtQT1SCPLc_Pm4igKX3INHlyF8D3XwnFmOt6ZKrbjCooRUF-I2y8PKK-z1U-C6Ri_7HQ5ImcQRwl23eErQq34cDCJadi5CxXvNtYmTng_9fVnxnumqxW66ScJpFly-OLh-jdr1BkDguRqrS-o12o5twQhB9uVOMnY%26nonce%3D637414729070846416.ZTY4ZGQ5NTgtZWQwNi00NmU2LWEzN2EtZWVkMDlkMDM4MzVkY2ZjYmM5OGItYjk3ZS00NjU3LWJiOTItYjlmN2U4MzljZWQx\" target=\"_blank\" rel=\"noopener\" data-saferedirecturl=\"https:\/\/www.google.com\/url?q=http:\/\/identity.sme.prefeitura.sp.gov.br\/account\/login?returnUrl%3D%252Fconnect%252Fauthorize%252Flogin%253Fclient_id%253Dsmespmvc%2526redirect_uri%253Dhttp%25253A%25252F%25252Fboletimonline.sme.prefeitura.sp.gov.br%25252FSAML%25252FLogin.ashx%2526response_mode%253Dform_post%2526response_type%253Dcode%252520id_token%252520token%2526scope%253Dopenid%252520profile%252520smespapi%2526state%253DOpenIdConnect.AuthenticationProperties%25253D9EI3kz6Sv0iu1zk1Pq3tNYHUi4Uong6y9f4qOEG9BuB1dPjcowNChA8Hr9ymTQEaGp9x0Zrq-xiDTdk6QIkILE0kJR8UuX1K-Jl9y2IoWYU03AjDX9es-Y-9gJ3vP1F7J7T4HhGGIbAtQT1SCPLc_Pm4igKX3INHlyF8D3XwnFmOt6ZKrbjCooRUF-I2y8PKK-z1U-C6Ri_7HQ5ImcQRwl23eErQq34cDCJadi5CxXvNtYmTng_9fVnxnumqxW66ScJpFly-OLh-jdr1BkDguRqrS-o12o5twQhB9uVOMnY%2526nonce%253D637414729070846416.ZTY4ZGQ5NTgtZWQwNi00NmU2LWEzN2EtZWVkMDlkMDM4MzVkY2ZjYmM5OGItYjk3ZS00NjU3LWJiOTItYjlmN2U4MzljZWQx&amp;source=gmail&amp;ust=1608060757452000&amp;usg=AFQjCNGcgL-n4SeOrqmEw_Hs4V-J6PCqLg\">Portal do Aluno<\/a>.<\/p>\n<p><i>Para candidatos aos\u00a0<b>cursos de Especializa\u00e7\u00e3o T\u00e9cnica<\/b><\/i>\u00a0\u2013 Hist\u00f3rico escolar ou declara\u00e7\u00e3o escolar assinada por agente escolar da escola de origem. Para quem \u00e9 ou foi aluno da rede municipal da cidade de S\u00e3o Paulo, Boletim Escolar Digital dispon\u00edvel no\u00a0<a href=\"http:\/\/identity.sme.prefeitura.sp.gov.br\/account\/login?returnUrl=%2Fconnect%2Fauthorize%2Flogin%3Fclient_id%3Dsmespmvc%26redirect_uri%3Dhttp%253A%252F%252Fboletimonline.sme.prefeitura.sp.gov.br%252FSAML%252FLogin.ashx%26response_mode%3Dform_post%26response_type%3Dcode%2520id_token%2520token%26scope%3Dopenid%2520profile%2520smespapi%26state%3DOpenIdConnect.AuthenticationProperties%253D9EI3kz6Sv0iu1zk1Pq3tNYHUi4Uong6y9f4qOEG9BuB1dPjcowNChA8Hr9ymTQEaGp9x0Zrq-xiDTdk6QIkILE0kJR8UuX1K-Jl9y2IoWYU03AjDX9es-Y-9gJ3vP1F7J7T4HhGGIbAtQT1SCPLc_Pm4igKX3INHlyF8D3XwnFmOt6ZKrbjCooRUF-I2y8PKK-z1U-C6Ri_7HQ5ImcQRwl23eErQq34cDCJadi5CxXvNtYmTng_9fVnxnumqxW66ScJpFly-OLh-jdr1BkDguRqrS-o12o5twQhB9uVOMnY%26nonce%3D637414729070846416.ZTY4ZGQ5NTgtZWQwNi00NmU2LWEzN2EtZWVkMDlkMDM4MzVkY2ZjYmM5OGItYjk3ZS00NjU3LWJiOTItYjlmN2U4MzljZWQx\" target=\"_blank\" rel=\"noopener\" data-saferedirecturl=\"https:\/\/www.google.com\/url?q=http:\/\/identity.sme.prefeitura.sp.gov.br\/account\/login?returnUrl%3D%252Fconnect%252Fauthorize%252Flogin%253Fclient_id%253Dsmespmvc%2526redirect_uri%253Dhttp%25253A%25252F%25252Fboletimonline.sme.prefeitura.sp.gov.br%25252FSAML%25252FLogin.ashx%2526response_mode%253Dform_post%2526response_type%253Dcode%252520id_token%252520token%2526scope%253Dopenid%252520profile%252520smespapi%2526state%253DOpenIdConnect.AuthenticationProperties%25253D9EI3kz6Sv0iu1zk1Pq3tNYHUi4Uong6y9f4qOEG9BuB1dPjcowNChA8Hr9ymTQEaGp9x0Zrq-xiDTdk6QIkILE0kJR8UuX1K-Jl9y2IoWYU03AjDX9es-Y-9gJ3vP1F7J7T4HhGGIbAtQT1SCPLc_Pm4igKX3INHlyF8D3XwnFmOt6ZKrbjCooRUF-I2y8PKK-z1U-C6Ri_7HQ5ImcQRwl23eErQq34cDCJadi5CxXvNtYmTng_9fVnxnumqxW66ScJpFly-OLh-jdr1BkDguRqrS-o12o5twQhB9uVOMnY%2526nonce%253D637414729070846416.ZTY4ZGQ5NTgtZWQwNi00NmU2LWEzN2EtZWVkMDlkMDM4MzVkY2ZjYmM5OGItYjk3ZS00NjU3LWJiOTItYjlmN2U4MzljZWQx&amp;source=gmail&amp;ust=1608060757452000&amp;usg=AFQjCNGcgL-n4SeOrqmEw_Hs4V-J6PCqLg\">Portal do Aluno<\/a>. Para alunos da rede estadual \u00e9 poss\u00edvel enviar boletim digital, obtido via site da Secretaria da Educa\u00e7\u00e3o (Seduc). Estudantes das Etecs do CPS podem utilizar o boletim online emitido no Novo Sistema Acad\u00eamico (NSA) ou no Sistema Integrado de Gest\u00e3o Acad\u00eamica (Siga). Quem concluiu o Ensino M\u00e9dio por meio do Exame Nacional para Certifica\u00e7\u00e3o de Compet\u00eancias de Jovens e Adultos (Encceja) deve inserir certificado de conclus\u00e3o do Ensino M\u00e9dio (frente e verso) expedido por \u00f3rg\u00e3o competente, contendo as notas finais de Portugu\u00eas e Matem\u00e1tica ou equivalentes do Ensino M\u00e9dio.<\/p>\n<p>Para pessoas que realizaram o Exame Nacional do Ensino M\u00e9dio (Enem) at\u00e9 a edi\u00e7\u00e3o de 2016, certificado ou declara\u00e7\u00e3o de conclus\u00e3o do Ensino M\u00e9dio, expedido pelos Institutos Federais ou pela Secretaria da Educa\u00e7\u00e3o do Estado correspondente.<\/p>\n<p>&nbsp;<\/p>\n<p><b>Prazos e op\u00e7\u00f5es<\/b><\/p>\n<p>A taxa de inscri\u00e7\u00e3o deve ser paga em dinheiro, em qualquer ag\u00eancia banc\u00e1ria ou via internet, por meio do banco do candidato ou ainda pela ferramenta Getnet (pagamento com cart\u00e3o de cr\u00e9dito), dispon\u00edvel na\u00a0<a href=\"mailto:www.vestibulinhoetec.com.br.\" target=\"_blank\" rel=\"noopener\"><b>internet<\/b><\/a>. O pagamento deve ser feito at\u00e9\u00a0<b>17 de dezembro<\/b>.<\/p>\n<p>No ato da inscri\u00e7\u00e3o para a primeira s\u00e9rie do Ensino M\u00e9dio, em todos os seus formatos, e no primeiro m\u00f3dulo do Ensino T\u00e9cnico \u00e9 poss\u00edvel colocar como segunda op\u00e7\u00e3o outro curso ou per\u00edodo desde que oferecido na mesma unidade para a qual o candidato vai se inscrever.<\/p>\n<p>Este processo seletivo tamb\u00e9m oferece aos candidatos a possibilidade de se inscrever em mais de um curso, na mesma Etec ou classe descentralizada ou em unidades diferentes, mediante pagamento de nova taxa para cada inscri\u00e7\u00e3o que pretenda realizar.<\/p>\n<p>A leitura atenta do\u00a0<i><a href=\"https:\/\/www.vestibulinhoetec.com.br\/documentos\/\" target=\"_blank\" rel=\"noopener\" data-saferedirecturl=\"https:\/\/www.google.com\/url?q=https:\/\/www.vestibulinhoetec.com.br\/documentos\/&amp;source=gmail&amp;ust=1608060757453000&amp;usg=AFQjCNF2KPggmf6jBcWljJS1negrk-l70A\">Manual do Candidato<\/a><\/i>\u00a0e o preenchimento da ficha de inscri\u00e7\u00e3o eletr\u00f4nica (ambos dispon\u00edveis em\u00a0<a href=\"http:\/\/www.vestibulinhoetec.com.br\/\" target=\"_blank\" rel=\"noopener\" data-saferedirecturl=\"https:\/\/www.google.com\/url?q=http:\/\/www.vestibulinhoetec.com.br\/&amp;source=gmail&amp;ust=1608060757453000&amp;usg=AFQjCNHi0hCB9nHotT74zg7txgu0-smerA\">vestibulinhoetec.com.br<\/a>) \u00e9 de responsabilidade exclusiva do candidato ou de seu representante legal (pai, m\u00e3e, curador ou tutor), quando menor de 16 anos.<\/p>\n<p>&nbsp;<\/p>\n<p><b>VESTIBULAR DAS FATECS<\/b><\/p>\n<p>O processo seletivo das Fatecs oferece um total de\u00a0<b><i>17.960 vagas<\/i><\/b>, distribu\u00eddas entre os 84 cursos superiores de tecnologia gratuitos, em todas as regi\u00f5es do Estado \u2013 aumento superior a 15% em rela\u00e7\u00e3o ao primeiro semestre de 2020 (15.565 vagas).<\/p>\n<p>&nbsp;<\/p>\n<p><b>Cursos in\u00e9ditos<\/b><\/p>\n<p>As Fatecs passam a oferecer:<\/p>\n<p><b><a href=\"https:\/\/www.cps.sp.gov.br\/cursos-fatec\/big-data-para-negocios\/\" target=\"_blank\" rel=\"noopener\" data-saferedirecturl=\"https:\/\/www.google.com\/url?q=https:\/\/www.cps.sp.gov.br\/cursos-fatec\/big-data-para-negocios\/&amp;source=gmail&amp;ust=1608060757453000&amp;usg=AFQjCNGDXl7TnfYQEenJiR3ew3jHoT8D3A\">Big Data para Neg\u00f3cios<\/a><\/b>, na Fatec Ipiranga, localizada a zona sul da Capital \u2013 40 vagas no per\u00edodo da manh\u00e3;<\/p>\n<p><b><a href=\"https:\/\/www.cps.sp.gov.br\/cursos-fatec\/desenvolvimento-de-software-multiplataforma\/\" target=\"_blank\" rel=\"noopener\" data-saferedirecturl=\"https:\/\/www.google.com\/url?q=https:\/\/www.cps.sp.gov.br\/cursos-fatec\/desenvolvimento-de-software-multiplataforma\/&amp;source=gmail&amp;ust=1608060757453000&amp;usg=AFQjCNHhncEBVRMSenXOX0h-78knH-7J3Q\">Desenvolvimento de Software Multiplataforma<\/a><\/b>\u00a0ser\u00e1 ministrado nas unidades localizadas em Araras (40 vagas, noite), Capital (Fatec Zona Leste \u2013 40 vagas, manh\u00e3), Franca (40 vagas, noite), Osasco (40 vagas, noite) e S\u00e3o Jos\u00e9 dos Campos (40 vagas, manh\u00e3).<\/p>\n<p><b>Outras novidades<\/b><\/p>\n<p>O curso de\u00a0<b><a href=\"https:\/\/www.cps.sp.gov.br\/cursos-fatec\/gestao-empresarial\/\" target=\"_blank\" rel=\"noopener\" data-saferedirecturl=\"https:\/\/www.google.com\/url?q=https:\/\/www.cps.sp.gov.br\/cursos-fatec\/gestao-empresarial\/&amp;source=gmail&amp;ust=1608060757453000&amp;usg=AFQjCNG5zMsv8hJ4XCYGBNgVAosOzaixVQ\">Gest\u00e3o Empresarial<\/a><\/b>, na modalidade\u00a0<b><i>Educa\u00e7\u00e3o a Dist\u00e2ncia<\/i><\/b>, volta a ser oferecido em 47 polos de aprendizagem \u2013 s\u00e3o\u00a0<b>1.880 vagas<\/b>\u00a0no total.<\/p>\n<p><b><i>Tr\u00eas Fatecs v\u00e3o implantar turmas de cursos oferecidos em outras unidades:<\/i><\/b><\/p>\n<p>\u2013 <b><i>Fatec Assis<\/i><\/b>\u00a0\u2013 Gest\u00e3o da Tecnologia da Informa\u00e7\u00e3o (40 vagas, noite);<br \/>\n\u2013\u00a0<b><i>Fatec Cotia<\/i><\/b>\u00a0\u2013 Ci\u00eancia de Dados (40 vagas, noite);<br \/>\n\u2013\u00a0<b><i>Fatec Sert\u00e3ozinho<\/i><\/b>\u00a0\u2013 Gest\u00e3o da Produ\u00e7\u00e3o Industrial (40 vagas, manh\u00e3).<\/p>\n<p>&nbsp;<\/p>\n<p><b>Inscri\u00e7\u00f5es<\/b><\/p>\n<p>O candidato que quiser disputar uma vaga no Vestibular precisa ter terminado ou estar cursando o Ensino M\u00e9dio ou equivalente, desde que no ato da matr\u00edcula comprove a conclus\u00e3o do curso. Para se inscrever \u00e9 necess\u00e1rio preencher a ficha de inscri\u00e7\u00e3o e o question\u00e1rio socioecon\u00f4mico, imprimir o boleto e pagar a taxa de R$ 39. O valor deve ser pago at\u00e9\u00a0<b>17 de dezembro<\/b>, em dinheiro, em qualquer ag\u00eancia banc\u00e1ria, mediante a apresenta\u00e7\u00e3o do boleto impresso no momento da inscri\u00e7\u00e3o eletr\u00f4nica, ou pagar, via internet, no banco do candidato ou ainda pela ferramenta Getnet (pagamento com cart\u00e3o de cr\u00e9dito) dispon\u00edvel no site\u00a0<a href=\"http:\/\/www.vestibularfatec.com.br\/\" target=\"_blank\" rel=\"noopener\" data-saferedirecturl=\"https:\/\/www.google.com\/url?q=http:\/\/www.vestibularfatec.com.br\/&amp;source=gmail&amp;ust=1608060757453000&amp;usg=AFQjCNEkaOveoA-8lBbI2lkkFl_j7MAVXQ\">vestibularfatec.com.br<\/a>.<\/p>\n<p>\u00c9 necess\u00e1rio tamb\u00e9m cadastrar o CPF para acessar o sistema e fazer upload leg\u00edvel do hist\u00f3rico escolar (frente e verso) ou declara\u00e7\u00e3o de conclus\u00e3o do Ensino M\u00e9dio, assinada por agente escolar da escola de origem, contendo as notas finais de Portugu\u00eas e Matem\u00e1tica ou equivalentes da segunda s\u00e9rie do Ensino M\u00e9dio. Candidatos que conclu\u00edram o Ensino M\u00e9dio na rede de escolas estaduais de S\u00e3o Paulo podem inserir o Boletim Escolar Digital, dispon\u00edvel no\u00a0<a href=\"https:\/\/sed.educacao.sp.gov.br\/boletim\/boletimescolar\" target=\"_blank\" rel=\"noopener\" data-saferedirecturl=\"https:\/\/www.google.com\/url?q=https:\/\/sed.educacao.sp.gov.br\/boletim\/boletimescolar&amp;source=gmail&amp;ust=1608060757453000&amp;usg=AFQjCNGe-AJ-1_ABQrQ8GtDsCge9XO_j1Q\">site<\/a>\u00a0da Secretaria Estadual de Educa\u00e7\u00e3o. Estudantes das Etecs do CPS podem utilizar o boletim online emitido no Novo Sistema Acad\u00eamico (NSA) ou no Sistema Integrado de Gest\u00e3o Acad\u00eamica (Siga).<\/p>\n<p>O candidato que concluiu o Ensino M\u00e9dio por meio da EJA ou afins, deve fazer o upload do hist\u00f3rico escolar (frente e verso) ou declara\u00e7\u00e3o de conclus\u00e3o do Ensino M\u00e9dio, assinada por agente escolar da escola de origem, contendo as notas finais de Portugu\u00eas e Matem\u00e1tica ou equivalentes da segunda s\u00e9rie do Ensino M\u00e9dio.<\/p>\n<p>Quem ainda estiver concluindo o Ensino M\u00e9dio regular, EJA ou modalidades semelhantes precisa inserir declara\u00e7\u00e3o assinada por agente escolar da escola de origem contendo as notas finais de Portugu\u00eas e Matem\u00e1tica ou equivalentes da segunda s\u00e9rie do Ensino M\u00e9dio \u2013 as disciplinas devem ter sido conclu\u00eddas at\u00e9 31 de dezembro de 2019.<\/p>\n<p>Candidatos que conclu\u00edram o Ensino M\u00e9dio por meio de provas ou exames de certifica\u00e7\u00e3o de compet\u00eancias ou de avalia\u00e7\u00e3o de jovens e adultos, que sejam decorrentes do Exame Nacional do Ensino M\u00e9dio (Enem) ou do Exame Nacional para Certifica\u00e7\u00e3o de Compet\u00eancias de Jovens e Adultos (Encceja) devem fazer upload do certificado de conclus\u00e3o do Ensino M\u00e9dio (frente e verso), expedido por \u00f3rg\u00e3o competente, contendo as notas finais de Portugu\u00eas e Matem\u00e1tica ou equivalentes do Ensino M\u00e9dio.<\/p>\n<p>No ato da inscri\u00e7\u00e3o \u00e9 poss\u00edvel escolher um curso em primeira op\u00e7\u00e3o e colocar como segunda alternativa: o mesmo curso (presencial) de primeira op\u00e7\u00e3o em outro per\u00edodo na mesma Fatec; ou o mesmo curso (presencial) de primeira op\u00e7\u00e3o oferecido em qualquer per\u00edodo de outra Fatec.<\/p>\n<p>Confira todos os detalhes no\u00a0<i><a href=\"https:\/\/www.vestibularfatec.com.br\/documentos\/\" target=\"_blank\" rel=\"noopener\" data-saferedirecturl=\"https:\/\/www.google.com\/url?q=https:\/\/www.vestibularfatec.com.br\/documentos\/&amp;source=gmail&amp;ust=1608060757453000&amp;usg=AFQjCNFmabzUHwnzPfB193ISvAlkE-zIPQ\">Manual do Candidato<\/a><\/i>, que est\u00e1 dispon\u00edvel no\u00a0<a href=\"http:\/\/www.vestibularfatec.com.br\/\" target=\"_blank\" rel=\"noopener\" data-saferedirecturl=\"https:\/\/www.google.com\/url?q=http:\/\/www.vestibularfatec.com.br\/&amp;source=gmail&amp;ust=1608060757453000&amp;usg=AFQjCNEkaOveoA-8lBbI2lkkFl_j7MAVXQ\">site<\/a>\u00a0do processo seletivo.<\/p>\n<p>&nbsp;<\/p>\n<p><b>Inclus\u00e3o Social<\/b><\/p>\n<p>O Sistema de Pontua\u00e7\u00e3o Acrescida do Centro Paula Souza concede acr\u00e9scimo de pontos \u00e0 nota final dos processos seletivos das Etecs e Fatecs, sendo 3% a estudantes afrodescendentes e 10% a oriundos da rede p\u00fablica. Se o candidato estiver nas duas situa\u00e7\u00f5es, recebe 13% de b\u00f4nus. \u00c9 imprescind\u00edvel que o candidato se certifique se realmente tem direito \u00e0 pontua\u00e7\u00e3o acrescida, pois a matr\u00edcula n\u00e3o poder\u00e1 ser realizada e a vaga ser\u00e1 perdida caso as informa\u00e7\u00f5es n\u00e3o atendam \u00e0s condi\u00e7\u00f5es estabelecidas em sua totalidade.<\/p>\n","protected":false},"excerpt":{"rendered":"<p>Novo prazo vai at\u00e9 quinta-feira (17); sele\u00e7\u00e3o para cursos t\u00e9cnicos, integrados, especializa\u00e7\u00e3o e para os Ensinos M\u00e9dio e Superior Tecnol\u00f3gico se dar\u00e1 por meio de an\u00e1lise<span class=\"excerpt-hellip\"> [\u2026]<\/span><\/p>\n","protected":false},"author":10,"featured_media":12609,"comment_status":"open","ping_status":"open","sticky":false,"template":"","format":"standard","meta":{"_jetpack_memberships_contains_paid_content":false,"footnotes":"","jetpack_publicize_message":"","jetpack_publicize_feature_enabled":true,"jetpack_social_post_already_shared":false,"jetpack_social_options":{"image_generator_settings":{"template":"highway","default_image_id":0,"enabled":false},"version":2}},"categories":[28,81],"tags":[],"class_list":["post-12599","post","type-post","status-publish","format-standard","has-post-thumbnail","hentry","category-cotidiano","category-manchete"],"yoast_head":"<!-- This site is optimized with the Yoast SEO plugin v25.6 - https:\/\/yoast.com\/wordpress\/plugins\/seo\/ -->\n<title>Etecs e Fatecs prorrogam inscri\u00e7\u00f5es para Vestibulinho e Vestibular de 2021\u00a0 - VerdadeOn<\/title>\n<meta name=\"robots\" content=\"index, follow, max-snippet:-1, max-image-preview:large, max-video-preview:-1\" \/>\n<link rel=\"canonical\" href=\"https:\/\/verdadeon.com.br\/portal\/2020\/12\/14\/etecs-e-fatecs-prorrogam-inscricoes-para-vestibulinho-e-vestibular-de-2021\/\" \/>\n<meta property=\"og:locale\" content=\"pt_BR\" \/>\n<meta property=\"og:type\" content=\"article\" \/>\n<meta property=\"og:title\" content=\"Etecs e Fatecs prorrogam inscri\u00e7\u00f5es para Vestibulinho e Vestibular de 2021\u00a0 - VerdadeOn\" \/>\n<meta property=\"og:description\" content=\"Novo prazo vai at\u00e9 quinta-feira (17); sele\u00e7\u00e3o para cursos t\u00e9cnicos, integrados, especializa\u00e7\u00e3o e para os Ensinos M\u00e9dio e Superior Tecnol\u00f3gico se dar\u00e1 por meio de an\u00e1lise [\u2026]\" \/>\n<meta property=\"og:url\" content=\"https:\/\/verdadeon.com.br\/portal\/2020\/12\/14\/etecs-e-fatecs-prorrogam-inscricoes-para-vestibulinho-e-vestibular-de-2021\/\" \/>\n<meta property=\"og:site_name\" content=\"VerdadeOn\" \/>\n<meta property=\"article:published_time\" content=\"2020-12-15T01:23:22+00:00\" \/>\n<meta property=\"og:image\" content=\"https:\/\/verdadeon.com.br\/portal\/wp-content\/uploads\/2020\/12\/unnamed-3.jpg\" \/>\n\t<meta property=\"og:image:width\" content=\"1000\" \/>\n\t<meta property=\"og:image:height\" content=\"670\" \/>\n\t<meta property=\"og:image:type\" content=\"image\/jpeg\" \/>\n<meta name=\"author\" content=\"Redacao VerdadeOn\" \/>\n<meta name=\"twitter:card\" content=\"summary_large_image\" \/>\n<meta name=\"twitter:label1\" content=\"Escrito por\" \/>\n\t<meta name=\"twitter:data1\" content=\"Redacao VerdadeOn\" \/>\n\t<meta name=\"twitter:label2\" content=\"Est. tempo de leitura\" \/>\n\t<meta name=\"twitter:data2\" content=\"13 minutos\" \/>\n<script type=\"application\/ld+json\" class=\"yoast-schema-graph\">{\"@context\":\"https:\/\/schema.org\",\"@graph\":[{\"@type\":\"WebPage\",\"@id\":\"https:\/\/verdadeon.com.br\/portal\/2020\/12\/14\/etecs-e-fatecs-prorrogam-inscricoes-para-vestibulinho-e-vestibular-de-2021\/\",\"url\":\"https:\/\/verdadeon.com.br\/portal\/2020\/12\/14\/etecs-e-fatecs-prorrogam-inscricoes-para-vestibulinho-e-vestibular-de-2021\/\",\"name\":\"Etecs e Fatecs prorrogam inscri\u00e7\u00f5es para Vestibulinho e Vestibular de 2021\u00a0 - VerdadeOn\",\"isPartOf\":{\"@id\":\"https:\/\/verdadeon.com.br\/portal\/#website\"},\"primaryImageOfPage\":{\"@id\":\"https:\/\/verdadeon.com.br\/portal\/2020\/12\/14\/etecs-e-fatecs-prorrogam-inscricoes-para-vestibulinho-e-vestibular-de-2021\/#primaryimage\"},\"image\":{\"@id\":\"https:\/\/verdadeon.com.br\/portal\/2020\/12\/14\/etecs-e-fatecs-prorrogam-inscricoes-para-vestibulinho-e-vestibular-de-2021\/#primaryimage\"},\"thumbnailUrl\":\"https:\/\/i0.wp.com\/verdadeon.com.br\/portal\/wp-content\/uploads\/2020\/12\/unnamed-3.jpg?fit=1000%2C670&ssl=1\",\"datePublished\":\"2020-12-15T01:23:22+00:00\",\"author\":{\"@id\":\"https:\/\/verdadeon.com.br\/portal\/#\/schema\/person\/a5060ad1e9ea3df545188fc93ce43d2f\"},\"breadcrumb\":{\"@id\":\"https:\/\/verdadeon.com.br\/portal\/2020\/12\/14\/etecs-e-fatecs-prorrogam-inscricoes-para-vestibulinho-e-vestibular-de-2021\/#breadcrumb\"},\"inLanguage\":\"pt-BR\",\"potentialAction\":[{\"@type\":\"ReadAction\",\"target\":[\"https:\/\/verdadeon.com.br\/portal\/2020\/12\/14\/etecs-e-fatecs-prorrogam-inscricoes-para-vestibulinho-e-vestibular-de-2021\/\"]}]},{\"@type\":\"ImageObject\",\"inLanguage\":\"pt-BR\",\"@id\":\"https:\/\/verdadeon.com.br\/portal\/2020\/12\/14\/etecs-e-fatecs-prorrogam-inscricoes-para-vestibulinho-e-vestibular-de-2021\/#primaryimage\",\"url\":\"https:\/\/i0.wp.com\/verdadeon.com.br\/portal\/wp-content\/uploads\/2020\/12\/unnamed-3.jpg?fit=1000%2C670&ssl=1\",\"contentUrl\":\"https:\/\/i0.wp.com\/verdadeon.com.br\/portal\/wp-content\/uploads\/2020\/12\/unnamed-3.jpg?fit=1000%2C670&ssl=1\",\"width\":1000,\"height\":670},{\"@type\":\"BreadcrumbList\",\"@id\":\"https:\/\/verdadeon.com.br\/portal\/2020\/12\/14\/etecs-e-fatecs-prorrogam-inscricoes-para-vestibulinho-e-vestibular-de-2021\/#breadcrumb\",\"itemListElement\":[{\"@type\":\"ListItem\",\"position\":1,\"name\":\"In\u00edcio\",\"item\":\"https:\/\/verdadeon.com.br\/portal\/\"},{\"@type\":\"ListItem\",\"position\":2,\"name\":\"Etecs e Fatecs prorrogam inscri\u00e7\u00f5es para Vestibulinho e Vestibular de 2021\u00a0\"}]},{\"@type\":\"WebSite\",\"@id\":\"https:\/\/verdadeon.com.br\/portal\/#website\",\"url\":\"https:\/\/verdadeon.com.br\/portal\/\",\"name\":\"VerdadeOn\",\"description\":\"Not\u00edcias di\u00e1rias sobre Franca, Regi\u00e3o, Esporte, Cultura, Cotidiano, Colunas. Cobertura nos principais eventos da cidade \u00e9 aqui - Verdadeon Franca\",\"potentialAction\":[{\"@type\":\"SearchAction\",\"target\":{\"@type\":\"EntryPoint\",\"urlTemplate\":\"https:\/\/verdadeon.com.br\/portal\/?s={search_term_string}\"},\"query-input\":{\"@type\":\"PropertyValueSpecification\",\"valueRequired\":true,\"valueName\":\"search_term_string\"}}],\"inLanguage\":\"pt-BR\"},{\"@type\":\"Person\",\"@id\":\"https:\/\/verdadeon.com.br\/portal\/#\/schema\/person\/a5060ad1e9ea3df545188fc93ce43d2f\",\"name\":\"Redacao VerdadeOn\",\"image\":{\"@type\":\"ImageObject\",\"inLanguage\":\"pt-BR\",\"@id\":\"https:\/\/verdadeon.com.br\/portal\/#\/schema\/person\/image\/\",\"url\":\"https:\/\/secure.gravatar.com\/avatar\/459a9613caaaf07f582c3d0841eea68bdd66f533e465e6ba8b9cb45619572cf4?s=96&d=mm&r=g\",\"contentUrl\":\"https:\/\/secure.gravatar.com\/avatar\/459a9613caaaf07f582c3d0841eea68bdd66f533e465e6ba8b9cb45619572cf4?s=96&d=mm&r=g\",\"caption\":\"Redacao VerdadeOn\"},\"url\":\"https:\/\/verdadeon.com.br\/portal\/author\/redacao\/\"}]}<\/script>\n<!-- \/ Yoast SEO plugin. -->","yoast_head_json":{"title":"Etecs e Fatecs prorrogam inscri\u00e7\u00f5es para Vestibulinho e Vestibular de 2021\u00a0 - VerdadeOn","robots":{"index":"index","follow":"follow","max-snippet":"max-snippet:-1","max-image-preview":"max-image-preview:large","max-video-preview":"max-video-preview:-1"},"canonical":"https:\/\/verdadeon.com.br\/portal\/2020\/12\/14\/etecs-e-fatecs-prorrogam-inscricoes-para-vestibulinho-e-vestibular-de-2021\/","og_locale":"pt_BR","og_type":"article","og_title":"Etecs e Fatecs prorrogam inscri\u00e7\u00f5es para Vestibulinho e Vestibular de 2021\u00a0 - VerdadeOn","og_description":"Novo prazo vai at\u00e9 quinta-feira (17); sele\u00e7\u00e3o para cursos t\u00e9cnicos, integrados, especializa\u00e7\u00e3o e para os Ensinos M\u00e9dio e Superior Tecnol\u00f3gico se dar\u00e1 por meio de an\u00e1lise [\u2026]","og_url":"https:\/\/verdadeon.com.br\/portal\/2020\/12\/14\/etecs-e-fatecs-prorrogam-inscricoes-para-vestibulinho-e-vestibular-de-2021\/","og_site_name":"VerdadeOn","article_published_time":"2020-12-15T01:23:22+00:00","og_image":[{"width":1000,"height":670,"url":"https:\/\/verdadeon.com.br\/portal\/wp-content\/uploads\/2020\/12\/unnamed-3.jpg","type":"image\/jpeg"}],"author":"Redacao VerdadeOn","twitter_card":"summary_large_image","twitter_misc":{"Escrito por":"Redacao VerdadeOn","Est. tempo de leitura":"13 minutos"},"schema":{"@context":"https:\/\/schema.org","@graph":[{"@type":"WebPage","@id":"https:\/\/verdadeon.com.br\/portal\/2020\/12\/14\/etecs-e-fatecs-prorrogam-inscricoes-para-vestibulinho-e-vestibular-de-2021\/","url":"https:\/\/verdadeon.com.br\/portal\/2020\/12\/14\/etecs-e-fatecs-prorrogam-inscricoes-para-vestibulinho-e-vestibular-de-2021\/","name":"Etecs e Fatecs prorrogam inscri\u00e7\u00f5es para Vestibulinho e Vestibular de 2021\u00a0 - VerdadeOn","isPartOf":{"@id":"https:\/\/verdadeon.com.br\/portal\/#website"},"primaryImageOfPage":{"@id":"https:\/\/verdadeon.com.br\/portal\/2020\/12\/14\/etecs-e-fatecs-prorrogam-inscricoes-para-vestibulinho-e-vestibular-de-2021\/#primaryimage"},"image":{"@id":"https:\/\/verdadeon.com.br\/portal\/2020\/12\/14\/etecs-e-fatecs-prorrogam-inscricoes-para-vestibulinho-e-vestibular-de-2021\/#primaryimage"},"thumbnailUrl":"https:\/\/i0.wp.com\/verdadeon.com.br\/portal\/wp-content\/uploads\/2020\/12\/unnamed-3.jpg?fit=1000%2C670&ssl=1","datePublished":"2020-12-15T01:23:22+00:00","author":{"@id":"https:\/\/verdadeon.com.br\/portal\/#\/schema\/person\/a5060ad1e9ea3df545188fc93ce43d2f"},"breadcrumb":{"@id":"https:\/\/verdadeon.com.br\/portal\/2020\/12\/14\/etecs-e-fatecs-prorrogam-inscricoes-para-vestibulinho-e-vestibular-de-2021\/#breadcrumb"},"inLanguage":"pt-BR","potentialAction":[{"@type":"ReadAction","target":["https:\/\/verdadeon.com.br\/portal\/2020\/12\/14\/etecs-e-fatecs-prorrogam-inscricoes-para-vestibulinho-e-vestibular-de-2021\/"]}]},{"@type":"ImageObject","inLanguage":"pt-BR","@id":"https:\/\/verdadeon.com.br\/portal\/2020\/12\/14\/etecs-e-fatecs-prorrogam-inscricoes-para-vestibulinho-e-vestibular-de-2021\/#primaryimage","url":"https:\/\/i0.wp.com\/verdadeon.com.br\/portal\/wp-content\/uploads\/2020\/12\/unnamed-3.jpg?fit=1000%2C670&ssl=1","contentUrl":"https:\/\/i0.wp.com\/verdadeon.com.br\/portal\/wp-content\/uploads\/2020\/12\/unnamed-3.jpg?fit=1000%2C670&ssl=1","width":1000,"height":670},{"@type":"BreadcrumbList","@id":"https:\/\/verdadeon.com.br\/portal\/2020\/12\/14\/etecs-e-fatecs-prorrogam-inscricoes-para-vestibulinho-e-vestibular-de-2021\/#breadcrumb","itemListElement":[{"@type":"ListItem","position":1,"name":"In\u00edcio","item":"https:\/\/verdadeon.com.br\/portal\/"},{"@type":"ListItem","position":2,"name":"Etecs e Fatecs prorrogam inscri\u00e7\u00f5es para Vestibulinho e Vestibular de 2021\u00a0"}]},{"@type":"WebSite","@id":"https:\/\/verdadeon.com.br\/portal\/#website","url":"https:\/\/verdadeon.com.br\/portal\/","name":"VerdadeOn","description":"Not\u00edcias di\u00e1rias sobre Franca, Regi\u00e3o, Esporte, Cultura, Cotidiano, Colunas. Cobertura nos principais eventos da cidade \u00e9 aqui - Verdadeon Franca","potentialAction":[{"@type":"SearchAction","target":{"@type":"EntryPoint","urlTemplate":"https:\/\/verdadeon.com.br\/portal\/?s={search_term_string}"},"query-input":{"@type":"PropertyValueSpecification","valueRequired":true,"valueName":"search_term_string"}}],"inLanguage":"pt-BR"},{"@type":"Person","@id":"https:\/\/verdadeon.com.br\/portal\/#\/schema\/person\/a5060ad1e9ea3df545188fc93ce43d2f","name":"Redacao VerdadeOn","image":{"@type":"ImageObject","inLanguage":"pt-BR","@id":"https:\/\/verdadeon.com.br\/portal\/#\/schema\/person\/image\/","url":"https:\/\/secure.gravatar.com\/avatar\/459a9613caaaf07f582c3d0841eea68bdd66f533e465e6ba8b9cb45619572cf4?s=96&d=mm&r=g","contentUrl":"https:\/\/secure.gravatar.com\/avatar\/459a9613caaaf07f582c3d0841eea68bdd66f533e465e6ba8b9cb45619572cf4?s=96&d=mm&r=g","caption":"Redacao VerdadeOn"},"url":"https:\/\/verdadeon.com.br\/portal\/author\/redacao\/"}]}},"jetpack_publicize_connections":[],"jetpack_featured_media_url":"https:\/\/i0.wp.com\/verdadeon.com.br\/portal\/wp-content\/uploads\/2020\/12\/unnamed-3.jpg?fit=1000%2C670&ssl=1","jetpack_sharing_enabled":true,"_links":{"self":[{"href":"https:\/\/verdadeon.com.br\/portal\/wp-json\/wp\/v2\/posts\/12599","targetHints":{"allow":["GET"]}}],"collection":[{"href":"https:\/\/verdadeon.com.br\/portal\/wp-json\/wp\/v2\/posts"}],"about":[{"href":"https:\/\/verdadeon.com.br\/portal\/wp-json\/wp\/v2\/types\/post"}],"author":[{"embeddable":true,"href":"https:\/\/verdadeon.com.br\/portal\/wp-json\/wp\/v2\/users\/10"}],"replies":[{"embeddable":true,"href":"https:\/\/verdadeon.com.br\/portal\/wp-json\/wp\/v2\/comments?post=12599"}],"version-history":[{"count":0,"href":"https:\/\/verdadeon.com.br\/portal\/wp-json\/wp\/v2\/posts\/12599\/revisions"}],"wp:featuredmedia":[{"embeddable":true,"href":"https:\/\/verdadeon.com.br\/portal\/wp-json\/wp\/v2\/media\/12609"}],"wp:attachment":[{"href":"https:\/\/verdadeon.com.br\/portal\/wp-json\/wp\/v2\/media?parent=12599"}],"wp:term":[{"taxonomy":"category","embeddable":true,"href":"https:\/\/verdadeon.com.br\/portal\/wp-json\/wp\/v2\/categories?post=12599"},{"taxonomy":"post_tag","embeddable":true,"href":"https:\/\/verdadeon.com.br\/portal\/wp-json\/wp\/v2\/tags?post=12599"}],"curies":[{"name":"wp","href":"https:\/\/api.w.org\/{rel}","templated":true}]}}