{"id":12483,"date":"2020-12-10T00:14:00","date_gmt":"2020-12-10T03:14:00","guid":{"rendered":"http:\/\/verdadeon.com.br\/portal\/?p=12483"},"modified":"2020-12-10T00:14:00","modified_gmt":"2020-12-10T03:14:00","slug":"ultimo-dia-para-requerer-reducao-do-iptu-2021","status":"publish","type":"post","link":"https:\/\/verdadeon.com.br\/portal\/2020\/12\/10\/ultimo-dia-para-requerer-reducao-do-iptu-2021\/","title":{"rendered":"\u00daltimo dia para requerer redu\u00e7\u00e3o do IPTU-2021"},"content":{"rendered":"<p style=\"font-weight: 400;\">Termina nesta quinta-feira, 10, o prazo para que os contribuintes que desejarem requerer o desconto de 10% do IPTU-2021, fa\u00e7am os seus pedidos.\u00a0 A Secretaria de Finan\u00e7as da Prefeitura orienta as pessoas dar entrada nos pedidos atrav\u00e9s das unidades do Prefeitura Perto de Voc\u00ea a partir das 8 h. O atendimento segue at\u00e9 \u00e0s 16 h, ou acessando pela internet o site de Prefeitura no \u00edcone \u2018servi\u00e7os online\u2019. A Central de Atendimento tamb\u00e9m oferecer\u00e1 o atendimento das 8 h \u00e0s 16 h. Com rela\u00e7\u00e3o aos pedidos de isen\u00e7\u00e3o, podem ser feito at\u00e9 o final do m\u00eas.<\/p>\n<p style=\"font-weight: 400;\"><strong>Exig\u00eancias<\/strong><\/p>\n<p style=\"font-weight: 400;\">Para pedir a redu\u00e7\u00e3o \u00e9 necess\u00e1rio apresentar a escritura, ou matr\u00edcula com o registro do Cart\u00f3rio ou Contrato de compra do im\u00f3vel; ser propriet\u00e1rio e\/ou usufrutu\u00e1rio do im\u00f3vel e nele residir, CPF, RG, certid\u00e3o de casamento e\/ou certid\u00e3o de nascimento (se solteiro) e \/ou certid\u00e3o de \u00f3bito de todos os titulares noticiados do instrumento de aquisi\u00e7\u00e3o do im\u00f3vel, e\/ ou invent\u00e1rio, e\/ou certid\u00e3o de \u00f3bito; o propriet\u00e1rio e\/ou usufrutu\u00e1rio n\u00e3o pode responder por quaisquer d\u00e9bitos inscritos em D\u00edvida Ativa.<\/p>\n<p style=\"font-weight: 400;\"><strong>Prefeitura Perto de Voc\u00ea<\/strong><\/p>\n<p style=\"font-weight: 400;\">Os postos descentralizados do Prefeitura Perto de Voc\u00ea, seguem o expediente da Prefeitura, funcionando das 8 h \u00e0s 16 h nos seguintes locais:<\/p>\n<p style=\"font-weight: 400;\">Escola Prof\u00ba C\u00e9sar Augusto &#8211; Jardim Brasil\u00e2ndia e adjac\u00eancias<\/p>\n<p style=\"font-weight: 400;\">Escola Prof\u00aa Sueli Contini Martins &#8211; Jd. Tropical<\/p>\n<p style=\"font-weight: 400;\">Escola Prof\u00ba Florestan Fernandes &#8211; Jd. Vera Cruz<\/p>\n<p style=\"font-weight: 400;\">Escola Prof\u00ba Paulo Freire &#8211; Jd. Avia\u00e7\u00e3o<\/p>\n<p style=\"font-weight: 400;\">Escola Prof\u00ba Dorotea Paulino Ferro &#8211; Jd. Paulo Archetti<\/p>\n<p style=\"font-weight: 400;\">AERF &#8211; Associa\u00e7\u00e3o dos Arquitetos e Engenheiros da Regi\u00e3o de Franca &#8211; Vila Santa Rita.<\/p>\n","protected":false},"excerpt":{"rendered":"<p>Termina nesta quinta-feira, 10, o prazo para que os contribuintes que desejarem requerer o desconto de 10% do IPTU-2021, fa\u00e7am os seus pedidos.\u00a0 A Secretaria de<span class=\"excerpt-hellip\"> [\u2026]<\/span><\/p>\n","protected":false},"author":10,"featured_media":4366,"comment_status":"open","ping_status":"open","sticky":false,"template":"","format":"standard","meta":{"_jetpack_memberships_contains_paid_content":false,"footnotes":"","jetpack_publicize_message":"","jetpack_publicize_feature_enabled":true,"jetpack_social_post_already_shared":false,"jetpack_social_options":{"image_generator_settings":{"template":"highway","default_image_id":0,"enabled":false},"version":2}},"categories":[28,81],"tags":[],"class_list":["post-12483","post","type-post","status-publish","format-standard","has-post-thumbnail","hentry","category-cotidiano","category-manchete"],"yoast_head":"<!-- This site is optimized with the Yoast SEO plugin v25.6 - https:\/\/yoast.com\/wordpress\/plugins\/seo\/ -->\n<title>\u00daltimo dia para requerer redu\u00e7\u00e3o do IPTU-2021 - VerdadeOn<\/title>\n<meta name=\"robots\" content=\"index, follow, max-snippet:-1, max-image-preview:large, max-video-preview:-1\" \/>\n<link rel=\"canonical\" href=\"https:\/\/verdadeon.com.br\/portal\/2020\/12\/10\/ultimo-dia-para-requerer-reducao-do-iptu-2021\/\" \/>\n<meta property=\"og:locale\" content=\"pt_BR\" \/>\n<meta property=\"og:type\" content=\"article\" \/>\n<meta property=\"og:title\" content=\"\u00daltimo dia para requerer redu\u00e7\u00e3o do IPTU-2021 - VerdadeOn\" \/>\n<meta property=\"og:description\" content=\"Termina nesta quinta-feira, 10, o prazo para que os contribuintes que desejarem requerer o desconto de 10% do IPTU-2021, fa\u00e7am os seus pedidos.\u00a0 A Secretaria de [\u2026]\" \/>\n<meta property=\"og:url\" content=\"https:\/\/verdadeon.com.br\/portal\/2020\/12\/10\/ultimo-dia-para-requerer-reducao-do-iptu-2021\/\" \/>\n<meta property=\"og:site_name\" content=\"VerdadeOn\" \/>\n<meta property=\"article:published_time\" content=\"2020-12-10T03:14:00+00:00\" \/>\n<meta property=\"og:image\" content=\"https:\/\/verdadeon.com.br\/portal\/wp-content\/uploads\/2020\/02\/Prefeitura-fachada-foto-Lindomar-Cailton-20.jpg\" \/>\n\t<meta property=\"og:image:width\" content=\"1000\" \/>\n\t<meta property=\"og:image:height\" content=\"668\" \/>\n\t<meta property=\"og:image:type\" content=\"image\/jpeg\" \/>\n<meta name=\"author\" content=\"Redacao VerdadeOn\" \/>\n<meta name=\"twitter:card\" content=\"summary_large_image\" \/>\n<meta name=\"twitter:label1\" content=\"Escrito por\" \/>\n\t<meta name=\"twitter:data1\" content=\"Redacao VerdadeOn\" \/>\n\t<meta name=\"twitter:label2\" content=\"Est. tempo de leitura\" \/>\n\t<meta name=\"twitter:data2\" content=\"1 minuto\" \/>\n<script type=\"application\/ld+json\" class=\"yoast-schema-graph\">{\"@context\":\"https:\/\/schema.org\",\"@graph\":[{\"@type\":\"WebPage\",\"@id\":\"https:\/\/verdadeon.com.br\/portal\/2020\/12\/10\/ultimo-dia-para-requerer-reducao-do-iptu-2021\/\",\"url\":\"https:\/\/verdadeon.com.br\/portal\/2020\/12\/10\/ultimo-dia-para-requerer-reducao-do-iptu-2021\/\",\"name\":\"\u00daltimo dia para requerer redu\u00e7\u00e3o do IPTU-2021 - VerdadeOn\",\"isPartOf\":{\"@id\":\"https:\/\/verdadeon.com.br\/portal\/#website\"},\"primaryImageOfPage\":{\"@id\":\"https:\/\/verdadeon.com.br\/portal\/2020\/12\/10\/ultimo-dia-para-requerer-reducao-do-iptu-2021\/#primaryimage\"},\"image\":{\"@id\":\"https:\/\/verdadeon.com.br\/portal\/2020\/12\/10\/ultimo-dia-para-requerer-reducao-do-iptu-2021\/#primaryimage\"},\"thumbnailUrl\":\"https:\/\/i0.wp.com\/verdadeon.com.br\/portal\/wp-content\/uploads\/2020\/02\/Prefeitura-fachada-foto-Lindomar-Cailton-20.jpg?fit=1000%2C668&ssl=1\",\"datePublished\":\"2020-12-10T03:14:00+00:00\",\"author\":{\"@id\":\"https:\/\/verdadeon.com.br\/portal\/#\/schema\/person\/a5060ad1e9ea3df545188fc93ce43d2f\"},\"breadcrumb\":{\"@id\":\"https:\/\/verdadeon.com.br\/portal\/2020\/12\/10\/ultimo-dia-para-requerer-reducao-do-iptu-2021\/#breadcrumb\"},\"inLanguage\":\"pt-BR\",\"potentialAction\":[{\"@type\":\"ReadAction\",\"target\":[\"https:\/\/verdadeon.com.br\/portal\/2020\/12\/10\/ultimo-dia-para-requerer-reducao-do-iptu-2021\/\"]}]},{\"@type\":\"ImageObject\",\"inLanguage\":\"pt-BR\",\"@id\":\"https:\/\/verdadeon.com.br\/portal\/2020\/12\/10\/ultimo-dia-para-requerer-reducao-do-iptu-2021\/#primaryimage\",\"url\":\"https:\/\/i0.wp.com\/verdadeon.com.br\/portal\/wp-content\/uploads\/2020\/02\/Prefeitura-fachada-foto-Lindomar-Cailton-20.jpg?fit=1000%2C668&ssl=1\",\"contentUrl\":\"https:\/\/i0.wp.com\/verdadeon.com.br\/portal\/wp-content\/uploads\/2020\/02\/Prefeitura-fachada-foto-Lindomar-Cailton-20.jpg?fit=1000%2C668&ssl=1\",\"width\":1000,\"height\":668,\"caption\":\"AUDI\u00caNCIA- Em reuni\u00e3o realizada na sexta-feira (28), na C\u00e2mara, Executivo detalhou contas p\u00fablicas de 2019. ICMS continua sendo a maior receita do munic\u00edpio, seguido pelo FUNDEB e IPTU | Foto: Lindomar Cailton\"},{\"@type\":\"BreadcrumbList\",\"@id\":\"https:\/\/verdadeon.com.br\/portal\/2020\/12\/10\/ultimo-dia-para-requerer-reducao-do-iptu-2021\/#breadcrumb\",\"itemListElement\":[{\"@type\":\"ListItem\",\"position\":1,\"name\":\"In\u00edcio\",\"item\":\"https:\/\/verdadeon.com.br\/portal\/\"},{\"@type\":\"ListItem\",\"position\":2,\"name\":\"\u00daltimo dia para requerer redu\u00e7\u00e3o do IPTU-2021\"}]},{\"@type\":\"WebSite\",\"@id\":\"https:\/\/verdadeon.com.br\/portal\/#website\",\"url\":\"https:\/\/verdadeon.com.br\/portal\/\",\"name\":\"VerdadeOn\",\"description\":\"Not\u00edcias di\u00e1rias sobre Franca, Regi\u00e3o, Esporte, Cultura, Cotidiano, Colunas. Cobertura nos principais eventos da cidade \u00e9 aqui - Verdadeon Franca\",\"potentialAction\":[{\"@type\":\"SearchAction\",\"target\":{\"@type\":\"EntryPoint\",\"urlTemplate\":\"https:\/\/verdadeon.com.br\/portal\/?s={search_term_string}\"},\"query-input\":{\"@type\":\"PropertyValueSpecification\",\"valueRequired\":true,\"valueName\":\"search_term_string\"}}],\"inLanguage\":\"pt-BR\"},{\"@type\":\"Person\",\"@id\":\"https:\/\/verdadeon.com.br\/portal\/#\/schema\/person\/a5060ad1e9ea3df545188fc93ce43d2f\",\"name\":\"Redacao VerdadeOn\",\"image\":{\"@type\":\"ImageObject\",\"inLanguage\":\"pt-BR\",\"@id\":\"https:\/\/verdadeon.com.br\/portal\/#\/schema\/person\/image\/\",\"url\":\"https:\/\/secure.gravatar.com\/avatar\/459a9613caaaf07f582c3d0841eea68bdd66f533e465e6ba8b9cb45619572cf4?s=96&d=mm&r=g\",\"contentUrl\":\"https:\/\/secure.gravatar.com\/avatar\/459a9613caaaf07f582c3d0841eea68bdd66f533e465e6ba8b9cb45619572cf4?s=96&d=mm&r=g\",\"caption\":\"Redacao VerdadeOn\"},\"url\":\"https:\/\/verdadeon.com.br\/portal\/author\/redacao\/\"}]}<\/script>\n<!-- \/ Yoast SEO plugin. -->","yoast_head_json":{"title":"\u00daltimo dia para requerer redu\u00e7\u00e3o do IPTU-2021 - VerdadeOn","robots":{"index":"index","follow":"follow","max-snippet":"max-snippet:-1","max-image-preview":"max-image-preview:large","max-video-preview":"max-video-preview:-1"},"canonical":"https:\/\/verdadeon.com.br\/portal\/2020\/12\/10\/ultimo-dia-para-requerer-reducao-do-iptu-2021\/","og_locale":"pt_BR","og_type":"article","og_title":"\u00daltimo dia para requerer redu\u00e7\u00e3o do IPTU-2021 - VerdadeOn","og_description":"Termina nesta quinta-feira, 10, o prazo para que os contribuintes que desejarem requerer o desconto de 10% do IPTU-2021, fa\u00e7am os seus pedidos.\u00a0 A Secretaria de [\u2026]","og_url":"https:\/\/verdadeon.com.br\/portal\/2020\/12\/10\/ultimo-dia-para-requerer-reducao-do-iptu-2021\/","og_site_name":"VerdadeOn","article_published_time":"2020-12-10T03:14:00+00:00","og_image":[{"width":1000,"height":668,"url":"https:\/\/verdadeon.com.br\/portal\/wp-content\/uploads\/2020\/02\/Prefeitura-fachada-foto-Lindomar-Cailton-20.jpg","type":"image\/jpeg"}],"author":"Redacao VerdadeOn","twitter_card":"summary_large_image","twitter_misc":{"Escrito por":"Redacao VerdadeOn","Est. tempo de leitura":"1 minuto"},"schema":{"@context":"https:\/\/schema.org","@graph":[{"@type":"WebPage","@id":"https:\/\/verdadeon.com.br\/portal\/2020\/12\/10\/ultimo-dia-para-requerer-reducao-do-iptu-2021\/","url":"https:\/\/verdadeon.com.br\/portal\/2020\/12\/10\/ultimo-dia-para-requerer-reducao-do-iptu-2021\/","name":"\u00daltimo dia para requerer redu\u00e7\u00e3o do IPTU-2021 - VerdadeOn","isPartOf":{"@id":"https:\/\/verdadeon.com.br\/portal\/#website"},"primaryImageOfPage":{"@id":"https:\/\/verdadeon.com.br\/portal\/2020\/12\/10\/ultimo-dia-para-requerer-reducao-do-iptu-2021\/#primaryimage"},"image":{"@id":"https:\/\/verdadeon.com.br\/portal\/2020\/12\/10\/ultimo-dia-para-requerer-reducao-do-iptu-2021\/#primaryimage"},"thumbnailUrl":"https:\/\/i0.wp.com\/verdadeon.com.br\/portal\/wp-content\/uploads\/2020\/02\/Prefeitura-fachada-foto-Lindomar-Cailton-20.jpg?fit=1000%2C668&ssl=1","datePublished":"2020-12-10T03:14:00+00:00","author":{"@id":"https:\/\/verdadeon.com.br\/portal\/#\/schema\/person\/a5060ad1e9ea3df545188fc93ce43d2f"},"breadcrumb":{"@id":"https:\/\/verdadeon.com.br\/portal\/2020\/12\/10\/ultimo-dia-para-requerer-reducao-do-iptu-2021\/#breadcrumb"},"inLanguage":"pt-BR","potentialAction":[{"@type":"ReadAction","target":["https:\/\/verdadeon.com.br\/portal\/2020\/12\/10\/ultimo-dia-para-requerer-reducao-do-iptu-2021\/"]}]},{"@type":"ImageObject","inLanguage":"pt-BR","@id":"https:\/\/verdadeon.com.br\/portal\/2020\/12\/10\/ultimo-dia-para-requerer-reducao-do-iptu-2021\/#primaryimage","url":"https:\/\/i0.wp.com\/verdadeon.com.br\/portal\/wp-content\/uploads\/2020\/02\/Prefeitura-fachada-foto-Lindomar-Cailton-20.jpg?fit=1000%2C668&ssl=1","contentUrl":"https:\/\/i0.wp.com\/verdadeon.com.br\/portal\/wp-content\/uploads\/2020\/02\/Prefeitura-fachada-foto-Lindomar-Cailton-20.jpg?fit=1000%2C668&ssl=1","width":1000,"height":668,"caption":"AUDI\u00caNCIA- Em reuni\u00e3o realizada na sexta-feira (28), na C\u00e2mara, Executivo detalhou contas p\u00fablicas de 2019. ICMS continua sendo a maior receita do munic\u00edpio, seguido pelo FUNDEB e IPTU | Foto: Lindomar Cailton"},{"@type":"BreadcrumbList","@id":"https:\/\/verdadeon.com.br\/portal\/2020\/12\/10\/ultimo-dia-para-requerer-reducao-do-iptu-2021\/#breadcrumb","itemListElement":[{"@type":"ListItem","position":1,"name":"In\u00edcio","item":"https:\/\/verdadeon.com.br\/portal\/"},{"@type":"ListItem","position":2,"name":"\u00daltimo dia para requerer redu\u00e7\u00e3o do IPTU-2021"}]},{"@type":"WebSite","@id":"https:\/\/verdadeon.com.br\/portal\/#website","url":"https:\/\/verdadeon.com.br\/portal\/","name":"VerdadeOn","description":"Not\u00edcias di\u00e1rias sobre Franca, Regi\u00e3o, Esporte, Cultura, Cotidiano, Colunas. Cobertura nos principais eventos da cidade \u00e9 aqui - Verdadeon Franca","potentialAction":[{"@type":"SearchAction","target":{"@type":"EntryPoint","urlTemplate":"https:\/\/verdadeon.com.br\/portal\/?s={search_term_string}"},"query-input":{"@type":"PropertyValueSpecification","valueRequired":true,"valueName":"search_term_string"}}],"inLanguage":"pt-BR"},{"@type":"Person","@id":"https:\/\/verdadeon.com.br\/portal\/#\/schema\/person\/a5060ad1e9ea3df545188fc93ce43d2f","name":"Redacao VerdadeOn","image":{"@type":"ImageObject","inLanguage":"pt-BR","@id":"https:\/\/verdadeon.com.br\/portal\/#\/schema\/person\/image\/","url":"https:\/\/secure.gravatar.com\/avatar\/459a9613caaaf07f582c3d0841eea68bdd66f533e465e6ba8b9cb45619572cf4?s=96&d=mm&r=g","contentUrl":"https:\/\/secure.gravatar.com\/avatar\/459a9613caaaf07f582c3d0841eea68bdd66f533e465e6ba8b9cb45619572cf4?s=96&d=mm&r=g","caption":"Redacao VerdadeOn"},"url":"https:\/\/verdadeon.com.br\/portal\/author\/redacao\/"}]}},"jetpack_publicize_connections":[],"jetpack_featured_media_url":"https:\/\/i0.wp.com\/verdadeon.com.br\/portal\/wp-content\/uploads\/2020\/02\/Prefeitura-fachada-foto-Lindomar-Cailton-20.jpg?fit=1000%2C668&ssl=1","jetpack_sharing_enabled":true,"_links":{"self":[{"href":"https:\/\/verdadeon.com.br\/portal\/wp-json\/wp\/v2\/posts\/12483","targetHints":{"allow":["GET"]}}],"collection":[{"href":"https:\/\/verdadeon.com.br\/portal\/wp-json\/wp\/v2\/posts"}],"about":[{"href":"https:\/\/verdadeon.com.br\/portal\/wp-json\/wp\/v2\/types\/post"}],"author":[{"embeddable":true,"href":"https:\/\/verdadeon.com.br\/portal\/wp-json\/wp\/v2\/users\/10"}],"replies":[{"embeddable":true,"href":"https:\/\/verdadeon.com.br\/portal\/wp-json\/wp\/v2\/comments?post=12483"}],"version-history":[{"count":0,"href":"https:\/\/verdadeon.com.br\/portal\/wp-json\/wp\/v2\/posts\/12483\/revisions"}],"wp:featuredmedia":[{"embeddable":true,"href":"https:\/\/verdadeon.com.br\/portal\/wp-json\/wp\/v2\/media\/4366"}],"wp:attachment":[{"href":"https:\/\/verdadeon.com.br\/portal\/wp-json\/wp\/v2\/media?parent=12483"}],"wp:term":[{"taxonomy":"category","embeddable":true,"href":"https:\/\/verdadeon.com.br\/portal\/wp-json\/wp\/v2\/categories?post=12483"},{"taxonomy":"post_tag","embeddable":true,"href":"https:\/\/verdadeon.com.br\/portal\/wp-json\/wp\/v2\/tags?post=12483"}],"curies":[{"name":"wp","href":"https:\/\/api.w.org\/{rel}","templated":true}]}}