{"id":12060,"date":"2020-11-19T18:38:41","date_gmt":"2020-11-19T21:38:41","guid":{"rendered":"http:\/\/verdadeon.com.br\/portal\/?p=12060"},"modified":"2020-11-19T18:38:41","modified_gmt":"2020-11-19T21:38:41","slug":"francana-enfrenta-o-rio-branco-no-mata-mata-das-oitavas-de-final","status":"publish","type":"post","link":"https:\/\/verdadeon.com.br\/portal\/2020\/11\/19\/francana-enfrenta-o-rio-branco-no-mata-mata-das-oitavas-de-final\/","title":{"rendered":"Francana enfrenta o Rio Branco no mata-mata das oitavas de final"},"content":{"rendered":"<p>A Francana tem pela frente o Rio Branco, de Americana, pelas oitavas de final do Campeonato Paulista da Segunda Divis\u00e3o. O primeiro jogo ser\u00e1 neste s\u00e1bado, \u00e0s 15h, no Est\u00e1dio D\u00e9cio Vitta, em Americana.<br \/>\nO segundo confronto acontecer\u00e1 na quarta-feira (25), \u00e0s 16h, no Est\u00e1dio Lanch\u00e3o, em Franca. A Veterana tem a vantagem de jogar por dois resultados iguais nessa etapa da competi\u00e7\u00e3o.<br \/>\nO t\u00e9cnico Paulinho Maclaren avaliou que o time est\u00e1 muito concentrado para o desafio que vem pela frente. \u201cTemos um compromisso bem dif\u00edcil pela frente. Eu trabalho, desde a primeira rodada, na mentalidade com os jogadores que cada partida \u00e9 um mata-mata separado. Estamos preparados e vamos jogar de igual para igual\u201d, explicou o treinador.<br \/>\nOu\u00e7a Paulinho Maclaren<\/p>\n<div style=\"width: 368px;\" class=\"wp-video\"><!--[if lt IE 9]><script>document.createElement('video');<\/script><![endif]-->\n<video class=\"wp-video-shortcode\" id=\"video-12060-1\" width=\"368\" height=\"640\" preload=\"metadata\" controls=\"controls\"><source type=\"video\/mp4\" src=\"http:\/\/verdadeon.com.br\/portal\/wp-content\/uploads\/2020\/11\/WhatsApp-Video-2020-11-19-at-17.03.38.mp4?_=1\" \/><a href=\"http:\/\/verdadeon.com.br\/portal\/wp-content\/uploads\/2020\/11\/WhatsApp-Video-2020-11-19-at-17.03.38.mp4\">http:\/\/verdadeon.com.br\/portal\/wp-content\/uploads\/2020\/11\/WhatsApp-Video-2020-11-19-at-17.03.38.mp4<\/a><\/video><\/div>\n<p>&nbsp;<\/p>\n<p>&nbsp;<\/p>\n<p>o<\/p>\n<p>&nbsp;<\/p>\n","protected":false},"excerpt":{"rendered":"<p>A Francana tem pela frente o Rio Branco, de Americana, pelas oitavas de final do Campeonato Paulista da Segunda Divis\u00e3o. O primeiro jogo ser\u00e1 neste s\u00e1bado,<span class=\"excerpt-hellip\"> [\u2026]<\/span><\/p>\n","protected":false},"author":10,"featured_media":2713,"comment_status":"open","ping_status":"open","sticky":false,"template":"","format":"standard","meta":{"_jetpack_memberships_contains_paid_content":false,"footnotes":"","jetpack_publicize_message":"","jetpack_publicize_feature_enabled":true,"jetpack_social_post_already_shared":false,"jetpack_social_options":{"image_generator_settings":{"template":"highway","default_image_id":0,"enabled":false},"version":2}},"categories":[29,44],"tags":[],"class_list":["post-12060","post","type-post","status-publish","format-standard","has-post-thumbnail","hentry","category-esportes","category-noticias"],"yoast_head":"<!-- This site is optimized with the Yoast SEO plugin v25.6 - https:\/\/yoast.com\/wordpress\/plugins\/seo\/ -->\n<title>Francana enfrenta o Rio Branco no mata-mata das oitavas de final - VerdadeOn<\/title>\n<meta name=\"robots\" content=\"index, follow, max-snippet:-1, max-image-preview:large, max-video-preview:-1\" \/>\n<link rel=\"canonical\" href=\"https:\/\/verdadeon.com.br\/portal\/2020\/11\/19\/francana-enfrenta-o-rio-branco-no-mata-mata-das-oitavas-de-final\/\" \/>\n<meta property=\"og:locale\" content=\"pt_BR\" \/>\n<meta property=\"og:type\" content=\"article\" \/>\n<meta property=\"og:title\" content=\"Francana enfrenta o Rio Branco no mata-mata das oitavas de final - VerdadeOn\" \/>\n<meta property=\"og:description\" content=\"A Francana tem pela frente o Rio Branco, de Americana, pelas oitavas de final do Campeonato Paulista da Segunda Divis\u00e3o. O primeiro jogo ser\u00e1 neste s\u00e1bado, [\u2026]\" \/>\n<meta property=\"og:url\" content=\"https:\/\/verdadeon.com.br\/portal\/2020\/11\/19\/francana-enfrenta-o-rio-branco-no-mata-mata-das-oitavas-de-final\/\" \/>\n<meta property=\"og:site_name\" content=\"VerdadeOn\" \/>\n<meta property=\"article:published_time\" content=\"2020-11-19T21:38:41+00:00\" \/>\n<meta property=\"og:image\" content=\"https:\/\/verdadeon.com.br\/portal\/wp-content\/uploads\/2020\/01\/news-4678.jpg\" \/>\n\t<meta property=\"og:image:width\" content=\"1000\" \/>\n\t<meta property=\"og:image:height\" content=\"666\" \/>\n\t<meta property=\"og:image:type\" content=\"image\/jpeg\" \/>\n<meta name=\"author\" content=\"Redacao VerdadeOn\" \/>\n<meta name=\"twitter:card\" content=\"summary_large_image\" \/>\n<meta name=\"twitter:label1\" content=\"Escrito por\" \/>\n\t<meta name=\"twitter:data1\" content=\"Redacao VerdadeOn\" \/>\n\t<meta name=\"twitter:label2\" content=\"Est. tempo de leitura\" \/>\n\t<meta name=\"twitter:data2\" content=\"1 minuto\" \/>\n<script type=\"application\/ld+json\" class=\"yoast-schema-graph\">{\"@context\":\"https:\/\/schema.org\",\"@graph\":[{\"@type\":\"WebPage\",\"@id\":\"https:\/\/verdadeon.com.br\/portal\/2020\/11\/19\/francana-enfrenta-o-rio-branco-no-mata-mata-das-oitavas-de-final\/\",\"url\":\"https:\/\/verdadeon.com.br\/portal\/2020\/11\/19\/francana-enfrenta-o-rio-branco-no-mata-mata-das-oitavas-de-final\/\",\"name\":\"Francana enfrenta o Rio Branco no mata-mata das oitavas de final - VerdadeOn\",\"isPartOf\":{\"@id\":\"https:\/\/verdadeon.com.br\/portal\/#website\"},\"primaryImageOfPage\":{\"@id\":\"https:\/\/verdadeon.com.br\/portal\/2020\/11\/19\/francana-enfrenta-o-rio-branco-no-mata-mata-das-oitavas-de-final\/#primaryimage\"},\"image\":{\"@id\":\"https:\/\/verdadeon.com.br\/portal\/2020\/11\/19\/francana-enfrenta-o-rio-branco-no-mata-mata-das-oitavas-de-final\/#primaryimage\"},\"thumbnailUrl\":\"https:\/\/i0.wp.com\/verdadeon.com.br\/portal\/wp-content\/uploads\/2020\/01\/news-4678.jpg?fit=1000%2C666&ssl=1\",\"datePublished\":\"2020-11-19T21:38:41+00:00\",\"author\":{\"@id\":\"https:\/\/verdadeon.com.br\/portal\/#\/schema\/person\/a5060ad1e9ea3df545188fc93ce43d2f\"},\"breadcrumb\":{\"@id\":\"https:\/\/verdadeon.com.br\/portal\/2020\/11\/19\/francana-enfrenta-o-rio-branco-no-mata-mata-das-oitavas-de-final\/#breadcrumb\"},\"inLanguage\":\"pt-BR\",\"potentialAction\":[{\"@type\":\"ReadAction\",\"target\":[\"https:\/\/verdadeon.com.br\/portal\/2020\/11\/19\/francana-enfrenta-o-rio-branco-no-mata-mata-das-oitavas-de-final\/\"]}]},{\"@type\":\"ImageObject\",\"inLanguage\":\"pt-BR\",\"@id\":\"https:\/\/verdadeon.com.br\/portal\/2020\/11\/19\/francana-enfrenta-o-rio-branco-no-mata-mata-das-oitavas-de-final\/#primaryimage\",\"url\":\"https:\/\/i0.wp.com\/verdadeon.com.br\/portal\/wp-content\/uploads\/2020\/01\/news-4678.jpg?fit=1000%2C666&ssl=1\",\"contentUrl\":\"https:\/\/i0.wp.com\/verdadeon.com.br\/portal\/wp-content\/uploads\/2020\/01\/news-4678.jpg?fit=1000%2C666&ssl=1\",\"width\":1000,\"height\":666,\"caption\":\"Paulinho McLaren, novo comandante da Francana para a temporada durante treinamento em sua primeira passagem na equipe h\u00e1 dois anos. Treinador \u00e9 uma das novidades apresentadas at\u00e9 o momento pela diretoria da Veterana que disputar\u00e1 o estadual | Foto: Marcos\"},{\"@type\":\"BreadcrumbList\",\"@id\":\"https:\/\/verdadeon.com.br\/portal\/2020\/11\/19\/francana-enfrenta-o-rio-branco-no-mata-mata-das-oitavas-de-final\/#breadcrumb\",\"itemListElement\":[{\"@type\":\"ListItem\",\"position\":1,\"name\":\"In\u00edcio\",\"item\":\"https:\/\/verdadeon.com.br\/portal\/\"},{\"@type\":\"ListItem\",\"position\":2,\"name\":\"Francana enfrenta o Rio Branco no mata-mata das oitavas de final\"}]},{\"@type\":\"WebSite\",\"@id\":\"https:\/\/verdadeon.com.br\/portal\/#website\",\"url\":\"https:\/\/verdadeon.com.br\/portal\/\",\"name\":\"VerdadeOn\",\"description\":\"Not\u00edcias di\u00e1rias sobre Franca, Regi\u00e3o, Esporte, Cultura, Cotidiano, Colunas. Cobertura nos principais eventos da cidade \u00e9 aqui - Verdadeon Franca\",\"potentialAction\":[{\"@type\":\"SearchAction\",\"target\":{\"@type\":\"EntryPoint\",\"urlTemplate\":\"https:\/\/verdadeon.com.br\/portal\/?s={search_term_string}\"},\"query-input\":{\"@type\":\"PropertyValueSpecification\",\"valueRequired\":true,\"valueName\":\"search_term_string\"}}],\"inLanguage\":\"pt-BR\"},{\"@type\":\"Person\",\"@id\":\"https:\/\/verdadeon.com.br\/portal\/#\/schema\/person\/a5060ad1e9ea3df545188fc93ce43d2f\",\"name\":\"Redacao VerdadeOn\",\"image\":{\"@type\":\"ImageObject\",\"inLanguage\":\"pt-BR\",\"@id\":\"https:\/\/verdadeon.com.br\/portal\/#\/schema\/person\/image\/\",\"url\":\"https:\/\/secure.gravatar.com\/avatar\/459a9613caaaf07f582c3d0841eea68bdd66f533e465e6ba8b9cb45619572cf4?s=96&d=mm&r=g\",\"contentUrl\":\"https:\/\/secure.gravatar.com\/avatar\/459a9613caaaf07f582c3d0841eea68bdd66f533e465e6ba8b9cb45619572cf4?s=96&d=mm&r=g\",\"caption\":\"Redacao VerdadeOn\"},\"url\":\"https:\/\/verdadeon.com.br\/portal\/author\/redacao\/\"}]}<\/script>\n<!-- \/ Yoast SEO plugin. -->","yoast_head_json":{"title":"Francana enfrenta o Rio Branco no mata-mata das oitavas de final - VerdadeOn","robots":{"index":"index","follow":"follow","max-snippet":"max-snippet:-1","max-image-preview":"max-image-preview:large","max-video-preview":"max-video-preview:-1"},"canonical":"https:\/\/verdadeon.com.br\/portal\/2020\/11\/19\/francana-enfrenta-o-rio-branco-no-mata-mata-das-oitavas-de-final\/","og_locale":"pt_BR","og_type":"article","og_title":"Francana enfrenta o Rio Branco no mata-mata das oitavas de final - VerdadeOn","og_description":"A Francana tem pela frente o Rio Branco, de Americana, pelas oitavas de final do Campeonato Paulista da Segunda Divis\u00e3o. O primeiro jogo ser\u00e1 neste s\u00e1bado, [\u2026]","og_url":"https:\/\/verdadeon.com.br\/portal\/2020\/11\/19\/francana-enfrenta-o-rio-branco-no-mata-mata-das-oitavas-de-final\/","og_site_name":"VerdadeOn","article_published_time":"2020-11-19T21:38:41+00:00","og_image":[{"width":1000,"height":666,"url":"https:\/\/verdadeon.com.br\/portal\/wp-content\/uploads\/2020\/01\/news-4678.jpg","type":"image\/jpeg"}],"author":"Redacao VerdadeOn","twitter_card":"summary_large_image","twitter_misc":{"Escrito por":"Redacao VerdadeOn","Est. tempo de leitura":"1 minuto"},"schema":{"@context":"https:\/\/schema.org","@graph":[{"@type":"WebPage","@id":"https:\/\/verdadeon.com.br\/portal\/2020\/11\/19\/francana-enfrenta-o-rio-branco-no-mata-mata-das-oitavas-de-final\/","url":"https:\/\/verdadeon.com.br\/portal\/2020\/11\/19\/francana-enfrenta-o-rio-branco-no-mata-mata-das-oitavas-de-final\/","name":"Francana enfrenta o Rio Branco no mata-mata das oitavas de final - VerdadeOn","isPartOf":{"@id":"https:\/\/verdadeon.com.br\/portal\/#website"},"primaryImageOfPage":{"@id":"https:\/\/verdadeon.com.br\/portal\/2020\/11\/19\/francana-enfrenta-o-rio-branco-no-mata-mata-das-oitavas-de-final\/#primaryimage"},"image":{"@id":"https:\/\/verdadeon.com.br\/portal\/2020\/11\/19\/francana-enfrenta-o-rio-branco-no-mata-mata-das-oitavas-de-final\/#primaryimage"},"thumbnailUrl":"https:\/\/i0.wp.com\/verdadeon.com.br\/portal\/wp-content\/uploads\/2020\/01\/news-4678.jpg?fit=1000%2C666&ssl=1","datePublished":"2020-11-19T21:38:41+00:00","author":{"@id":"https:\/\/verdadeon.com.br\/portal\/#\/schema\/person\/a5060ad1e9ea3df545188fc93ce43d2f"},"breadcrumb":{"@id":"https:\/\/verdadeon.com.br\/portal\/2020\/11\/19\/francana-enfrenta-o-rio-branco-no-mata-mata-das-oitavas-de-final\/#breadcrumb"},"inLanguage":"pt-BR","potentialAction":[{"@type":"ReadAction","target":["https:\/\/verdadeon.com.br\/portal\/2020\/11\/19\/francana-enfrenta-o-rio-branco-no-mata-mata-das-oitavas-de-final\/"]}]},{"@type":"ImageObject","inLanguage":"pt-BR","@id":"https:\/\/verdadeon.com.br\/portal\/2020\/11\/19\/francana-enfrenta-o-rio-branco-no-mata-mata-das-oitavas-de-final\/#primaryimage","url":"https:\/\/i0.wp.com\/verdadeon.com.br\/portal\/wp-content\/uploads\/2020\/01\/news-4678.jpg?fit=1000%2C666&ssl=1","contentUrl":"https:\/\/i0.wp.com\/verdadeon.com.br\/portal\/wp-content\/uploads\/2020\/01\/news-4678.jpg?fit=1000%2C666&ssl=1","width":1000,"height":666,"caption":"Paulinho McLaren, novo comandante da Francana para a temporada durante treinamento em sua primeira passagem na equipe h\u00e1 dois anos. Treinador \u00e9 uma das novidades apresentadas at\u00e9 o momento pela diretoria da Veterana que disputar\u00e1 o estadual | Foto: Marcos"},{"@type":"BreadcrumbList","@id":"https:\/\/verdadeon.com.br\/portal\/2020\/11\/19\/francana-enfrenta-o-rio-branco-no-mata-mata-das-oitavas-de-final\/#breadcrumb","itemListElement":[{"@type":"ListItem","position":1,"name":"In\u00edcio","item":"https:\/\/verdadeon.com.br\/portal\/"},{"@type":"ListItem","position":2,"name":"Francana enfrenta o Rio Branco no mata-mata das oitavas de final"}]},{"@type":"WebSite","@id":"https:\/\/verdadeon.com.br\/portal\/#website","url":"https:\/\/verdadeon.com.br\/portal\/","name":"VerdadeOn","description":"Not\u00edcias di\u00e1rias sobre Franca, Regi\u00e3o, Esporte, Cultura, Cotidiano, Colunas. Cobertura nos principais eventos da cidade \u00e9 aqui - Verdadeon Franca","potentialAction":[{"@type":"SearchAction","target":{"@type":"EntryPoint","urlTemplate":"https:\/\/verdadeon.com.br\/portal\/?s={search_term_string}"},"query-input":{"@type":"PropertyValueSpecification","valueRequired":true,"valueName":"search_term_string"}}],"inLanguage":"pt-BR"},{"@type":"Person","@id":"https:\/\/verdadeon.com.br\/portal\/#\/schema\/person\/a5060ad1e9ea3df545188fc93ce43d2f","name":"Redacao VerdadeOn","image":{"@type":"ImageObject","inLanguage":"pt-BR","@id":"https:\/\/verdadeon.com.br\/portal\/#\/schema\/person\/image\/","url":"https:\/\/secure.gravatar.com\/avatar\/459a9613caaaf07f582c3d0841eea68bdd66f533e465e6ba8b9cb45619572cf4?s=96&d=mm&r=g","contentUrl":"https:\/\/secure.gravatar.com\/avatar\/459a9613caaaf07f582c3d0841eea68bdd66f533e465e6ba8b9cb45619572cf4?s=96&d=mm&r=g","caption":"Redacao VerdadeOn"},"url":"https:\/\/verdadeon.com.br\/portal\/author\/redacao\/"}]}},"jetpack_publicize_connections":[],"jetpack_featured_media_url":"https:\/\/i0.wp.com\/verdadeon.com.br\/portal\/wp-content\/uploads\/2020\/01\/news-4678.jpg?fit=1000%2C666&ssl=1","jetpack_sharing_enabled":true,"_links":{"self":[{"href":"https:\/\/verdadeon.com.br\/portal\/wp-json\/wp\/v2\/posts\/12060","targetHints":{"allow":["GET"]}}],"collection":[{"href":"https:\/\/verdadeon.com.br\/portal\/wp-json\/wp\/v2\/posts"}],"about":[{"href":"https:\/\/verdadeon.com.br\/portal\/wp-json\/wp\/v2\/types\/post"}],"author":[{"embeddable":true,"href":"https:\/\/verdadeon.com.br\/portal\/wp-json\/wp\/v2\/users\/10"}],"replies":[{"embeddable":true,"href":"https:\/\/verdadeon.com.br\/portal\/wp-json\/wp\/v2\/comments?post=12060"}],"version-history":[{"count":0,"href":"https:\/\/verdadeon.com.br\/portal\/wp-json\/wp\/v2\/posts\/12060\/revisions"}],"wp:featuredmedia":[{"embeddable":true,"href":"https:\/\/verdadeon.com.br\/portal\/wp-json\/wp\/v2\/media\/2713"}],"wp:attachment":[{"href":"https:\/\/verdadeon.com.br\/portal\/wp-json\/wp\/v2\/media?parent=12060"}],"wp:term":[{"taxonomy":"category","embeddable":true,"href":"https:\/\/verdadeon.com.br\/portal\/wp-json\/wp\/v2\/categories?post=12060"},{"taxonomy":"post_tag","embeddable":true,"href":"https:\/\/verdadeon.com.br\/portal\/wp-json\/wp\/v2\/tags?post=12060"}],"curies":[{"name":"wp","href":"https:\/\/api.w.org\/{rel}","templated":true}]}}