{"id":11943,"date":"2020-11-17T21:42:03","date_gmt":"2020-11-18T00:42:03","guid":{"rendered":"http:\/\/verdadeon.com.br\/portal\/?p=11943"},"modified":"2020-11-17T21:42:03","modified_gmt":"2020-11-18T00:42:03","slug":"covid-19-ministerio-da-saude-se-reune-com-equipe-da-pfizer","status":"publish","type":"post","link":"https:\/\/verdadeon.com.br\/portal\/2020\/11\/17\/covid-19-ministerio-da-saude-se-reune-com-equipe-da-pfizer\/","title":{"rendered":"Covid-19: Minist\u00e9rio da Sa\u00fade se re\u00fane com equipe da Pfizer"},"content":{"rendered":"<div class=\"col-lg-12 mb-3\">\n<div class=\"row\">\n<h3 class=\"col-10 offset-1 animated fadeInDown dealy-900 display-8 display-md-8 alt-font font-italic my-1 text-center\">Pasta tamb\u00e9m vai se reunir com outros laborat\u00f3rios<\/h3>\n<\/div>\n<p>Jonas Valente \u2013 Rep\u00f3rter Ag\u00eancia Brasil &#8211; Bras\u00edlia<\/p><\/div>\n<div class=\"col-xl-7 offset-xl-1 col-lg-8 offset-lg-0 col-md-10 offset-md-1 mb-3\">\n<div class=\"post-item alt-font\">\n<div class=\"post-item-wrap\">\n<p>O Minist\u00e9rio da Sa\u00fade se reuniu hoje (17) com uma equipe da Pfizer, laborat\u00f3rio que desenvolve uma das vacinas contra a covid-19. A empresa anunciou recentemente resultados de testes que apontaram alta taxa de efic\u00e1cia no tratamento da doen\u00e7a causada pelo novo coronav\u00edrus.<img data-recalc-dims=\"1\" decoding=\"async\" src=\"https:\/\/i0.wp.com\/agenciabrasil.ebc.com.br\/ebc.png?w=1220&#038;ssl=1\" \/><img data-recalc-dims=\"1\" decoding=\"async\" src=\"https:\/\/i0.wp.com\/agenciabrasil.ebc.com.br\/ebc.gif?w=1220&#038;ssl=1\" \/><\/p>\n<p>A assessoria do Minist\u00e9rio da Sa\u00fade informou \u00e0\u00a0<strong>Ag\u00eancia Brasil<\/strong>\u00a0que a reuni\u00e3o foi \u201ct\u00e9cnica\u201d, para que os representantes do laborat\u00f3rio apresentassem o andamento da pesquisa e para que fossem avaliadas as condi\u00e7\u00f5es de compra, log\u00edstica e armazenamento.<\/p>\n<p>A pasta n\u00e3o deu mais detalhes sobre o que foi tratado no encontro.<\/p>\n<p>Ainda nesta semana o Minist\u00e9rio da Sa\u00fade informou que vai se reunir com representantes de outras empresas que est\u00e3o desenvolvendo vacinas para a covid-19. Est\u00e3o na agenda encontros com equipes da Janssen ( da Johnson &amp; Johnson), do Instituto Gameleya (Sputinik V) e da Bharati Biotech (Vocaxin).<\/p>\n<h2>Pfizer<\/h2>\n<p>No dia 9 de novembro, a Pfizer e a empresa alem\u00e3 Biontech, parceira no estudo, anunciaram que a vacina em desenvolvimento teria uma\u00a0<a href=\"https:\/\/agenciabrasil.ebc.com.br\/internacional\/noticia\/2020-11\/pfizer-e-biontech-dizem-que-sua-vacina-contra-covid-19-e-90-eficaz\" target=\"_blank\" rel=\"noopener noreferrer\">efic\u00e1cia de 90%<\/a>.<\/p>\n<p>No dia 12 de novembro, a farmac\u00eautica afirmou que pretende obter o registro no \u00f3rg\u00e3o dos Estados Unidos respons\u00e1vel pela an\u00e1lise de medicamentos (FDA), que espera ter 50 milh\u00f5es de doses neste ano e fabricar at\u00e9\u00a0<a href=\"https:\/\/agenciabrasil.ebc.com.br\/saude\/noticia\/2020-11\/pfizer-planeja-ter-mais-de-13-bilhao-de-doses-da-vacina-contra-covid\" target=\"_blank\" rel=\"noopener noreferrer\">1,3 bilh\u00e3o no ano que vem<\/a>.<\/p>\n<p>Na ocasi\u00e3o, o presidente da companhia no Brasil, Carlos Maur\u00edlio, declarou que estavam \u201ctrabalhando fortemente\u201d com o governo brasileiro para acelerar a an\u00e1lise da vacina e sua poss\u00edvel comercializa\u00e7\u00e3o.<\/p>\n<\/div>\n<p class=\"alt-font font-italic my-2 small text-info\">Edi\u00e7\u00e3o: F\u00e1bio Massalli<\/p>\n<\/div>\n<\/div>\n","protected":false},"excerpt":{"rendered":"<p>Pasta tamb\u00e9m vai se reunir com outros laborat\u00f3rios Jonas Valente \u2013 Rep\u00f3rter Ag\u00eancia Brasil &#8211; Bras\u00edlia O Minist\u00e9rio da Sa\u00fade se reuniu hoje (17) com uma<span class=\"excerpt-hellip\"> [\u2026]<\/span><\/p>\n","protected":false},"author":10,"featured_media":11950,"comment_status":"open","ping_status":"open","sticky":false,"template":"","format":"standard","meta":{"_jetpack_memberships_contains_paid_content":false,"footnotes":"","jetpack_publicize_message":"","jetpack_publicize_feature_enabled":true,"jetpack_social_post_already_shared":false,"jetpack_social_options":{"image_generator_settings":{"template":"highway","default_image_id":0,"enabled":false},"version":2}},"categories":[53,44],"tags":[],"class_list":["post-11943","post","type-post","status-publish","format-standard","has-post-thumbnail","hentry","category-brasil","category-noticias"],"yoast_head":"<!-- This site is optimized with the Yoast SEO plugin v25.6 - https:\/\/yoast.com\/wordpress\/plugins\/seo\/ -->\n<title>Covid-19: Minist\u00e9rio da Sa\u00fade se re\u00fane com equipe da Pfizer - VerdadeOn<\/title>\n<meta name=\"robots\" content=\"index, follow, max-snippet:-1, max-image-preview:large, max-video-preview:-1\" \/>\n<link rel=\"canonical\" href=\"https:\/\/verdadeon.com.br\/portal\/2020\/11\/17\/covid-19-ministerio-da-saude-se-reune-com-equipe-da-pfizer\/\" \/>\n<meta property=\"og:locale\" content=\"pt_BR\" \/>\n<meta property=\"og:type\" content=\"article\" \/>\n<meta property=\"og:title\" content=\"Covid-19: Minist\u00e9rio da Sa\u00fade se re\u00fane com equipe da Pfizer - VerdadeOn\" \/>\n<meta property=\"og:description\" content=\"Pasta tamb\u00e9m vai se reunir com outros laborat\u00f3rios Jonas Valente \u2013 Rep\u00f3rter Ag\u00eancia Brasil &#8211; Bras\u00edlia O Minist\u00e9rio da Sa\u00fade se reuniu hoje (17) com uma [\u2026]\" \/>\n<meta property=\"og:url\" content=\"https:\/\/verdadeon.com.br\/portal\/2020\/11\/17\/covid-19-ministerio-da-saude-se-reune-com-equipe-da-pfizer\/\" \/>\n<meta property=\"og:site_name\" content=\"VerdadeOn\" \/>\n<meta property=\"article:published_time\" content=\"2020-11-18T00:42:03+00:00\" \/>\n<meta property=\"og:image\" content=\"https:\/\/verdadeon.com.br\/portal\/wp-content\/uploads\/2020\/11\/2020-11-09t172313z_1_lynxmpega81g6_rtroptp_4_health-coronavirus-vaccine-confidence.jpg\" \/>\n\t<meta property=\"og:image:width\" content=\"1000\" \/>\n\t<meta property=\"og:image:height\" content=\"670\" \/>\n\t<meta property=\"og:image:type\" content=\"image\/jpeg\" \/>\n<meta name=\"author\" content=\"Redacao VerdadeOn\" \/>\n<meta name=\"twitter:card\" content=\"summary_large_image\" \/>\n<meta name=\"twitter:label1\" content=\"Escrito por\" \/>\n\t<meta name=\"twitter:data1\" content=\"Redacao VerdadeOn\" \/>\n\t<meta name=\"twitter:label2\" content=\"Est. tempo de leitura\" \/>\n\t<meta name=\"twitter:data2\" content=\"1 minuto\" \/>\n<script type=\"application\/ld+json\" class=\"yoast-schema-graph\">{\"@context\":\"https:\/\/schema.org\",\"@graph\":[{\"@type\":\"WebPage\",\"@id\":\"https:\/\/verdadeon.com.br\/portal\/2020\/11\/17\/covid-19-ministerio-da-saude-se-reune-com-equipe-da-pfizer\/\",\"url\":\"https:\/\/verdadeon.com.br\/portal\/2020\/11\/17\/covid-19-ministerio-da-saude-se-reune-com-equipe-da-pfizer\/\",\"name\":\"Covid-19: Minist\u00e9rio da Sa\u00fade se re\u00fane com equipe da Pfizer - VerdadeOn\",\"isPartOf\":{\"@id\":\"https:\/\/verdadeon.com.br\/portal\/#website\"},\"primaryImageOfPage\":{\"@id\":\"https:\/\/verdadeon.com.br\/portal\/2020\/11\/17\/covid-19-ministerio-da-saude-se-reune-com-equipe-da-pfizer\/#primaryimage\"},\"image\":{\"@id\":\"https:\/\/verdadeon.com.br\/portal\/2020\/11\/17\/covid-19-ministerio-da-saude-se-reune-com-equipe-da-pfizer\/#primaryimage\"},\"thumbnailUrl\":\"https:\/\/i0.wp.com\/verdadeon.com.br\/portal\/wp-content\/uploads\/2020\/11\/2020-11-09t172313z_1_lynxmpega81g6_rtroptp_4_health-coronavirus-vaccine-confidence.jpg?fit=1000%2C670&ssl=1\",\"datePublished\":\"2020-11-18T00:42:03+00:00\",\"author\":{\"@id\":\"https:\/\/verdadeon.com.br\/portal\/#\/schema\/person\/a5060ad1e9ea3df545188fc93ce43d2f\"},\"breadcrumb\":{\"@id\":\"https:\/\/verdadeon.com.br\/portal\/2020\/11\/17\/covid-19-ministerio-da-saude-se-reune-com-equipe-da-pfizer\/#breadcrumb\"},\"inLanguage\":\"pt-BR\",\"potentialAction\":[{\"@type\":\"ReadAction\",\"target\":[\"https:\/\/verdadeon.com.br\/portal\/2020\/11\/17\/covid-19-ministerio-da-saude-se-reune-com-equipe-da-pfizer\/\"]}]},{\"@type\":\"ImageObject\",\"inLanguage\":\"pt-BR\",\"@id\":\"https:\/\/verdadeon.com.br\/portal\/2020\/11\/17\/covid-19-ministerio-da-saude-se-reune-com-equipe-da-pfizer\/#primaryimage\",\"url\":\"https:\/\/i0.wp.com\/verdadeon.com.br\/portal\/wp-content\/uploads\/2020\/11\/2020-11-09t172313z_1_lynxmpega81g6_rtroptp_4_health-coronavirus-vaccine-confidence.jpg?fit=1000%2C670&ssl=1\",\"contentUrl\":\"https:\/\/i0.wp.com\/verdadeon.com.br\/portal\/wp-content\/uploads\/2020\/11\/2020-11-09t172313z_1_lynxmpega81g6_rtroptp_4_health-coronavirus-vaccine-confidence.jpg?fit=1000%2C670&ssl=1\",\"width\":1000,\"height\":670,\"caption\":\"30\/10\/2020 REUTERS\/Dado Ruvic\"},{\"@type\":\"BreadcrumbList\",\"@id\":\"https:\/\/verdadeon.com.br\/portal\/2020\/11\/17\/covid-19-ministerio-da-saude-se-reune-com-equipe-da-pfizer\/#breadcrumb\",\"itemListElement\":[{\"@type\":\"ListItem\",\"position\":1,\"name\":\"In\u00edcio\",\"item\":\"https:\/\/verdadeon.com.br\/portal\/\"},{\"@type\":\"ListItem\",\"position\":2,\"name\":\"Covid-19: Minist\u00e9rio da Sa\u00fade se re\u00fane com equipe da Pfizer\"}]},{\"@type\":\"WebSite\",\"@id\":\"https:\/\/verdadeon.com.br\/portal\/#website\",\"url\":\"https:\/\/verdadeon.com.br\/portal\/\",\"name\":\"VerdadeOn\",\"description\":\"Not\u00edcias di\u00e1rias sobre Franca, Regi\u00e3o, Esporte, Cultura, Cotidiano, Colunas. Cobertura nos principais eventos da cidade \u00e9 aqui - Verdadeon Franca\",\"potentialAction\":[{\"@type\":\"SearchAction\",\"target\":{\"@type\":\"EntryPoint\",\"urlTemplate\":\"https:\/\/verdadeon.com.br\/portal\/?s={search_term_string}\"},\"query-input\":{\"@type\":\"PropertyValueSpecification\",\"valueRequired\":true,\"valueName\":\"search_term_string\"}}],\"inLanguage\":\"pt-BR\"},{\"@type\":\"Person\",\"@id\":\"https:\/\/verdadeon.com.br\/portal\/#\/schema\/person\/a5060ad1e9ea3df545188fc93ce43d2f\",\"name\":\"Redacao VerdadeOn\",\"image\":{\"@type\":\"ImageObject\",\"inLanguage\":\"pt-BR\",\"@id\":\"https:\/\/verdadeon.com.br\/portal\/#\/schema\/person\/image\/\",\"url\":\"https:\/\/secure.gravatar.com\/avatar\/459a9613caaaf07f582c3d0841eea68bdd66f533e465e6ba8b9cb45619572cf4?s=96&d=mm&r=g\",\"contentUrl\":\"https:\/\/secure.gravatar.com\/avatar\/459a9613caaaf07f582c3d0841eea68bdd66f533e465e6ba8b9cb45619572cf4?s=96&d=mm&r=g\",\"caption\":\"Redacao VerdadeOn\"},\"url\":\"https:\/\/verdadeon.com.br\/portal\/author\/redacao\/\"}]}<\/script>\n<!-- \/ Yoast SEO plugin. -->","yoast_head_json":{"title":"Covid-19: Minist\u00e9rio da Sa\u00fade se re\u00fane com equipe da Pfizer - VerdadeOn","robots":{"index":"index","follow":"follow","max-snippet":"max-snippet:-1","max-image-preview":"max-image-preview:large","max-video-preview":"max-video-preview:-1"},"canonical":"https:\/\/verdadeon.com.br\/portal\/2020\/11\/17\/covid-19-ministerio-da-saude-se-reune-com-equipe-da-pfizer\/","og_locale":"pt_BR","og_type":"article","og_title":"Covid-19: Minist\u00e9rio da Sa\u00fade se re\u00fane com equipe da Pfizer - VerdadeOn","og_description":"Pasta tamb\u00e9m vai se reunir com outros laborat\u00f3rios Jonas Valente \u2013 Rep\u00f3rter Ag\u00eancia Brasil &#8211; Bras\u00edlia O Minist\u00e9rio da Sa\u00fade se reuniu hoje (17) com uma [\u2026]","og_url":"https:\/\/verdadeon.com.br\/portal\/2020\/11\/17\/covid-19-ministerio-da-saude-se-reune-com-equipe-da-pfizer\/","og_site_name":"VerdadeOn","article_published_time":"2020-11-18T00:42:03+00:00","og_image":[{"width":1000,"height":670,"url":"https:\/\/verdadeon.com.br\/portal\/wp-content\/uploads\/2020\/11\/2020-11-09t172313z_1_lynxmpega81g6_rtroptp_4_health-coronavirus-vaccine-confidence.jpg","type":"image\/jpeg"}],"author":"Redacao VerdadeOn","twitter_card":"summary_large_image","twitter_misc":{"Escrito por":"Redacao VerdadeOn","Est. tempo de leitura":"1 minuto"},"schema":{"@context":"https:\/\/schema.org","@graph":[{"@type":"WebPage","@id":"https:\/\/verdadeon.com.br\/portal\/2020\/11\/17\/covid-19-ministerio-da-saude-se-reune-com-equipe-da-pfizer\/","url":"https:\/\/verdadeon.com.br\/portal\/2020\/11\/17\/covid-19-ministerio-da-saude-se-reune-com-equipe-da-pfizer\/","name":"Covid-19: Minist\u00e9rio da Sa\u00fade se re\u00fane com equipe da Pfizer - VerdadeOn","isPartOf":{"@id":"https:\/\/verdadeon.com.br\/portal\/#website"},"primaryImageOfPage":{"@id":"https:\/\/verdadeon.com.br\/portal\/2020\/11\/17\/covid-19-ministerio-da-saude-se-reune-com-equipe-da-pfizer\/#primaryimage"},"image":{"@id":"https:\/\/verdadeon.com.br\/portal\/2020\/11\/17\/covid-19-ministerio-da-saude-se-reune-com-equipe-da-pfizer\/#primaryimage"},"thumbnailUrl":"https:\/\/i0.wp.com\/verdadeon.com.br\/portal\/wp-content\/uploads\/2020\/11\/2020-11-09t172313z_1_lynxmpega81g6_rtroptp_4_health-coronavirus-vaccine-confidence.jpg?fit=1000%2C670&ssl=1","datePublished":"2020-11-18T00:42:03+00:00","author":{"@id":"https:\/\/verdadeon.com.br\/portal\/#\/schema\/person\/a5060ad1e9ea3df545188fc93ce43d2f"},"breadcrumb":{"@id":"https:\/\/verdadeon.com.br\/portal\/2020\/11\/17\/covid-19-ministerio-da-saude-se-reune-com-equipe-da-pfizer\/#breadcrumb"},"inLanguage":"pt-BR","potentialAction":[{"@type":"ReadAction","target":["https:\/\/verdadeon.com.br\/portal\/2020\/11\/17\/covid-19-ministerio-da-saude-se-reune-com-equipe-da-pfizer\/"]}]},{"@type":"ImageObject","inLanguage":"pt-BR","@id":"https:\/\/verdadeon.com.br\/portal\/2020\/11\/17\/covid-19-ministerio-da-saude-se-reune-com-equipe-da-pfizer\/#primaryimage","url":"https:\/\/i0.wp.com\/verdadeon.com.br\/portal\/wp-content\/uploads\/2020\/11\/2020-11-09t172313z_1_lynxmpega81g6_rtroptp_4_health-coronavirus-vaccine-confidence.jpg?fit=1000%2C670&ssl=1","contentUrl":"https:\/\/i0.wp.com\/verdadeon.com.br\/portal\/wp-content\/uploads\/2020\/11\/2020-11-09t172313z_1_lynxmpega81g6_rtroptp_4_health-coronavirus-vaccine-confidence.jpg?fit=1000%2C670&ssl=1","width":1000,"height":670,"caption":"30\/10\/2020 REUTERS\/Dado Ruvic"},{"@type":"BreadcrumbList","@id":"https:\/\/verdadeon.com.br\/portal\/2020\/11\/17\/covid-19-ministerio-da-saude-se-reune-com-equipe-da-pfizer\/#breadcrumb","itemListElement":[{"@type":"ListItem","position":1,"name":"In\u00edcio","item":"https:\/\/verdadeon.com.br\/portal\/"},{"@type":"ListItem","position":2,"name":"Covid-19: Minist\u00e9rio da Sa\u00fade se re\u00fane com equipe da Pfizer"}]},{"@type":"WebSite","@id":"https:\/\/verdadeon.com.br\/portal\/#website","url":"https:\/\/verdadeon.com.br\/portal\/","name":"VerdadeOn","description":"Not\u00edcias di\u00e1rias sobre Franca, Regi\u00e3o, Esporte, Cultura, Cotidiano, Colunas. Cobertura nos principais eventos da cidade \u00e9 aqui - Verdadeon Franca","potentialAction":[{"@type":"SearchAction","target":{"@type":"EntryPoint","urlTemplate":"https:\/\/verdadeon.com.br\/portal\/?s={search_term_string}"},"query-input":{"@type":"PropertyValueSpecification","valueRequired":true,"valueName":"search_term_string"}}],"inLanguage":"pt-BR"},{"@type":"Person","@id":"https:\/\/verdadeon.com.br\/portal\/#\/schema\/person\/a5060ad1e9ea3df545188fc93ce43d2f","name":"Redacao VerdadeOn","image":{"@type":"ImageObject","inLanguage":"pt-BR","@id":"https:\/\/verdadeon.com.br\/portal\/#\/schema\/person\/image\/","url":"https:\/\/secure.gravatar.com\/avatar\/459a9613caaaf07f582c3d0841eea68bdd66f533e465e6ba8b9cb45619572cf4?s=96&d=mm&r=g","contentUrl":"https:\/\/secure.gravatar.com\/avatar\/459a9613caaaf07f582c3d0841eea68bdd66f533e465e6ba8b9cb45619572cf4?s=96&d=mm&r=g","caption":"Redacao VerdadeOn"},"url":"https:\/\/verdadeon.com.br\/portal\/author\/redacao\/"}]}},"jetpack_publicize_connections":[],"jetpack_featured_media_url":"https:\/\/i0.wp.com\/verdadeon.com.br\/portal\/wp-content\/uploads\/2020\/11\/2020-11-09t172313z_1_lynxmpega81g6_rtroptp_4_health-coronavirus-vaccine-confidence.jpg?fit=1000%2C670&ssl=1","jetpack_sharing_enabled":true,"_links":{"self":[{"href":"https:\/\/verdadeon.com.br\/portal\/wp-json\/wp\/v2\/posts\/11943","targetHints":{"allow":["GET"]}}],"collection":[{"href":"https:\/\/verdadeon.com.br\/portal\/wp-json\/wp\/v2\/posts"}],"about":[{"href":"https:\/\/verdadeon.com.br\/portal\/wp-json\/wp\/v2\/types\/post"}],"author":[{"embeddable":true,"href":"https:\/\/verdadeon.com.br\/portal\/wp-json\/wp\/v2\/users\/10"}],"replies":[{"embeddable":true,"href":"https:\/\/verdadeon.com.br\/portal\/wp-json\/wp\/v2\/comments?post=11943"}],"version-history":[{"count":0,"href":"https:\/\/verdadeon.com.br\/portal\/wp-json\/wp\/v2\/posts\/11943\/revisions"}],"wp:featuredmedia":[{"embeddable":true,"href":"https:\/\/verdadeon.com.br\/portal\/wp-json\/wp\/v2\/media\/11950"}],"wp:attachment":[{"href":"https:\/\/verdadeon.com.br\/portal\/wp-json\/wp\/v2\/media?parent=11943"}],"wp:term":[{"taxonomy":"category","embeddable":true,"href":"https:\/\/verdadeon.com.br\/portal\/wp-json\/wp\/v2\/categories?post=11943"},{"taxonomy":"post_tag","embeddable":true,"href":"https:\/\/verdadeon.com.br\/portal\/wp-json\/wp\/v2\/tags?post=11943"}],"curies":[{"name":"wp","href":"https:\/\/api.w.org\/{rel}","templated":true}]}}