{"id":11942,"date":"2020-11-17T21:40:59","date_gmt":"2020-11-18T00:40:59","guid":{"rendered":"http:\/\/verdadeon.com.br\/portal\/?p=11942"},"modified":"2020-11-17T21:40:59","modified_gmt":"2020-11-18T00:40:59","slug":"quase-dois-tercos-das-industrias-esperam-faturar-mais-em-2021","status":"publish","type":"post","link":"https:\/\/verdadeon.com.br\/portal\/2020\/11\/17\/quase-dois-tercos-das-industrias-esperam-faturar-mais-em-2021\/","title":{"rendered":"Quase dois ter\u00e7os das ind\u00fastrias esperam faturar mais em 2021"},"content":{"rendered":"<div class=\"col-lg-12 mb-3\">\n<div class=\"row\">\n<h3 class=\"col-10 offset-1 animated fadeInDown dealy-900 display-8 display-md-8 alt-font font-italic my-1 text-center\">Pesquisa foi apresentada em abertura de encontro nacional do setor<\/h3>\n<\/div>\n<p>Wellton M\u00e1ximo \u2013 Rep\u00f3rter da Ag\u00eancia Brasil &#8211; Bras\u00edlia<\/p><\/div>\n<div class=\"col-xl-7 offset-xl-1 col-lg-8 offset-lg-0 col-md-10 offset-md-1 mb-3\">\n<div class=\"post-item alt-font\">\n<div class=\"post-item-wrap\">\n<p>Em fase de recupera\u00e7\u00e3o da atividade ap\u00f3s a fase mais aguda da pandemia de covid-19, a ind\u00fastria espera faturar mais em 2021. O resultado consta de pesquisa da Confedera\u00e7\u00e3o Nacional da Ind\u00fastria (CNI), apresentada hoje (17) na abertura do Encontro Nacional da Ind\u00fastria, que est\u00e1 sendo realizado de forma virtual neste ano.<img data-recalc-dims=\"1\" decoding=\"async\" src=\"https:\/\/i0.wp.com\/agenciabrasil.ebc.com.br\/ebc.png?w=1220&#038;ssl=1\" \/><img data-recalc-dims=\"1\" decoding=\"async\" src=\"https:\/\/i0.wp.com\/agenciabrasil.ebc.com.br\/ebc.gif?w=1220&#038;ssl=1\" \/><\/p>\n<p>Segundo o levantamento, 62% das ind\u00fastrias acreditam que o faturamento subir\u00e1 no pr\u00f3ximo ano. O resultado vem embalado pela recupera\u00e7\u00e3o do setor, com as ind\u00fastrias tendo ao menos retomado os n\u00edveis de produ\u00e7\u00e3o (70%) e de faturamento (69%) na compara\u00e7\u00e3o com os n\u00fameros de fevereiro, antes do in\u00edcio da pandemia do novo coronav\u00edrus.<\/p>\n<p>Em rela\u00e7\u00e3o ao n\u00edvel de m\u00e3o de obra, a pesquisa mostrou que 73% das ind\u00fastrias t\u00eam o mesmo n\u00famero de trabalhadores ativos ou est\u00e3o com mais empregados na compara\u00e7\u00e3o com fevereiro. Apenas 27% est\u00e3o com menos trabalhadores que antes da pandemia.<\/p>\n<p>De acordo com a pesquisa da CNI, 30% das ind\u00fastrias ainda est\u00e3o faturando menos que no per\u00edodo pr\u00e9-pandemia. Embora 87% das empresas tenham sido afetadas pela crise econ\u00f4mica decorrente do novo coronav\u00edrus, 45% declaram que a produ\u00e7\u00e3o atual \u00e9 maior que a de fevereiro e 49% est\u00e3o faturando mais que no segundo m\u00eas do ano.<\/p>\n<h2>Estrat\u00e9gia<\/h2>\n<p>A pesquisa mostrou as estrat\u00e9gias adotadas pelas ind\u00fastrias para enfrentarem a crise. Segundo o levantamento, 40% das empresas disseram ter buscado novos fornecedores no Brasil (para fazer frente \u00e0s dificuldades tempor\u00e1rias na importa\u00e7\u00e3o de insumos); 39% compraram m\u00e1quinas e equipamentos; 30% adotaram novas t\u00e9cnicas de gest\u00e3o da produ\u00e7\u00e3o; e 20% investiram em novos modelos de neg\u00f3cio.<\/p>\n<p>Com a recupera\u00e7\u00e3o da atividade industrial nos \u00faltimos meses, 52% das empresas registram, no m\u00ednimo, a mesma lucratividade de fevereiro \u2013 28% com aumento e 24% com a manuten\u00e7\u00e3o das suas margens. Apesar da retomada, 47% ainda operam com menor margem de lucro que antes do in\u00edcio da pandemia. Segundo a CNI, uma causa prov\u00e1vel para a queda nos lucros seria a alta nos gastos com insumos, afetados pela alta do d\u00f3lar, e com energia.<\/p>\n<h2>Desafios<\/h2>\n<p>Na cerim\u00f4nia de abertura do Encontro Nacional da Ind\u00fastria, o presidente da CNI, Robson Andrade, listou os principais desafios do setor no cen\u00e1rio p\u00f3s-pandemia. Para ele, o pa\u00eds deve buscar fortalecer a estrutura produtiva e retomar a agenda de reformas estruturais para avan\u00e7ar na quarta revolu\u00e7\u00e3o industrial (com ind\u00fastrias de alta tecnologia) e no desenvolvimento de uma economia de baixa emiss\u00e3o de gases de efeito estufa.<\/p>\n<p>\u201cEm paralelo \u00e0s reformas estruturantes, devemos acelerar a nossa adapta\u00e7\u00e3o \u00e0s grandes tend\u00eancias do s\u00e9culo 21. As mudan\u00e7as clim\u00e1ticas e a quarta revolu\u00e7\u00e3o industrial j\u00e1 est\u00e3o presentes no nosso dia a dia e trazem novos desafios para o Brasil\u201d, declarou Andrade. \u201cNecessitamos de uma pol\u00edtica industrial que olhe para o futuro, baseada no aumento da produtividade e na transforma\u00e7\u00e3o das estruturas produtivas. Os investimentos p\u00fablicos e privados em ci\u00eancia, tecnologia e inova\u00e7\u00e3o s\u00e3o a chave para o pa\u00eds desenvolver modelos de produ\u00e7\u00e3o e de neg\u00f3cios conectados com a ind\u00fastria 4.0.\u201d<\/p>\n<\/div>\n<p class=\"alt-font font-italic my-2 small text-info\">Edi\u00e7\u00e3o: Aline Leal<\/p>\n<\/div>\n<\/div>\n","protected":false},"excerpt":{"rendered":"<p>Pesquisa foi apresentada em abertura de encontro nacional do setor Wellton M\u00e1ximo \u2013 Rep\u00f3rter da Ag\u00eancia Brasil &#8211; Bras\u00edlia Em fase de recupera\u00e7\u00e3o da atividade ap\u00f3s<span class=\"excerpt-hellip\"> [\u2026]<\/span><\/p>\n","protected":false},"author":10,"featured_media":11951,"comment_status":"open","ping_status":"open","sticky":false,"template":"","format":"standard","meta":{"_jetpack_memberships_contains_paid_content":false,"footnotes":"","jetpack_publicize_message":"","jetpack_publicize_feature_enabled":true,"jetpack_social_post_already_shared":false,"jetpack_social_options":{"image_generator_settings":{"template":"highway","default_image_id":0,"enabled":false},"version":2}},"categories":[53,44],"tags":[],"class_list":["post-11942","post","type-post","status-publish","format-standard","has-post-thumbnail","hentry","category-brasil","category-noticias"],"yoast_head":"<!-- This site is optimized with the Yoast SEO plugin v25.6 - https:\/\/yoast.com\/wordpress\/plugins\/seo\/ -->\n<title>Quase dois ter\u00e7os das ind\u00fastrias esperam faturar mais em 2021 - VerdadeOn<\/title>\n<meta name=\"robots\" content=\"index, follow, max-snippet:-1, max-image-preview:large, max-video-preview:-1\" \/>\n<link rel=\"canonical\" href=\"https:\/\/verdadeon.com.br\/portal\/2020\/11\/17\/quase-dois-tercos-das-industrias-esperam-faturar-mais-em-2021\/\" \/>\n<meta property=\"og:locale\" content=\"pt_BR\" \/>\n<meta property=\"og:type\" content=\"article\" \/>\n<meta property=\"og:title\" content=\"Quase dois ter\u00e7os das ind\u00fastrias esperam faturar mais em 2021 - VerdadeOn\" \/>\n<meta property=\"og:description\" content=\"Pesquisa foi apresentada em abertura de encontro nacional do setor Wellton M\u00e1ximo \u2013 Rep\u00f3rter da Ag\u00eancia Brasil &#8211; Bras\u00edlia Em fase de recupera\u00e7\u00e3o da atividade ap\u00f3s [\u2026]\" \/>\n<meta property=\"og:url\" content=\"https:\/\/verdadeon.com.br\/portal\/2020\/11\/17\/quase-dois-tercos-das-industrias-esperam-faturar-mais-em-2021\/\" \/>\n<meta property=\"og:site_name\" content=\"VerdadeOn\" \/>\n<meta property=\"article:published_time\" content=\"2020-11-18T00:40:59+00:00\" \/>\n<meta property=\"og:image\" content=\"https:\/\/verdadeon.com.br\/portal\/wp-content\/uploads\/2020\/11\/17528362802_30d62bd7aa_o.jpg\" \/>\n\t<meta property=\"og:image:width\" content=\"1000\" \/>\n\t<meta property=\"og:image:height\" content=\"670\" \/>\n\t<meta property=\"og:image:type\" content=\"image\/jpeg\" \/>\n<meta name=\"author\" content=\"Redacao VerdadeOn\" \/>\n<meta name=\"twitter:card\" content=\"summary_large_image\" \/>\n<meta name=\"twitter:label1\" content=\"Escrito por\" \/>\n\t<meta name=\"twitter:data1\" content=\"Redacao VerdadeOn\" \/>\n\t<meta name=\"twitter:label2\" content=\"Est. tempo de leitura\" \/>\n\t<meta name=\"twitter:data2\" content=\"3 minutos\" \/>\n<script type=\"application\/ld+json\" class=\"yoast-schema-graph\">{\"@context\":\"https:\/\/schema.org\",\"@graph\":[{\"@type\":\"WebPage\",\"@id\":\"https:\/\/verdadeon.com.br\/portal\/2020\/11\/17\/quase-dois-tercos-das-industrias-esperam-faturar-mais-em-2021\/\",\"url\":\"https:\/\/verdadeon.com.br\/portal\/2020\/11\/17\/quase-dois-tercos-das-industrias-esperam-faturar-mais-em-2021\/\",\"name\":\"Quase dois ter\u00e7os das ind\u00fastrias esperam faturar mais em 2021 - VerdadeOn\",\"isPartOf\":{\"@id\":\"https:\/\/verdadeon.com.br\/portal\/#website\"},\"primaryImageOfPage\":{\"@id\":\"https:\/\/verdadeon.com.br\/portal\/2020\/11\/17\/quase-dois-tercos-das-industrias-esperam-faturar-mais-em-2021\/#primaryimage\"},\"image\":{\"@id\":\"https:\/\/verdadeon.com.br\/portal\/2020\/11\/17\/quase-dois-tercos-das-industrias-esperam-faturar-mais-em-2021\/#primaryimage\"},\"thumbnailUrl\":\"https:\/\/i0.wp.com\/verdadeon.com.br\/portal\/wp-content\/uploads\/2020\/11\/17528362802_30d62bd7aa_o.jpg?fit=1000%2C670&ssl=1\",\"datePublished\":\"2020-11-18T00:40:59+00:00\",\"author\":{\"@id\":\"https:\/\/verdadeon.com.br\/portal\/#\/schema\/person\/a5060ad1e9ea3df545188fc93ce43d2f\"},\"breadcrumb\":{\"@id\":\"https:\/\/verdadeon.com.br\/portal\/2020\/11\/17\/quase-dois-tercos-das-industrias-esperam-faturar-mais-em-2021\/#breadcrumb\"},\"inLanguage\":\"pt-BR\",\"potentialAction\":[{\"@type\":\"ReadAction\",\"target\":[\"https:\/\/verdadeon.com.br\/portal\/2020\/11\/17\/quase-dois-tercos-das-industrias-esperam-faturar-mais-em-2021\/\"]}]},{\"@type\":\"ImageObject\",\"inLanguage\":\"pt-BR\",\"@id\":\"https:\/\/verdadeon.com.br\/portal\/2020\/11\/17\/quase-dois-tercos-das-industrias-esperam-faturar-mais-em-2021\/#primaryimage\",\"url\":\"https:\/\/i0.wp.com\/verdadeon.com.br\/portal\/wp-content\/uploads\/2020\/11\/17528362802_30d62bd7aa_o.jpg?fit=1000%2C670&ssl=1\",\"contentUrl\":\"https:\/\/i0.wp.com\/verdadeon.com.br\/portal\/wp-content\/uploads\/2020\/11\/17528362802_30d62bd7aa_o.jpg?fit=1000%2C670&ssl=1\",\"width\":1000,\"height\":670,\"caption\":\"Primeiro dia de competi\u00e7\u00f5es da Olimp\u00edada do Conhecimento, regional S\u00e3o Paulo. Na foto: Max Wendel Morais Pereira , competidor na \u00e1rea de soldagem . S\u00e3o Paulo (SP) 16.08.2007 - Foto: Jos\u00e9 Paulo Lacerda\"},{\"@type\":\"BreadcrumbList\",\"@id\":\"https:\/\/verdadeon.com.br\/portal\/2020\/11\/17\/quase-dois-tercos-das-industrias-esperam-faturar-mais-em-2021\/#breadcrumb\",\"itemListElement\":[{\"@type\":\"ListItem\",\"position\":1,\"name\":\"In\u00edcio\",\"item\":\"https:\/\/verdadeon.com.br\/portal\/\"},{\"@type\":\"ListItem\",\"position\":2,\"name\":\"Quase dois ter\u00e7os das ind\u00fastrias esperam faturar mais em 2021\"}]},{\"@type\":\"WebSite\",\"@id\":\"https:\/\/verdadeon.com.br\/portal\/#website\",\"url\":\"https:\/\/verdadeon.com.br\/portal\/\",\"name\":\"VerdadeOn\",\"description\":\"Not\u00edcias di\u00e1rias sobre Franca, Regi\u00e3o, Esporte, Cultura, Cotidiano, Colunas. Cobertura nos principais eventos da cidade \u00e9 aqui - Verdadeon Franca\",\"potentialAction\":[{\"@type\":\"SearchAction\",\"target\":{\"@type\":\"EntryPoint\",\"urlTemplate\":\"https:\/\/verdadeon.com.br\/portal\/?s={search_term_string}\"},\"query-input\":{\"@type\":\"PropertyValueSpecification\",\"valueRequired\":true,\"valueName\":\"search_term_string\"}}],\"inLanguage\":\"pt-BR\"},{\"@type\":\"Person\",\"@id\":\"https:\/\/verdadeon.com.br\/portal\/#\/schema\/person\/a5060ad1e9ea3df545188fc93ce43d2f\",\"name\":\"Redacao VerdadeOn\",\"image\":{\"@type\":\"ImageObject\",\"inLanguage\":\"pt-BR\",\"@id\":\"https:\/\/verdadeon.com.br\/portal\/#\/schema\/person\/image\/\",\"url\":\"https:\/\/secure.gravatar.com\/avatar\/459a9613caaaf07f582c3d0841eea68bdd66f533e465e6ba8b9cb45619572cf4?s=96&d=mm&r=g\",\"contentUrl\":\"https:\/\/secure.gravatar.com\/avatar\/459a9613caaaf07f582c3d0841eea68bdd66f533e465e6ba8b9cb45619572cf4?s=96&d=mm&r=g\",\"caption\":\"Redacao VerdadeOn\"},\"url\":\"https:\/\/verdadeon.com.br\/portal\/author\/redacao\/\"}]}<\/script>\n<!-- \/ Yoast SEO plugin. -->","yoast_head_json":{"title":"Quase dois ter\u00e7os das ind\u00fastrias esperam faturar mais em 2021 - VerdadeOn","robots":{"index":"index","follow":"follow","max-snippet":"max-snippet:-1","max-image-preview":"max-image-preview:large","max-video-preview":"max-video-preview:-1"},"canonical":"https:\/\/verdadeon.com.br\/portal\/2020\/11\/17\/quase-dois-tercos-das-industrias-esperam-faturar-mais-em-2021\/","og_locale":"pt_BR","og_type":"article","og_title":"Quase dois ter\u00e7os das ind\u00fastrias esperam faturar mais em 2021 - VerdadeOn","og_description":"Pesquisa foi apresentada em abertura de encontro nacional do setor Wellton M\u00e1ximo \u2013 Rep\u00f3rter da Ag\u00eancia Brasil &#8211; Bras\u00edlia Em fase de recupera\u00e7\u00e3o da atividade ap\u00f3s [\u2026]","og_url":"https:\/\/verdadeon.com.br\/portal\/2020\/11\/17\/quase-dois-tercos-das-industrias-esperam-faturar-mais-em-2021\/","og_site_name":"VerdadeOn","article_published_time":"2020-11-18T00:40:59+00:00","og_image":[{"width":1000,"height":670,"url":"https:\/\/verdadeon.com.br\/portal\/wp-content\/uploads\/2020\/11\/17528362802_30d62bd7aa_o.jpg","type":"image\/jpeg"}],"author":"Redacao VerdadeOn","twitter_card":"summary_large_image","twitter_misc":{"Escrito por":"Redacao VerdadeOn","Est. tempo de leitura":"3 minutos"},"schema":{"@context":"https:\/\/schema.org","@graph":[{"@type":"WebPage","@id":"https:\/\/verdadeon.com.br\/portal\/2020\/11\/17\/quase-dois-tercos-das-industrias-esperam-faturar-mais-em-2021\/","url":"https:\/\/verdadeon.com.br\/portal\/2020\/11\/17\/quase-dois-tercos-das-industrias-esperam-faturar-mais-em-2021\/","name":"Quase dois ter\u00e7os das ind\u00fastrias esperam faturar mais em 2021 - VerdadeOn","isPartOf":{"@id":"https:\/\/verdadeon.com.br\/portal\/#website"},"primaryImageOfPage":{"@id":"https:\/\/verdadeon.com.br\/portal\/2020\/11\/17\/quase-dois-tercos-das-industrias-esperam-faturar-mais-em-2021\/#primaryimage"},"image":{"@id":"https:\/\/verdadeon.com.br\/portal\/2020\/11\/17\/quase-dois-tercos-das-industrias-esperam-faturar-mais-em-2021\/#primaryimage"},"thumbnailUrl":"https:\/\/i0.wp.com\/verdadeon.com.br\/portal\/wp-content\/uploads\/2020\/11\/17528362802_30d62bd7aa_o.jpg?fit=1000%2C670&ssl=1","datePublished":"2020-11-18T00:40:59+00:00","author":{"@id":"https:\/\/verdadeon.com.br\/portal\/#\/schema\/person\/a5060ad1e9ea3df545188fc93ce43d2f"},"breadcrumb":{"@id":"https:\/\/verdadeon.com.br\/portal\/2020\/11\/17\/quase-dois-tercos-das-industrias-esperam-faturar-mais-em-2021\/#breadcrumb"},"inLanguage":"pt-BR","potentialAction":[{"@type":"ReadAction","target":["https:\/\/verdadeon.com.br\/portal\/2020\/11\/17\/quase-dois-tercos-das-industrias-esperam-faturar-mais-em-2021\/"]}]},{"@type":"ImageObject","inLanguage":"pt-BR","@id":"https:\/\/verdadeon.com.br\/portal\/2020\/11\/17\/quase-dois-tercos-das-industrias-esperam-faturar-mais-em-2021\/#primaryimage","url":"https:\/\/i0.wp.com\/verdadeon.com.br\/portal\/wp-content\/uploads\/2020\/11\/17528362802_30d62bd7aa_o.jpg?fit=1000%2C670&ssl=1","contentUrl":"https:\/\/i0.wp.com\/verdadeon.com.br\/portal\/wp-content\/uploads\/2020\/11\/17528362802_30d62bd7aa_o.jpg?fit=1000%2C670&ssl=1","width":1000,"height":670,"caption":"Primeiro dia de competi\u00e7\u00f5es da Olimp\u00edada do Conhecimento, regional S\u00e3o Paulo. Na foto: Max Wendel Morais Pereira , competidor na \u00e1rea de soldagem . S\u00e3o Paulo (SP) 16.08.2007 - Foto: Jos\u00e9 Paulo Lacerda"},{"@type":"BreadcrumbList","@id":"https:\/\/verdadeon.com.br\/portal\/2020\/11\/17\/quase-dois-tercos-das-industrias-esperam-faturar-mais-em-2021\/#breadcrumb","itemListElement":[{"@type":"ListItem","position":1,"name":"In\u00edcio","item":"https:\/\/verdadeon.com.br\/portal\/"},{"@type":"ListItem","position":2,"name":"Quase dois ter\u00e7os das ind\u00fastrias esperam faturar mais em 2021"}]},{"@type":"WebSite","@id":"https:\/\/verdadeon.com.br\/portal\/#website","url":"https:\/\/verdadeon.com.br\/portal\/","name":"VerdadeOn","description":"Not\u00edcias di\u00e1rias sobre Franca, Regi\u00e3o, Esporte, Cultura, Cotidiano, Colunas. Cobertura nos principais eventos da cidade \u00e9 aqui - Verdadeon Franca","potentialAction":[{"@type":"SearchAction","target":{"@type":"EntryPoint","urlTemplate":"https:\/\/verdadeon.com.br\/portal\/?s={search_term_string}"},"query-input":{"@type":"PropertyValueSpecification","valueRequired":true,"valueName":"search_term_string"}}],"inLanguage":"pt-BR"},{"@type":"Person","@id":"https:\/\/verdadeon.com.br\/portal\/#\/schema\/person\/a5060ad1e9ea3df545188fc93ce43d2f","name":"Redacao VerdadeOn","image":{"@type":"ImageObject","inLanguage":"pt-BR","@id":"https:\/\/verdadeon.com.br\/portal\/#\/schema\/person\/image\/","url":"https:\/\/secure.gravatar.com\/avatar\/459a9613caaaf07f582c3d0841eea68bdd66f533e465e6ba8b9cb45619572cf4?s=96&d=mm&r=g","contentUrl":"https:\/\/secure.gravatar.com\/avatar\/459a9613caaaf07f582c3d0841eea68bdd66f533e465e6ba8b9cb45619572cf4?s=96&d=mm&r=g","caption":"Redacao VerdadeOn"},"url":"https:\/\/verdadeon.com.br\/portal\/author\/redacao\/"}]}},"jetpack_publicize_connections":[],"jetpack_featured_media_url":"https:\/\/i0.wp.com\/verdadeon.com.br\/portal\/wp-content\/uploads\/2020\/11\/17528362802_30d62bd7aa_o.jpg?fit=1000%2C670&ssl=1","jetpack_sharing_enabled":true,"_links":{"self":[{"href":"https:\/\/verdadeon.com.br\/portal\/wp-json\/wp\/v2\/posts\/11942","targetHints":{"allow":["GET"]}}],"collection":[{"href":"https:\/\/verdadeon.com.br\/portal\/wp-json\/wp\/v2\/posts"}],"about":[{"href":"https:\/\/verdadeon.com.br\/portal\/wp-json\/wp\/v2\/types\/post"}],"author":[{"embeddable":true,"href":"https:\/\/verdadeon.com.br\/portal\/wp-json\/wp\/v2\/users\/10"}],"replies":[{"embeddable":true,"href":"https:\/\/verdadeon.com.br\/portal\/wp-json\/wp\/v2\/comments?post=11942"}],"version-history":[{"count":0,"href":"https:\/\/verdadeon.com.br\/portal\/wp-json\/wp\/v2\/posts\/11942\/revisions"}],"wp:featuredmedia":[{"embeddable":true,"href":"https:\/\/verdadeon.com.br\/portal\/wp-json\/wp\/v2\/media\/11951"}],"wp:attachment":[{"href":"https:\/\/verdadeon.com.br\/portal\/wp-json\/wp\/v2\/media?parent=11942"}],"wp:term":[{"taxonomy":"category","embeddable":true,"href":"https:\/\/verdadeon.com.br\/portal\/wp-json\/wp\/v2\/categories?post=11942"},{"taxonomy":"post_tag","embeddable":true,"href":"https:\/\/verdadeon.com.br\/portal\/wp-json\/wp\/v2\/tags?post=11942"}],"curies":[{"name":"wp","href":"https:\/\/api.w.org\/{rel}","templated":true}]}}