{"id":11883,"date":"2020-11-14T22:17:12","date_gmt":"2020-11-15T01:17:12","guid":{"rendered":"http:\/\/verdadeon.com.br\/portal\/?p=11883"},"modified":"2020-11-14T22:17:12","modified_gmt":"2020-11-15T01:17:12","slug":"mesmo-com-desfalques-santos-vence-inter-por-2-a-0-na-viia-belmiro","status":"publish","type":"post","link":"https:\/\/verdadeon.com.br\/portal\/2020\/11\/14\/mesmo-com-desfalques-santos-vence-inter-por-2-a-0-na-viia-belmiro\/","title":{"rendered":"Mesmo com desfalques, Santos vence Inter por 2 a 0 na ViIa Belmiro"},"content":{"rendered":"<div class=\"col-lg-12 mb-3\">\n<div class=\"row\">\n<h3 class=\"col-10 offset-1 animated fadeInDown dealy-900 display-8 display-md-8 alt-font font-italic my-1 text-center\">Cano marca depois de 9 jogos, Vasco vence no Recife e deixa o Z4<\/h3>\n<\/div>\n<p>Juliano Justo &#8211; Rep\u00f3rter da TV Brasil e da R\u00e1dio Nacional &#8211; S\u00e3o Paulo &#8211; S\u00e3o Paulo<\/p><\/div>\n<div class=\"col-xl-7 offset-xl-1 col-lg-8 offset-lg-0 col-md-10 offset-md-1 mb-3\">\n<div class=\"post-item alt-font\">\n<div class=\"post-item-wrap\">\n<p>Na tarde de s\u00e1bado (14), o Internacional, que abriu a 21\u00aa rodada na lideran\u00e7a do Campeonato Brasileiro com 36 pontos, foi \u00e0 Vila Belmiro para enfrentar um Santos cheio de desfalques. Durante a semana, o Peixe havia sido acometido por um surto de covid-19 que afastou 10 atletas da equipe. Mesmo assim, o Santos foi melhor durante praticamente todo o jogo.\u00a0<img data-recalc-dims=\"1\" decoding=\"async\" src=\"https:\/\/i0.wp.com\/agenciabrasil.ebc.com.br\/ebc.png?w=1220&#038;ssl=1\" \/><img data-recalc-dims=\"1\" decoding=\"async\" src=\"https:\/\/i0.wp.com\/agenciabrasil.ebc.com.br\/ebc.gif?w=1220&#038;ssl=1\" \/><\/p>\n<p>O primeiro tempo foi marcado pelas pouqu\u00edssimas chances de gol. Mesmo assim, a melhor chance foi do Santos. Depois de armar mal a barreira, o goleiro Marcelo Lomba teve que salvar o Inter em boa cobran\u00e7a de falta de Marinho aos 39 minutos. Quando parecia que o Inter conseguiria se impor, depois de passar pelo seu melhor momento no jogo, quando teve tr\u00eas belas chances de gol nos 10 primeiros minutos do segundo tempo, a equipe simplesmente desabou.<\/p>\n<p>A trag\u00e9dia colorada come\u00e7ou com uma falta cometida pelo\u00a0lateral-direito Rodinei. Aos 13, Ivonei cobrou a falta num cruzamento fraco\u00a0na \u00e1rea. S\u00f3 que nem a zaga nem o goleiro Marcelo Lomba cortaram e a bola morreu na rede colorada.<\/p>\n<p>Aos 22 veio o golpe de miseric\u00f3rdia. Rodinei recuou errado. Marinho dividiu a jogada e saiu em velocidade. O goleiro Lomba ainda salvou o chute do jogador santista. A\u00a0bola sobrou para Arthur Gomes. Ele bateu, Lomba defendeu e, no rebote, Kaio Jorge definiu o placar. Com os tr\u00eas pontos, o Peixe alcan\u00e7a os 34 e entra provisoriamente no G4 (zona de classifica\u00e7\u00e3o \u00e0 Libertadores). J\u00e1 o Inter, que chegou \u00e0 rodada com l\u00edder, pode cair at\u00e9 quatro posi\u00e7\u00f5es. O Colorado volta a jogar na\u00a0quarta-feira (18) contra o Am\u00e9rica (MG) pelo jogo de volta da Copa do Brasil. Para se classificar \u00e0 semifinal, precisa vencer por dois gols de diferen\u00e7a. Qualquer vit\u00f3ria simples do Inter leva a\u00a0decis\u00e3o aos p\u00eanaltis. Pelo Brasileiro, o Inter pega o Fluminense no domingo (22) no Beira-Rio. O Santos vai at\u00e9 Curitiba para pegar o Athletico Paranaense no s\u00e1bado (21).<\/p>\n<h2>Vit\u00f3ria e recupera\u00e7\u00e3o vasca\u00edna no Recife<\/h2>\n<p>Na Ilha do Retiro, no\u00a0Recife, o Vasco venceu o Sport por 2 a 0 e deixou de forma provis\u00f3ria o Z4 (zona de rebaixamento). Foram dois gols do centroavante argentino Germ\u00e1n Cano. O artilheiro quebrou um inc\u00f4modo jejum de dois meses e nove jogos. O primeiro gol aconteceu\u00a0aos 24 da etapa inicial, em jogada de hermanos argentinos. L\u00e9o Gil entrou pela esquerda e encontrou Cano. O goleiro Ma\u00edlson ainda tentou evitar o gol, mas n\u00e3o conseguiu. Aos nove do segundo tempo, o argentino balan\u00e7ou as redes mais uma vez. O bandeirinha chegou a anular o gol. Mas, depois de analisar o VAR, o \u00e1rbitro H\u00e9ber Roberto Lopes validou o gol do artilheiro.<\/p>\n<p>Com a vit\u00f3ria, o Vasco alcan\u00e7ou a 15\u00aa coloca\u00e7\u00e3o, com 22 pontos. O Sport, por sua vez, continua em 10\u00ba, com 25 pontos. Os cariocas voltam a campo no domingo (22) contra o S\u00e3o Paulo no Morumbi. Na segunda-feira (23), o Sport recebe o Atl\u00e9tico Goianiense na Ilha do Retiro.<\/p>\n<\/div>\n<p class=\"alt-font font-italic my-2 small text-info\">Edi\u00e7\u00e3o: Gustavo Faria<\/p>\n<\/div>\n<\/div>\n","protected":false},"excerpt":{"rendered":"<p>Cano marca depois de 9 jogos, Vasco vence no Recife e deixa o Z4 Juliano Justo &#8211; Rep\u00f3rter da TV Brasil e da R\u00e1dio Nacional &#8211;<span class=\"excerpt-hellip\"> [\u2026]<\/span><\/p>\n","protected":false},"author":10,"featured_media":11886,"comment_status":"open","ping_status":"open","sticky":false,"template":"","format":"standard","meta":{"_jetpack_memberships_contains_paid_content":false,"footnotes":"","jetpack_publicize_message":"","jetpack_publicize_feature_enabled":true,"jetpack_social_post_already_shared":false,"jetpack_social_options":{"image_generator_settings":{"template":"highway","default_image_id":0,"enabled":false},"version":2}},"categories":[29,44],"tags":[],"class_list":["post-11883","post","type-post","status-publish","format-standard","has-post-thumbnail","hentry","category-esportes","category-noticias"],"yoast_head":"<!-- This site is optimized with the Yoast SEO plugin v25.6 - https:\/\/yoast.com\/wordpress\/plugins\/seo\/ -->\n<title>Mesmo com desfalques, Santos vence Inter por 2 a 0 na ViIa Belmiro - VerdadeOn<\/title>\n<meta name=\"robots\" content=\"index, follow, max-snippet:-1, max-image-preview:large, max-video-preview:-1\" \/>\n<link rel=\"canonical\" href=\"https:\/\/verdadeon.com.br\/portal\/2020\/11\/14\/mesmo-com-desfalques-santos-vence-inter-por-2-a-0-na-viia-belmiro\/\" \/>\n<meta property=\"og:locale\" content=\"pt_BR\" \/>\n<meta property=\"og:type\" content=\"article\" \/>\n<meta property=\"og:title\" content=\"Mesmo com desfalques, Santos vence Inter por 2 a 0 na ViIa Belmiro - VerdadeOn\" \/>\n<meta property=\"og:description\" content=\"Cano marca depois de 9 jogos, Vasco vence no Recife e deixa o Z4 Juliano Justo &#8211; Rep\u00f3rter da TV Brasil e da R\u00e1dio Nacional &#8211; [\u2026]\" \/>\n<meta property=\"og:url\" content=\"https:\/\/verdadeon.com.br\/portal\/2020\/11\/14\/mesmo-com-desfalques-santos-vence-inter-por-2-a-0-na-viia-belmiro\/\" \/>\n<meta property=\"og:site_name\" content=\"VerdadeOn\" \/>\n<meta property=\"article:published_time\" content=\"2020-11-15T01:17:12+00:00\" \/>\n<meta property=\"og:image\" content=\"https:\/\/verdadeon.com.br\/portal\/wp-content\/uploads\/2020\/11\/santos_inter_1411-1.jpg\" \/>\n\t<meta property=\"og:image:width\" content=\"1000\" \/>\n\t<meta property=\"og:image:height\" content=\"670\" \/>\n\t<meta property=\"og:image:type\" content=\"image\/jpeg\" \/>\n<meta name=\"author\" content=\"Redacao VerdadeOn\" \/>\n<meta name=\"twitter:card\" content=\"summary_large_image\" \/>\n<meta name=\"twitter:label1\" content=\"Escrito por\" \/>\n\t<meta name=\"twitter:data1\" content=\"Redacao VerdadeOn\" \/>\n\t<meta name=\"twitter:label2\" content=\"Est. tempo de leitura\" \/>\n\t<meta name=\"twitter:data2\" content=\"3 minutos\" \/>\n<script type=\"application\/ld+json\" class=\"yoast-schema-graph\">{\"@context\":\"https:\/\/schema.org\",\"@graph\":[{\"@type\":\"WebPage\",\"@id\":\"https:\/\/verdadeon.com.br\/portal\/2020\/11\/14\/mesmo-com-desfalques-santos-vence-inter-por-2-a-0-na-viia-belmiro\/\",\"url\":\"https:\/\/verdadeon.com.br\/portal\/2020\/11\/14\/mesmo-com-desfalques-santos-vence-inter-por-2-a-0-na-viia-belmiro\/\",\"name\":\"Mesmo com desfalques, Santos vence Inter por 2 a 0 na ViIa Belmiro - VerdadeOn\",\"isPartOf\":{\"@id\":\"https:\/\/verdadeon.com.br\/portal\/#website\"},\"primaryImageOfPage\":{\"@id\":\"https:\/\/verdadeon.com.br\/portal\/2020\/11\/14\/mesmo-com-desfalques-santos-vence-inter-por-2-a-0-na-viia-belmiro\/#primaryimage\"},\"image\":{\"@id\":\"https:\/\/verdadeon.com.br\/portal\/2020\/11\/14\/mesmo-com-desfalques-santos-vence-inter-por-2-a-0-na-viia-belmiro\/#primaryimage\"},\"thumbnailUrl\":\"https:\/\/i0.wp.com\/verdadeon.com.br\/portal\/wp-content\/uploads\/2020\/11\/santos_inter_1411-1.jpg?fit=1000%2C670&ssl=1\",\"datePublished\":\"2020-11-15T01:17:12+00:00\",\"author\":{\"@id\":\"https:\/\/verdadeon.com.br\/portal\/#\/schema\/person\/a5060ad1e9ea3df545188fc93ce43d2f\"},\"breadcrumb\":{\"@id\":\"https:\/\/verdadeon.com.br\/portal\/2020\/11\/14\/mesmo-com-desfalques-santos-vence-inter-por-2-a-0-na-viia-belmiro\/#breadcrumb\"},\"inLanguage\":\"pt-BR\",\"potentialAction\":[{\"@type\":\"ReadAction\",\"target\":[\"https:\/\/verdadeon.com.br\/portal\/2020\/11\/14\/mesmo-com-desfalques-santos-vence-inter-por-2-a-0-na-viia-belmiro\/\"]}]},{\"@type\":\"ImageObject\",\"inLanguage\":\"pt-BR\",\"@id\":\"https:\/\/verdadeon.com.br\/portal\/2020\/11\/14\/mesmo-com-desfalques-santos-vence-inter-por-2-a-0-na-viia-belmiro\/#primaryimage\",\"url\":\"https:\/\/i0.wp.com\/verdadeon.com.br\/portal\/wp-content\/uploads\/2020\/11\/santos_inter_1411-1.jpg?fit=1000%2C670&ssl=1\",\"contentUrl\":\"https:\/\/i0.wp.com\/verdadeon.com.br\/portal\/wp-content\/uploads\/2020\/11\/santos_inter_1411-1.jpg?fit=1000%2C670&ssl=1\",\"width\":1000,\"height\":670},{\"@type\":\"BreadcrumbList\",\"@id\":\"https:\/\/verdadeon.com.br\/portal\/2020\/11\/14\/mesmo-com-desfalques-santos-vence-inter-por-2-a-0-na-viia-belmiro\/#breadcrumb\",\"itemListElement\":[{\"@type\":\"ListItem\",\"position\":1,\"name\":\"In\u00edcio\",\"item\":\"https:\/\/verdadeon.com.br\/portal\/\"},{\"@type\":\"ListItem\",\"position\":2,\"name\":\"Mesmo com desfalques, Santos vence Inter por 2 a 0 na ViIa Belmiro\"}]},{\"@type\":\"WebSite\",\"@id\":\"https:\/\/verdadeon.com.br\/portal\/#website\",\"url\":\"https:\/\/verdadeon.com.br\/portal\/\",\"name\":\"VerdadeOn\",\"description\":\"Not\u00edcias di\u00e1rias sobre Franca, Regi\u00e3o, Esporte, Cultura, Cotidiano, Colunas. Cobertura nos principais eventos da cidade \u00e9 aqui - Verdadeon Franca\",\"potentialAction\":[{\"@type\":\"SearchAction\",\"target\":{\"@type\":\"EntryPoint\",\"urlTemplate\":\"https:\/\/verdadeon.com.br\/portal\/?s={search_term_string}\"},\"query-input\":{\"@type\":\"PropertyValueSpecification\",\"valueRequired\":true,\"valueName\":\"search_term_string\"}}],\"inLanguage\":\"pt-BR\"},{\"@type\":\"Person\",\"@id\":\"https:\/\/verdadeon.com.br\/portal\/#\/schema\/person\/a5060ad1e9ea3df545188fc93ce43d2f\",\"name\":\"Redacao VerdadeOn\",\"image\":{\"@type\":\"ImageObject\",\"inLanguage\":\"pt-BR\",\"@id\":\"https:\/\/verdadeon.com.br\/portal\/#\/schema\/person\/image\/\",\"url\":\"https:\/\/secure.gravatar.com\/avatar\/459a9613caaaf07f582c3d0841eea68bdd66f533e465e6ba8b9cb45619572cf4?s=96&d=mm&r=g\",\"contentUrl\":\"https:\/\/secure.gravatar.com\/avatar\/459a9613caaaf07f582c3d0841eea68bdd66f533e465e6ba8b9cb45619572cf4?s=96&d=mm&r=g\",\"caption\":\"Redacao VerdadeOn\"},\"url\":\"https:\/\/verdadeon.com.br\/portal\/author\/redacao\/\"}]}<\/script>\n<!-- \/ Yoast SEO plugin. -->","yoast_head_json":{"title":"Mesmo com desfalques, Santos vence Inter por 2 a 0 na ViIa Belmiro - VerdadeOn","robots":{"index":"index","follow":"follow","max-snippet":"max-snippet:-1","max-image-preview":"max-image-preview:large","max-video-preview":"max-video-preview:-1"},"canonical":"https:\/\/verdadeon.com.br\/portal\/2020\/11\/14\/mesmo-com-desfalques-santos-vence-inter-por-2-a-0-na-viia-belmiro\/","og_locale":"pt_BR","og_type":"article","og_title":"Mesmo com desfalques, Santos vence Inter por 2 a 0 na ViIa Belmiro - VerdadeOn","og_description":"Cano marca depois de 9 jogos, Vasco vence no Recife e deixa o Z4 Juliano Justo &#8211; Rep\u00f3rter da TV Brasil e da R\u00e1dio Nacional &#8211; [\u2026]","og_url":"https:\/\/verdadeon.com.br\/portal\/2020\/11\/14\/mesmo-com-desfalques-santos-vence-inter-por-2-a-0-na-viia-belmiro\/","og_site_name":"VerdadeOn","article_published_time":"2020-11-15T01:17:12+00:00","og_image":[{"width":1000,"height":670,"url":"https:\/\/verdadeon.com.br\/portal\/wp-content\/uploads\/2020\/11\/santos_inter_1411-1.jpg","type":"image\/jpeg"}],"author":"Redacao VerdadeOn","twitter_card":"summary_large_image","twitter_misc":{"Escrito por":"Redacao VerdadeOn","Est. tempo de leitura":"3 minutos"},"schema":{"@context":"https:\/\/schema.org","@graph":[{"@type":"WebPage","@id":"https:\/\/verdadeon.com.br\/portal\/2020\/11\/14\/mesmo-com-desfalques-santos-vence-inter-por-2-a-0-na-viia-belmiro\/","url":"https:\/\/verdadeon.com.br\/portal\/2020\/11\/14\/mesmo-com-desfalques-santos-vence-inter-por-2-a-0-na-viia-belmiro\/","name":"Mesmo com desfalques, Santos vence Inter por 2 a 0 na ViIa Belmiro - VerdadeOn","isPartOf":{"@id":"https:\/\/verdadeon.com.br\/portal\/#website"},"primaryImageOfPage":{"@id":"https:\/\/verdadeon.com.br\/portal\/2020\/11\/14\/mesmo-com-desfalques-santos-vence-inter-por-2-a-0-na-viia-belmiro\/#primaryimage"},"image":{"@id":"https:\/\/verdadeon.com.br\/portal\/2020\/11\/14\/mesmo-com-desfalques-santos-vence-inter-por-2-a-0-na-viia-belmiro\/#primaryimage"},"thumbnailUrl":"https:\/\/i0.wp.com\/verdadeon.com.br\/portal\/wp-content\/uploads\/2020\/11\/santos_inter_1411-1.jpg?fit=1000%2C670&ssl=1","datePublished":"2020-11-15T01:17:12+00:00","author":{"@id":"https:\/\/verdadeon.com.br\/portal\/#\/schema\/person\/a5060ad1e9ea3df545188fc93ce43d2f"},"breadcrumb":{"@id":"https:\/\/verdadeon.com.br\/portal\/2020\/11\/14\/mesmo-com-desfalques-santos-vence-inter-por-2-a-0-na-viia-belmiro\/#breadcrumb"},"inLanguage":"pt-BR","potentialAction":[{"@type":"ReadAction","target":["https:\/\/verdadeon.com.br\/portal\/2020\/11\/14\/mesmo-com-desfalques-santos-vence-inter-por-2-a-0-na-viia-belmiro\/"]}]},{"@type":"ImageObject","inLanguage":"pt-BR","@id":"https:\/\/verdadeon.com.br\/portal\/2020\/11\/14\/mesmo-com-desfalques-santos-vence-inter-por-2-a-0-na-viia-belmiro\/#primaryimage","url":"https:\/\/i0.wp.com\/verdadeon.com.br\/portal\/wp-content\/uploads\/2020\/11\/santos_inter_1411-1.jpg?fit=1000%2C670&ssl=1","contentUrl":"https:\/\/i0.wp.com\/verdadeon.com.br\/portal\/wp-content\/uploads\/2020\/11\/santos_inter_1411-1.jpg?fit=1000%2C670&ssl=1","width":1000,"height":670},{"@type":"BreadcrumbList","@id":"https:\/\/verdadeon.com.br\/portal\/2020\/11\/14\/mesmo-com-desfalques-santos-vence-inter-por-2-a-0-na-viia-belmiro\/#breadcrumb","itemListElement":[{"@type":"ListItem","position":1,"name":"In\u00edcio","item":"https:\/\/verdadeon.com.br\/portal\/"},{"@type":"ListItem","position":2,"name":"Mesmo com desfalques, Santos vence Inter por 2 a 0 na ViIa Belmiro"}]},{"@type":"WebSite","@id":"https:\/\/verdadeon.com.br\/portal\/#website","url":"https:\/\/verdadeon.com.br\/portal\/","name":"VerdadeOn","description":"Not\u00edcias di\u00e1rias sobre Franca, Regi\u00e3o, Esporte, Cultura, Cotidiano, Colunas. Cobertura nos principais eventos da cidade \u00e9 aqui - Verdadeon Franca","potentialAction":[{"@type":"SearchAction","target":{"@type":"EntryPoint","urlTemplate":"https:\/\/verdadeon.com.br\/portal\/?s={search_term_string}"},"query-input":{"@type":"PropertyValueSpecification","valueRequired":true,"valueName":"search_term_string"}}],"inLanguage":"pt-BR"},{"@type":"Person","@id":"https:\/\/verdadeon.com.br\/portal\/#\/schema\/person\/a5060ad1e9ea3df545188fc93ce43d2f","name":"Redacao VerdadeOn","image":{"@type":"ImageObject","inLanguage":"pt-BR","@id":"https:\/\/verdadeon.com.br\/portal\/#\/schema\/person\/image\/","url":"https:\/\/secure.gravatar.com\/avatar\/459a9613caaaf07f582c3d0841eea68bdd66f533e465e6ba8b9cb45619572cf4?s=96&d=mm&r=g","contentUrl":"https:\/\/secure.gravatar.com\/avatar\/459a9613caaaf07f582c3d0841eea68bdd66f533e465e6ba8b9cb45619572cf4?s=96&d=mm&r=g","caption":"Redacao VerdadeOn"},"url":"https:\/\/verdadeon.com.br\/portal\/author\/redacao\/"}]}},"jetpack_publicize_connections":[],"jetpack_featured_media_url":"https:\/\/i0.wp.com\/verdadeon.com.br\/portal\/wp-content\/uploads\/2020\/11\/santos_inter_1411-1.jpg?fit=1000%2C670&ssl=1","jetpack_sharing_enabled":true,"_links":{"self":[{"href":"https:\/\/verdadeon.com.br\/portal\/wp-json\/wp\/v2\/posts\/11883","targetHints":{"allow":["GET"]}}],"collection":[{"href":"https:\/\/verdadeon.com.br\/portal\/wp-json\/wp\/v2\/posts"}],"about":[{"href":"https:\/\/verdadeon.com.br\/portal\/wp-json\/wp\/v2\/types\/post"}],"author":[{"embeddable":true,"href":"https:\/\/verdadeon.com.br\/portal\/wp-json\/wp\/v2\/users\/10"}],"replies":[{"embeddable":true,"href":"https:\/\/verdadeon.com.br\/portal\/wp-json\/wp\/v2\/comments?post=11883"}],"version-history":[{"count":0,"href":"https:\/\/verdadeon.com.br\/portal\/wp-json\/wp\/v2\/posts\/11883\/revisions"}],"wp:featuredmedia":[{"embeddable":true,"href":"https:\/\/verdadeon.com.br\/portal\/wp-json\/wp\/v2\/media\/11886"}],"wp:attachment":[{"href":"https:\/\/verdadeon.com.br\/portal\/wp-json\/wp\/v2\/media?parent=11883"}],"wp:term":[{"taxonomy":"category","embeddable":true,"href":"https:\/\/verdadeon.com.br\/portal\/wp-json\/wp\/v2\/categories?post=11883"},{"taxonomy":"post_tag","embeddable":true,"href":"https:\/\/verdadeon.com.br\/portal\/wp-json\/wp\/v2\/tags?post=11883"}],"curies":[{"name":"wp","href":"https:\/\/api.w.org\/{rel}","templated":true}]}}