{"id":11859,"date":"2020-11-13T19:00:16","date_gmt":"2020-11-13T22:00:16","guid":{"rendered":"http:\/\/verdadeon.com.br\/portal\/?p=11859"},"modified":"2020-11-13T22:04:00","modified_gmt":"2020-11-14T01:04:00","slug":"ministerio-da-saude-diz-que-pode-ter-sofrido-ataque-cibernetico","status":"publish","type":"post","link":"https:\/\/verdadeon.com.br\/portal\/2020\/11\/13\/ministerio-da-saude-diz-que-pode-ter-sofrido-ataque-cibernetico\/","title":{"rendered":"Minist\u00e9rio da Sa\u00fade diz que pode ter sofrido ataque cibern\u00e9tico"},"content":{"rendered":"<div class=\"col-lg-12 mb-3\">\n<div class=\"row\">\n<h3 class=\"col-10 offset-1 animated fadeInDown dealy-900 display-8 display-md-8 alt-font font-italic my-1 text-center\">T\u00e9cnicos do minist\u00e9rio investigam o incidente<\/h3>\n<\/div>\n<p>Jonas Valente \u2013 Rep\u00f3rter Ag\u00eancia Brasil &#8211; Bras\u00edlia<\/p><\/div>\n<div class=\"col-xl-7 offset-xl-1 col-lg-8 offset-lg-0 col-md-10 offset-md-1 mb-3\">\n<div class=\"post-item alt-font\">\n<div class=\"post-item-wrap\">\n<p>O secret\u00e1rio-executivo do Minist\u00e9rio da Sa\u00fade, \u00c9lcio Franco, disse em pronunciamento hoje (13) que h\u00e1 ind\u00edcios de o \u00f3rg\u00e3o ter sofrido um ataque cibern\u00e9tico. O minist\u00e9rio j\u00e1 havia reportado na semana passada um problema na sua rede de tecnologia que\u00a0<a href=\"https:\/\/agenciabrasil.ebc.com.br\/geral\/noticia\/2020-11\/internet-e-telefones-do-ministerio-da-saude-saem-do-ar\" target=\"_blank\" rel=\"noopener noreferrer\">deixou a pasta sem telefone e acesso a e-mails<\/a>. Uma equipe de t\u00e9cnicos passou a investigar o incidente.<img data-recalc-dims=\"1\" decoding=\"async\" src=\"https:\/\/i0.wp.com\/agenciabrasil.ebc.com.br\/ebc.png?w=1220&#038;ssl=1\" \/><img data-recalc-dims=\"1\" decoding=\"async\" src=\"https:\/\/i0.wp.com\/agenciabrasil.ebc.com.br\/ebc.gif?w=1220&#038;ssl=1\" \/><\/p>\n<p>\u201cAp\u00f3s o in\u00edcio das investiga\u00e7\u00f5es sobre o v\u00edrus que afetou nossa rede de tecnologia, h\u00e1 ind\u00edcios de que a pasta tamb\u00e9m foi alvo de ataques cibern\u00e9ticos, embora n\u00e3o haja laudo conclusivo. O minist\u00e9rio n\u00e3o divulgou informa\u00e7\u00f5es at\u00e9 agora para preservar dados e n\u00e3o comprometer provas\u201d, disse o secret\u00e1rio-executivo \u00c9lcio Franco.<\/p>\n<p>Ele acrescentou que n\u00e3o houve sequestro, comprometimento ou vazamento de informa\u00e7\u00f5es do sistema do minist\u00e9rio.<\/p>\n<div class=\"embed-responsive embed-responsive-16by9\"><iframe loading=\"lazy\" class=\"embed-responsive-item\" src=\"https:\/\/www.youtube.com\/embed\/u6Jdn3frVCE\" width=\"560\" height=\"315\" frameborder=\"0\" allowfullscreen=\"allowfullscreen\" data-mce-fragment=\"1\"><\/iframe><\/div>\n<p>&nbsp;<\/p>\n<p>Apesar de ter restabelecido os servi\u00e7os no in\u00edcio da semana, as atualiza\u00e7\u00f5es di\u00e1rias de dados sobre a pandemia do novo coronav\u00edrus (covid-19) passaram a vir incompletas. Os dados sobre mortes em investiga\u00e7\u00e3o estavam desatualizados desde o dia 4.<\/p>\n<p>Informa\u00e7\u00f5es sobre recuperados e pacientes em acompanhamento passaram dias na mesma situa\u00e7\u00e3o. E o minist\u00e9rio passou a semana sem detalhar as raz\u00f5es para as dificuldades de apresenta\u00e7\u00e3o do balan\u00e7o de casos e mortes por covid-19, at\u00e9 o pronunciamento de hoje.<\/p>\n<p>Franco justificou essa situa\u00e7\u00e3o de dados desatualizados pela falta de condi\u00e7\u00f5es dos estados de acessar o sistema do minist\u00e9rio. \u201cA dificuldade de acesso \u00e0 rede enfrentada por alguns estados se deu em raz\u00e3o do bloqueio da base de dados que foi usada para preservar as informa\u00e7\u00f5es\u201d, disse.<\/p>\n<p>O secret\u00e1rio-executivo disse que pode haver intermit\u00eancia, mas que o sistema deve estar regularizado no in\u00edcio da semana que vem.<\/p>\n<p>A equipe designada para a investiga\u00e7\u00e3o continua trabalhando no caso.<\/p>\n<\/div>\n<p class=\"alt-font font-italic my-2 small text-info\">Edi\u00e7\u00e3o: Fernando Fraga<\/p>\n<\/div>\n<\/div>\n","protected":false},"excerpt":{"rendered":"<p>T\u00e9cnicos do minist\u00e9rio investigam o incidente Jonas Valente \u2013 Rep\u00f3rter Ag\u00eancia Brasil &#8211; Bras\u00edlia O secret\u00e1rio-executivo do Minist\u00e9rio da Sa\u00fade, \u00c9lcio Franco, disse em pronunciamento hoje<span class=\"excerpt-hellip\"> [\u2026]<\/span><\/p>\n","protected":false},"author":10,"featured_media":11864,"comment_status":"open","ping_status":"open","sticky":false,"template":"","format":"standard","meta":{"_jetpack_memberships_contains_paid_content":false,"footnotes":"","jetpack_publicize_message":"","jetpack_publicize_feature_enabled":true,"jetpack_social_post_already_shared":false,"jetpack_social_options":{"image_generator_settings":{"template":"highway","default_image_id":0,"enabled":false},"version":2}},"categories":[53,44],"tags":[],"class_list":["post-11859","post","type-post","status-publish","format-standard","has-post-thumbnail","hentry","category-brasil","category-noticias"],"yoast_head":"<!-- This site is optimized with the Yoast SEO plugin v25.6 - https:\/\/yoast.com\/wordpress\/plugins\/seo\/ -->\n<title>Minist\u00e9rio da Sa\u00fade diz que pode ter sofrido ataque cibern\u00e9tico - VerdadeOn<\/title>\n<meta name=\"robots\" content=\"index, follow, max-snippet:-1, max-image-preview:large, max-video-preview:-1\" \/>\n<link rel=\"canonical\" href=\"https:\/\/verdadeon.com.br\/portal\/2020\/11\/13\/ministerio-da-saude-diz-que-pode-ter-sofrido-ataque-cibernetico\/\" \/>\n<meta property=\"og:locale\" content=\"pt_BR\" \/>\n<meta property=\"og:type\" content=\"article\" \/>\n<meta property=\"og:title\" content=\"Minist\u00e9rio da Sa\u00fade diz que pode ter sofrido ataque cibern\u00e9tico - VerdadeOn\" \/>\n<meta property=\"og:description\" content=\"T\u00e9cnicos do minist\u00e9rio investigam o incidente Jonas Valente \u2013 Rep\u00f3rter Ag\u00eancia Brasil &#8211; Bras\u00edlia O secret\u00e1rio-executivo do Minist\u00e9rio da Sa\u00fade, \u00c9lcio Franco, disse em pronunciamento hoje [\u2026]\" \/>\n<meta property=\"og:url\" content=\"https:\/\/verdadeon.com.br\/portal\/2020\/11\/13\/ministerio-da-saude-diz-que-pode-ter-sofrido-ataque-cibernetico\/\" \/>\n<meta property=\"og:site_name\" content=\"VerdadeOn\" \/>\n<meta property=\"article:published_time\" content=\"2020-11-13T22:00:16+00:00\" \/>\n<meta property=\"article:modified_time\" content=\"2020-11-14T01:04:00+00:00\" \/>\n<meta property=\"og:image\" content=\"https:\/\/verdadeon.com.br\/portal\/wp-content\/uploads\/2020\/11\/mca_abr_numero_de_serie_de_4_digitos_090620_1-1.jpg\" \/>\n\t<meta property=\"og:image:width\" content=\"1000\" \/>\n\t<meta property=\"og:image:height\" content=\"670\" \/>\n\t<meta property=\"og:image:type\" content=\"image\/jpeg\" \/>\n<meta name=\"author\" content=\"Redacao VerdadeOn\" \/>\n<meta name=\"twitter:card\" content=\"summary_large_image\" \/>\n<meta name=\"twitter:label1\" content=\"Escrito por\" \/>\n\t<meta name=\"twitter:data1\" content=\"Redacao VerdadeOn\" \/>\n\t<meta name=\"twitter:label2\" content=\"Est. tempo de leitura\" \/>\n\t<meta name=\"twitter:data2\" content=\"2 minutos\" \/>\n<script type=\"application\/ld+json\" class=\"yoast-schema-graph\">{\"@context\":\"https:\/\/schema.org\",\"@graph\":[{\"@type\":\"WebPage\",\"@id\":\"https:\/\/verdadeon.com.br\/portal\/2020\/11\/13\/ministerio-da-saude-diz-que-pode-ter-sofrido-ataque-cibernetico\/\",\"url\":\"https:\/\/verdadeon.com.br\/portal\/2020\/11\/13\/ministerio-da-saude-diz-que-pode-ter-sofrido-ataque-cibernetico\/\",\"name\":\"Minist\u00e9rio da Sa\u00fade diz que pode ter sofrido ataque cibern\u00e9tico - VerdadeOn\",\"isPartOf\":{\"@id\":\"https:\/\/verdadeon.com.br\/portal\/#website\"},\"primaryImageOfPage\":{\"@id\":\"https:\/\/verdadeon.com.br\/portal\/2020\/11\/13\/ministerio-da-saude-diz-que-pode-ter-sofrido-ataque-cibernetico\/#primaryimage\"},\"image\":{\"@id\":\"https:\/\/verdadeon.com.br\/portal\/2020\/11\/13\/ministerio-da-saude-diz-que-pode-ter-sofrido-ataque-cibernetico\/#primaryimage\"},\"thumbnailUrl\":\"https:\/\/i0.wp.com\/verdadeon.com.br\/portal\/wp-content\/uploads\/2020\/11\/mca_abr_numero_de_serie_de_4_digitos_090620_1-1.jpg?fit=1000%2C670&ssl=1\",\"datePublished\":\"2020-11-13T22:00:16+00:00\",\"dateModified\":\"2020-11-14T01:04:00+00:00\",\"author\":{\"@id\":\"https:\/\/verdadeon.com.br\/portal\/#\/schema\/person\/a5060ad1e9ea3df545188fc93ce43d2f\"},\"breadcrumb\":{\"@id\":\"https:\/\/verdadeon.com.br\/portal\/2020\/11\/13\/ministerio-da-saude-diz-que-pode-ter-sofrido-ataque-cibernetico\/#breadcrumb\"},\"inLanguage\":\"pt-BR\",\"potentialAction\":[{\"@type\":\"ReadAction\",\"target\":[\"https:\/\/verdadeon.com.br\/portal\/2020\/11\/13\/ministerio-da-saude-diz-que-pode-ter-sofrido-ataque-cibernetico\/\"]}]},{\"@type\":\"ImageObject\",\"inLanguage\":\"pt-BR\",\"@id\":\"https:\/\/verdadeon.com.br\/portal\/2020\/11\/13\/ministerio-da-saude-diz-que-pode-ter-sofrido-ataque-cibernetico\/#primaryimage\",\"url\":\"https:\/\/i0.wp.com\/verdadeon.com.br\/portal\/wp-content\/uploads\/2020\/11\/mca_abr_numero_de_serie_de_4_digitos_090620_1-1.jpg?fit=1000%2C670&ssl=1\",\"contentUrl\":\"https:\/\/i0.wp.com\/verdadeon.com.br\/portal\/wp-content\/uploads\/2020\/11\/mca_abr_numero_de_serie_de_4_digitos_090620_1-1.jpg?fit=1000%2C670&ssl=1\",\"width\":1000,\"height\":670,\"caption\":\"Fachada do Minist\u00e9rio da Sa\u00fade na Esplanada dos Minist\u00e9rios\"},{\"@type\":\"BreadcrumbList\",\"@id\":\"https:\/\/verdadeon.com.br\/portal\/2020\/11\/13\/ministerio-da-saude-diz-que-pode-ter-sofrido-ataque-cibernetico\/#breadcrumb\",\"itemListElement\":[{\"@type\":\"ListItem\",\"position\":1,\"name\":\"In\u00edcio\",\"item\":\"https:\/\/verdadeon.com.br\/portal\/\"},{\"@type\":\"ListItem\",\"position\":2,\"name\":\"Minist\u00e9rio da Sa\u00fade diz que pode ter sofrido ataque cibern\u00e9tico\"}]},{\"@type\":\"WebSite\",\"@id\":\"https:\/\/verdadeon.com.br\/portal\/#website\",\"url\":\"https:\/\/verdadeon.com.br\/portal\/\",\"name\":\"VerdadeOn\",\"description\":\"Not\u00edcias di\u00e1rias sobre Franca, Regi\u00e3o, Esporte, Cultura, Cotidiano, Colunas. Cobertura nos principais eventos da cidade \u00e9 aqui - Verdadeon Franca\",\"potentialAction\":[{\"@type\":\"SearchAction\",\"target\":{\"@type\":\"EntryPoint\",\"urlTemplate\":\"https:\/\/verdadeon.com.br\/portal\/?s={search_term_string}\"},\"query-input\":{\"@type\":\"PropertyValueSpecification\",\"valueRequired\":true,\"valueName\":\"search_term_string\"}}],\"inLanguage\":\"pt-BR\"},{\"@type\":\"Person\",\"@id\":\"https:\/\/verdadeon.com.br\/portal\/#\/schema\/person\/a5060ad1e9ea3df545188fc93ce43d2f\",\"name\":\"Redacao VerdadeOn\",\"image\":{\"@type\":\"ImageObject\",\"inLanguage\":\"pt-BR\",\"@id\":\"https:\/\/verdadeon.com.br\/portal\/#\/schema\/person\/image\/\",\"url\":\"https:\/\/secure.gravatar.com\/avatar\/459a9613caaaf07f582c3d0841eea68bdd66f533e465e6ba8b9cb45619572cf4?s=96&d=mm&r=g\",\"contentUrl\":\"https:\/\/secure.gravatar.com\/avatar\/459a9613caaaf07f582c3d0841eea68bdd66f533e465e6ba8b9cb45619572cf4?s=96&d=mm&r=g\",\"caption\":\"Redacao VerdadeOn\"},\"url\":\"https:\/\/verdadeon.com.br\/portal\/author\/redacao\/\"}]}<\/script>\n<!-- \/ Yoast SEO plugin. -->","yoast_head_json":{"title":"Minist\u00e9rio da Sa\u00fade diz que pode ter sofrido ataque cibern\u00e9tico - VerdadeOn","robots":{"index":"index","follow":"follow","max-snippet":"max-snippet:-1","max-image-preview":"max-image-preview:large","max-video-preview":"max-video-preview:-1"},"canonical":"https:\/\/verdadeon.com.br\/portal\/2020\/11\/13\/ministerio-da-saude-diz-que-pode-ter-sofrido-ataque-cibernetico\/","og_locale":"pt_BR","og_type":"article","og_title":"Minist\u00e9rio da Sa\u00fade diz que pode ter sofrido ataque cibern\u00e9tico - VerdadeOn","og_description":"T\u00e9cnicos do minist\u00e9rio investigam o incidente Jonas Valente \u2013 Rep\u00f3rter Ag\u00eancia Brasil &#8211; Bras\u00edlia O secret\u00e1rio-executivo do Minist\u00e9rio da Sa\u00fade, \u00c9lcio Franco, disse em pronunciamento hoje [\u2026]","og_url":"https:\/\/verdadeon.com.br\/portal\/2020\/11\/13\/ministerio-da-saude-diz-que-pode-ter-sofrido-ataque-cibernetico\/","og_site_name":"VerdadeOn","article_published_time":"2020-11-13T22:00:16+00:00","article_modified_time":"2020-11-14T01:04:00+00:00","og_image":[{"width":1000,"height":670,"url":"https:\/\/verdadeon.com.br\/portal\/wp-content\/uploads\/2020\/11\/mca_abr_numero_de_serie_de_4_digitos_090620_1-1.jpg","type":"image\/jpeg"}],"author":"Redacao VerdadeOn","twitter_card":"summary_large_image","twitter_misc":{"Escrito por":"Redacao VerdadeOn","Est. tempo de leitura":"2 minutos"},"schema":{"@context":"https:\/\/schema.org","@graph":[{"@type":"WebPage","@id":"https:\/\/verdadeon.com.br\/portal\/2020\/11\/13\/ministerio-da-saude-diz-que-pode-ter-sofrido-ataque-cibernetico\/","url":"https:\/\/verdadeon.com.br\/portal\/2020\/11\/13\/ministerio-da-saude-diz-que-pode-ter-sofrido-ataque-cibernetico\/","name":"Minist\u00e9rio da Sa\u00fade diz que pode ter sofrido ataque cibern\u00e9tico - VerdadeOn","isPartOf":{"@id":"https:\/\/verdadeon.com.br\/portal\/#website"},"primaryImageOfPage":{"@id":"https:\/\/verdadeon.com.br\/portal\/2020\/11\/13\/ministerio-da-saude-diz-que-pode-ter-sofrido-ataque-cibernetico\/#primaryimage"},"image":{"@id":"https:\/\/verdadeon.com.br\/portal\/2020\/11\/13\/ministerio-da-saude-diz-que-pode-ter-sofrido-ataque-cibernetico\/#primaryimage"},"thumbnailUrl":"https:\/\/i0.wp.com\/verdadeon.com.br\/portal\/wp-content\/uploads\/2020\/11\/mca_abr_numero_de_serie_de_4_digitos_090620_1-1.jpg?fit=1000%2C670&ssl=1","datePublished":"2020-11-13T22:00:16+00:00","dateModified":"2020-11-14T01:04:00+00:00","author":{"@id":"https:\/\/verdadeon.com.br\/portal\/#\/schema\/person\/a5060ad1e9ea3df545188fc93ce43d2f"},"breadcrumb":{"@id":"https:\/\/verdadeon.com.br\/portal\/2020\/11\/13\/ministerio-da-saude-diz-que-pode-ter-sofrido-ataque-cibernetico\/#breadcrumb"},"inLanguage":"pt-BR","potentialAction":[{"@type":"ReadAction","target":["https:\/\/verdadeon.com.br\/portal\/2020\/11\/13\/ministerio-da-saude-diz-que-pode-ter-sofrido-ataque-cibernetico\/"]}]},{"@type":"ImageObject","inLanguage":"pt-BR","@id":"https:\/\/verdadeon.com.br\/portal\/2020\/11\/13\/ministerio-da-saude-diz-que-pode-ter-sofrido-ataque-cibernetico\/#primaryimage","url":"https:\/\/i0.wp.com\/verdadeon.com.br\/portal\/wp-content\/uploads\/2020\/11\/mca_abr_numero_de_serie_de_4_digitos_090620_1-1.jpg?fit=1000%2C670&ssl=1","contentUrl":"https:\/\/i0.wp.com\/verdadeon.com.br\/portal\/wp-content\/uploads\/2020\/11\/mca_abr_numero_de_serie_de_4_digitos_090620_1-1.jpg?fit=1000%2C670&ssl=1","width":1000,"height":670,"caption":"Fachada do Minist\u00e9rio da Sa\u00fade na Esplanada dos Minist\u00e9rios"},{"@type":"BreadcrumbList","@id":"https:\/\/verdadeon.com.br\/portal\/2020\/11\/13\/ministerio-da-saude-diz-que-pode-ter-sofrido-ataque-cibernetico\/#breadcrumb","itemListElement":[{"@type":"ListItem","position":1,"name":"In\u00edcio","item":"https:\/\/verdadeon.com.br\/portal\/"},{"@type":"ListItem","position":2,"name":"Minist\u00e9rio da Sa\u00fade diz que pode ter sofrido ataque cibern\u00e9tico"}]},{"@type":"WebSite","@id":"https:\/\/verdadeon.com.br\/portal\/#website","url":"https:\/\/verdadeon.com.br\/portal\/","name":"VerdadeOn","description":"Not\u00edcias di\u00e1rias sobre Franca, Regi\u00e3o, Esporte, Cultura, Cotidiano, Colunas. Cobertura nos principais eventos da cidade \u00e9 aqui - Verdadeon Franca","potentialAction":[{"@type":"SearchAction","target":{"@type":"EntryPoint","urlTemplate":"https:\/\/verdadeon.com.br\/portal\/?s={search_term_string}"},"query-input":{"@type":"PropertyValueSpecification","valueRequired":true,"valueName":"search_term_string"}}],"inLanguage":"pt-BR"},{"@type":"Person","@id":"https:\/\/verdadeon.com.br\/portal\/#\/schema\/person\/a5060ad1e9ea3df545188fc93ce43d2f","name":"Redacao VerdadeOn","image":{"@type":"ImageObject","inLanguage":"pt-BR","@id":"https:\/\/verdadeon.com.br\/portal\/#\/schema\/person\/image\/","url":"https:\/\/secure.gravatar.com\/avatar\/459a9613caaaf07f582c3d0841eea68bdd66f533e465e6ba8b9cb45619572cf4?s=96&d=mm&r=g","contentUrl":"https:\/\/secure.gravatar.com\/avatar\/459a9613caaaf07f582c3d0841eea68bdd66f533e465e6ba8b9cb45619572cf4?s=96&d=mm&r=g","caption":"Redacao VerdadeOn"},"url":"https:\/\/verdadeon.com.br\/portal\/author\/redacao\/"}]}},"jetpack_publicize_connections":[],"jetpack_featured_media_url":"https:\/\/i0.wp.com\/verdadeon.com.br\/portal\/wp-content\/uploads\/2020\/11\/mca_abr_numero_de_serie_de_4_digitos_090620_1-1.jpg?fit=1000%2C670&ssl=1","jetpack_sharing_enabled":true,"_links":{"self":[{"href":"https:\/\/verdadeon.com.br\/portal\/wp-json\/wp\/v2\/posts\/11859","targetHints":{"allow":["GET"]}}],"collection":[{"href":"https:\/\/verdadeon.com.br\/portal\/wp-json\/wp\/v2\/posts"}],"about":[{"href":"https:\/\/verdadeon.com.br\/portal\/wp-json\/wp\/v2\/types\/post"}],"author":[{"embeddable":true,"href":"https:\/\/verdadeon.com.br\/portal\/wp-json\/wp\/v2\/users\/10"}],"replies":[{"embeddable":true,"href":"https:\/\/verdadeon.com.br\/portal\/wp-json\/wp\/v2\/comments?post=11859"}],"version-history":[{"count":0,"href":"https:\/\/verdadeon.com.br\/portal\/wp-json\/wp\/v2\/posts\/11859\/revisions"}],"wp:featuredmedia":[{"embeddable":true,"href":"https:\/\/verdadeon.com.br\/portal\/wp-json\/wp\/v2\/media\/11864"}],"wp:attachment":[{"href":"https:\/\/verdadeon.com.br\/portal\/wp-json\/wp\/v2\/media?parent=11859"}],"wp:term":[{"taxonomy":"category","embeddable":true,"href":"https:\/\/verdadeon.com.br\/portal\/wp-json\/wp\/v2\/categories?post=11859"},{"taxonomy":"post_tag","embeddable":true,"href":"https:\/\/verdadeon.com.br\/portal\/wp-json\/wp\/v2\/tags?post=11859"}],"curies":[{"name":"wp","href":"https:\/\/api.w.org\/{rel}","templated":true}]}}