{"id":11836,"date":"2020-11-12T21:19:05","date_gmt":"2020-11-13T00:19:05","guid":{"rendered":"http:\/\/verdadeon.com.br\/portal\/?p=11836"},"modified":"2020-11-12T21:19:05","modified_gmt":"2020-11-13T00:19:05","slug":"covid-19-brasil-tem-164-mil-mortes-e-578-milhoes-de-casos-acumulados","status":"publish","type":"post","link":"https:\/\/verdadeon.com.br\/portal\/2020\/11\/12\/covid-19-brasil-tem-164-mil-mortes-e-578-milhoes-de-casos-acumulados\/","title":{"rendered":"Covid-19: Brasil tem 164 mil mortes e 5,78 milh\u00f5es de casos acumulados"},"content":{"rendered":"<div class=\"col-lg-12 mb-3\">\n<div class=\"row\">\n<h3 class=\"col-10 offset-1 animated fadeInDown dealy-900 display-8 display-md-8 alt-font font-italic my-1 text-center\">O n\u00famero de pessoas recuperadas chega a 5.256.767<\/h3>\n<\/div>\n<p>Jonas Valente \u2013 Rep\u00f3rter Ag\u00eancia Brasil &#8211; Bras\u00edlia<\/p><\/div>\n<div class=\"col-xl-7 offset-xl-1 col-lg-8 offset-lg-0 col-md-10 offset-md-1 mb-3\">\n<div class=\"post-item alt-font\">\n<div class=\"post-item-wrap\">\n<p>As mortes em raz\u00e3o da pandemia do novo coronav\u00edrus chegaram a 164.281. Nas \u00faltimas 24 horas, foram registrados 908 \u00f3bitos.\u00a0Ontem, o painel de estat\u00edsticas marcava 163.373 \u00f3bitos. Ainda h\u00e1 2.295 falecimentos em investiga\u00e7\u00e3o, dado referente ao dia\u00a04 de novembro\u00a0e que n\u00e3o foi atualizado, segundo\u00a0o Minist\u00e9rio da Sa\u00fade em raz\u00e3o de problemas t\u00e9cnicos no sistema do \u00f3rg\u00e3o.<img data-recalc-dims=\"1\" decoding=\"async\" src=\"https:\/\/i0.wp.com\/agenciabrasil.ebc.com.br\/ebc.png?w=1220&#038;ssl=1\" \/><img data-recalc-dims=\"1\" decoding=\"async\" src=\"https:\/\/i0.wp.com\/agenciabrasil.ebc.com.br\/ebc.gif?w=1220&#038;ssl=1\" \/><\/p>\n<p>Os casos de pessoas infectadas pelo coronav\u00edrus ao longo da pandemia alcan\u00e7aram 5.781.582. Entre\u00a0ontem\u00a0e\u00a0hoje, as autoridades de sa\u00fade notificaram 33.207 novos diagn\u00f3sticos positivos para a covid-19.\u00a0Ontem, o sistema de informa\u00e7\u00f5es para a pandemia trazia 5.748.375 casos acumulados.<\/p>\n<p>Os dados est\u00e3o na atualiza\u00e7\u00e3o di\u00e1ria do Minist\u00e9rio da Sa\u00fade sobre a evolu\u00e7\u00e3o da pandemia no pa\u00eds. As informa\u00e7\u00f5es s\u00e3o organizadas e verificados pelas secretarias estaduais de sa\u00fade.<\/p>\n<p>O balan\u00e7o apontou tamb\u00e9m 360.534 pacientes em acompanhamento. Outros 5.256.767 j\u00e1 se recuperaram da doen\u00e7a.<\/p>\n<h2>Covid-19 nos estados<\/h2>\n<p>Os estados com mais mortes s\u00e3o S\u00e3o Paulo (40.202), Rio\u00a0de Janeiro\u00a0(21.090), Cear\u00e1 (9.430), Minas Gerais (9.259) e Pernambuco (8.794). As Unidades da Federa\u00e7\u00e3o com menos casos s\u00e3o Roraima (705), Acre (707), Amap\u00e1 (771), Tocantins (1.125) e Rond\u00f4nia (1.492).<\/p>\n<div class=\"dnd-widget-wrapper context-cheio_8colunas type-image\">\n<div class=\"dnd-atom-rendered\">\n<div class=\"shadow overflow-hidden rounded-lg d-block zoom-on-hover-sm shadow-hover w-100\"><img data-recalc-dims=\"1\" decoding=\"async\" class=\"flex-fill img-cover\" title=\"Minist\u00e9rio da Sa\u00fade\" src=\"https:\/\/i0.wp.com\/imagens.ebc.com.br\/sH3ZblVAEtnqrCCFlszHRSufHbg%3D\/754x0\/smart\/https%3A\/\/agenciabrasil.ebc.com.br\/sites\/default\/files\/thumbnails\/image\/whatsapp_image_2020-11-12_at_20.10.12.jpeg?w=1220&#038;ssl=1\" alt=\"Boletim epidemiol\u00f3gico covid-19\" \/><\/div>\n<\/div>\n<div class=\"dnd-caption-wrapper\">\n<h6 class=\"meta\">Boletim epidemiol\u00f3gico covid-19 &#8211;\u00a0<strong>Minist\u00e9rio da Sa\u00fade<\/strong><\/h6>\n<\/div>\n<\/div>\n<\/div>\n<p class=\"alt-font font-italic my-2 small text-info\">Edi\u00e7\u00e3o: Liliane Farias<\/p>\n<\/div>\n<\/div>\n","protected":false},"excerpt":{"rendered":"<p>O n\u00famero de pessoas recuperadas chega a 5.256.767 Jonas Valente \u2013 Rep\u00f3rter Ag\u00eancia Brasil &#8211; Bras\u00edlia As mortes em raz\u00e3o da pandemia do novo coronav\u00edrus chegaram<span class=\"excerpt-hellip\"> [\u2026]<\/span><\/p>\n","protected":false},"author":10,"featured_media":11846,"comment_status":"open","ping_status":"open","sticky":false,"template":"","format":"standard","meta":{"_jetpack_memberships_contains_paid_content":false,"footnotes":"","jetpack_publicize_message":"","jetpack_publicize_feature_enabled":true,"jetpack_social_post_already_shared":false,"jetpack_social_options":{"image_generator_settings":{"template":"highway","default_image_id":0,"enabled":false},"version":2}},"categories":[28,44],"tags":[],"class_list":["post-11836","post","type-post","status-publish","format-standard","has-post-thumbnail","hentry","category-cotidiano","category-noticias"],"yoast_head":"<!-- This site is optimized with the Yoast SEO plugin v25.6 - https:\/\/yoast.com\/wordpress\/plugins\/seo\/ -->\n<title>Covid-19: Brasil tem 164 mil mortes e 5,78 milh\u00f5es de casos acumulados - VerdadeOn<\/title>\n<meta name=\"robots\" content=\"index, follow, max-snippet:-1, max-image-preview:large, max-video-preview:-1\" \/>\n<link rel=\"canonical\" href=\"https:\/\/verdadeon.com.br\/portal\/2020\/11\/12\/covid-19-brasil-tem-164-mil-mortes-e-578-milhoes-de-casos-acumulados\/\" \/>\n<meta property=\"og:locale\" content=\"pt_BR\" \/>\n<meta property=\"og:type\" content=\"article\" \/>\n<meta property=\"og:title\" content=\"Covid-19: Brasil tem 164 mil mortes e 5,78 milh\u00f5es de casos acumulados - VerdadeOn\" \/>\n<meta property=\"og:description\" content=\"O n\u00famero de pessoas recuperadas chega a 5.256.767 Jonas Valente \u2013 Rep\u00f3rter Ag\u00eancia Brasil &#8211; Bras\u00edlia As mortes em raz\u00e3o da pandemia do novo coronav\u00edrus chegaram [\u2026]\" \/>\n<meta property=\"og:url\" content=\"https:\/\/verdadeon.com.br\/portal\/2020\/11\/12\/covid-19-brasil-tem-164-mil-mortes-e-578-milhoes-de-casos-acumulados\/\" \/>\n<meta property=\"og:site_name\" content=\"VerdadeOn\" \/>\n<meta property=\"article:published_time\" content=\"2020-11-13T00:19:05+00:00\" \/>\n<meta property=\"og:image\" content=\"https:\/\/verdadeon.com.br\/portal\/wp-content\/uploads\/2020\/11\/coronavirus2602209882_0.jpg\" \/>\n\t<meta property=\"og:image:width\" content=\"1000\" \/>\n\t<meta property=\"og:image:height\" content=\"670\" \/>\n\t<meta property=\"og:image:type\" content=\"image\/jpeg\" \/>\n<meta name=\"author\" content=\"Redacao VerdadeOn\" \/>\n<meta name=\"twitter:card\" content=\"summary_large_image\" \/>\n<meta name=\"twitter:label1\" content=\"Escrito por\" \/>\n\t<meta name=\"twitter:data1\" content=\"Redacao VerdadeOn\" \/>\n\t<meta name=\"twitter:label2\" content=\"Est. tempo de leitura\" \/>\n\t<meta name=\"twitter:data2\" content=\"1 minuto\" \/>\n<script type=\"application\/ld+json\" class=\"yoast-schema-graph\">{\"@context\":\"https:\/\/schema.org\",\"@graph\":[{\"@type\":\"WebPage\",\"@id\":\"https:\/\/verdadeon.com.br\/portal\/2020\/11\/12\/covid-19-brasil-tem-164-mil-mortes-e-578-milhoes-de-casos-acumulados\/\",\"url\":\"https:\/\/verdadeon.com.br\/portal\/2020\/11\/12\/covid-19-brasil-tem-164-mil-mortes-e-578-milhoes-de-casos-acumulados\/\",\"name\":\"Covid-19: Brasil tem 164 mil mortes e 5,78 milh\u00f5es de casos acumulados - VerdadeOn\",\"isPartOf\":{\"@id\":\"https:\/\/verdadeon.com.br\/portal\/#website\"},\"primaryImageOfPage\":{\"@id\":\"https:\/\/verdadeon.com.br\/portal\/2020\/11\/12\/covid-19-brasil-tem-164-mil-mortes-e-578-milhoes-de-casos-acumulados\/#primaryimage\"},\"image\":{\"@id\":\"https:\/\/verdadeon.com.br\/portal\/2020\/11\/12\/covid-19-brasil-tem-164-mil-mortes-e-578-milhoes-de-casos-acumulados\/#primaryimage\"},\"thumbnailUrl\":\"https:\/\/i0.wp.com\/verdadeon.com.br\/portal\/wp-content\/uploads\/2020\/11\/coronavirus2602209882_0.jpg?fit=1000%2C670&ssl=1\",\"datePublished\":\"2020-11-13T00:19:05+00:00\",\"author\":{\"@id\":\"https:\/\/verdadeon.com.br\/portal\/#\/schema\/person\/a5060ad1e9ea3df545188fc93ce43d2f\"},\"breadcrumb\":{\"@id\":\"https:\/\/verdadeon.com.br\/portal\/2020\/11\/12\/covid-19-brasil-tem-164-mil-mortes-e-578-milhoes-de-casos-acumulados\/#breadcrumb\"},\"inLanguage\":\"pt-BR\",\"potentialAction\":[{\"@type\":\"ReadAction\",\"target\":[\"https:\/\/verdadeon.com.br\/portal\/2020\/11\/12\/covid-19-brasil-tem-164-mil-mortes-e-578-milhoes-de-casos-acumulados\/\"]}]},{\"@type\":\"ImageObject\",\"inLanguage\":\"pt-BR\",\"@id\":\"https:\/\/verdadeon.com.br\/portal\/2020\/11\/12\/covid-19-brasil-tem-164-mil-mortes-e-578-milhoes-de-casos-acumulados\/#primaryimage\",\"url\":\"https:\/\/i0.wp.com\/verdadeon.com.br\/portal\/wp-content\/uploads\/2020\/11\/coronavirus2602209882_0.jpg?fit=1000%2C670&ssl=1\",\"contentUrl\":\"https:\/\/i0.wp.com\/verdadeon.com.br\/portal\/wp-content\/uploads\/2020\/11\/coronavirus2602209882_0.jpg?fit=1000%2C670&ssl=1\",\"width\":1000,\"height\":670,\"caption\":\"Coronavirus\"},{\"@type\":\"BreadcrumbList\",\"@id\":\"https:\/\/verdadeon.com.br\/portal\/2020\/11\/12\/covid-19-brasil-tem-164-mil-mortes-e-578-milhoes-de-casos-acumulados\/#breadcrumb\",\"itemListElement\":[{\"@type\":\"ListItem\",\"position\":1,\"name\":\"In\u00edcio\",\"item\":\"https:\/\/verdadeon.com.br\/portal\/\"},{\"@type\":\"ListItem\",\"position\":2,\"name\":\"Covid-19: Brasil tem 164 mil mortes e 5,78 milh\u00f5es de casos acumulados\"}]},{\"@type\":\"WebSite\",\"@id\":\"https:\/\/verdadeon.com.br\/portal\/#website\",\"url\":\"https:\/\/verdadeon.com.br\/portal\/\",\"name\":\"VerdadeOn\",\"description\":\"Not\u00edcias di\u00e1rias sobre Franca, Regi\u00e3o, Esporte, Cultura, Cotidiano, Colunas. Cobertura nos principais eventos da cidade \u00e9 aqui - Verdadeon Franca\",\"potentialAction\":[{\"@type\":\"SearchAction\",\"target\":{\"@type\":\"EntryPoint\",\"urlTemplate\":\"https:\/\/verdadeon.com.br\/portal\/?s={search_term_string}\"},\"query-input\":{\"@type\":\"PropertyValueSpecification\",\"valueRequired\":true,\"valueName\":\"search_term_string\"}}],\"inLanguage\":\"pt-BR\"},{\"@type\":\"Person\",\"@id\":\"https:\/\/verdadeon.com.br\/portal\/#\/schema\/person\/a5060ad1e9ea3df545188fc93ce43d2f\",\"name\":\"Redacao VerdadeOn\",\"image\":{\"@type\":\"ImageObject\",\"inLanguage\":\"pt-BR\",\"@id\":\"https:\/\/verdadeon.com.br\/portal\/#\/schema\/person\/image\/\",\"url\":\"https:\/\/secure.gravatar.com\/avatar\/459a9613caaaf07f582c3d0841eea68bdd66f533e465e6ba8b9cb45619572cf4?s=96&d=mm&r=g\",\"contentUrl\":\"https:\/\/secure.gravatar.com\/avatar\/459a9613caaaf07f582c3d0841eea68bdd66f533e465e6ba8b9cb45619572cf4?s=96&d=mm&r=g\",\"caption\":\"Redacao VerdadeOn\"},\"url\":\"https:\/\/verdadeon.com.br\/portal\/author\/redacao\/\"}]}<\/script>\n<!-- \/ Yoast SEO plugin. -->","yoast_head_json":{"title":"Covid-19: Brasil tem 164 mil mortes e 5,78 milh\u00f5es de casos acumulados - VerdadeOn","robots":{"index":"index","follow":"follow","max-snippet":"max-snippet:-1","max-image-preview":"max-image-preview:large","max-video-preview":"max-video-preview:-1"},"canonical":"https:\/\/verdadeon.com.br\/portal\/2020\/11\/12\/covid-19-brasil-tem-164-mil-mortes-e-578-milhoes-de-casos-acumulados\/","og_locale":"pt_BR","og_type":"article","og_title":"Covid-19: Brasil tem 164 mil mortes e 5,78 milh\u00f5es de casos acumulados - VerdadeOn","og_description":"O n\u00famero de pessoas recuperadas chega a 5.256.767 Jonas Valente \u2013 Rep\u00f3rter Ag\u00eancia Brasil &#8211; Bras\u00edlia As mortes em raz\u00e3o da pandemia do novo coronav\u00edrus chegaram [\u2026]","og_url":"https:\/\/verdadeon.com.br\/portal\/2020\/11\/12\/covid-19-brasil-tem-164-mil-mortes-e-578-milhoes-de-casos-acumulados\/","og_site_name":"VerdadeOn","article_published_time":"2020-11-13T00:19:05+00:00","og_image":[{"width":1000,"height":670,"url":"https:\/\/verdadeon.com.br\/portal\/wp-content\/uploads\/2020\/11\/coronavirus2602209882_0.jpg","type":"image\/jpeg"}],"author":"Redacao VerdadeOn","twitter_card":"summary_large_image","twitter_misc":{"Escrito por":"Redacao VerdadeOn","Est. tempo de leitura":"1 minuto"},"schema":{"@context":"https:\/\/schema.org","@graph":[{"@type":"WebPage","@id":"https:\/\/verdadeon.com.br\/portal\/2020\/11\/12\/covid-19-brasil-tem-164-mil-mortes-e-578-milhoes-de-casos-acumulados\/","url":"https:\/\/verdadeon.com.br\/portal\/2020\/11\/12\/covid-19-brasil-tem-164-mil-mortes-e-578-milhoes-de-casos-acumulados\/","name":"Covid-19: Brasil tem 164 mil mortes e 5,78 milh\u00f5es de casos acumulados - VerdadeOn","isPartOf":{"@id":"https:\/\/verdadeon.com.br\/portal\/#website"},"primaryImageOfPage":{"@id":"https:\/\/verdadeon.com.br\/portal\/2020\/11\/12\/covid-19-brasil-tem-164-mil-mortes-e-578-milhoes-de-casos-acumulados\/#primaryimage"},"image":{"@id":"https:\/\/verdadeon.com.br\/portal\/2020\/11\/12\/covid-19-brasil-tem-164-mil-mortes-e-578-milhoes-de-casos-acumulados\/#primaryimage"},"thumbnailUrl":"https:\/\/i0.wp.com\/verdadeon.com.br\/portal\/wp-content\/uploads\/2020\/11\/coronavirus2602209882_0.jpg?fit=1000%2C670&ssl=1","datePublished":"2020-11-13T00:19:05+00:00","author":{"@id":"https:\/\/verdadeon.com.br\/portal\/#\/schema\/person\/a5060ad1e9ea3df545188fc93ce43d2f"},"breadcrumb":{"@id":"https:\/\/verdadeon.com.br\/portal\/2020\/11\/12\/covid-19-brasil-tem-164-mil-mortes-e-578-milhoes-de-casos-acumulados\/#breadcrumb"},"inLanguage":"pt-BR","potentialAction":[{"@type":"ReadAction","target":["https:\/\/verdadeon.com.br\/portal\/2020\/11\/12\/covid-19-brasil-tem-164-mil-mortes-e-578-milhoes-de-casos-acumulados\/"]}]},{"@type":"ImageObject","inLanguage":"pt-BR","@id":"https:\/\/verdadeon.com.br\/portal\/2020\/11\/12\/covid-19-brasil-tem-164-mil-mortes-e-578-milhoes-de-casos-acumulados\/#primaryimage","url":"https:\/\/i0.wp.com\/verdadeon.com.br\/portal\/wp-content\/uploads\/2020\/11\/coronavirus2602209882_0.jpg?fit=1000%2C670&ssl=1","contentUrl":"https:\/\/i0.wp.com\/verdadeon.com.br\/portal\/wp-content\/uploads\/2020\/11\/coronavirus2602209882_0.jpg?fit=1000%2C670&ssl=1","width":1000,"height":670,"caption":"Coronavirus"},{"@type":"BreadcrumbList","@id":"https:\/\/verdadeon.com.br\/portal\/2020\/11\/12\/covid-19-brasil-tem-164-mil-mortes-e-578-milhoes-de-casos-acumulados\/#breadcrumb","itemListElement":[{"@type":"ListItem","position":1,"name":"In\u00edcio","item":"https:\/\/verdadeon.com.br\/portal\/"},{"@type":"ListItem","position":2,"name":"Covid-19: Brasil tem 164 mil mortes e 5,78 milh\u00f5es de casos acumulados"}]},{"@type":"WebSite","@id":"https:\/\/verdadeon.com.br\/portal\/#website","url":"https:\/\/verdadeon.com.br\/portal\/","name":"VerdadeOn","description":"Not\u00edcias di\u00e1rias sobre Franca, Regi\u00e3o, Esporte, Cultura, Cotidiano, Colunas. Cobertura nos principais eventos da cidade \u00e9 aqui - Verdadeon Franca","potentialAction":[{"@type":"SearchAction","target":{"@type":"EntryPoint","urlTemplate":"https:\/\/verdadeon.com.br\/portal\/?s={search_term_string}"},"query-input":{"@type":"PropertyValueSpecification","valueRequired":true,"valueName":"search_term_string"}}],"inLanguage":"pt-BR"},{"@type":"Person","@id":"https:\/\/verdadeon.com.br\/portal\/#\/schema\/person\/a5060ad1e9ea3df545188fc93ce43d2f","name":"Redacao VerdadeOn","image":{"@type":"ImageObject","inLanguage":"pt-BR","@id":"https:\/\/verdadeon.com.br\/portal\/#\/schema\/person\/image\/","url":"https:\/\/secure.gravatar.com\/avatar\/459a9613caaaf07f582c3d0841eea68bdd66f533e465e6ba8b9cb45619572cf4?s=96&d=mm&r=g","contentUrl":"https:\/\/secure.gravatar.com\/avatar\/459a9613caaaf07f582c3d0841eea68bdd66f533e465e6ba8b9cb45619572cf4?s=96&d=mm&r=g","caption":"Redacao VerdadeOn"},"url":"https:\/\/verdadeon.com.br\/portal\/author\/redacao\/"}]}},"jetpack_publicize_connections":[],"jetpack_featured_media_url":"https:\/\/i0.wp.com\/verdadeon.com.br\/portal\/wp-content\/uploads\/2020\/11\/coronavirus2602209882_0.jpg?fit=1000%2C670&ssl=1","jetpack_sharing_enabled":true,"_links":{"self":[{"href":"https:\/\/verdadeon.com.br\/portal\/wp-json\/wp\/v2\/posts\/11836","targetHints":{"allow":["GET"]}}],"collection":[{"href":"https:\/\/verdadeon.com.br\/portal\/wp-json\/wp\/v2\/posts"}],"about":[{"href":"https:\/\/verdadeon.com.br\/portal\/wp-json\/wp\/v2\/types\/post"}],"author":[{"embeddable":true,"href":"https:\/\/verdadeon.com.br\/portal\/wp-json\/wp\/v2\/users\/10"}],"replies":[{"embeddable":true,"href":"https:\/\/verdadeon.com.br\/portal\/wp-json\/wp\/v2\/comments?post=11836"}],"version-history":[{"count":0,"href":"https:\/\/verdadeon.com.br\/portal\/wp-json\/wp\/v2\/posts\/11836\/revisions"}],"wp:featuredmedia":[{"embeddable":true,"href":"https:\/\/verdadeon.com.br\/portal\/wp-json\/wp\/v2\/media\/11846"}],"wp:attachment":[{"href":"https:\/\/verdadeon.com.br\/portal\/wp-json\/wp\/v2\/media?parent=11836"}],"wp:term":[{"taxonomy":"category","embeddable":true,"href":"https:\/\/verdadeon.com.br\/portal\/wp-json\/wp\/v2\/categories?post=11836"},{"taxonomy":"post_tag","embeddable":true,"href":"https:\/\/verdadeon.com.br\/portal\/wp-json\/wp\/v2\/tags?post=11836"}],"curies":[{"name":"wp","href":"https:\/\/api.w.org\/{rel}","templated":true}]}}