{"id":11834,"date":"2020-11-12T21:06:34","date_gmt":"2020-11-13T00:06:34","guid":{"rendered":"http:\/\/verdadeon.com.br\/portal\/?p=11834"},"modified":"2020-11-12T21:06:34","modified_gmt":"2020-11-13T00:06:34","slug":"pfizer-planeja-ter-mais-de-13-bilhao-de-vacinas-contra-covid-em-2021","status":"publish","type":"post","link":"https:\/\/verdadeon.com.br\/portal\/2020\/11\/12\/pfizer-planeja-ter-mais-de-13-bilhao-de-vacinas-contra-covid-em-2021\/","title":{"rendered":"Pfizer planeja ter mais de 1,3 bilh\u00e3o de vacinas contra covid em 2021"},"content":{"rendered":"<div class=\"col-lg-12 mb-3\">\n<div class=\"row\">\n<h3 class=\"col-10 offset-1 animated fadeInDown dealy-900 display-8 display-md-8 alt-font font-italic my-1 text-center\">Para este ano, a previs\u00e3o s\u00e3o 50 milh\u00f5es de doses de vacina<\/h3>\n<\/div>\n<p>Vin\u00edcius Lisboa &#8211; Rep\u00f3rter da Ag\u00eancia Brasil &#8211; Rio de Janeiro<\/p><\/div>\n<div class=\"col-xl-7 offset-xl-1 col-lg-8 offset-lg-0 col-md-10 offset-md-1 mb-3\">\n<div class=\"post-item alt-font\">\n<div class=\"post-item-wrap\">\n<p>A farmac\u00eautica Pfizer espera obter o registro de sua vacina contra a covid-19 na Food and Drug Administration (FDA, ag\u00eancia do Departamento de Sa\u00fade dos Estados Unidos) em dezembro, o que permitiria iniciar a vacina\u00e7\u00e3o nos Estados Unidos ainda neste ano. Ao participar de um simp\u00f3sio online promovido pela Academia Nacional de Medicina, o presidente da companhia no Brasil, Carlos Murillo, adiantou que 50 milh\u00f5es de doses estar\u00e3o dispon\u00edveis j\u00e1 neste ano, e o total para o ano que vem chega a 1,3 bilh\u00e3o de doses para todo o mundo.<img data-recalc-dims=\"1\" decoding=\"async\" src=\"https:\/\/i0.wp.com\/agenciabrasil.ebc.com.br\/ebc.png?w=1220&#038;ssl=1\" \/><img data-recalc-dims=\"1\" decoding=\"async\" src=\"https:\/\/i0.wp.com\/agenciabrasil.ebc.com.br\/ebc.gif?w=1220&#038;ssl=1\" \/><\/p>\n<p>&#8220;No caso do Brasil, ainda estamos trabalhando fortemente com o governo brasileiro para tentar acelerar a disponibilidade o mais r\u00e1pido poss\u00edvel. Tenho esperan\u00e7a de que no primeiro trimestre do pr\u00f3ximo ano poder\u00edamos estar contando com essa vacina dispon\u00edvel no Brasil&#8221;, disse Murillo, que explicou que a empresa e o governo ainda est\u00e3o em negocia\u00e7\u00e3o.<\/p>\n<p>A previs\u00e3o da Pfizer \u00e9 de que os requisitos exigidos pela ag\u00eancia reguladora americana para completar a solicita\u00e7\u00e3o de registro devem ser cumpridos na terceira semana de novembro. A partir da\u00ed, a avalia\u00e7\u00e3o da FDA deve durar cerca de um m\u00eas e a concess\u00e3o do registro de uso emergencial ainda em 2020.<\/p>\n<p>Os testes cl\u00ednicos da Pfizer\/Biontech envolvem cerca de 44 mil pessoas, sendo 3 mil no Brasil. Uma das exig\u00eancias da FDA \u00e9 que metade dos participantes do estudo tenha recebido a vacina h\u00e1 pelo menos dois meses. A outra exig\u00eancia \u00e9 que ao menos 164 pessoas que participaram do estudo desenvolvam a doen\u00e7a, j\u00e1 que metade dos volunt\u00e1rios n\u00e3o foi imunizada.<\/p>\n<p>A import\u00e2ncia de aplicar placebo em metade dos participantes do estudo \u00e9 comparar se o grupo vacinado de fato ficou protegido, j\u00e1 que se exp\u00f4s \u00e0 doen\u00e7a na mesma regi\u00e3o e no mesmo per\u00edodo que os pacientes n\u00e3o imunizados. Quando divulgou os resultados preliminares no in\u00edcio desta semana, que apontaram efic\u00e1cia de mais de 90%, o n\u00famero de volunt\u00e1rios que desenvolveram covid-19 estava em 94.<\/p>\n<h2>Testes<\/h2>\n<p>A vacina em desenvolvimento pela Pfizer, em parceria com a alem\u00e3 Biontech, est\u00e1 em testes cl\u00ednicos no Brasil desde julho e tamb\u00e9m precisar\u00e1 de registro na Ag\u00eancia Nacional de Vigil\u00e2ncia Sanit\u00e1ria (Anvisa). Assim como a autoridade regulat\u00f3ria europeia, a Anvisa adotou um modelo de submiss\u00e3o cont\u00ednua, em que os documentos exigidos para o registro come\u00e7am a ser avaliados em etapas, antes da conclus\u00e3o dos experimentos.<\/p>\n<p>Segundo Murillo, a partir da conclus\u00e3o dos testes de fase 3, ainda este m\u00eas, todos os documentos ser\u00e3o encaminhados para a Anvisa.<\/p>\n<p>A empresa ainda negocia com o governo brasileiro a possibilidade de fornecer a vacina ao Sistema \u00danico de Sa\u00fade (SUS). Diferentemente das vacinas da Sinovac e da AstraZeneca\/Oxford, o acordo n\u00e3o deve prever transfer\u00eancia de tecnologia em um primeiro momento, porque, segundo Murillo, a Pfizer e a Biontech optaram por concentrar a produ\u00e7\u00e3o em suas plantas nos Estados Unidos e na Alemanha durante a pandemia.<\/p>\n<p>&#8220;Na primeira etapa, a produ\u00e7\u00e3o \u00e9 centralizada. \u00c9 a forma mais r\u00e1pida de sair com a vacina. Passada a pandemia, a Pfizer vai avaliar e ver op\u00e7\u00f5es que permitam, como o Brasil, fazer a transfer\u00eancia de tecnologia&#8221;.<\/p>\n<p>Por ainda estar em negocia\u00e7\u00e3o com o governo brasileiro, o executivo preferiu n\u00e3o revelar o pre\u00e7o da vacina,\u00a0 mas adiantou que h\u00e1 tr\u00eas faixas de pre\u00e7o oferecidas ao mercado global: uma para os pa\u00edses desenvolvidos, uma para os pa\u00edses de renda m\u00e9dia, como o Brasil, e uma para os pa\u00edses mais pobres. Segundo Murillo, a Pfizer investiu 2 bilh\u00f5es de d\u00f3lares de recursos pr\u00f3prios no desenvolvimento da vacina.<\/p>\n<h2>Refrigera\u00e7\u00e3o<\/h2>\n<p>A tecnologia in\u00e9dita da vacina Pfizer\/Biontech, de RNA mensageiro, traz um desafio para a log\u00edstica: as doses precisam ser refrigeradas em freezers muito mais potentes que os dispon\u00edveis em postos de vacina\u00e7\u00e3o. Para contornar o problema, a farmac\u00eautica tem trabalhado com parceiros para desenvolver uma embalagem especial que, apenas com gelo seco, consegue conservar a vacina a menos 70 graus cent\u00edgrados (\u00b0C) por at\u00e9 15 dias.<\/p>\n<p>&#8220;Os avan\u00e7os da ci\u00eancia est\u00e3o sendo vistos na parte da vacina e tamb\u00e9m na parte log\u00edstica&#8221;, disse Murillo, que j\u00e1 apresentou a embalagem ao governo brasileiro. &#8220;N\u00e3o \u00e9 um tema simples e tampouco resolve a log\u00edstica, mas muda muito o esquema de pensar que um pa\u00eds precisaria, para cada centro de vacina\u00e7\u00e3o, ter um ultrafreezer&#8221;.<\/p>\n<p>A proposta da farmac\u00eautica \u00e9 negociar as embalagens junto com as vacinas, para que possam ser entregues dessa forma nos postos de vacina\u00e7\u00e3o. Depois da retirada dessa caixa, a vacina pode ficar em um refrigerador comum por at\u00e9 cinco dias.<\/p>\n<\/div>\n<p class=\"alt-font font-italic my-2 small text-info\">Edi\u00e7\u00e3o: Fernando Fraga<\/p>\n<\/div>\n<\/div>\n","protected":false},"excerpt":{"rendered":"<p>Para este ano, a previs\u00e3o s\u00e3o 50 milh\u00f5es de doses de vacina Vin\u00edcius Lisboa &#8211; Rep\u00f3rter da Ag\u00eancia Brasil &#8211; Rio de Janeiro A farmac\u00eautica Pfizer<span class=\"excerpt-hellip\"> [\u2026]<\/span><\/p>\n","protected":false},"author":10,"featured_media":11842,"comment_status":"open","ping_status":"open","sticky":false,"template":"","format":"standard","meta":{"_jetpack_memberships_contains_paid_content":false,"footnotes":"","jetpack_publicize_message":"","jetpack_publicize_feature_enabled":true,"jetpack_social_post_already_shared":false,"jetpack_social_options":{"image_generator_settings":{"template":"highway","default_image_id":0,"enabled":false},"version":2}},"categories":[28,44],"tags":[],"class_list":["post-11834","post","type-post","status-publish","format-standard","has-post-thumbnail","hentry","category-cotidiano","category-noticias"],"yoast_head":"<!-- This site is optimized with the Yoast SEO plugin v25.6 - https:\/\/yoast.com\/wordpress\/plugins\/seo\/ -->\n<title>Pfizer planeja ter mais de 1,3 bilh\u00e3o de vacinas contra covid em 2021 - VerdadeOn<\/title>\n<meta name=\"robots\" content=\"index, follow, max-snippet:-1, max-image-preview:large, max-video-preview:-1\" \/>\n<link rel=\"canonical\" href=\"https:\/\/verdadeon.com.br\/portal\/2020\/11\/12\/pfizer-planeja-ter-mais-de-13-bilhao-de-vacinas-contra-covid-em-2021\/\" \/>\n<meta property=\"og:locale\" content=\"pt_BR\" \/>\n<meta property=\"og:type\" content=\"article\" \/>\n<meta property=\"og:title\" content=\"Pfizer planeja ter mais de 1,3 bilh\u00e3o de vacinas contra covid em 2021 - VerdadeOn\" \/>\n<meta property=\"og:description\" content=\"Para este ano, a previs\u00e3o s\u00e3o 50 milh\u00f5es de doses de vacina Vin\u00edcius Lisboa &#8211; Rep\u00f3rter da Ag\u00eancia Brasil &#8211; Rio de Janeiro A farmac\u00eautica Pfizer [\u2026]\" \/>\n<meta property=\"og:url\" content=\"https:\/\/verdadeon.com.br\/portal\/2020\/11\/12\/pfizer-planeja-ter-mais-de-13-bilhao-de-vacinas-contra-covid-em-2021\/\" \/>\n<meta property=\"og:site_name\" content=\"VerdadeOn\" \/>\n<meta property=\"article:published_time\" content=\"2020-11-13T00:06:34+00:00\" \/>\n<meta property=\"og:image\" content=\"https:\/\/verdadeon.com.br\/portal\/wp-content\/uploads\/2020\/11\/2020-11-09t151944z_2_lynxmpega815v_rtroptp_4_saude-corona-reinounido-pfizer-encomenda.jpg\" \/>\n\t<meta property=\"og:image:width\" content=\"1000\" \/>\n\t<meta property=\"og:image:height\" content=\"670\" \/>\n\t<meta property=\"og:image:type\" content=\"image\/jpeg\" \/>\n<meta name=\"author\" content=\"Redacao VerdadeOn\" \/>\n<meta name=\"twitter:card\" content=\"summary_large_image\" \/>\n<meta name=\"twitter:label1\" content=\"Escrito por\" \/>\n\t<meta name=\"twitter:data1\" content=\"Redacao VerdadeOn\" \/>\n\t<meta name=\"twitter:label2\" content=\"Est. tempo de leitura\" \/>\n\t<meta name=\"twitter:data2\" content=\"4 minutos\" \/>\n<script type=\"application\/ld+json\" class=\"yoast-schema-graph\">{\"@context\":\"https:\/\/schema.org\",\"@graph\":[{\"@type\":\"WebPage\",\"@id\":\"https:\/\/verdadeon.com.br\/portal\/2020\/11\/12\/pfizer-planeja-ter-mais-de-13-bilhao-de-vacinas-contra-covid-em-2021\/\",\"url\":\"https:\/\/verdadeon.com.br\/portal\/2020\/11\/12\/pfizer-planeja-ter-mais-de-13-bilhao-de-vacinas-contra-covid-em-2021\/\",\"name\":\"Pfizer planeja ter mais de 1,3 bilh\u00e3o de vacinas contra covid em 2021 - VerdadeOn\",\"isPartOf\":{\"@id\":\"https:\/\/verdadeon.com.br\/portal\/#website\"},\"primaryImageOfPage\":{\"@id\":\"https:\/\/verdadeon.com.br\/portal\/2020\/11\/12\/pfizer-planeja-ter-mais-de-13-bilhao-de-vacinas-contra-covid-em-2021\/#primaryimage\"},\"image\":{\"@id\":\"https:\/\/verdadeon.com.br\/portal\/2020\/11\/12\/pfizer-planeja-ter-mais-de-13-bilhao-de-vacinas-contra-covid-em-2021\/#primaryimage\"},\"thumbnailUrl\":\"https:\/\/i0.wp.com\/verdadeon.com.br\/portal\/wp-content\/uploads\/2020\/11\/2020-11-09t151944z_2_lynxmpega815v_rtroptp_4_saude-corona-reinounido-pfizer-encomenda.jpg?fit=1000%2C670&ssl=1\",\"datePublished\":\"2020-11-13T00:06:34+00:00\",\"author\":{\"@id\":\"https:\/\/verdadeon.com.br\/portal\/#\/schema\/person\/a5060ad1e9ea3df545188fc93ce43d2f\"},\"breadcrumb\":{\"@id\":\"https:\/\/verdadeon.com.br\/portal\/2020\/11\/12\/pfizer-planeja-ter-mais-de-13-bilhao-de-vacinas-contra-covid-em-2021\/#breadcrumb\"},\"inLanguage\":\"pt-BR\",\"potentialAction\":[{\"@type\":\"ReadAction\",\"target\":[\"https:\/\/verdadeon.com.br\/portal\/2020\/11\/12\/pfizer-planeja-ter-mais-de-13-bilhao-de-vacinas-contra-covid-em-2021\/\"]}]},{\"@type\":\"ImageObject\",\"inLanguage\":\"pt-BR\",\"@id\":\"https:\/\/verdadeon.com.br\/portal\/2020\/11\/12\/pfizer-planeja-ter-mais-de-13-bilhao-de-vacinas-contra-covid-em-2021\/#primaryimage\",\"url\":\"https:\/\/i0.wp.com\/verdadeon.com.br\/portal\/wp-content\/uploads\/2020\/11\/2020-11-09t151944z_2_lynxmpega815v_rtroptp_4_saude-corona-reinounido-pfizer-encomenda.jpg?fit=1000%2C670&ssl=1\",\"contentUrl\":\"https:\/\/i0.wp.com\/verdadeon.com.br\/portal\/wp-content\/uploads\/2020\/11\/2020-11-09t151944z_2_lynxmpega815v_rtroptp_4_saude-corona-reinounido-pfizer-encomenda.jpg?fit=1000%2C670&ssl=1\",\"width\":1000,\"height\":670,\"caption\":\"O cons\u00f3rcio Pfizer BioNTech fechou acordo com o governo brasileiro em mar\u00e7o deste ano que envolve a aquisi\u00e7\u00e3o de 100 milh\u00f5es de doses | Foto: Ag\u00eancia Brasil\"},{\"@type\":\"BreadcrumbList\",\"@id\":\"https:\/\/verdadeon.com.br\/portal\/2020\/11\/12\/pfizer-planeja-ter-mais-de-13-bilhao-de-vacinas-contra-covid-em-2021\/#breadcrumb\",\"itemListElement\":[{\"@type\":\"ListItem\",\"position\":1,\"name\":\"In\u00edcio\",\"item\":\"https:\/\/verdadeon.com.br\/portal\/\"},{\"@type\":\"ListItem\",\"position\":2,\"name\":\"Pfizer planeja ter mais de 1,3 bilh\u00e3o de vacinas contra covid em 2021\"}]},{\"@type\":\"WebSite\",\"@id\":\"https:\/\/verdadeon.com.br\/portal\/#website\",\"url\":\"https:\/\/verdadeon.com.br\/portal\/\",\"name\":\"VerdadeOn\",\"description\":\"Not\u00edcias di\u00e1rias sobre Franca, Regi\u00e3o, Esporte, Cultura, Cotidiano, Colunas. Cobertura nos principais eventos da cidade \u00e9 aqui - Verdadeon Franca\",\"potentialAction\":[{\"@type\":\"SearchAction\",\"target\":{\"@type\":\"EntryPoint\",\"urlTemplate\":\"https:\/\/verdadeon.com.br\/portal\/?s={search_term_string}\"},\"query-input\":{\"@type\":\"PropertyValueSpecification\",\"valueRequired\":true,\"valueName\":\"search_term_string\"}}],\"inLanguage\":\"pt-BR\"},{\"@type\":\"Person\",\"@id\":\"https:\/\/verdadeon.com.br\/portal\/#\/schema\/person\/a5060ad1e9ea3df545188fc93ce43d2f\",\"name\":\"Redacao VerdadeOn\",\"image\":{\"@type\":\"ImageObject\",\"inLanguage\":\"pt-BR\",\"@id\":\"https:\/\/verdadeon.com.br\/portal\/#\/schema\/person\/image\/\",\"url\":\"https:\/\/secure.gravatar.com\/avatar\/459a9613caaaf07f582c3d0841eea68bdd66f533e465e6ba8b9cb45619572cf4?s=96&d=mm&r=g\",\"contentUrl\":\"https:\/\/secure.gravatar.com\/avatar\/459a9613caaaf07f582c3d0841eea68bdd66f533e465e6ba8b9cb45619572cf4?s=96&d=mm&r=g\",\"caption\":\"Redacao VerdadeOn\"},\"url\":\"https:\/\/verdadeon.com.br\/portal\/author\/redacao\/\"}]}<\/script>\n<!-- \/ Yoast SEO plugin. -->","yoast_head_json":{"title":"Pfizer planeja ter mais de 1,3 bilh\u00e3o de vacinas contra covid em 2021 - VerdadeOn","robots":{"index":"index","follow":"follow","max-snippet":"max-snippet:-1","max-image-preview":"max-image-preview:large","max-video-preview":"max-video-preview:-1"},"canonical":"https:\/\/verdadeon.com.br\/portal\/2020\/11\/12\/pfizer-planeja-ter-mais-de-13-bilhao-de-vacinas-contra-covid-em-2021\/","og_locale":"pt_BR","og_type":"article","og_title":"Pfizer planeja ter mais de 1,3 bilh\u00e3o de vacinas contra covid em 2021 - VerdadeOn","og_description":"Para este ano, a previs\u00e3o s\u00e3o 50 milh\u00f5es de doses de vacina Vin\u00edcius Lisboa &#8211; Rep\u00f3rter da Ag\u00eancia Brasil &#8211; Rio de Janeiro A farmac\u00eautica Pfizer [\u2026]","og_url":"https:\/\/verdadeon.com.br\/portal\/2020\/11\/12\/pfizer-planeja-ter-mais-de-13-bilhao-de-vacinas-contra-covid-em-2021\/","og_site_name":"VerdadeOn","article_published_time":"2020-11-13T00:06:34+00:00","og_image":[{"width":1000,"height":670,"url":"https:\/\/verdadeon.com.br\/portal\/wp-content\/uploads\/2020\/11\/2020-11-09t151944z_2_lynxmpega815v_rtroptp_4_saude-corona-reinounido-pfizer-encomenda.jpg","type":"image\/jpeg"}],"author":"Redacao VerdadeOn","twitter_card":"summary_large_image","twitter_misc":{"Escrito por":"Redacao VerdadeOn","Est. tempo de leitura":"4 minutos"},"schema":{"@context":"https:\/\/schema.org","@graph":[{"@type":"WebPage","@id":"https:\/\/verdadeon.com.br\/portal\/2020\/11\/12\/pfizer-planeja-ter-mais-de-13-bilhao-de-vacinas-contra-covid-em-2021\/","url":"https:\/\/verdadeon.com.br\/portal\/2020\/11\/12\/pfizer-planeja-ter-mais-de-13-bilhao-de-vacinas-contra-covid-em-2021\/","name":"Pfizer planeja ter mais de 1,3 bilh\u00e3o de vacinas contra covid em 2021 - VerdadeOn","isPartOf":{"@id":"https:\/\/verdadeon.com.br\/portal\/#website"},"primaryImageOfPage":{"@id":"https:\/\/verdadeon.com.br\/portal\/2020\/11\/12\/pfizer-planeja-ter-mais-de-13-bilhao-de-vacinas-contra-covid-em-2021\/#primaryimage"},"image":{"@id":"https:\/\/verdadeon.com.br\/portal\/2020\/11\/12\/pfizer-planeja-ter-mais-de-13-bilhao-de-vacinas-contra-covid-em-2021\/#primaryimage"},"thumbnailUrl":"https:\/\/i0.wp.com\/verdadeon.com.br\/portal\/wp-content\/uploads\/2020\/11\/2020-11-09t151944z_2_lynxmpega815v_rtroptp_4_saude-corona-reinounido-pfizer-encomenda.jpg?fit=1000%2C670&ssl=1","datePublished":"2020-11-13T00:06:34+00:00","author":{"@id":"https:\/\/verdadeon.com.br\/portal\/#\/schema\/person\/a5060ad1e9ea3df545188fc93ce43d2f"},"breadcrumb":{"@id":"https:\/\/verdadeon.com.br\/portal\/2020\/11\/12\/pfizer-planeja-ter-mais-de-13-bilhao-de-vacinas-contra-covid-em-2021\/#breadcrumb"},"inLanguage":"pt-BR","potentialAction":[{"@type":"ReadAction","target":["https:\/\/verdadeon.com.br\/portal\/2020\/11\/12\/pfizer-planeja-ter-mais-de-13-bilhao-de-vacinas-contra-covid-em-2021\/"]}]},{"@type":"ImageObject","inLanguage":"pt-BR","@id":"https:\/\/verdadeon.com.br\/portal\/2020\/11\/12\/pfizer-planeja-ter-mais-de-13-bilhao-de-vacinas-contra-covid-em-2021\/#primaryimage","url":"https:\/\/i0.wp.com\/verdadeon.com.br\/portal\/wp-content\/uploads\/2020\/11\/2020-11-09t151944z_2_lynxmpega815v_rtroptp_4_saude-corona-reinounido-pfizer-encomenda.jpg?fit=1000%2C670&ssl=1","contentUrl":"https:\/\/i0.wp.com\/verdadeon.com.br\/portal\/wp-content\/uploads\/2020\/11\/2020-11-09t151944z_2_lynxmpega815v_rtroptp_4_saude-corona-reinounido-pfizer-encomenda.jpg?fit=1000%2C670&ssl=1","width":1000,"height":670,"caption":"O cons\u00f3rcio Pfizer BioNTech fechou acordo com o governo brasileiro em mar\u00e7o deste ano que envolve a aquisi\u00e7\u00e3o de 100 milh\u00f5es de doses | Foto: Ag\u00eancia Brasil"},{"@type":"BreadcrumbList","@id":"https:\/\/verdadeon.com.br\/portal\/2020\/11\/12\/pfizer-planeja-ter-mais-de-13-bilhao-de-vacinas-contra-covid-em-2021\/#breadcrumb","itemListElement":[{"@type":"ListItem","position":1,"name":"In\u00edcio","item":"https:\/\/verdadeon.com.br\/portal\/"},{"@type":"ListItem","position":2,"name":"Pfizer planeja ter mais de 1,3 bilh\u00e3o de vacinas contra covid em 2021"}]},{"@type":"WebSite","@id":"https:\/\/verdadeon.com.br\/portal\/#website","url":"https:\/\/verdadeon.com.br\/portal\/","name":"VerdadeOn","description":"Not\u00edcias di\u00e1rias sobre Franca, Regi\u00e3o, Esporte, Cultura, Cotidiano, Colunas. Cobertura nos principais eventos da cidade \u00e9 aqui - Verdadeon Franca","potentialAction":[{"@type":"SearchAction","target":{"@type":"EntryPoint","urlTemplate":"https:\/\/verdadeon.com.br\/portal\/?s={search_term_string}"},"query-input":{"@type":"PropertyValueSpecification","valueRequired":true,"valueName":"search_term_string"}}],"inLanguage":"pt-BR"},{"@type":"Person","@id":"https:\/\/verdadeon.com.br\/portal\/#\/schema\/person\/a5060ad1e9ea3df545188fc93ce43d2f","name":"Redacao VerdadeOn","image":{"@type":"ImageObject","inLanguage":"pt-BR","@id":"https:\/\/verdadeon.com.br\/portal\/#\/schema\/person\/image\/","url":"https:\/\/secure.gravatar.com\/avatar\/459a9613caaaf07f582c3d0841eea68bdd66f533e465e6ba8b9cb45619572cf4?s=96&d=mm&r=g","contentUrl":"https:\/\/secure.gravatar.com\/avatar\/459a9613caaaf07f582c3d0841eea68bdd66f533e465e6ba8b9cb45619572cf4?s=96&d=mm&r=g","caption":"Redacao VerdadeOn"},"url":"https:\/\/verdadeon.com.br\/portal\/author\/redacao\/"}]}},"jetpack_publicize_connections":[],"jetpack_featured_media_url":"https:\/\/i0.wp.com\/verdadeon.com.br\/portal\/wp-content\/uploads\/2020\/11\/2020-11-09t151944z_2_lynxmpega815v_rtroptp_4_saude-corona-reinounido-pfizer-encomenda.jpg?fit=1000%2C670&ssl=1","jetpack_sharing_enabled":true,"_links":{"self":[{"href":"https:\/\/verdadeon.com.br\/portal\/wp-json\/wp\/v2\/posts\/11834","targetHints":{"allow":["GET"]}}],"collection":[{"href":"https:\/\/verdadeon.com.br\/portal\/wp-json\/wp\/v2\/posts"}],"about":[{"href":"https:\/\/verdadeon.com.br\/portal\/wp-json\/wp\/v2\/types\/post"}],"author":[{"embeddable":true,"href":"https:\/\/verdadeon.com.br\/portal\/wp-json\/wp\/v2\/users\/10"}],"replies":[{"embeddable":true,"href":"https:\/\/verdadeon.com.br\/portal\/wp-json\/wp\/v2\/comments?post=11834"}],"version-history":[{"count":0,"href":"https:\/\/verdadeon.com.br\/portal\/wp-json\/wp\/v2\/posts\/11834\/revisions"}],"wp:featuredmedia":[{"embeddable":true,"href":"https:\/\/verdadeon.com.br\/portal\/wp-json\/wp\/v2\/media\/11842"}],"wp:attachment":[{"href":"https:\/\/verdadeon.com.br\/portal\/wp-json\/wp\/v2\/media?parent=11834"}],"wp:term":[{"taxonomy":"category","embeddable":true,"href":"https:\/\/verdadeon.com.br\/portal\/wp-json\/wp\/v2\/categories?post=11834"},{"taxonomy":"post_tag","embeddable":true,"href":"https:\/\/verdadeon.com.br\/portal\/wp-json\/wp\/v2\/tags?post=11834"}],"curies":[{"name":"wp","href":"https:\/\/api.w.org\/{rel}","templated":true}]}}