{"id":11763,"date":"2020-11-09T21:26:59","date_gmt":"2020-11-10T00:26:59","guid":{"rendered":"http:\/\/verdadeon.com.br\/portal\/?p=11763"},"modified":"2020-11-09T21:26:59","modified_gmt":"2020-11-10T00:26:59","slug":"tse-exige-que-eleitor-use-mascara-para-votar","status":"publish","type":"post","link":"https:\/\/verdadeon.com.br\/portal\/2020\/11\/09\/tse-exige-que-eleitor-use-mascara-para-votar\/","title":{"rendered":"TSE exige que eleitor use m\u00e1scara para votar"},"content":{"rendered":"<div class=\"col-lg-12 mb-3\">\n<div class=\"row\">\n<h3 class=\"col-10 offset-1 animated fadeInDown dealy-900 display-8 display-md-8 alt-font font-italic my-1 text-center\">Esta \u00e9 a regra no mundo inteiro, diz presidente do tribunal<\/h3>\n<\/div>\n<p>Andr\u00e9 Richter &#8211; Rep\u00f3rter da Ag\u00eancia Brasil &#8211; Bras\u00edlia<\/p><\/div>\n<div class=\"col-xl-7 offset-xl-1 col-lg-8 offset-lg-0 col-md-10 offset-md-1 mb-3\">\n<div class=\"post-item alt-font\">\n<div class=\"post-item-wrap\">\n<p>O presidente do Tribunal Superior Eleitoral (TSE), ministro Lu\u00eds Roberto Barroso, reafirmou hoje (9) que os eleitores s\u00f3 poder\u00e3o\u00a0entrar nas se\u00e7\u00f5es eleitorais para votar se estiverem usando m\u00e1scaras. As elei\u00e7\u00f5es municipais ser\u00e3o realizadas no pr\u00f3ximo domingo (15) em todo pa\u00eds, exceto no Distrito Federal. Ser\u00e3o eleitos prefeitos, vice-prefeitos e vereadores.<img data-recalc-dims=\"1\" decoding=\"async\" src=\"https:\/\/i0.wp.com\/agenciabrasil.ebc.com.br\/ebc.png?w=1220&#038;ssl=1\" \/><img data-recalc-dims=\"1\" decoding=\"async\" src=\"https:\/\/i0.wp.com\/agenciabrasil.ebc.com.br\/ebc.gif?w=1220&#038;ssl=1\" \/><\/p>\n<p>Em setembro, o\u00a0TSE elaborou um protocolo sanit\u00e1rio para garantir que os eleitores possam votar com seguran\u00e7a em meio \u00e0 pandemia da covid-19.<\/p>\n<p>Pelas regras, os eleitores s\u00f3 poder\u00e3o para entrar nos locais de vota\u00e7\u00e3o se estiverem usando m\u00e1scaras faciais e dever\u00e3o higienizar as m\u00e3os com \u00e1lcool em gel antes e depois de votar. A dist\u00e2ncia de 1 metro entre eleitores e demais pessoas presentes \u00e0s se\u00e7\u00f5es tamb\u00e9m dever\u00e1 ser mantida. O TSE\u00a0recomenda ainda que o eleitor leve sua pr\u00f3pria caneta para assinar o caderno de vota\u00e7\u00e3o.<\/p>\n<p>No entendimento de Barroso, o uso de m\u00e1scara \u201cn\u00e3o \u00e9 quest\u00e3o de livre arb\u00edtrio\u201d. \u201cTodo eleitor deve levar sua pr\u00f3pria m\u00e1scara, sair de casa com sua m\u00e1scara. Esta n\u00e3o \u00e9 uma ordem do TSE, mas \u00e9 uma orienta\u00e7\u00e3o de quase todos os munic\u00edpios brasileiros. Esta \u00e9 a regra no mundo inteiro. No mundo civilizado inteiro, as pessoas est\u00e3o usando m\u00e1scaras quando v\u00e3o a um local p\u00fablico. Portanto, estamos apenas seguido recomenda\u00e7\u00e3o m\u00e9dica e o senso comum. Se estiver sem m\u00e1scara, n\u00e3o vota\u201d, afirmou o ministro.<\/p>\n<p>Segundo o presidente do TSE, as regras do protocolo sanit\u00e1rio ser\u00e3o fiscalizadas pelo mes\u00e1rio que estiver na fun\u00e7\u00e3o de chefe da se\u00e7\u00e3o eleitoral. \u201cEm rigor, nem vai entrar ningu\u00e9m no local de vota\u00e7\u00e3o sem a m\u00e1scara e n\u00e3o vai permanecer sem observar o distanciamento social. Se for necess\u00e1rio, ele [mes\u00e1rio] pode chamar a pol\u00edcia, mas essa haver\u00e1 de ser uma situa\u00e7\u00e3o puramente residual. No mundo civilizado, as pessoas cumprem as regras e respeitam as outras\u201d, disse Barroso.<\/p>\n<\/div>\n<p class=\"alt-font font-italic my-2 small text-info\">Edi\u00e7\u00e3o: N\u00e1dia Franco<\/p>\n<\/div>\n<\/div>\n","protected":false},"excerpt":{"rendered":"<p>Esta \u00e9 a regra no mundo inteiro, diz presidente do tribunal Andr\u00e9 Richter &#8211; Rep\u00f3rter da Ag\u00eancia Brasil &#8211; Bras\u00edlia O presidente do Tribunal Superior Eleitoral<span class=\"excerpt-hellip\"> [\u2026]<\/span><\/p>\n","protected":false},"author":10,"featured_media":11766,"comment_status":"open","ping_status":"open","sticky":false,"template":"","format":"standard","meta":{"_jetpack_memberships_contains_paid_content":false,"footnotes":"","jetpack_publicize_message":"","jetpack_publicize_feature_enabled":true,"jetpack_social_post_already_shared":false,"jetpack_social_options":{"image_generator_settings":{"template":"highway","default_image_id":0,"enabled":false},"version":2}},"categories":[53],"tags":[],"class_list":["post-11763","post","type-post","status-publish","format-standard","has-post-thumbnail","hentry","category-brasil"],"yoast_head":"<!-- This site is optimized with the Yoast SEO plugin v25.6 - https:\/\/yoast.com\/wordpress\/plugins\/seo\/ -->\n<title>TSE exige que eleitor use m\u00e1scara para votar - VerdadeOn<\/title>\n<meta name=\"robots\" content=\"index, follow, max-snippet:-1, max-image-preview:large, max-video-preview:-1\" \/>\n<link rel=\"canonical\" href=\"https:\/\/verdadeon.com.br\/portal\/2020\/11\/09\/tse-exige-que-eleitor-use-mascara-para-votar\/\" \/>\n<meta property=\"og:locale\" content=\"pt_BR\" \/>\n<meta property=\"og:type\" content=\"article\" \/>\n<meta property=\"og:title\" content=\"TSE exige que eleitor use m\u00e1scara para votar - VerdadeOn\" \/>\n<meta property=\"og:description\" content=\"Esta \u00e9 a regra no mundo inteiro, diz presidente do tribunal Andr\u00e9 Richter &#8211; Rep\u00f3rter da Ag\u00eancia Brasil &#8211; Bras\u00edlia O presidente do Tribunal Superior Eleitoral [\u2026]\" \/>\n<meta property=\"og:url\" content=\"https:\/\/verdadeon.com.br\/portal\/2020\/11\/09\/tse-exige-que-eleitor-use-mascara-para-votar\/\" \/>\n<meta property=\"og:site_name\" content=\"VerdadeOn\" \/>\n<meta property=\"article:published_time\" content=\"2020-11-10T00:26:59+00:00\" \/>\n<meta property=\"og:image\" content=\"https:\/\/verdadeon.com.br\/portal\/wp-content\/uploads\/2020\/11\/17_07_2020_covid_testes_exame-2.jpg\" \/>\n\t<meta property=\"og:image:width\" content=\"1000\" \/>\n\t<meta property=\"og:image:height\" content=\"670\" \/>\n\t<meta property=\"og:image:type\" content=\"image\/jpeg\" \/>\n<meta name=\"author\" content=\"Redacao VerdadeOn\" \/>\n<meta name=\"twitter:card\" content=\"summary_large_image\" \/>\n<meta name=\"twitter:label1\" content=\"Escrito por\" \/>\n\t<meta name=\"twitter:data1\" content=\"Redacao VerdadeOn\" \/>\n\t<meta name=\"twitter:label2\" content=\"Est. tempo de leitura\" \/>\n\t<meta name=\"twitter:data2\" content=\"2 minutos\" \/>\n<script type=\"application\/ld+json\" class=\"yoast-schema-graph\">{\"@context\":\"https:\/\/schema.org\",\"@graph\":[{\"@type\":\"WebPage\",\"@id\":\"https:\/\/verdadeon.com.br\/portal\/2020\/11\/09\/tse-exige-que-eleitor-use-mascara-para-votar\/\",\"url\":\"https:\/\/verdadeon.com.br\/portal\/2020\/11\/09\/tse-exige-que-eleitor-use-mascara-para-votar\/\",\"name\":\"TSE exige que eleitor use m\u00e1scara para votar - VerdadeOn\",\"isPartOf\":{\"@id\":\"https:\/\/verdadeon.com.br\/portal\/#website\"},\"primaryImageOfPage\":{\"@id\":\"https:\/\/verdadeon.com.br\/portal\/2020\/11\/09\/tse-exige-que-eleitor-use-mascara-para-votar\/#primaryimage\"},\"image\":{\"@id\":\"https:\/\/verdadeon.com.br\/portal\/2020\/11\/09\/tse-exige-que-eleitor-use-mascara-para-votar\/#primaryimage\"},\"thumbnailUrl\":\"https:\/\/i0.wp.com\/verdadeon.com.br\/portal\/wp-content\/uploads\/2020\/11\/17_07_2020_covid_testes_exame-2.jpg?fit=1000%2C670&ssl=1\",\"datePublished\":\"2020-11-10T00:26:59+00:00\",\"author\":{\"@id\":\"https:\/\/verdadeon.com.br\/portal\/#\/schema\/person\/a5060ad1e9ea3df545188fc93ce43d2f\"},\"breadcrumb\":{\"@id\":\"https:\/\/verdadeon.com.br\/portal\/2020\/11\/09\/tse-exige-que-eleitor-use-mascara-para-votar\/#breadcrumb\"},\"inLanguage\":\"pt-BR\",\"potentialAction\":[{\"@type\":\"ReadAction\",\"target\":[\"https:\/\/verdadeon.com.br\/portal\/2020\/11\/09\/tse-exige-que-eleitor-use-mascara-para-votar\/\"]}]},{\"@type\":\"ImageObject\",\"inLanguage\":\"pt-BR\",\"@id\":\"https:\/\/verdadeon.com.br\/portal\/2020\/11\/09\/tse-exige-que-eleitor-use-mascara-para-votar\/#primaryimage\",\"url\":\"https:\/\/i0.wp.com\/verdadeon.com.br\/portal\/wp-content\/uploads\/2020\/11\/17_07_2020_covid_testes_exame-2.jpg?fit=1000%2C670&ssl=1\",\"contentUrl\":\"https:\/\/i0.wp.com\/verdadeon.com.br\/portal\/wp-content\/uploads\/2020\/11\/17_07_2020_covid_testes_exame-2.jpg?fit=1000%2C670&ssl=1\",\"width\":1000,\"height\":670,\"caption\":\"Uso de m\u00e1scara para prote\u00e7\u00e3o contra o novo coronav\u00edrus.\"},{\"@type\":\"BreadcrumbList\",\"@id\":\"https:\/\/verdadeon.com.br\/portal\/2020\/11\/09\/tse-exige-que-eleitor-use-mascara-para-votar\/#breadcrumb\",\"itemListElement\":[{\"@type\":\"ListItem\",\"position\":1,\"name\":\"In\u00edcio\",\"item\":\"https:\/\/verdadeon.com.br\/portal\/\"},{\"@type\":\"ListItem\",\"position\":2,\"name\":\"TSE exige que eleitor use m\u00e1scara para votar\"}]},{\"@type\":\"WebSite\",\"@id\":\"https:\/\/verdadeon.com.br\/portal\/#website\",\"url\":\"https:\/\/verdadeon.com.br\/portal\/\",\"name\":\"VerdadeOn\",\"description\":\"Not\u00edcias di\u00e1rias sobre Franca, Regi\u00e3o, Esporte, Cultura, Cotidiano, Colunas. Cobertura nos principais eventos da cidade \u00e9 aqui - Verdadeon Franca\",\"potentialAction\":[{\"@type\":\"SearchAction\",\"target\":{\"@type\":\"EntryPoint\",\"urlTemplate\":\"https:\/\/verdadeon.com.br\/portal\/?s={search_term_string}\"},\"query-input\":{\"@type\":\"PropertyValueSpecification\",\"valueRequired\":true,\"valueName\":\"search_term_string\"}}],\"inLanguage\":\"pt-BR\"},{\"@type\":\"Person\",\"@id\":\"https:\/\/verdadeon.com.br\/portal\/#\/schema\/person\/a5060ad1e9ea3df545188fc93ce43d2f\",\"name\":\"Redacao VerdadeOn\",\"image\":{\"@type\":\"ImageObject\",\"inLanguage\":\"pt-BR\",\"@id\":\"https:\/\/verdadeon.com.br\/portal\/#\/schema\/person\/image\/\",\"url\":\"https:\/\/secure.gravatar.com\/avatar\/459a9613caaaf07f582c3d0841eea68bdd66f533e465e6ba8b9cb45619572cf4?s=96&d=mm&r=g\",\"contentUrl\":\"https:\/\/secure.gravatar.com\/avatar\/459a9613caaaf07f582c3d0841eea68bdd66f533e465e6ba8b9cb45619572cf4?s=96&d=mm&r=g\",\"caption\":\"Redacao VerdadeOn\"},\"url\":\"https:\/\/verdadeon.com.br\/portal\/author\/redacao\/\"}]}<\/script>\n<!-- \/ Yoast SEO plugin. -->","yoast_head_json":{"title":"TSE exige que eleitor use m\u00e1scara para votar - VerdadeOn","robots":{"index":"index","follow":"follow","max-snippet":"max-snippet:-1","max-image-preview":"max-image-preview:large","max-video-preview":"max-video-preview:-1"},"canonical":"https:\/\/verdadeon.com.br\/portal\/2020\/11\/09\/tse-exige-que-eleitor-use-mascara-para-votar\/","og_locale":"pt_BR","og_type":"article","og_title":"TSE exige que eleitor use m\u00e1scara para votar - VerdadeOn","og_description":"Esta \u00e9 a regra no mundo inteiro, diz presidente do tribunal Andr\u00e9 Richter &#8211; Rep\u00f3rter da Ag\u00eancia Brasil &#8211; Bras\u00edlia O presidente do Tribunal Superior Eleitoral [\u2026]","og_url":"https:\/\/verdadeon.com.br\/portal\/2020\/11\/09\/tse-exige-que-eleitor-use-mascara-para-votar\/","og_site_name":"VerdadeOn","article_published_time":"2020-11-10T00:26:59+00:00","og_image":[{"width":1000,"height":670,"url":"https:\/\/verdadeon.com.br\/portal\/wp-content\/uploads\/2020\/11\/17_07_2020_covid_testes_exame-2.jpg","type":"image\/jpeg"}],"author":"Redacao VerdadeOn","twitter_card":"summary_large_image","twitter_misc":{"Escrito por":"Redacao VerdadeOn","Est. tempo de leitura":"2 minutos"},"schema":{"@context":"https:\/\/schema.org","@graph":[{"@type":"WebPage","@id":"https:\/\/verdadeon.com.br\/portal\/2020\/11\/09\/tse-exige-que-eleitor-use-mascara-para-votar\/","url":"https:\/\/verdadeon.com.br\/portal\/2020\/11\/09\/tse-exige-que-eleitor-use-mascara-para-votar\/","name":"TSE exige que eleitor use m\u00e1scara para votar - VerdadeOn","isPartOf":{"@id":"https:\/\/verdadeon.com.br\/portal\/#website"},"primaryImageOfPage":{"@id":"https:\/\/verdadeon.com.br\/portal\/2020\/11\/09\/tse-exige-que-eleitor-use-mascara-para-votar\/#primaryimage"},"image":{"@id":"https:\/\/verdadeon.com.br\/portal\/2020\/11\/09\/tse-exige-que-eleitor-use-mascara-para-votar\/#primaryimage"},"thumbnailUrl":"https:\/\/i0.wp.com\/verdadeon.com.br\/portal\/wp-content\/uploads\/2020\/11\/17_07_2020_covid_testes_exame-2.jpg?fit=1000%2C670&ssl=1","datePublished":"2020-11-10T00:26:59+00:00","author":{"@id":"https:\/\/verdadeon.com.br\/portal\/#\/schema\/person\/a5060ad1e9ea3df545188fc93ce43d2f"},"breadcrumb":{"@id":"https:\/\/verdadeon.com.br\/portal\/2020\/11\/09\/tse-exige-que-eleitor-use-mascara-para-votar\/#breadcrumb"},"inLanguage":"pt-BR","potentialAction":[{"@type":"ReadAction","target":["https:\/\/verdadeon.com.br\/portal\/2020\/11\/09\/tse-exige-que-eleitor-use-mascara-para-votar\/"]}]},{"@type":"ImageObject","inLanguage":"pt-BR","@id":"https:\/\/verdadeon.com.br\/portal\/2020\/11\/09\/tse-exige-que-eleitor-use-mascara-para-votar\/#primaryimage","url":"https:\/\/i0.wp.com\/verdadeon.com.br\/portal\/wp-content\/uploads\/2020\/11\/17_07_2020_covid_testes_exame-2.jpg?fit=1000%2C670&ssl=1","contentUrl":"https:\/\/i0.wp.com\/verdadeon.com.br\/portal\/wp-content\/uploads\/2020\/11\/17_07_2020_covid_testes_exame-2.jpg?fit=1000%2C670&ssl=1","width":1000,"height":670,"caption":"Uso de m\u00e1scara para prote\u00e7\u00e3o contra o novo coronav\u00edrus."},{"@type":"BreadcrumbList","@id":"https:\/\/verdadeon.com.br\/portal\/2020\/11\/09\/tse-exige-que-eleitor-use-mascara-para-votar\/#breadcrumb","itemListElement":[{"@type":"ListItem","position":1,"name":"In\u00edcio","item":"https:\/\/verdadeon.com.br\/portal\/"},{"@type":"ListItem","position":2,"name":"TSE exige que eleitor use m\u00e1scara para votar"}]},{"@type":"WebSite","@id":"https:\/\/verdadeon.com.br\/portal\/#website","url":"https:\/\/verdadeon.com.br\/portal\/","name":"VerdadeOn","description":"Not\u00edcias di\u00e1rias sobre Franca, Regi\u00e3o, Esporte, Cultura, Cotidiano, Colunas. Cobertura nos principais eventos da cidade \u00e9 aqui - Verdadeon Franca","potentialAction":[{"@type":"SearchAction","target":{"@type":"EntryPoint","urlTemplate":"https:\/\/verdadeon.com.br\/portal\/?s={search_term_string}"},"query-input":{"@type":"PropertyValueSpecification","valueRequired":true,"valueName":"search_term_string"}}],"inLanguage":"pt-BR"},{"@type":"Person","@id":"https:\/\/verdadeon.com.br\/portal\/#\/schema\/person\/a5060ad1e9ea3df545188fc93ce43d2f","name":"Redacao VerdadeOn","image":{"@type":"ImageObject","inLanguage":"pt-BR","@id":"https:\/\/verdadeon.com.br\/portal\/#\/schema\/person\/image\/","url":"https:\/\/secure.gravatar.com\/avatar\/459a9613caaaf07f582c3d0841eea68bdd66f533e465e6ba8b9cb45619572cf4?s=96&d=mm&r=g","contentUrl":"https:\/\/secure.gravatar.com\/avatar\/459a9613caaaf07f582c3d0841eea68bdd66f533e465e6ba8b9cb45619572cf4?s=96&d=mm&r=g","caption":"Redacao VerdadeOn"},"url":"https:\/\/verdadeon.com.br\/portal\/author\/redacao\/"}]}},"jetpack_publicize_connections":[],"jetpack_featured_media_url":"https:\/\/i0.wp.com\/verdadeon.com.br\/portal\/wp-content\/uploads\/2020\/11\/17_07_2020_covid_testes_exame-2.jpg?fit=1000%2C670&ssl=1","jetpack_sharing_enabled":true,"_links":{"self":[{"href":"https:\/\/verdadeon.com.br\/portal\/wp-json\/wp\/v2\/posts\/11763","targetHints":{"allow":["GET"]}}],"collection":[{"href":"https:\/\/verdadeon.com.br\/portal\/wp-json\/wp\/v2\/posts"}],"about":[{"href":"https:\/\/verdadeon.com.br\/portal\/wp-json\/wp\/v2\/types\/post"}],"author":[{"embeddable":true,"href":"https:\/\/verdadeon.com.br\/portal\/wp-json\/wp\/v2\/users\/10"}],"replies":[{"embeddable":true,"href":"https:\/\/verdadeon.com.br\/portal\/wp-json\/wp\/v2\/comments?post=11763"}],"version-history":[{"count":0,"href":"https:\/\/verdadeon.com.br\/portal\/wp-json\/wp\/v2\/posts\/11763\/revisions"}],"wp:featuredmedia":[{"embeddable":true,"href":"https:\/\/verdadeon.com.br\/portal\/wp-json\/wp\/v2\/media\/11766"}],"wp:attachment":[{"href":"https:\/\/verdadeon.com.br\/portal\/wp-json\/wp\/v2\/media?parent=11763"}],"wp:term":[{"taxonomy":"category","embeddable":true,"href":"https:\/\/verdadeon.com.br\/portal\/wp-json\/wp\/v2\/categories?post=11763"},{"taxonomy":"post_tag","embeddable":true,"href":"https:\/\/verdadeon.com.br\/portal\/wp-json\/wp\/v2\/tags?post=11763"}],"curies":[{"name":"wp","href":"https:\/\/api.w.org\/{rel}","templated":true}]}}