{"id":11431,"date":"2020-10-26T22:17:44","date_gmt":"2020-10-27T01:17:44","guid":{"rendered":"http:\/\/verdadeon.com.br\/portal\/?p=11431"},"modified":"2020-10-26T22:17:44","modified_gmt":"2020-10-27T01:17:44","slug":"francana-esta-preparada-para-o-quarto-confronto-seguido-em-rodada-dupla","status":"publish","type":"post","link":"https:\/\/verdadeon.com.br\/portal\/2020\/10\/26\/francana-esta-preparada-para-o-quarto-confronto-seguido-em-rodada-dupla\/","title":{"rendered":"Francana est\u00e1 preparada para o quarto confronto seguido em rodada dupla"},"content":{"rendered":"<p>O time da Francana j\u00e1 est\u00e1 concentrado para encarar o quarto desafio seguido no Campeonato Paulista da Segunda Divis\u00e3o.<br \/>\nA partida ser\u00e1 nesta ter\u00e7a-feira (27), em Mat\u00e3o, contra a Matonense, \u00e0s 15h, no Est\u00e1dio Municipal Dr. Hudson Buck Ferreira.<br \/>\nAt\u00e9 agora a Veterana est\u00e1 invicta na competi\u00e7\u00e3o. S\u00e3o duas vit\u00f3rias e um empate, somando sete pontos no Grupo 3 (vit\u00f3ria por 2 a 0 sobre a Inter de Bebedouro, no Lanch\u00e3o; vit\u00f3ria sobre o Gr\u00eamio S\u00e3o-carlense por 2 a 1, fora de casa; e empate por 2 a 2 com o XV de Ja\u00fa, em casa).<br \/>\nA Matonense perdeu os seus dois \u00faltimos jogos (2 a 1 para o Gr\u00eamio S\u00e3o-carlense, em casa, e 3 a 1 para o XV de Ja\u00fa, jogando fora). Esses resultados tornam o advers\u00e1rio ainda mais perigoso e a Francana ter\u00e1 um de seus jogos mais dif\u00edceis at\u00e9 agora.<br \/>\nNa avalia\u00e7\u00e3o do t\u00e9cnico Paulinho Maclaren, o maior desafio neste momento \u00e9 manter o time condicionado para a maratona de jogos. E apesar da sequ\u00eancia forte, o grupo est\u00e1 concentrado e superando o desafio.<br \/>\n&#8220;Estamos contentes com o trabalho realizado e neste terceiro jogo acho que a equipe nesse alcan\u00e7ou a capacidade f\u00edsica de suportar os jogos. \u00c9 uma novidade para a grande maioria ter jogos de quarta e s\u00e1bado&#8221;, explicou o treinador.<\/p>\n<p>&nbsp;<\/p>\n<h3>Apoio<\/h3>\n<p>O clube tamb\u00e9m continua com sua campanha de arrecada\u00e7\u00e3o pelo Picpay, em que o torcedor pode apoiar com R$ 10, R$ 20, R$ 30 e R$ 50. Abaixo tem o QR code, basta o torcedor abrir o aplicativo do Picpay, mirar o celular para o c\u00f3d\u00edgo e selecionar o valor.<br \/>\nEm www.aafrancana.com.br tamb\u00e9m \u00e9 poss\u00edvel tornar-se s\u00f3cio-torcedor. Quem entra no pacote, passa a ter direito de participar das decis\u00f5es administrativas do clube ap\u00f3s per\u00edodo estabelecido no estatuto.<\/p>\n<p><img data-recalc-dims=\"1\" loading=\"lazy\" decoding=\"async\" class=\"alignnone wp-image-11444 size-large\" src=\"https:\/\/i0.wp.com\/verdadeon.com.br\/portal\/wp-content\/uploads\/2020\/10\/WhatsApp-Image-2020-10-26-at-16.34.02-1024x1024.jpeg?resize=1024%2C1024\" alt=\"\" width=\"1024\" height=\"1024\" \/><\/p>\n<p>&nbsp;<\/p>\n","protected":false},"excerpt":{"rendered":"<p>O time da Francana j\u00e1 est\u00e1 concentrado para encarar o quarto desafio seguido no Campeonato Paulista da Segunda Divis\u00e3o. A partida ser\u00e1 nesta ter\u00e7a-feira (27), em<span class=\"excerpt-hellip\"> [\u2026]<\/span><\/p>\n","protected":false},"author":10,"featured_media":11439,"comment_status":"open","ping_status":"open","sticky":false,"template":"","format":"standard","meta":{"_jetpack_memberships_contains_paid_content":false,"footnotes":"","jetpack_publicize_message":"","jetpack_publicize_feature_enabled":true,"jetpack_social_post_already_shared":false,"jetpack_social_options":{"image_generator_settings":{"template":"highway","default_image_id":0,"enabled":false},"version":2}},"categories":[29,44],"tags":[],"class_list":["post-11431","post","type-post","status-publish","format-standard","has-post-thumbnail","hentry","category-esportes","category-noticias"],"yoast_head":"<!-- This site is optimized with the Yoast SEO plugin v25.6 - https:\/\/yoast.com\/wordpress\/plugins\/seo\/ -->\n<title>Francana est\u00e1 preparada para o quarto confronto seguido em rodada dupla - VerdadeOn<\/title>\n<meta name=\"robots\" content=\"index, follow, max-snippet:-1, max-image-preview:large, max-video-preview:-1\" \/>\n<link rel=\"canonical\" href=\"https:\/\/verdadeon.com.br\/portal\/2020\/10\/26\/francana-esta-preparada-para-o-quarto-confronto-seguido-em-rodada-dupla\/\" \/>\n<meta property=\"og:locale\" content=\"pt_BR\" \/>\n<meta property=\"og:type\" content=\"article\" \/>\n<meta property=\"og:title\" content=\"Francana est\u00e1 preparada para o quarto confronto seguido em rodada dupla - VerdadeOn\" \/>\n<meta property=\"og:description\" content=\"O time da Francana j\u00e1 est\u00e1 concentrado para encarar o quarto desafio seguido no Campeonato Paulista da Segunda Divis\u00e3o. A partida ser\u00e1 nesta ter\u00e7a-feira (27), em [\u2026]\" \/>\n<meta property=\"og:url\" content=\"https:\/\/verdadeon.com.br\/portal\/2020\/10\/26\/francana-esta-preparada-para-o-quarto-confronto-seguido-em-rodada-dupla\/\" \/>\n<meta property=\"og:site_name\" content=\"VerdadeOn\" \/>\n<meta property=\"article:published_time\" content=\"2020-10-27T01:17:44+00:00\" \/>\n<meta property=\"og:image\" content=\"https:\/\/verdadeon.com.br\/portal\/wp-content\/uploads\/2020\/10\/WhatsApp-Image-2020-10-24-at-16.05.51.jpeg\" \/>\n\t<meta property=\"og:image:width\" content=\"1000\" \/>\n\t<meta property=\"og:image:height\" content=\"670\" \/>\n\t<meta property=\"og:image:type\" content=\"image\/jpeg\" \/>\n<meta name=\"author\" content=\"Redacao VerdadeOn\" \/>\n<meta name=\"twitter:card\" content=\"summary_large_image\" \/>\n<meta name=\"twitter:label1\" content=\"Escrito por\" \/>\n\t<meta name=\"twitter:data1\" content=\"Redacao VerdadeOn\" \/>\n\t<meta name=\"twitter:label2\" content=\"Est. tempo de leitura\" \/>\n\t<meta name=\"twitter:data2\" content=\"2 minutos\" \/>\n<script type=\"application\/ld+json\" class=\"yoast-schema-graph\">{\"@context\":\"https:\/\/schema.org\",\"@graph\":[{\"@type\":\"WebPage\",\"@id\":\"https:\/\/verdadeon.com.br\/portal\/2020\/10\/26\/francana-esta-preparada-para-o-quarto-confronto-seguido-em-rodada-dupla\/\",\"url\":\"https:\/\/verdadeon.com.br\/portal\/2020\/10\/26\/francana-esta-preparada-para-o-quarto-confronto-seguido-em-rodada-dupla\/\",\"name\":\"Francana est\u00e1 preparada para o quarto confronto seguido em rodada dupla - VerdadeOn\",\"isPartOf\":{\"@id\":\"https:\/\/verdadeon.com.br\/portal\/#website\"},\"primaryImageOfPage\":{\"@id\":\"https:\/\/verdadeon.com.br\/portal\/2020\/10\/26\/francana-esta-preparada-para-o-quarto-confronto-seguido-em-rodada-dupla\/#primaryimage\"},\"image\":{\"@id\":\"https:\/\/verdadeon.com.br\/portal\/2020\/10\/26\/francana-esta-preparada-para-o-quarto-confronto-seguido-em-rodada-dupla\/#primaryimage\"},\"thumbnailUrl\":\"https:\/\/i0.wp.com\/verdadeon.com.br\/portal\/wp-content\/uploads\/2020\/10\/WhatsApp-Image-2020-10-24-at-16.05.51.jpeg?fit=1000%2C670&ssl=1\",\"datePublished\":\"2020-10-27T01:17:44+00:00\",\"author\":{\"@id\":\"https:\/\/verdadeon.com.br\/portal\/#\/schema\/person\/a5060ad1e9ea3df545188fc93ce43d2f\"},\"breadcrumb\":{\"@id\":\"https:\/\/verdadeon.com.br\/portal\/2020\/10\/26\/francana-esta-preparada-para-o-quarto-confronto-seguido-em-rodada-dupla\/#breadcrumb\"},\"inLanguage\":\"pt-BR\",\"potentialAction\":[{\"@type\":\"ReadAction\",\"target\":[\"https:\/\/verdadeon.com.br\/portal\/2020\/10\/26\/francana-esta-preparada-para-o-quarto-confronto-seguido-em-rodada-dupla\/\"]}]},{\"@type\":\"ImageObject\",\"inLanguage\":\"pt-BR\",\"@id\":\"https:\/\/verdadeon.com.br\/portal\/2020\/10\/26\/francana-esta-preparada-para-o-quarto-confronto-seguido-em-rodada-dupla\/#primaryimage\",\"url\":\"https:\/\/i0.wp.com\/verdadeon.com.br\/portal\/wp-content\/uploads\/2020\/10\/WhatsApp-Image-2020-10-24-at-16.05.51.jpeg?fit=1000%2C670&ssl=1\",\"contentUrl\":\"https:\/\/i0.wp.com\/verdadeon.com.br\/portal\/wp-content\/uploads\/2020\/10\/WhatsApp-Image-2020-10-24-at-16.05.51.jpeg?fit=1000%2C670&ssl=1\",\"width\":1000,\"height\":670},{\"@type\":\"BreadcrumbList\",\"@id\":\"https:\/\/verdadeon.com.br\/portal\/2020\/10\/26\/francana-esta-preparada-para-o-quarto-confronto-seguido-em-rodada-dupla\/#breadcrumb\",\"itemListElement\":[{\"@type\":\"ListItem\",\"position\":1,\"name\":\"In\u00edcio\",\"item\":\"https:\/\/verdadeon.com.br\/portal\/\"},{\"@type\":\"ListItem\",\"position\":2,\"name\":\"Francana est\u00e1 preparada para o quarto confronto seguido em rodada dupla\"}]},{\"@type\":\"WebSite\",\"@id\":\"https:\/\/verdadeon.com.br\/portal\/#website\",\"url\":\"https:\/\/verdadeon.com.br\/portal\/\",\"name\":\"VerdadeOn\",\"description\":\"Not\u00edcias di\u00e1rias sobre Franca, Regi\u00e3o, Esporte, Cultura, Cotidiano, Colunas. Cobertura nos principais eventos da cidade \u00e9 aqui - Verdadeon Franca\",\"potentialAction\":[{\"@type\":\"SearchAction\",\"target\":{\"@type\":\"EntryPoint\",\"urlTemplate\":\"https:\/\/verdadeon.com.br\/portal\/?s={search_term_string}\"},\"query-input\":{\"@type\":\"PropertyValueSpecification\",\"valueRequired\":true,\"valueName\":\"search_term_string\"}}],\"inLanguage\":\"pt-BR\"},{\"@type\":\"Person\",\"@id\":\"https:\/\/verdadeon.com.br\/portal\/#\/schema\/person\/a5060ad1e9ea3df545188fc93ce43d2f\",\"name\":\"Redacao VerdadeOn\",\"image\":{\"@type\":\"ImageObject\",\"inLanguage\":\"pt-BR\",\"@id\":\"https:\/\/verdadeon.com.br\/portal\/#\/schema\/person\/image\/\",\"url\":\"https:\/\/secure.gravatar.com\/avatar\/459a9613caaaf07f582c3d0841eea68bdd66f533e465e6ba8b9cb45619572cf4?s=96&d=mm&r=g\",\"contentUrl\":\"https:\/\/secure.gravatar.com\/avatar\/459a9613caaaf07f582c3d0841eea68bdd66f533e465e6ba8b9cb45619572cf4?s=96&d=mm&r=g\",\"caption\":\"Redacao VerdadeOn\"},\"url\":\"https:\/\/verdadeon.com.br\/portal\/author\/redacao\/\"}]}<\/script>\n<!-- \/ Yoast SEO plugin. -->","yoast_head_json":{"title":"Francana est\u00e1 preparada para o quarto confronto seguido em rodada dupla - VerdadeOn","robots":{"index":"index","follow":"follow","max-snippet":"max-snippet:-1","max-image-preview":"max-image-preview:large","max-video-preview":"max-video-preview:-1"},"canonical":"https:\/\/verdadeon.com.br\/portal\/2020\/10\/26\/francana-esta-preparada-para-o-quarto-confronto-seguido-em-rodada-dupla\/","og_locale":"pt_BR","og_type":"article","og_title":"Francana est\u00e1 preparada para o quarto confronto seguido em rodada dupla - VerdadeOn","og_description":"O time da Francana j\u00e1 est\u00e1 concentrado para encarar o quarto desafio seguido no Campeonato Paulista da Segunda Divis\u00e3o. A partida ser\u00e1 nesta ter\u00e7a-feira (27), em [\u2026]","og_url":"https:\/\/verdadeon.com.br\/portal\/2020\/10\/26\/francana-esta-preparada-para-o-quarto-confronto-seguido-em-rodada-dupla\/","og_site_name":"VerdadeOn","article_published_time":"2020-10-27T01:17:44+00:00","og_image":[{"width":1000,"height":670,"url":"https:\/\/verdadeon.com.br\/portal\/wp-content\/uploads\/2020\/10\/WhatsApp-Image-2020-10-24-at-16.05.51.jpeg","type":"image\/jpeg"}],"author":"Redacao VerdadeOn","twitter_card":"summary_large_image","twitter_misc":{"Escrito por":"Redacao VerdadeOn","Est. tempo de leitura":"2 minutos"},"schema":{"@context":"https:\/\/schema.org","@graph":[{"@type":"WebPage","@id":"https:\/\/verdadeon.com.br\/portal\/2020\/10\/26\/francana-esta-preparada-para-o-quarto-confronto-seguido-em-rodada-dupla\/","url":"https:\/\/verdadeon.com.br\/portal\/2020\/10\/26\/francana-esta-preparada-para-o-quarto-confronto-seguido-em-rodada-dupla\/","name":"Francana est\u00e1 preparada para o quarto confronto seguido em rodada dupla - VerdadeOn","isPartOf":{"@id":"https:\/\/verdadeon.com.br\/portal\/#website"},"primaryImageOfPage":{"@id":"https:\/\/verdadeon.com.br\/portal\/2020\/10\/26\/francana-esta-preparada-para-o-quarto-confronto-seguido-em-rodada-dupla\/#primaryimage"},"image":{"@id":"https:\/\/verdadeon.com.br\/portal\/2020\/10\/26\/francana-esta-preparada-para-o-quarto-confronto-seguido-em-rodada-dupla\/#primaryimage"},"thumbnailUrl":"https:\/\/i0.wp.com\/verdadeon.com.br\/portal\/wp-content\/uploads\/2020\/10\/WhatsApp-Image-2020-10-24-at-16.05.51.jpeg?fit=1000%2C670&ssl=1","datePublished":"2020-10-27T01:17:44+00:00","author":{"@id":"https:\/\/verdadeon.com.br\/portal\/#\/schema\/person\/a5060ad1e9ea3df545188fc93ce43d2f"},"breadcrumb":{"@id":"https:\/\/verdadeon.com.br\/portal\/2020\/10\/26\/francana-esta-preparada-para-o-quarto-confronto-seguido-em-rodada-dupla\/#breadcrumb"},"inLanguage":"pt-BR","potentialAction":[{"@type":"ReadAction","target":["https:\/\/verdadeon.com.br\/portal\/2020\/10\/26\/francana-esta-preparada-para-o-quarto-confronto-seguido-em-rodada-dupla\/"]}]},{"@type":"ImageObject","inLanguage":"pt-BR","@id":"https:\/\/verdadeon.com.br\/portal\/2020\/10\/26\/francana-esta-preparada-para-o-quarto-confronto-seguido-em-rodada-dupla\/#primaryimage","url":"https:\/\/i0.wp.com\/verdadeon.com.br\/portal\/wp-content\/uploads\/2020\/10\/WhatsApp-Image-2020-10-24-at-16.05.51.jpeg?fit=1000%2C670&ssl=1","contentUrl":"https:\/\/i0.wp.com\/verdadeon.com.br\/portal\/wp-content\/uploads\/2020\/10\/WhatsApp-Image-2020-10-24-at-16.05.51.jpeg?fit=1000%2C670&ssl=1","width":1000,"height":670},{"@type":"BreadcrumbList","@id":"https:\/\/verdadeon.com.br\/portal\/2020\/10\/26\/francana-esta-preparada-para-o-quarto-confronto-seguido-em-rodada-dupla\/#breadcrumb","itemListElement":[{"@type":"ListItem","position":1,"name":"In\u00edcio","item":"https:\/\/verdadeon.com.br\/portal\/"},{"@type":"ListItem","position":2,"name":"Francana est\u00e1 preparada para o quarto confronto seguido em rodada dupla"}]},{"@type":"WebSite","@id":"https:\/\/verdadeon.com.br\/portal\/#website","url":"https:\/\/verdadeon.com.br\/portal\/","name":"VerdadeOn","description":"Not\u00edcias di\u00e1rias sobre Franca, Regi\u00e3o, Esporte, Cultura, Cotidiano, Colunas. Cobertura nos principais eventos da cidade \u00e9 aqui - Verdadeon Franca","potentialAction":[{"@type":"SearchAction","target":{"@type":"EntryPoint","urlTemplate":"https:\/\/verdadeon.com.br\/portal\/?s={search_term_string}"},"query-input":{"@type":"PropertyValueSpecification","valueRequired":true,"valueName":"search_term_string"}}],"inLanguage":"pt-BR"},{"@type":"Person","@id":"https:\/\/verdadeon.com.br\/portal\/#\/schema\/person\/a5060ad1e9ea3df545188fc93ce43d2f","name":"Redacao VerdadeOn","image":{"@type":"ImageObject","inLanguage":"pt-BR","@id":"https:\/\/verdadeon.com.br\/portal\/#\/schema\/person\/image\/","url":"https:\/\/secure.gravatar.com\/avatar\/459a9613caaaf07f582c3d0841eea68bdd66f533e465e6ba8b9cb45619572cf4?s=96&d=mm&r=g","contentUrl":"https:\/\/secure.gravatar.com\/avatar\/459a9613caaaf07f582c3d0841eea68bdd66f533e465e6ba8b9cb45619572cf4?s=96&d=mm&r=g","caption":"Redacao VerdadeOn"},"url":"https:\/\/verdadeon.com.br\/portal\/author\/redacao\/"}]}},"jetpack_publicize_connections":[],"jetpack_featured_media_url":"https:\/\/i0.wp.com\/verdadeon.com.br\/portal\/wp-content\/uploads\/2020\/10\/WhatsApp-Image-2020-10-24-at-16.05.51.jpeg?fit=1000%2C670&ssl=1","jetpack_sharing_enabled":true,"_links":{"self":[{"href":"https:\/\/verdadeon.com.br\/portal\/wp-json\/wp\/v2\/posts\/11431","targetHints":{"allow":["GET"]}}],"collection":[{"href":"https:\/\/verdadeon.com.br\/portal\/wp-json\/wp\/v2\/posts"}],"about":[{"href":"https:\/\/verdadeon.com.br\/portal\/wp-json\/wp\/v2\/types\/post"}],"author":[{"embeddable":true,"href":"https:\/\/verdadeon.com.br\/portal\/wp-json\/wp\/v2\/users\/10"}],"replies":[{"embeddable":true,"href":"https:\/\/verdadeon.com.br\/portal\/wp-json\/wp\/v2\/comments?post=11431"}],"version-history":[{"count":0,"href":"https:\/\/verdadeon.com.br\/portal\/wp-json\/wp\/v2\/posts\/11431\/revisions"}],"wp:featuredmedia":[{"embeddable":true,"href":"https:\/\/verdadeon.com.br\/portal\/wp-json\/wp\/v2\/media\/11439"}],"wp:attachment":[{"href":"https:\/\/verdadeon.com.br\/portal\/wp-json\/wp\/v2\/media?parent=11431"}],"wp:term":[{"taxonomy":"category","embeddable":true,"href":"https:\/\/verdadeon.com.br\/portal\/wp-json\/wp\/v2\/categories?post=11431"},{"taxonomy":"post_tag","embeddable":true,"href":"https:\/\/verdadeon.com.br\/portal\/wp-json\/wp\/v2\/tags?post=11431"}],"curies":[{"name":"wp","href":"https:\/\/api.w.org\/{rel}","templated":true}]}}