{"id":11426,"date":"2020-10-26T22:10:30","date_gmt":"2020-10-27T01:10:30","guid":{"rendered":"http:\/\/verdadeon.com.br\/portal\/?p=11426"},"modified":"2020-10-26T22:10:30","modified_gmt":"2020-10-27T01:10:30","slug":"varejo-deve-crescer-ate-3-em-novembro-puxado-pela-black-friday","status":"publish","type":"post","link":"https:\/\/verdadeon.com.br\/portal\/2020\/10\/26\/varejo-deve-crescer-ate-3-em-novembro-puxado-pela-black-friday\/","title":{"rendered":"Varejo deve crescer at\u00e9 3% em novembro puxado pela Black Friday"},"content":{"rendered":"<div class=\"col-lg-12 mb-3\">\n<div class=\"row\">\n<h3 class=\"col-10 offset-1 animated fadeInDown dealy-900 display-8 display-md-8 alt-font font-italic my-1 text-center\">Previs\u00e3o \u00e9 da FecomercioSP<\/h3>\n<\/div>\n<p>Camila Boehm \u2013 Rep\u00f3rter da Ag\u00eancia Brasil &#8211; S\u00e3o Paulo<\/p><\/div>\n<div class=\"col-xl-7 offset-xl-1 col-lg-8 offset-lg-0 col-md-10 offset-md-1 mb-3\">\n<div class=\"post-item alt-font\">\n<div class=\"post-item-wrap\">\n<p>A FecomercioSP prev\u00ea aumento de at\u00e9 3% nas vendas do com\u00e9rcio varejista em novembro comparada ao mesmo per\u00edodo do ano passado, principalmente em supermercados e materiais de constru\u00e7\u00e3o. Segundo a entidade, o aumento deve ser puxado pela Black Friday, que acontecer\u00e1 no dia 27 de novembro.<img data-recalc-dims=\"1\" decoding=\"async\" src=\"https:\/\/i0.wp.com\/agenciabrasil.ebc.com.br\/ebc.png?w=1220&#038;ssl=1\" \/><img data-recalc-dims=\"1\" decoding=\"async\" src=\"https:\/\/i0.wp.com\/agenciabrasil.ebc.com.br\/ebc.gif?w=1220&#038;ssl=1\" \/><\/p>\n<p>A data servir\u00e1 como um term\u00f4metro para as compras de Natal, que, segundo a federa\u00e7\u00e3o, tamb\u00e9m devem registrar crescimento neste ano. Se as previs\u00f5es se confirmarem, o varejo terminar\u00e1 o ano com uma queda de 3%, um cen\u00e1rio melhor do que o previsto no in\u00edcio da pandemia da covid-19.<\/p>\n<p>Apesar das previs\u00f5es otimistas da entidade em rela\u00e7\u00e3o \u00e0 Black Friday, a FecomercioSP avalia que a abertura gradativa dos estabelecimentos n\u00e3o ser\u00e1 suficiente para recuperar as perdas do setor este ano. \u201cO grau de incertezas em rela\u00e7\u00e3o \u00e0 economia ainda \u00e9 grande, principalmente em rela\u00e7\u00e3o \u00e0s vari\u00e1veis de emprego e renda\u201d, disse a entidade.<\/p>\n<p>Para potencializar o faturamento na Black Friday, a entidade orienta que os estabelecimentos coloquem em pr\u00e1tica planos de fideliza\u00e7\u00e3o de clientes e descontos em produtos &#8211; que costumam ser as principais a\u00e7\u00f5es do varejo para a data -, considerando um cen\u00e1rio de aumento do desemprego e redu\u00e7\u00e3o paralela na renda e tamb\u00e9m na confian\u00e7a dos consumidores.<\/p>\n<p>No entanto, a federa\u00e7\u00e3o alerta para que n\u00e3o comprometam as margens de lucro. \u201cIsso significa dizer que, para ter um bom resultado ao fim do m\u00eas, eles devem ir \u00e0s contas: mensurar custos, checar o estoque antecipadamente e planejar a gest\u00e3o de fornecedores para, s\u00f3 ent\u00e3o, estipular os descontos que podem oferecer. Caso contr\u00e1rio, corre-se o risco de vender a pre\u00e7os muito baixos para atrair a demanda da Black Friday e contabilizar preju\u00edzos depois que a data passar\u201d, recomenda a entidade.<\/p>\n<p>A gest\u00e3o de estoques deve dar a t\u00f4nica dos bons resultados do setor nesta Black Friday: conceder descontos aos produtos que est\u00e3o parados ou com baixo giro \u00e9 a principal estrat\u00e9gia para lucrar na data, orienta a assessoria t\u00e9cnica da entidade. Outro alerta \u00e9 em rela\u00e7\u00e3o ao frete gr\u00e1tis, pr\u00e1tica comum nessa \u00e9poca do ano. Em um per\u00edodo no qual muitos varejistas tiveram dificuldades no fluxo de caixa, assumir esse custo para vender mais pode significar perdas substanciais.<\/p>\n<p>Segundo a FecomercioSP, \u00e9 importante principalmente para o varejo f\u00edsico que os protocolos sanit\u00e1rios em meio \u00e0 pandemia continuem sendo praticados, como limita\u00e7\u00e3o no fluxo de pessoas, medi\u00e7\u00e3o de temperatura e disponibiliza\u00e7\u00e3o de \u00e1lcool em gel. No caso do e-commerce, medidas como atendimento agendado e servi\u00e7o de entrega em esquema drive-thru tamb\u00e9m devem permanecer durante a Black Friday.<\/p>\n<\/div>\n<p class=\"alt-font font-italic my-2 small text-info\">Edi\u00e7\u00e3o: Fernando Fraga<\/p>\n<\/div>\n<\/div>\n","protected":false},"excerpt":{"rendered":"<p>Previs\u00e3o \u00e9 da FecomercioSP Camila Boehm \u2013 Rep\u00f3rter da Ag\u00eancia Brasil &#8211; S\u00e3o Paulo A FecomercioSP prev\u00ea aumento de at\u00e9 3% nas vendas do com\u00e9rcio varejista<span class=\"excerpt-hellip\"> [\u2026]<\/span><\/p>\n","protected":false},"author":10,"featured_media":11433,"comment_status":"open","ping_status":"open","sticky":false,"template":"","format":"standard","meta":{"_jetpack_memberships_contains_paid_content":false,"footnotes":"","jetpack_publicize_message":"","jetpack_publicize_feature_enabled":true,"jetpack_social_post_already_shared":false,"jetpack_social_options":{"image_generator_settings":{"template":"highway","default_image_id":0,"enabled":false},"version":2}},"categories":[53,44],"tags":[],"class_list":["post-11426","post","type-post","status-publish","format-standard","has-post-thumbnail","hentry","category-brasil","category-noticias"],"yoast_head":"<!-- This site is optimized with the Yoast SEO plugin v25.6 - https:\/\/yoast.com\/wordpress\/plugins\/seo\/ -->\n<title>Varejo deve crescer at\u00e9 3% em novembro puxado pela Black Friday - VerdadeOn<\/title>\n<meta name=\"robots\" content=\"index, follow, max-snippet:-1, max-image-preview:large, max-video-preview:-1\" \/>\n<link rel=\"canonical\" href=\"https:\/\/verdadeon.com.br\/portal\/2020\/10\/26\/varejo-deve-crescer-ate-3-em-novembro-puxado-pela-black-friday\/\" \/>\n<meta property=\"og:locale\" content=\"pt_BR\" \/>\n<meta property=\"og:type\" content=\"article\" \/>\n<meta property=\"og:title\" content=\"Varejo deve crescer at\u00e9 3% em novembro puxado pela Black Friday - VerdadeOn\" \/>\n<meta property=\"og:description\" content=\"Previs\u00e3o \u00e9 da FecomercioSP Camila Boehm \u2013 Rep\u00f3rter da Ag\u00eancia Brasil &#8211; S\u00e3o Paulo A FecomercioSP prev\u00ea aumento de at\u00e9 3% nas vendas do com\u00e9rcio varejista [\u2026]\" \/>\n<meta property=\"og:url\" content=\"https:\/\/verdadeon.com.br\/portal\/2020\/10\/26\/varejo-deve-crescer-ate-3-em-novembro-puxado-pela-black-friday\/\" \/>\n<meta property=\"og:site_name\" content=\"VerdadeOn\" \/>\n<meta property=\"article:published_time\" content=\"2020-10-27T01:10:30+00:00\" \/>\n<meta property=\"og:image\" content=\"https:\/\/verdadeon.com.br\/portal\/wp-content\/uploads\/2020\/10\/987001-aaa_capa_abr2245-002.jpg\" \/>\n\t<meta property=\"og:image:width\" content=\"1000\" \/>\n\t<meta property=\"og:image:height\" content=\"670\" \/>\n\t<meta property=\"og:image:type\" content=\"image\/jpeg\" \/>\n<meta name=\"author\" content=\"Redacao VerdadeOn\" \/>\n<meta name=\"twitter:card\" content=\"summary_large_image\" \/>\n<meta name=\"twitter:label1\" content=\"Escrito por\" \/>\n\t<meta name=\"twitter:data1\" content=\"Redacao VerdadeOn\" \/>\n\t<meta name=\"twitter:label2\" content=\"Est. tempo de leitura\" \/>\n\t<meta name=\"twitter:data2\" content=\"2 minutos\" \/>\n<script type=\"application\/ld+json\" class=\"yoast-schema-graph\">{\"@context\":\"https:\/\/schema.org\",\"@graph\":[{\"@type\":\"WebPage\",\"@id\":\"https:\/\/verdadeon.com.br\/portal\/2020\/10\/26\/varejo-deve-crescer-ate-3-em-novembro-puxado-pela-black-friday\/\",\"url\":\"https:\/\/verdadeon.com.br\/portal\/2020\/10\/26\/varejo-deve-crescer-ate-3-em-novembro-puxado-pela-black-friday\/\",\"name\":\"Varejo deve crescer at\u00e9 3% em novembro puxado pela Black Friday - VerdadeOn\",\"isPartOf\":{\"@id\":\"https:\/\/verdadeon.com.br\/portal\/#website\"},\"primaryImageOfPage\":{\"@id\":\"https:\/\/verdadeon.com.br\/portal\/2020\/10\/26\/varejo-deve-crescer-ate-3-em-novembro-puxado-pela-black-friday\/#primaryimage\"},\"image\":{\"@id\":\"https:\/\/verdadeon.com.br\/portal\/2020\/10\/26\/varejo-deve-crescer-ate-3-em-novembro-puxado-pela-black-friday\/#primaryimage\"},\"thumbnailUrl\":\"https:\/\/i0.wp.com\/verdadeon.com.br\/portal\/wp-content\/uploads\/2020\/10\/987001-aaa_capa_abr2245-002.jpg?fit=1000%2C670&ssl=1\",\"datePublished\":\"2020-10-27T01:10:30+00:00\",\"author\":{\"@id\":\"https:\/\/verdadeon.com.br\/portal\/#\/schema\/person\/a5060ad1e9ea3df545188fc93ce43d2f\"},\"breadcrumb\":{\"@id\":\"https:\/\/verdadeon.com.br\/portal\/2020\/10\/26\/varejo-deve-crescer-ate-3-em-novembro-puxado-pela-black-friday\/#breadcrumb\"},\"inLanguage\":\"pt-BR\",\"potentialAction\":[{\"@type\":\"ReadAction\",\"target\":[\"https:\/\/verdadeon.com.br\/portal\/2020\/10\/26\/varejo-deve-crescer-ate-3-em-novembro-puxado-pela-black-friday\/\"]}]},{\"@type\":\"ImageObject\",\"inLanguage\":\"pt-BR\",\"@id\":\"https:\/\/verdadeon.com.br\/portal\/2020\/10\/26\/varejo-deve-crescer-ate-3-em-novembro-puxado-pela-black-friday\/#primaryimage\",\"url\":\"https:\/\/i0.wp.com\/verdadeon.com.br\/portal\/wp-content\/uploads\/2020\/10\/987001-aaa_capa_abr2245-002.jpg?fit=1000%2C670&ssl=1\",\"contentUrl\":\"https:\/\/i0.wp.com\/verdadeon.com.br\/portal\/wp-content\/uploads\/2020\/10\/987001-aaa_capa_abr2245-002.jpg?fit=1000%2C670&ssl=1\",\"width\":1000,\"height\":670,\"caption\":\"A Black Friday acontece em novembro em todo o pa\u00eds e \u00e9 considerada uma das datas mais importantes para o com\u00e9rcio | (Ag\u00eancia Brasil)\"},{\"@type\":\"BreadcrumbList\",\"@id\":\"https:\/\/verdadeon.com.br\/portal\/2020\/10\/26\/varejo-deve-crescer-ate-3-em-novembro-puxado-pela-black-friday\/#breadcrumb\",\"itemListElement\":[{\"@type\":\"ListItem\",\"position\":1,\"name\":\"In\u00edcio\",\"item\":\"https:\/\/verdadeon.com.br\/portal\/\"},{\"@type\":\"ListItem\",\"position\":2,\"name\":\"Varejo deve crescer at\u00e9 3% em novembro puxado pela Black Friday\"}]},{\"@type\":\"WebSite\",\"@id\":\"https:\/\/verdadeon.com.br\/portal\/#website\",\"url\":\"https:\/\/verdadeon.com.br\/portal\/\",\"name\":\"VerdadeOn\",\"description\":\"Not\u00edcias di\u00e1rias sobre Franca, Regi\u00e3o, Esporte, Cultura, Cotidiano, Colunas. Cobertura nos principais eventos da cidade \u00e9 aqui - Verdadeon Franca\",\"potentialAction\":[{\"@type\":\"SearchAction\",\"target\":{\"@type\":\"EntryPoint\",\"urlTemplate\":\"https:\/\/verdadeon.com.br\/portal\/?s={search_term_string}\"},\"query-input\":{\"@type\":\"PropertyValueSpecification\",\"valueRequired\":true,\"valueName\":\"search_term_string\"}}],\"inLanguage\":\"pt-BR\"},{\"@type\":\"Person\",\"@id\":\"https:\/\/verdadeon.com.br\/portal\/#\/schema\/person\/a5060ad1e9ea3df545188fc93ce43d2f\",\"name\":\"Redacao VerdadeOn\",\"image\":{\"@type\":\"ImageObject\",\"inLanguage\":\"pt-BR\",\"@id\":\"https:\/\/verdadeon.com.br\/portal\/#\/schema\/person\/image\/\",\"url\":\"https:\/\/secure.gravatar.com\/avatar\/459a9613caaaf07f582c3d0841eea68bdd66f533e465e6ba8b9cb45619572cf4?s=96&d=mm&r=g\",\"contentUrl\":\"https:\/\/secure.gravatar.com\/avatar\/459a9613caaaf07f582c3d0841eea68bdd66f533e465e6ba8b9cb45619572cf4?s=96&d=mm&r=g\",\"caption\":\"Redacao VerdadeOn\"},\"url\":\"https:\/\/verdadeon.com.br\/portal\/author\/redacao\/\"}]}<\/script>\n<!-- \/ Yoast SEO plugin. -->","yoast_head_json":{"title":"Varejo deve crescer at\u00e9 3% em novembro puxado pela Black Friday - VerdadeOn","robots":{"index":"index","follow":"follow","max-snippet":"max-snippet:-1","max-image-preview":"max-image-preview:large","max-video-preview":"max-video-preview:-1"},"canonical":"https:\/\/verdadeon.com.br\/portal\/2020\/10\/26\/varejo-deve-crescer-ate-3-em-novembro-puxado-pela-black-friday\/","og_locale":"pt_BR","og_type":"article","og_title":"Varejo deve crescer at\u00e9 3% em novembro puxado pela Black Friday - VerdadeOn","og_description":"Previs\u00e3o \u00e9 da FecomercioSP Camila Boehm \u2013 Rep\u00f3rter da Ag\u00eancia Brasil &#8211; S\u00e3o Paulo A FecomercioSP prev\u00ea aumento de at\u00e9 3% nas vendas do com\u00e9rcio varejista [\u2026]","og_url":"https:\/\/verdadeon.com.br\/portal\/2020\/10\/26\/varejo-deve-crescer-ate-3-em-novembro-puxado-pela-black-friday\/","og_site_name":"VerdadeOn","article_published_time":"2020-10-27T01:10:30+00:00","og_image":[{"width":1000,"height":670,"url":"https:\/\/verdadeon.com.br\/portal\/wp-content\/uploads\/2020\/10\/987001-aaa_capa_abr2245-002.jpg","type":"image\/jpeg"}],"author":"Redacao VerdadeOn","twitter_card":"summary_large_image","twitter_misc":{"Escrito por":"Redacao VerdadeOn","Est. tempo de leitura":"2 minutos"},"schema":{"@context":"https:\/\/schema.org","@graph":[{"@type":"WebPage","@id":"https:\/\/verdadeon.com.br\/portal\/2020\/10\/26\/varejo-deve-crescer-ate-3-em-novembro-puxado-pela-black-friday\/","url":"https:\/\/verdadeon.com.br\/portal\/2020\/10\/26\/varejo-deve-crescer-ate-3-em-novembro-puxado-pela-black-friday\/","name":"Varejo deve crescer at\u00e9 3% em novembro puxado pela Black Friday - VerdadeOn","isPartOf":{"@id":"https:\/\/verdadeon.com.br\/portal\/#website"},"primaryImageOfPage":{"@id":"https:\/\/verdadeon.com.br\/portal\/2020\/10\/26\/varejo-deve-crescer-ate-3-em-novembro-puxado-pela-black-friday\/#primaryimage"},"image":{"@id":"https:\/\/verdadeon.com.br\/portal\/2020\/10\/26\/varejo-deve-crescer-ate-3-em-novembro-puxado-pela-black-friday\/#primaryimage"},"thumbnailUrl":"https:\/\/i0.wp.com\/verdadeon.com.br\/portal\/wp-content\/uploads\/2020\/10\/987001-aaa_capa_abr2245-002.jpg?fit=1000%2C670&ssl=1","datePublished":"2020-10-27T01:10:30+00:00","author":{"@id":"https:\/\/verdadeon.com.br\/portal\/#\/schema\/person\/a5060ad1e9ea3df545188fc93ce43d2f"},"breadcrumb":{"@id":"https:\/\/verdadeon.com.br\/portal\/2020\/10\/26\/varejo-deve-crescer-ate-3-em-novembro-puxado-pela-black-friday\/#breadcrumb"},"inLanguage":"pt-BR","potentialAction":[{"@type":"ReadAction","target":["https:\/\/verdadeon.com.br\/portal\/2020\/10\/26\/varejo-deve-crescer-ate-3-em-novembro-puxado-pela-black-friday\/"]}]},{"@type":"ImageObject","inLanguage":"pt-BR","@id":"https:\/\/verdadeon.com.br\/portal\/2020\/10\/26\/varejo-deve-crescer-ate-3-em-novembro-puxado-pela-black-friday\/#primaryimage","url":"https:\/\/i0.wp.com\/verdadeon.com.br\/portal\/wp-content\/uploads\/2020\/10\/987001-aaa_capa_abr2245-002.jpg?fit=1000%2C670&ssl=1","contentUrl":"https:\/\/i0.wp.com\/verdadeon.com.br\/portal\/wp-content\/uploads\/2020\/10\/987001-aaa_capa_abr2245-002.jpg?fit=1000%2C670&ssl=1","width":1000,"height":670,"caption":"A Black Friday acontece em novembro em todo o pa\u00eds e \u00e9 considerada uma das datas mais importantes para o com\u00e9rcio | (Ag\u00eancia Brasil)"},{"@type":"BreadcrumbList","@id":"https:\/\/verdadeon.com.br\/portal\/2020\/10\/26\/varejo-deve-crescer-ate-3-em-novembro-puxado-pela-black-friday\/#breadcrumb","itemListElement":[{"@type":"ListItem","position":1,"name":"In\u00edcio","item":"https:\/\/verdadeon.com.br\/portal\/"},{"@type":"ListItem","position":2,"name":"Varejo deve crescer at\u00e9 3% em novembro puxado pela Black Friday"}]},{"@type":"WebSite","@id":"https:\/\/verdadeon.com.br\/portal\/#website","url":"https:\/\/verdadeon.com.br\/portal\/","name":"VerdadeOn","description":"Not\u00edcias di\u00e1rias sobre Franca, Regi\u00e3o, Esporte, Cultura, Cotidiano, Colunas. Cobertura nos principais eventos da cidade \u00e9 aqui - Verdadeon Franca","potentialAction":[{"@type":"SearchAction","target":{"@type":"EntryPoint","urlTemplate":"https:\/\/verdadeon.com.br\/portal\/?s={search_term_string}"},"query-input":{"@type":"PropertyValueSpecification","valueRequired":true,"valueName":"search_term_string"}}],"inLanguage":"pt-BR"},{"@type":"Person","@id":"https:\/\/verdadeon.com.br\/portal\/#\/schema\/person\/a5060ad1e9ea3df545188fc93ce43d2f","name":"Redacao VerdadeOn","image":{"@type":"ImageObject","inLanguage":"pt-BR","@id":"https:\/\/verdadeon.com.br\/portal\/#\/schema\/person\/image\/","url":"https:\/\/secure.gravatar.com\/avatar\/459a9613caaaf07f582c3d0841eea68bdd66f533e465e6ba8b9cb45619572cf4?s=96&d=mm&r=g","contentUrl":"https:\/\/secure.gravatar.com\/avatar\/459a9613caaaf07f582c3d0841eea68bdd66f533e465e6ba8b9cb45619572cf4?s=96&d=mm&r=g","caption":"Redacao VerdadeOn"},"url":"https:\/\/verdadeon.com.br\/portal\/author\/redacao\/"}]}},"jetpack_publicize_connections":[],"jetpack_featured_media_url":"https:\/\/i0.wp.com\/verdadeon.com.br\/portal\/wp-content\/uploads\/2020\/10\/987001-aaa_capa_abr2245-002.jpg?fit=1000%2C670&ssl=1","jetpack_sharing_enabled":true,"_links":{"self":[{"href":"https:\/\/verdadeon.com.br\/portal\/wp-json\/wp\/v2\/posts\/11426","targetHints":{"allow":["GET"]}}],"collection":[{"href":"https:\/\/verdadeon.com.br\/portal\/wp-json\/wp\/v2\/posts"}],"about":[{"href":"https:\/\/verdadeon.com.br\/portal\/wp-json\/wp\/v2\/types\/post"}],"author":[{"embeddable":true,"href":"https:\/\/verdadeon.com.br\/portal\/wp-json\/wp\/v2\/users\/10"}],"replies":[{"embeddable":true,"href":"https:\/\/verdadeon.com.br\/portal\/wp-json\/wp\/v2\/comments?post=11426"}],"version-history":[{"count":0,"href":"https:\/\/verdadeon.com.br\/portal\/wp-json\/wp\/v2\/posts\/11426\/revisions"}],"wp:featuredmedia":[{"embeddable":true,"href":"https:\/\/verdadeon.com.br\/portal\/wp-json\/wp\/v2\/media\/11433"}],"wp:attachment":[{"href":"https:\/\/verdadeon.com.br\/portal\/wp-json\/wp\/v2\/media?parent=11426"}],"wp:term":[{"taxonomy":"category","embeddable":true,"href":"https:\/\/verdadeon.com.br\/portal\/wp-json\/wp\/v2\/categories?post=11426"},{"taxonomy":"post_tag","embeddable":true,"href":"https:\/\/verdadeon.com.br\/portal\/wp-json\/wp\/v2\/tags?post=11426"}],"curies":[{"name":"wp","href":"https:\/\/api.w.org\/{rel}","templated":true}]}}