{"id":11403,"date":"2020-10-24T21:26:35","date_gmt":"2020-10-25T00:26:35","guid":{"rendered":"http:\/\/verdadeon.com.br\/portal\/?p=11403"},"modified":"2020-10-24T21:26:35","modified_gmt":"2020-10-25T00:26:35","slug":"ministerio-da-saude-divulga-numeros-atualizados-da-pandemia","status":"publish","type":"post","link":"https:\/\/verdadeon.com.br\/portal\/2020\/10\/24\/ministerio-da-saude-divulga-numeros-atualizados-da-pandemia\/","title":{"rendered":"Minist\u00e9rio da Sa\u00fade divulga n\u00fameros atualizados da pandemia"},"content":{"rendered":"<div class=\"col-lg-12 mb-3\">\n<div class=\"row\">\n<h3 class=\"col-10 offset-1 animated fadeInDown dealy-900 display-8 display-md-8 alt-font font-italic my-1 text-center\">S\u00e3o 5,38 milh\u00f5es de casos, com 156.903 \u00f3bitos e 89% de recuperados<\/h3>\n<\/div>\n<p>Pedro Peduzzi e Camila Boehm &#8211; Rep\u00f3rteres da Ag\u00eancia Brasil &#8211; Bras\u00edlia<\/p><\/div>\n<div class=\"col-xl-7 offset-xl-1 col-lg-8 offset-lg-0 col-md-10 offset-md-1 mb-3\">\n<div class=\"post-item alt-font\">\n<div class=\"post-item-wrap\">\n<p>Segundo o \u00faltimo boletim do Minist\u00e9rio da Sa\u00fade, divulgado hoje (24), o Brasil acumula 5.380.635 casos de pessoas infectadas pelo novo coronav\u00edrus. Nas \u00faltimas 24 horas foram 26.979 novos casos. De acordo com balan\u00e7o pelo Minist\u00e9rio da Sa\u00fade, a doen\u00e7a j\u00e1 matou 156.903 pessoas &#8211; 432 novos \u00f3bitos desde ontem (23).<img data-recalc-dims=\"1\" decoding=\"async\" src=\"https:\/\/i0.wp.com\/agenciabrasil.ebc.com.br\/ebc.png?w=1220&#038;ssl=1\" \/><img data-recalc-dims=\"1\" decoding=\"async\" src=\"https:\/\/i0.wp.com\/agenciabrasil.ebc.com.br\/ebc.gif?w=1220&#038;ssl=1\" \/><\/p>\n<p>Ainda segundo o balan\u00e7o, 4.817.898 pessoas (89,5% dos casos registrados) j\u00e1 se curaram da doen\u00e7a e 405.834 est\u00e3o sob acompanhamento. A frequ\u00eancia de \u00f3bitos por covid-19 est\u00e1 em 2.560 mortes a cada 100 mil pessoas contaminadas.<\/p>\n<p>O balan\u00e7o do Minist\u00e9rio da Sa\u00fade \u00e9 feito a partir de registros reunidos pelas secretarias estaduais de sa\u00fade e enviados \u00e0 pasta para consolida\u00e7\u00e3o.<\/p>\n<h2>S\u00e3o Paulo<\/h2>\n<p>O estado de S\u00e3o Paulo registrou 38.726 mortes e 1.089.255 casos confirmados de covid-19 neste s\u00e1bado (24). Entre o total de casos diagnosticados da doen\u00e7a, 972.113 pessoas est\u00e3o recuperadas, sendo que 119.027 foram internadas e tiveram alta hospitalar.<\/p>\n<p>As taxas de ocupa\u00e7\u00e3o dos leitos de UTI s\u00e3o de 40,2% na Grande S\u00e3o Paulo e 39,7% no estado. O n\u00famero de pacientes internados \u00e9 de 7.165, sendo 3.988 em enfermaria e 3.177 em unidades de terapia intensiva (UTIs), conforme dados da Secretaria de Sa\u00fade do estado divulgados pela manh\u00e3.<\/p>\n<p>Hoje, os 645 munic\u00edpios t\u00eam pelo menos uma pessoa infectada, sendo 586 com um ou mais \u00f3bitos. A rela\u00e7\u00e3o de casos e \u00f3bitos confirmados por cidade pode ser consultada no\u00a0<a href=\"http:\/\/www.saopaulo.sp.gov.br\/coronavirus\" target=\"_blank\" rel=\"noopener noreferrer\">site do governo estadual<\/a>.<\/p>\n<h2>Perfil da mortalidade<\/h2>\n<p>Entre as v\u00edtimas fatais, 22.293 s\u00e3o homens e 16.433 mulheres. As mortes continuam concentradas em pacientes com 60 anos ou mais, totalizando 76,4% das mortes.<\/p>\n<p>Considerando as faixas et\u00e1rias, a mortalidade \u00e9 maior entre 70 e 79 anos (9.943), seguida pelas faixas de 60 a 69 anos (9.119) e 80 e 89 anos (7.939).<\/p>\n<p>Entre as faixas de menor mortalidade, est\u00e3o os menores de 10 anos (44), 10 a 19 anos (69), 20 a 29 anos (324), 30 a 39 anos (1.102).<\/p>\n<p>Os principais fatores de risco associados \u00e0 mortalidade s\u00e3o cardiopatia (59,8% das mortes), diabetes mellitus (43,3%), doen\u00e7as neurol\u00f3gicas (10,9%) e renal (9,6%), pneumopatia (8,3%).<\/p>\n<p>Outros fatores identificados s\u00e3o obesidade (8,1%), imunodepress\u00e3o (5,5%), asma (3%), doen\u00e7as hep\u00e1ticas (2,1%) e hematol\u00f3gica (1,8%), S\u00edndrome de Down (0,5%), puerp\u00e9rio (0,1%) e gesta\u00e7\u00e3o (0,1%). Esses fatores de risco foram identificados em 31.115 pessoas que morreram por covid-19 (80,3%).<\/p>\n<\/div>\n<p class=\"alt-font font-italic my-2 small text-info\">Edi\u00e7\u00e3o: Pedro Ivo de Oliveira<\/p>\n<\/div>\n<\/div>\n","protected":false},"excerpt":{"rendered":"<p>S\u00e3o 5,38 milh\u00f5es de casos, com 156.903 \u00f3bitos e 89% de recuperados Pedro Peduzzi e Camila Boehm &#8211; Rep\u00f3rteres da Ag\u00eancia Brasil &#8211; Bras\u00edlia Segundo o<span class=\"excerpt-hellip\"> [\u2026]<\/span><\/p>\n","protected":false},"author":10,"featured_media":11408,"comment_status":"open","ping_status":"open","sticky":false,"template":"","format":"standard","meta":{"_jetpack_memberships_contains_paid_content":false,"footnotes":"","jetpack_publicize_message":"","jetpack_publicize_feature_enabled":true,"jetpack_social_post_already_shared":false,"jetpack_social_options":{"image_generator_settings":{"template":"highway","default_image_id":0,"enabled":false},"version":2}},"categories":[28,44],"tags":[],"class_list":["post-11403","post","type-post","status-publish","format-standard","has-post-thumbnail","hentry","category-cotidiano","category-noticias"],"yoast_head":"<!-- This site is optimized with the Yoast SEO plugin v25.6 - https:\/\/yoast.com\/wordpress\/plugins\/seo\/ -->\n<title>Minist\u00e9rio da Sa\u00fade divulga n\u00fameros atualizados da pandemia - VerdadeOn<\/title>\n<meta name=\"robots\" content=\"index, follow, max-snippet:-1, max-image-preview:large, max-video-preview:-1\" \/>\n<link rel=\"canonical\" href=\"https:\/\/verdadeon.com.br\/portal\/2020\/10\/24\/ministerio-da-saude-divulga-numeros-atualizados-da-pandemia\/\" \/>\n<meta property=\"og:locale\" content=\"pt_BR\" \/>\n<meta property=\"og:type\" content=\"article\" \/>\n<meta property=\"og:title\" content=\"Minist\u00e9rio da Sa\u00fade divulga n\u00fameros atualizados da pandemia - VerdadeOn\" \/>\n<meta property=\"og:description\" content=\"S\u00e3o 5,38 milh\u00f5es de casos, com 156.903 \u00f3bitos e 89% de recuperados Pedro Peduzzi e Camila Boehm &#8211; Rep\u00f3rteres da Ag\u00eancia Brasil &#8211; Bras\u00edlia Segundo o [\u2026]\" \/>\n<meta property=\"og:url\" content=\"https:\/\/verdadeon.com.br\/portal\/2020\/10\/24\/ministerio-da-saude-divulga-numeros-atualizados-da-pandemia\/\" \/>\n<meta property=\"og:site_name\" content=\"VerdadeOn\" \/>\n<meta property=\"article:published_time\" content=\"2020-10-25T00:26:35+00:00\" \/>\n<meta property=\"og:image\" content=\"https:\/\/verdadeon.com.br\/portal\/wp-content\/uploads\/2020\/10\/2020-03-12t160553z_812882524_rc2gif9a9hth_rtrmadp_3_health-coronavirus-italy.jpg\" \/>\n\t<meta property=\"og:image:width\" content=\"1000\" \/>\n\t<meta property=\"og:image:height\" content=\"670\" \/>\n\t<meta property=\"og:image:type\" content=\"image\/jpeg\" \/>\n<meta name=\"author\" content=\"Redacao VerdadeOn\" \/>\n<meta name=\"twitter:card\" content=\"summary_large_image\" \/>\n<meta name=\"twitter:label1\" content=\"Escrito por\" \/>\n\t<meta name=\"twitter:data1\" content=\"Redacao VerdadeOn\" \/>\n\t<meta name=\"twitter:label2\" content=\"Est. tempo de leitura\" \/>\n\t<meta name=\"twitter:data2\" content=\"2 minutos\" \/>\n<script type=\"application\/ld+json\" class=\"yoast-schema-graph\">{\"@context\":\"https:\/\/schema.org\",\"@graph\":[{\"@type\":\"WebPage\",\"@id\":\"https:\/\/verdadeon.com.br\/portal\/2020\/10\/24\/ministerio-da-saude-divulga-numeros-atualizados-da-pandemia\/\",\"url\":\"https:\/\/verdadeon.com.br\/portal\/2020\/10\/24\/ministerio-da-saude-divulga-numeros-atualizados-da-pandemia\/\",\"name\":\"Minist\u00e9rio da Sa\u00fade divulga n\u00fameros atualizados da pandemia - VerdadeOn\",\"isPartOf\":{\"@id\":\"https:\/\/verdadeon.com.br\/portal\/#website\"},\"primaryImageOfPage\":{\"@id\":\"https:\/\/verdadeon.com.br\/portal\/2020\/10\/24\/ministerio-da-saude-divulga-numeros-atualizados-da-pandemia\/#primaryimage\"},\"image\":{\"@id\":\"https:\/\/verdadeon.com.br\/portal\/2020\/10\/24\/ministerio-da-saude-divulga-numeros-atualizados-da-pandemia\/#primaryimage\"},\"thumbnailUrl\":\"https:\/\/i0.wp.com\/verdadeon.com.br\/portal\/wp-content\/uploads\/2020\/10\/2020-03-12t160553z_812882524_rc2gif9a9hth_rtrmadp_3_health-coronavirus-italy.jpg?fit=1000%2C670&ssl=1\",\"datePublished\":\"2020-10-25T00:26:35+00:00\",\"author\":{\"@id\":\"https:\/\/verdadeon.com.br\/portal\/#\/schema\/person\/a5060ad1e9ea3df545188fc93ce43d2f\"},\"breadcrumb\":{\"@id\":\"https:\/\/verdadeon.com.br\/portal\/2020\/10\/24\/ministerio-da-saude-divulga-numeros-atualizados-da-pandemia\/#breadcrumb\"},\"inLanguage\":\"pt-BR\",\"potentialAction\":[{\"@type\":\"ReadAction\",\"target\":[\"https:\/\/verdadeon.com.br\/portal\/2020\/10\/24\/ministerio-da-saude-divulga-numeros-atualizados-da-pandemia\/\"]}]},{\"@type\":\"ImageObject\",\"inLanguage\":\"pt-BR\",\"@id\":\"https:\/\/verdadeon.com.br\/portal\/2020\/10\/24\/ministerio-da-saude-divulga-numeros-atualizados-da-pandemia\/#primaryimage\",\"url\":\"https:\/\/i0.wp.com\/verdadeon.com.br\/portal\/wp-content\/uploads\/2020\/10\/2020-03-12t160553z_812882524_rc2gif9a9hth_rtrmadp_3_health-coronavirus-italy.jpg?fit=1000%2C670&ssl=1\",\"contentUrl\":\"https:\/\/i0.wp.com\/verdadeon.com.br\/portal\/wp-content\/uploads\/2020\/10\/2020-03-12t160553z_812882524_rc2gif9a9hth_rtrmadp_3_health-coronavirus-italy.jpg?fit=1000%2C670&ssl=1\",\"width\":1000,\"height\":670},{\"@type\":\"BreadcrumbList\",\"@id\":\"https:\/\/verdadeon.com.br\/portal\/2020\/10\/24\/ministerio-da-saude-divulga-numeros-atualizados-da-pandemia\/#breadcrumb\",\"itemListElement\":[{\"@type\":\"ListItem\",\"position\":1,\"name\":\"In\u00edcio\",\"item\":\"https:\/\/verdadeon.com.br\/portal\/\"},{\"@type\":\"ListItem\",\"position\":2,\"name\":\"Minist\u00e9rio da Sa\u00fade divulga n\u00fameros atualizados da pandemia\"}]},{\"@type\":\"WebSite\",\"@id\":\"https:\/\/verdadeon.com.br\/portal\/#website\",\"url\":\"https:\/\/verdadeon.com.br\/portal\/\",\"name\":\"VerdadeOn\",\"description\":\"Not\u00edcias di\u00e1rias sobre Franca, Regi\u00e3o, Esporte, Cultura, Cotidiano, Colunas. Cobertura nos principais eventos da cidade \u00e9 aqui - Verdadeon Franca\",\"potentialAction\":[{\"@type\":\"SearchAction\",\"target\":{\"@type\":\"EntryPoint\",\"urlTemplate\":\"https:\/\/verdadeon.com.br\/portal\/?s={search_term_string}\"},\"query-input\":{\"@type\":\"PropertyValueSpecification\",\"valueRequired\":true,\"valueName\":\"search_term_string\"}}],\"inLanguage\":\"pt-BR\"},{\"@type\":\"Person\",\"@id\":\"https:\/\/verdadeon.com.br\/portal\/#\/schema\/person\/a5060ad1e9ea3df545188fc93ce43d2f\",\"name\":\"Redacao VerdadeOn\",\"image\":{\"@type\":\"ImageObject\",\"inLanguage\":\"pt-BR\",\"@id\":\"https:\/\/verdadeon.com.br\/portal\/#\/schema\/person\/image\/\",\"url\":\"https:\/\/secure.gravatar.com\/avatar\/459a9613caaaf07f582c3d0841eea68bdd66f533e465e6ba8b9cb45619572cf4?s=96&d=mm&r=g\",\"contentUrl\":\"https:\/\/secure.gravatar.com\/avatar\/459a9613caaaf07f582c3d0841eea68bdd66f533e465e6ba8b9cb45619572cf4?s=96&d=mm&r=g\",\"caption\":\"Redacao VerdadeOn\"},\"url\":\"https:\/\/verdadeon.com.br\/portal\/author\/redacao\/\"}]}<\/script>\n<!-- \/ Yoast SEO plugin. -->","yoast_head_json":{"title":"Minist\u00e9rio da Sa\u00fade divulga n\u00fameros atualizados da pandemia - VerdadeOn","robots":{"index":"index","follow":"follow","max-snippet":"max-snippet:-1","max-image-preview":"max-image-preview:large","max-video-preview":"max-video-preview:-1"},"canonical":"https:\/\/verdadeon.com.br\/portal\/2020\/10\/24\/ministerio-da-saude-divulga-numeros-atualizados-da-pandemia\/","og_locale":"pt_BR","og_type":"article","og_title":"Minist\u00e9rio da Sa\u00fade divulga n\u00fameros atualizados da pandemia - VerdadeOn","og_description":"S\u00e3o 5,38 milh\u00f5es de casos, com 156.903 \u00f3bitos e 89% de recuperados Pedro Peduzzi e Camila Boehm &#8211; Rep\u00f3rteres da Ag\u00eancia Brasil &#8211; Bras\u00edlia Segundo o [\u2026]","og_url":"https:\/\/verdadeon.com.br\/portal\/2020\/10\/24\/ministerio-da-saude-divulga-numeros-atualizados-da-pandemia\/","og_site_name":"VerdadeOn","article_published_time":"2020-10-25T00:26:35+00:00","og_image":[{"width":1000,"height":670,"url":"https:\/\/verdadeon.com.br\/portal\/wp-content\/uploads\/2020\/10\/2020-03-12t160553z_812882524_rc2gif9a9hth_rtrmadp_3_health-coronavirus-italy.jpg","type":"image\/jpeg"}],"author":"Redacao VerdadeOn","twitter_card":"summary_large_image","twitter_misc":{"Escrito por":"Redacao VerdadeOn","Est. tempo de leitura":"2 minutos"},"schema":{"@context":"https:\/\/schema.org","@graph":[{"@type":"WebPage","@id":"https:\/\/verdadeon.com.br\/portal\/2020\/10\/24\/ministerio-da-saude-divulga-numeros-atualizados-da-pandemia\/","url":"https:\/\/verdadeon.com.br\/portal\/2020\/10\/24\/ministerio-da-saude-divulga-numeros-atualizados-da-pandemia\/","name":"Minist\u00e9rio da Sa\u00fade divulga n\u00fameros atualizados da pandemia - VerdadeOn","isPartOf":{"@id":"https:\/\/verdadeon.com.br\/portal\/#website"},"primaryImageOfPage":{"@id":"https:\/\/verdadeon.com.br\/portal\/2020\/10\/24\/ministerio-da-saude-divulga-numeros-atualizados-da-pandemia\/#primaryimage"},"image":{"@id":"https:\/\/verdadeon.com.br\/portal\/2020\/10\/24\/ministerio-da-saude-divulga-numeros-atualizados-da-pandemia\/#primaryimage"},"thumbnailUrl":"https:\/\/i0.wp.com\/verdadeon.com.br\/portal\/wp-content\/uploads\/2020\/10\/2020-03-12t160553z_812882524_rc2gif9a9hth_rtrmadp_3_health-coronavirus-italy.jpg?fit=1000%2C670&ssl=1","datePublished":"2020-10-25T00:26:35+00:00","author":{"@id":"https:\/\/verdadeon.com.br\/portal\/#\/schema\/person\/a5060ad1e9ea3df545188fc93ce43d2f"},"breadcrumb":{"@id":"https:\/\/verdadeon.com.br\/portal\/2020\/10\/24\/ministerio-da-saude-divulga-numeros-atualizados-da-pandemia\/#breadcrumb"},"inLanguage":"pt-BR","potentialAction":[{"@type":"ReadAction","target":["https:\/\/verdadeon.com.br\/portal\/2020\/10\/24\/ministerio-da-saude-divulga-numeros-atualizados-da-pandemia\/"]}]},{"@type":"ImageObject","inLanguage":"pt-BR","@id":"https:\/\/verdadeon.com.br\/portal\/2020\/10\/24\/ministerio-da-saude-divulga-numeros-atualizados-da-pandemia\/#primaryimage","url":"https:\/\/i0.wp.com\/verdadeon.com.br\/portal\/wp-content\/uploads\/2020\/10\/2020-03-12t160553z_812882524_rc2gif9a9hth_rtrmadp_3_health-coronavirus-italy.jpg?fit=1000%2C670&ssl=1","contentUrl":"https:\/\/i0.wp.com\/verdadeon.com.br\/portal\/wp-content\/uploads\/2020\/10\/2020-03-12t160553z_812882524_rc2gif9a9hth_rtrmadp_3_health-coronavirus-italy.jpg?fit=1000%2C670&ssl=1","width":1000,"height":670},{"@type":"BreadcrumbList","@id":"https:\/\/verdadeon.com.br\/portal\/2020\/10\/24\/ministerio-da-saude-divulga-numeros-atualizados-da-pandemia\/#breadcrumb","itemListElement":[{"@type":"ListItem","position":1,"name":"In\u00edcio","item":"https:\/\/verdadeon.com.br\/portal\/"},{"@type":"ListItem","position":2,"name":"Minist\u00e9rio da Sa\u00fade divulga n\u00fameros atualizados da pandemia"}]},{"@type":"WebSite","@id":"https:\/\/verdadeon.com.br\/portal\/#website","url":"https:\/\/verdadeon.com.br\/portal\/","name":"VerdadeOn","description":"Not\u00edcias di\u00e1rias sobre Franca, Regi\u00e3o, Esporte, Cultura, Cotidiano, Colunas. Cobertura nos principais eventos da cidade \u00e9 aqui - Verdadeon Franca","potentialAction":[{"@type":"SearchAction","target":{"@type":"EntryPoint","urlTemplate":"https:\/\/verdadeon.com.br\/portal\/?s={search_term_string}"},"query-input":{"@type":"PropertyValueSpecification","valueRequired":true,"valueName":"search_term_string"}}],"inLanguage":"pt-BR"},{"@type":"Person","@id":"https:\/\/verdadeon.com.br\/portal\/#\/schema\/person\/a5060ad1e9ea3df545188fc93ce43d2f","name":"Redacao VerdadeOn","image":{"@type":"ImageObject","inLanguage":"pt-BR","@id":"https:\/\/verdadeon.com.br\/portal\/#\/schema\/person\/image\/","url":"https:\/\/secure.gravatar.com\/avatar\/459a9613caaaf07f582c3d0841eea68bdd66f533e465e6ba8b9cb45619572cf4?s=96&d=mm&r=g","contentUrl":"https:\/\/secure.gravatar.com\/avatar\/459a9613caaaf07f582c3d0841eea68bdd66f533e465e6ba8b9cb45619572cf4?s=96&d=mm&r=g","caption":"Redacao VerdadeOn"},"url":"https:\/\/verdadeon.com.br\/portal\/author\/redacao\/"}]}},"jetpack_publicize_connections":[],"jetpack_featured_media_url":"https:\/\/i0.wp.com\/verdadeon.com.br\/portal\/wp-content\/uploads\/2020\/10\/2020-03-12t160553z_812882524_rc2gif9a9hth_rtrmadp_3_health-coronavirus-italy.jpg?fit=1000%2C670&ssl=1","jetpack_sharing_enabled":true,"_links":{"self":[{"href":"https:\/\/verdadeon.com.br\/portal\/wp-json\/wp\/v2\/posts\/11403","targetHints":{"allow":["GET"]}}],"collection":[{"href":"https:\/\/verdadeon.com.br\/portal\/wp-json\/wp\/v2\/posts"}],"about":[{"href":"https:\/\/verdadeon.com.br\/portal\/wp-json\/wp\/v2\/types\/post"}],"author":[{"embeddable":true,"href":"https:\/\/verdadeon.com.br\/portal\/wp-json\/wp\/v2\/users\/10"}],"replies":[{"embeddable":true,"href":"https:\/\/verdadeon.com.br\/portal\/wp-json\/wp\/v2\/comments?post=11403"}],"version-history":[{"count":0,"href":"https:\/\/verdadeon.com.br\/portal\/wp-json\/wp\/v2\/posts\/11403\/revisions"}],"wp:featuredmedia":[{"embeddable":true,"href":"https:\/\/verdadeon.com.br\/portal\/wp-json\/wp\/v2\/media\/11408"}],"wp:attachment":[{"href":"https:\/\/verdadeon.com.br\/portal\/wp-json\/wp\/v2\/media?parent=11403"}],"wp:term":[{"taxonomy":"category","embeddable":true,"href":"https:\/\/verdadeon.com.br\/portal\/wp-json\/wp\/v2\/categories?post=11403"},{"taxonomy":"post_tag","embeddable":true,"href":"https:\/\/verdadeon.com.br\/portal\/wp-json\/wp\/v2\/tags?post=11403"}],"curies":[{"name":"wp","href":"https:\/\/api.w.org\/{rel}","templated":true}]}}